{"id":744,"date":"2012-11-04T16:49:47","date_gmt":"2012-11-04T15:49:47","guid":{"rendered":"https:\/\/bruxelles-pantheres.be\/?p=744"},"modified":"2013-11-11T16:52:09","modified_gmt":"2013-11-11T15:52:09","slug":"larrestation-daurore-martin","status":"publish","type":"post","link":"https:\/\/bruxelles-pantheres.be\/?p=744","title":{"rendered":"L\u2019arrestation d\u2019Aurore Martin\u2026"},"content":{"rendered":"<header><\/header>\n<p><strong>Arrestation d\u2019Aurore Martin, militante de Batasuna sous le coup d\u2019un MAE<\/strong><\/p>\n<p>Editorial \u2013 Antton Etxeberri (Directeur de publication du Journal du Pays Basque)<\/p>\n<p><strong> Lib\u00e9rez Aurore Martin\u00a0!<\/strong><\/p>\n<p>Sous le coup d\u2019un Mandat d\u2019Arr\u00eat Europ\u00e9en, Aurore Martin a finalement \u00e9t\u00e9 arr\u00eat\u00e9e \u00e0 Maul\u00e9on, en ce jour du 1er novembre. <!--more-->Moins d\u2019une semaine apr\u00e8s les arrestations de M\u00e2con, seulement trois jours apr\u00e8s ses propos controvers\u00e9s sur le Pays Basque, Manuel Valls vient d\u2019assener un troisi\u00e8me coup au Pays Basque en ordonnant l\u2019arrestation de la militante de Batasuna. Plus que la simple application d\u2019une d\u00e9cision de justice, comme il s\u2019en d\u00e9fendra certainement, cette arrestation signifie l\u2019aval donn\u00e9 \u00e0 la politique r\u00e9pressive que l\u2019Etat espagnol a mis en place contre le mouvement ind\u00e9pendantiste basque. Aurore Martin est en passe d\u2019\u00eatre livr\u00e9e aux autorit\u00e9s espagnoles en raison de son engagement au sein de Batasuna, parti l\u00e9gal et autoris\u00e9 en France. Elle risque douze ann\u00e9es de prison en Espagne pour son engagement politique public. Au moment m\u00eame o\u00f9 la gauche abertzale est \u00e0 nouveau l\u00e9galis\u00e9e et est revenue en force au sein des institutions publiques, l\u2019Etat fran\u00e7ais est, de fait, en train d\u2019ill\u00e9galiser un mouvement politique qui agit sur son territoire, en envoyant ses militants devant des juridictions \u00e9trang\u00e8res. Une mani\u00e8re d\u2019opprimer des id\u00e9es sous couvert de diplomatie internationale. En faisant appliquer ce Mandat d\u2019Arr\u00eat Europ\u00e9en \u00e0 Aurore Martin, Manuel Valls se positionne en d\u00e9tracteur d\u2019une r\u00e9solution d\u00e9mocratique du conflit politique, au moment m\u00eame o\u00f9 les appels sont de plus en plus nombreux et divers pour r\u00e9clamer la paix en Pays Basque. Le ministre socialiste va m\u00eame plus loin que ses pr\u00e9d\u00e9cesseurs de l\u2019UMP, en calquant toutes ses positions aux d\u00e9sirs espagnols. On voudrait saboter la mise en place du processus de paix en Pays Basque que l\u2019on ne s\u2019y prendrait pas autrement. Cette attitude inacceptable et irresponsable exige une r\u00e9ponse de la soci\u00e9t\u00e9 basque \u00e0 la hauteur de l\u2019attaque subie.<\/p>\n<p>Le Pays Basque dans toute sa diversit\u00e9 doit ramener Aurore Martin dans son pays\u00a0!<\/p>\n<p><a href=\"http:\/\/www.lejpb.com\/paperezkoa\/20121101\/370312\/fr\/Arrestation-dAurore-Martin-militante-Batasuna-sous-le-coup-dun-MAE\">Source<\/a><\/p>\n<address data-ft=\"{&quot;type&quot;:1,&quot;tn&quot;:&quot;K&quot;}\">Ne pas h\u00e9siter \u00e0 lui \u00e9crire.Aurore Martin CENTRO PENITENCIARIO MADRID V Ctra. Comarcal 611, km. 37,6 28770 Soto del Real (Madrid)\u00a0\u00bb<\/p>\n<\/address>\n<p><img decoding=\"async\" alt=\"http:\/\/www.sudouest.fr\/images\/2012\/11\/03\/deux-premieres-manifestations-ont-eu-lieu-hier-a-mauleon-et_955469_920x612p.jpg\" src=\"http:\/\/www.sudouest.fr\/images\/2012\/11\/03\/deux-premieres-manifestations-ont-eu-lieu-hier-a-mauleon-et_955469_920x612p.jpg\" width=\"771\" height=\"510\" \/><\/p>\n<p><strong><strong>INDIGNE !<\/strong><\/strong><br \/>\nLa militante basque Aurore Martina \u00e9t\u00e9 incarc\u00e9r\u00e9e vendredi 2 novembre \u00e0 Madrid, apr\u00e8s avoir \u00e9t\u00e9 extrad\u00e9e vers l\u2019Espagne par les autorit\u00e9s fran\u00e7aises. Son extradition a provoqu\u00e9 l\u2019incompr\u00e9hension et l\u2019indignation.<\/p>\n<p>Aurore Martin a \u00e9t\u00e9 arr\u00eat\u00e9e dans le cadre d\u2019un mandat d\u2019arr\u00eat europ\u00e9en \u00e9mis en 2010 par l\u2019Espagne. Les autorit\u00e9s espagnoles l\u2019accusent d\u2019avoir particip\u00e9 \u00e0 des conf\u00e9rences de presse et \u00e9crit des articles d\u2019opinion au nom de <em>Batasuna<\/em>, parti interdit en Espagne, mais l\u00e9gal en France. La jeune militante risque 12 ans de prison en Espagne.<\/p>\n<p>Apr\u00e8s avoir \u00e9t\u00e9 pr\u00e9sent\u00e9e \u00e0 <em>l\u2019Audience nationale<\/em>, la plus haute instance p\u00e9nale espagnole, le juge a envoy\u00e9 Aurore Martin en prison inconditionnelle, sans possibilit\u00e9 de lib\u00e9ration sous caution. Elle restera en prison jusqu\u2019\u00e0 son proc\u00e8s.<\/p>\n<p>De nombreux \u00e9lus, de toutes les forces politiques, ont durement critiqu\u00e9 l\u2019arrestation et l\u2019extradition d\u2019Aurore Martin. Pour la premi\u00e8re fois, la France livre une militante basque de nationalit\u00e9 fran\u00e7aise \u00e0 l\u2019Espagne pour ses engagements politiques.<\/p>\n<p>Seize \u00e9lus basques du Parti socialiste, dont plusieurs d\u00e9put\u00e9s et conseillers g\u00e9n\u00e9raux, ont condamn\u00e9 ce vendredi l\u2019ex\u00e9cution du mandat d\u2019Arr\u00eat europ\u00e9en. <em>\u00abNous rappelons que les faits vis\u00e9s par l\u2019Espagne ne sont pas r\u00e9pr\u00e9hensibles en France : appartenance \u00e0 un parti politique l\u00e9gal en France et participation \u00e0 des manifestations publiques\u00bb<\/em>, soulignent-ils et demandent <em>\u00able retour imm\u00e9diat\u00bb<\/em> d\u2019Aurore Martin.<\/p>\n<p>En juillet 2011, Fran\u00e7ois Hollande avait, lui aussi, manifest\u00e9 son soutien \u00e0 Aurore en r\u00e9clamant une issue <em>\u00abfavorable\u00bb<\/em> et demandant la cl\u00e9mence.<\/p>\n<p><em>\u00abCe que Sarkozy et Gu\u00e9ant n\u2019avaient pas fait, Hollande et Valls l\u2019ont fait\u00bb<\/em>, a d\u00e9nonc\u00e9 <em>Batasuna<\/em> vendredi matin, lors d\u2019une conf\u00e9rence de presse.<em> <\/em><em>Batasuna<\/em> accuse Manuel Valls d\u2019avoir rompu <em>\u00abl\u2019accord tacite<\/em>\u00bb impliquant de ne pas appliquer le mandat de capture europ\u00e9en.<\/p>\n<p><strong>La suite?<br \/>\n<\/strong><\/p>\n<p><strong>Dans le document attach\u00e9\u2026<\/strong><\/p>\n<div>\n<div id=\":xs\" data-tooltip=\"Afficher le contenu abr\u00e9g\u00e9\"><img decoding=\"async\" alt=\"\" src=\"https:\/\/mail.google.com\/mail\/images\/cleardot.gif\" \/><\/div>\n<\/div>\n<table cellpadding=\"0\">\n<tbody>\n<tr>\n<td><a href=\"https:\/\/mail.google.com\/mail\/?ui=2&amp;ik=908e7d29dd&amp;view=att&amp;th=13ac75e374afb7bf&amp;attid=0.1&amp;disp=safe&amp;realattid=f_h930h0c30&amp;zw\" target=\"_blank\"><img decoding=\"async\" alt=\"Aurore MARTIN arr\u00eat\u00e9e !.pdf\" src=\"https:\/\/mail.google.com\/mail\/images\/pdf.gif\" \/><\/a><\/td>\n<td><strong>Aurore MARTIN arr\u00eat\u00e9e !.pdf<\/strong><br \/>\n406\u00a0Ko\u00a0\u00a0 <a href=\"https:\/\/docs.google.com\/viewer?a=v&amp;pid=gmail&amp;attid=0.1&amp;thid=13ac75e374afb7bf&amp;mt=application\/pdf&amp;url=https:\/\/mail.google.com\/mail\/?ui%3D2%26ik%3D908e7d29dd%26view%3Datt%26th%3D13ac75e374afb7bf%26attid%3D0.1%26disp%3Dsafe%26realattid%3Df_h930h0c30%26zw&amp;sig=AHIEtbSlv47LbDAic2EPp0f6Vy9gGr-nPg\" target=\"_blank\">Afficher<\/a>\u00a0\u00a0 <a href=\"https:\/\/mail.google.com\/mail\/?ui=2&amp;ik=908e7d29dd&amp;view=att&amp;th=13ac75e374afb7bf&amp;attid=0.1&amp;disp=safe&amp;realattid=f_h930h0c30&amp;zw\">T\u00e9l\u00e9charger<\/a><\/p>\n<p><a href=\"https:\/\/bruxelles-pantheres.be\/wp-content\/uploads\/2013\/11\/aurore-martin1.jpg\"><img decoding=\"async\" class=\"alignnone size-full wp-image-745\" alt=\"aurore-martin1\" src=\"https:\/\/bruxelles-pantheres.be\/wp-content\/uploads\/2013\/11\/aurore-martin1.jpg\" width=\"960\" height=\"632\" srcset=\"https:\/\/bruxelles-pantheres.be\/wp-content\/uploads\/2013\/11\/aurore-martin1.jpg 960w, https:\/\/bruxelles-pantheres.be\/wp-content\/uploads\/2013\/11\/aurore-martin1-300x198.jpg 300w, https:\/\/bruxelles-pantheres.be\/wp-content\/uploads\/2013\/11\/aurore-martin1-768x506.jpg 768w\" sizes=\"(max-width: 960px) 100vw, 960px\" \/><\/a><\/td>\n<\/tr>\n<\/tbody>\n<\/table>\n","protected":false},"excerpt":{"rendered":"<p>Arrestation d\u2019Aurore Martin, militante de Batasuna sous le coup d\u2019un MAE Editorial \u2013 Antton Etxeberri (Directeur de publication du Journal du Pays Basque) Lib\u00e9rez Aurore Martin\u00a0! Sous le coup d\u2019un Mandat d\u2019Arr\u00eat Europ\u00e9en, Aurore Martin a finalement \u00e9t\u00e9 arr\u00eat\u00e9e \u00e0 Maul\u00e9on, en ce jour du 1er novembre.<\/p>\n","protected":false},"author":1,"featured_media":745,"comment_status":"open","ping_status":"open","sticky":false,"template":"","format":"standard","meta":{"footnotes":""},"categories":[21,36,8,5],"tags":[26],"class_list":["post-744","post","type-post","status-publish","format-standard","has-post-thumbnail","hentry","category-anti-imperialisme","category-europe","category-prisons","category-violence-policiere","tag-extradition"],"_links":{"self":[{"href":"https:\/\/bruxelles-pantheres.be\/index.php?rest_route=\/wp\/v2\/posts\/744","targetHints":{"allow":["GET"]}}],"collection":[{"href":"https:\/\/bruxelles-pantheres.be\/index.php?rest_route=\/wp\/v2\/posts"}],"about":[{"href":"https:\/\/bruxelles-pantheres.be\/index.php?rest_route=\/wp\/v2\/types\/post"}],"author":[{"embeddable":true,"href":"https:\/\/bruxelles-pantheres.be\/index.php?rest_route=\/wp\/v2\/users\/1"}],"replies":[{"embeddable":true,"href":"https:\/\/bruxelles-pantheres.be\/index.php?rest_route=%2Fwp%2Fv2%2Fcomments&post=744"}],"version-history":[{"count":1,"href":"https:\/\/bruxelles-pantheres.be\/index.php?rest_route=\/wp\/v2\/posts\/744\/revisions"}],"predecessor-version":[{"id":746,"href":"https:\/\/bruxelles-pantheres.be\/index.php?rest_route=\/wp\/v2\/posts\/744\/revisions\/746"}],"wp:featuredmedia":[{"embeddable":true,"href":"https:\/\/bruxelles-pantheres.be\/index.php?rest_route=\/wp\/v2\/media\/745"}],"wp:attachment":[{"href":"https:\/\/bruxelles-pantheres.be\/index.php?rest_route=%2Fwp%2Fv2%2Fmedia&parent=744"}],"wp:term":[{"taxonomy":"category","embeddable":true,"href":"https:\/\/bruxelles-pantheres.be\/index.php?rest_route=%2Fwp%2Fv2%2Fcategories&post=744"},{"taxonomy":"post_tag","embeddable":true,"href":"https:\/\/bruxelles-pantheres.be\/index.php?rest_route=%2Fwp%2Fv2%2Ftags&post=744"}],"curies":[{"name":"wp","href":"https:\/\/api.w.org\/{rel}","templated":true}]}}