{"id":747,"date":"2012-10-29T16:53:18","date_gmt":"2012-10-29T15:53:18","guid":{"rendered":"https:\/\/bruxelles-pantheres.be\/?p=747"},"modified":"2013-11-11T16:59:58","modified_gmt":"2013-11-11T15:59:58","slug":"mehdi-ben-barka-assassine-le-29-octobre-1965","status":"publish","type":"post","link":"https:\/\/bruxelles-pantheres.be\/?p=747","title":{"rendered":"Mehdi Ben Barka assassin\u00e9 le 29 octobre 1965"},"content":{"rendered":"<p>C\u2019est en recou\u00adrant \u00e0 la force arm\u00e9e et aux com\u00adman\u00addos assas\u00adsins, en impo\u00adsant des dic\u00adta\u00adteurs ou en d\u00e9clen\u00adchant des guer\u00adres comme en Alg\u00e9rie et au Vietnam que le sys\u00adt\u00e8me imp\u00e9\u00adria\u00adliste pense se main\u00adte\u00adnir. C\u2019est dans cet \u00e9lan r\u00e9vo\u00adlu\u00adtion\u00adnaire de la Tricontinentale que se trouve la cause pro\u00adfonde de l\u2019enl\u00e8\u00adve\u00adment et de l\u2019assas\u00adsi\u00adnat de Ben Barka. Pour la m\u00eame cause d\u2019autres ont aussi \u00e9t\u00e9 assas\u00adsi\u00adn\u00e9s. En 1965 : le pre\u00admier minis\u00adtre d\u2019Iran, Ali Mansour, est tu\u00e9 le 22 jan\u00advier ; un des chefs de l\u2019oppo\u00adsi\u00adtion por\u00adtu\u00adgaise, Humberto Delgado, le 13 f\u00e9vrier ; Malcolm X, le 21 f\u00e9vrier ; le vice-minis\u00adtre de la d\u00e9fense du Guatemala, Ernesto Molina, le 21 mai. Che Guevara sera abattu le 9 octo\u00adbre 1967, Martin Luther King le 4 avril 1968, Amilcar Cabral le 20 jan\u00advier 1973, Henri Curiel le 4 mai 1978\u2026<\/p>\n<p>\u00c9liminer Ben Barka \u00e9tait devenu une exi\u00adgence majeure dans la r\u00e9pres\u00adsion inter\u00adna\u00adtio\u00adnale des insur\u00adrec\u00adtions du tiers-monde, qui ne recule devant aucune igno\u00admi\u00adnie.<!--more--><\/p>\n<article class=\"post-4630 post type-post status-publish format-standard hentry category-monde-arabe-id category-news tag-maroc tag-resistance\" id=\"post-4630\">\n<header class=\"entry-header\"><img decoding=\"async\" class=\"attachment-post-thumbnail wp-post-image alignright\" alt=\"20071001BenBarkainside\" src=\"http:\/\/www.egalite.be\/wp-content\/uploads\/2012\/11\/20071001BenBarkainside.jpg\" width=\"470\" height=\"313\" \/><\/p>\n<h1 class=\"entry-title\">Bachir Ben Barka. Mon p\u00e8re, le roi et les autres<\/h1>\n<\/header>\n<div class=\"entry-content\">\n<p><img decoding=\"async\" title=\"Bachir Ben Barka. Mon p\u00e8re, le roi et les autres\" alt=\"Bachir Ben Barka. Mon p\u00e8re, le roi et les autres\" src=\"http:\/\/telquel-online.com\/sites\/default\/files\/imagecache\/article_du_jour_680_382\/coub.jpg\" border=\"0\" \/><\/p>\n<div>Bachir Ben Barka (AFP)<\/div>\n<p style=\"text-align: justify;\"><strong>Bachir Ben Barka, fils du disparu et porte-parole de la famille, de passage r\u00e9cemment au Maroc, revient avec nous sur les blocages et les entraves dress\u00e9es par la France et le Maroc.<\/strong> <strong>Et fait le point sur la relation pour le moins complexe qu\u2019entretenait son p\u00e8re avec Hassan II\u2026 <\/strong><\/p>\n<p style=\"text-align: justify;\"><strong>Ce 29 octobre, la famille Ben Barka c\u00e9l\u00e8bre le 47\u00e8me anniversaire de la disparition du grand leader de gauche. Un demi-si\u00e8cle d\u2019attente et d\u2019espoirs d\u00e9\u00e7us. Le Maroc tra\u00eene des pieds pour faire la lumi\u00e8re sur l\u2019un des plus c\u00e9l\u00e8bres crimes politiques du 20\u00e8me si\u00e8cle. Et la France fait de m\u00eame. Ni la mort de Hassan II en 1999, ni l\u2019arriv\u00e9e des socialistes en France, d\u2019abord avec Fran\u00e7ois Mitterrand et aujourd\u2019hui avec Fran\u00e7ois Hollande, n\u2019ont chang\u00e9 quoi que ce soit. Les deux pays, chacun \u00e0 sa mani\u00e8re, continuent de bloquer l\u2019acc\u00e8s \u00e0 la v\u00e9rit\u00e9, toute la v\u00e9rit\u00e9, sur l\u2019enl\u00e8vement et l\u2019assassinat de Mehdi Ben Barka en octobre 1965. Parce que l\u2019affaire implique les plus hautes autorit\u00e9s des deux pays ?<\/strong><\/p>\n<p style=\"text-align: justify;\"><strong>Y a-t-il du nouveau dans l\u2019affaire Ben Barka ?<\/strong><\/p>\n<p style=\"text-align: justify;\">Depuis l\u2019ann\u00e9e derni\u00e8re, rien. Nous sommes toujours confront\u00e9s \u00e0 un double blocage du fait de la justice fran\u00e7aise et marocaine.<\/p>\n<p style=\"text-align: justify;\"><strong>La mission du juge Patrick Rama\u00ebl, qui instruit le dossier, serait-elle termin\u00e9e ?<\/strong><\/p>\n<p style=\"text-align: justify;\">Pas du tout. Le juge Rama\u00ebl poursuit son travail. Sa derni\u00e8re d\u00e9marche pour lever le secret d\u00e9fense sur les dossiers qu\u2019il a pu r\u00e9cup\u00e9rer \u00e0 la DGSE (Direction g\u00e9n\u00e9rale de la s\u00fbret\u00e9 ext\u00e9rieure, renseignements ext\u00e9rieurs, NDLR) s\u2019est sold\u00e9e non pas par un refus, mais par une sorte de manipulation de la part du minist\u00e8re de la D\u00e9fense. En France, c\u2019est une commission consultative de la D\u00e9fense nationale qui tranche quant \u00e0 la recevabilit\u00e9 des requ\u00eates d\u2019un juge d\u2019instruction. Sur les 120 pi\u00e8ces r\u00e9cup\u00e9r\u00e9es par Me Rama\u00ebl, cette commission a donn\u00e9 un avis favorable pour en d\u00e9classifier 119. Son avis n\u2019\u00e9tant pas contraignant, le ministre de la D\u00e9fense a quand m\u00eame d\u00e9cid\u00e9 de se soumettre \u00e0 l\u2019avis de cette commission. C\u2019\u00e9tait donc encourageant, sauf que notre surprise a \u00e9t\u00e9 grande quand, avec Me Maurice Butin, notre avocat, nous sommes partis prendre connaissance du contenu de ces pi\u00e8ces. Le ministre Herv\u00e9 Morin (ministre de la D\u00e9fense de Sarkozy) nous a montr\u00e9 une succession de papiers\u2026 noircis. Les seuls \u00e9l\u00e9ments lisibles \u00e9taient des informations d\u2019une grande banalit\u00e9. Tout le reste \u00e9tait illisible, frapp\u00e9 du sceau (noir) de la confidentialit\u00e9. Parfois, sur une phrase enti\u00e8re, il ne restait plus qu\u2019un seul mot non noirci\u2026<\/p>\n<p style=\"text-align: justify;\"><strong>Qu\u2019en est-il des mandats d\u2019arr\u00eat lanc\u00e9s contre des personnalit\u00e9s comme Housni Benslimane, Abdelhak Kadiri, en plus de Miloud Tounzi (Chtouki) et l\u2019infirmier Boubker Hassouni ?<\/strong><\/p>\n<p style=\"text-align: justify;\">Ils sont rest\u00e9s lettre morte. Jusqu\u2019\u00e0 pr\u00e9sent, ces mandats n\u2019ont \u00e9t\u00e9 ex\u00e9cut\u00e9s ni par la France, ni par Interpol. La preuve, on l\u2019a eue encore une fois cet \u00e9t\u00e9 quand le g\u00e9n\u00e9ral Benslimane se trouvait \u00e0 Londres lors des Jeux Olympiques. Le juge Rama\u00ebl a demand\u00e9 aux autorit\u00e9s britanniques si elles pouvaient donner suite \u00e0 sa demande d\u2019ex\u00e9cuter son mandat d\u2019arr\u00eat. Le gouvernement anglais lui a r\u00e9pondu\u2026 que les autorit\u00e9s fran\u00e7aises n\u2019ont pas fait le n\u00e9cessaire pour lancer ce mandat d\u2019arr\u00eat au niveau international. Par pr\u00e9caution, le g\u00e9n\u00e9ral Benslimane avait trouv\u00e9 refuge \u00e0 l\u2019ambassade du Maroc avant de regagner le pays. Et ce n\u2019est pas la premi\u00e8re fois. L\u2019an dernier, Housni Benslimane s\u2019\u00e9tait rendu \u00e0 une r\u00e9union \u00e0 Madrid de hauts responsables s\u00e9curitaires de la M\u00e9diterran\u00e9e et les autorit\u00e9s espagnoles n\u2019ont \u00e9galement rien pu faire. Dans la pratique, quand un juge lance un mandat d\u2019arr\u00eat, le gouvernement transmet ce mandat \u00e0 Interpol. C\u2019est encore la preuve du traitement de l\u2019affaire d\u2019un point de vue politique. Chaque fois, la raison d\u2019Etat prend le dessus pour bloquer tout le dossier.<\/p>\n<p style=\"text-align: justify;\"><strong>Peut-on dire que vous \u00eates toujours mu par la volont\u00e9 de traquer les responsables, c\u00f4t\u00e9 marocain ?<\/strong><\/p>\n<p style=\"text-align: justify;\">Il n\u2019est pas question de traquer qui que ce soit. Le sort de ces gens m\u2019importe peu et je me moque de ce qui pourrait leur arriver ! Ce qui m\u2019int\u00e9resse, c\u2019est qu\u2019ils d\u00e9tiennent une part, sinon toute la v\u00e9rit\u00e9. Qu\u2019ils nous disent ce qu\u2019ils savent ! Nous ne sommes pas dans une logique de vengeance. La personnalit\u00e9 de la victime n\u2019est pas banale. Ben Barka a jou\u00e9 un r\u00f4le dans l\u2019histoire du Maroc, dans la tentative d\u2019\u00e9dification d\u2019un pays ind\u00e9pendant et d\u00e9mocratique ainsi que dans la lutte des peuples. La moindre des choses, pour n\u2019importe quel gouvernement digne de ce nom, est de tout faire pour \u00e9tablir la v\u00e9rit\u00e9 par rapport \u00e0 une famille, mais aussi par rapport \u00e0 tout un pays.<\/p>\n<p style=\"text-align: justify;\"><strong>Dans une r\u00e9cente interview, Mohamed Lahbabi, compagnon de votre p\u00e8re, affirme que le corps de Mehdi Ben Barka serait enterr\u00e9 sous l\u2019ambassade marocaine \u00e0 Paris et que sa t\u00eate aurait \u00e9t\u00e9 pr\u00e9sent\u00e9e \u00e0 Hassan II avant de finir au PF3. Qu\u2019est-ce que vous en pensez ?<\/strong><\/p>\n<p style=\"text-align: justify;\">Le professeur Lahbabi est quelqu\u2019un de tr\u00e8s estimable et respectable. Mais je regrette qu\u2019il ait attendu tout ce temps pour dire ce qu\u2019il a dit. Il aurait d\u00fb s\u2019exprimer il y a quarante ans d\u00e9j\u00e0. Et, m\u00eame aujourd\u2019hui, je ne comprends pas son refus de venir t\u00e9moigner devant un magistrat pour que ses d\u00e9clarations aient un caract\u00e8re officiel. Il est attach\u00e9 \u00e0 Mehdi, il a un devoir de m\u00e9moire et de v\u00e9rit\u00e9, mais je ne comprends pas qu\u2019il ne puisse pas aller jusqu\u2019au bout de cette d\u00e9marche. Peut-\u00eatre qu\u2019\u00e0 partir de ses d\u00e9clarations, on pourrait aller plus loin. Il a dit des choses int\u00e9ressantes, mais qui demandent \u00e0 \u00eatre approfondies. On ne peut rien tenter sans que ses d\u00e9clarations soient enregistr\u00e9es de mani\u00e8re officielle.<\/p>\n<p style=\"text-align: justify;\"><strong>\u00e0 votre avis, \u00e0 quand remonte la d\u00e9t\u00e9rioration des relations entre votre p\u00e8re et Hassan II ?<\/strong><\/p>\n<p style=\"text-align: justify;\">Moi, je refuse de personnaliser le probl\u00e8me. Je ne crois pas que ce soit un probl\u00e8me d\u2019inimiti\u00e9 personnelle entre les deux hommes. C\u2019est un probl\u00e8me de fond. Il y a des choix politiques qui ont \u00e9t\u00e9 faits par le r\u00e9gime marocain depuis la fin des ann\u00e9es 1950 avec, pr\u00e9cis\u00e9ment, le renvoi du gouvernement Abdellah Ibrahim et une nouvelle orientation politique, \u00e9conomique et sociale. En face, il y avait une alternative populaire, progressiste. Le probl\u00e8me vient de l\u00e0. Le Palais a fait son choix et il l\u2019a accompagn\u00e9 de m\u00e9thodes et de pratiques anti-populaires, anti-d\u00e9mocratiques, confinant au tout s\u00e9curitaire. L\u2019assassinat de Mehdi appara\u00eet comme une cons\u00e9quence logique de ce choix. Il n\u2019y avait pas d\u2019autre dialogue que la r\u00e9pression, voire la liquidation physique. Les milliers de personnes qui sont pass\u00e9es par les centres de d\u00e9tention ou qui ont \u00e9t\u00e9 assassin\u00e9es t\u00e9moignent aussi de ce choix.<\/p>\n<p style=\"text-align: justify;\"><strong>Avez-vous rencontr\u00e9 Hassan II ? <\/strong><\/p>\n<p style=\"text-align: justify;\">Non, jamais. Ni lui, ni les personnes de son entourage.<\/p>\n<p style=\"text-align: justify;\"><strong>Et Mohammed VI ?<\/strong><\/p>\n<p style=\"text-align: justify;\">Non plus, il n\u2019y a jamais eu de contact de quelque nature que ce soit.<\/p>\n<p style=\"text-align: justify;\"><strong>Pourtant, dans l\u2019une de ses premi\u00e8res interviews, au Figaro, il avait exprim\u00e9 la volont\u00e9 de clore le dossier de Mehdi Ben Barka.<\/strong><\/p>\n<p style=\"text-align: justify;\">Avant cette interview, nous avions eu des messages qui laissaient croire que notre d\u00e9marche de recherche de la v\u00e9rit\u00e9 ne posait aucun probl\u00e8me. Il y a m\u00eame eu des t\u00e9moignages de Driss Benzekri, pr\u00e9sident de l\u2019IER, puis d\u2019Ahmed Herzenni, ancien pr\u00e9sident du CCDH, attestant que pour le roi il n\u2019y avait aucune ligne rouge\u2026 Nous sommes donc surpris que, sur le terrain, il y ait toujours autant de blocages. Le dossier n\u2019avance pas.<\/p>\n<p style=\"text-align: justify;\"><strong>O\u00f9 en sont les commissions rogatoires demand\u00e9es par le juge d\u2019instruction fran\u00e7ais ?<\/strong><\/p>\n<p style=\"text-align: justify;\">Les commissions rogatoires internationales (ndlr : dans le cas de l\u2019affaire Ben Barka, ces \u201ccommissions\u201d sont des demandes de recherche et d\u2019audition de t\u00e9moins ou suspects, pour la plupart des grad\u00e9s et de hauts responsables marocains) n\u2019ont pas \u00e9t\u00e9 ex\u00e9cut\u00e9es au Maroc. Plusieurs ministres de la Justice se sont succ\u00e9d\u00e9, mais aucune commission n\u2019a \u00e9t\u00e9 ex\u00e9cut\u00e9e. Rien n\u2019a jamais \u00e9t\u00e9 fait, sous le pr\u00e9texte que les commissions du juge ne sont pas compl\u00e8tes, qu\u2019il manque telle ou telle autre information, les adresses, les \u00e9tats civils complets, etc. Les autorit\u00e9s marocaines n\u2019ont fourni aucun effort pour faire avancer les choses. Les personnes demand\u00e9es par le juge sont connues au Maroc, pourtant la justice marocaine pr\u00e9tend ne pas conna\u00eetre leur adresse, ou ne pas les conna\u00eetre tout court !<\/p>\n<p style=\"text-align: justify;\"><strong>Certains personnages impliqu\u00e9s dans la disparition de Ben Barka ont m\u00eame eu droit \u00e0 des grimate, si l\u2019on se r\u00e9f\u00e8re \u00e0 la fameuse liste des b\u00e9n\u00e9ficiaires d\u2019agr\u00e9ments, publi\u00e9e il y a quelques mois par le ministre Aziz Rabbah. Un commentaire ?<\/strong><\/p>\n<p style=\"text-align: justify;\">C\u2019est scandaleux. Je crois que Boubker Hassouni, Abdelkader Saka et Mohamed Acha\u00e2chi font partie du lot. Si les autorit\u00e9s marocaines ont choisi de r\u00e9compenser ces personnes, il y a lieu de se demander pour quels actions ou services rendus\u2026<\/p>\n<p style=\"text-align: justify;\"><strong>Avez-vous des souvenirs de la premi\u00e8re tentative d\u2019assassinat de Ben Barka en 1962 ?<\/strong><\/p>\n<p style=\"text-align: justify;\">\u00e0 l\u2019\u00e9poque, j\u2019avais 12 ans et nous habitions la rue T\u00e9mara \u00e0 Diour Jama\u00e2 \u00e0 Rabat. Je me rappelle que, quand mon p\u00e8re \u00e9tait \u00e0 la maison, il y avait toujours en face, pr\u00e8s du marchand de beignets, une Volvo noire. Quand mon p\u00e8re sortait, la voiture le suivait\u2026 Et puis, un jour de novembre 1962, sur la route de Casablanca, pr\u00e8s de Bouznika, cette filature s\u2019est transform\u00e9e en tentative d\u2019assassinat. Sur un virage, une voiture conduite par des policiers heurte la voiture de Mehdi et la fait tomber dans un ravin. Les occupants de la premi\u00e8re voiture descendent avec la volont\u00e9 de finir le boulot. Heureusement, des paysans, qui ont reconnu Mehdi, sont venus s\u2019interposer, ce qui a provoqu\u00e9 la fuite des policiers.<\/p>\n<p style=\"text-align: justify;\"><strong>Et en 1964 \u00e0 Gen\u00e8ve ?<\/strong><\/p>\n<p style=\"text-align: justify;\">L\u00e0, c\u2019est tout un commando qui attendait Ben Barka \u00e0 l\u2019\u00e9tage, pr\u00e8s de son appartement. Mehdi s\u2019en est rendu compte \u00e0 temps et a pu s\u2019enfuir avec les militants qui assuraient sa protection. Il a \u00e9t\u00e9 poursuivi dans les rues de Gen\u00e8ve, mais il a r\u00e9ussi \u00e0 semer le commando. On ne conna\u00eet pas ces gens-l\u00e0 car ils circulaient avec de faux papiers, mais il s\u2019agissait bien de membres du CAB1, la police politique de Hassan II.<\/p>\n<p style=\"text-align: justify;\"><strong>\u00e0 un certain moment, on avait l\u2019impression qu\u2019un pays comme la France \u00e9tait devenu une zone de non-droit pour la police de Hassan II. Qu\u2019en pensez-vous ?<\/strong><\/p>\n<p style=\"text-align: justify;\">Mais c\u2019est s\u00fbr, et cela a dur\u00e9 jusqu\u2019en 1981 ! Jusqu\u2019\u00e0 l\u2019av\u00e8nement de Fran\u00e7ois Mitterrand, on avait l\u2019impression que la police marocaine pouvait agir sans aucun probl\u00e8me sur le territoire fran\u00e7ais. Que ce soit pour surveiller la communaut\u00e9 marocaine install\u00e9e en France, harceler les militants, les leaders en exil,<\/p>\n<p style=\"text-align: justify;\">etc. Le ph\u00e9nom\u00e8ne s\u2019est quelque peu att\u00e9nu\u00e9 \u00e0 partir de 1981, mais c\u2019\u00e9tait une r\u00e9alit\u00e9 que vivaient des centaines de milliers de Marocains install\u00e9s en France. Il y avait en permanence cette crainte des agents marocains.<\/p>\n<p style=\"text-align: justify;\"><strong>L\u2019arriv\u00e9e de Fran\u00e7ois Hollande peut-elle donner un nouveau d\u00e9part \u00e0 l\u2019affaire Ben Barka ?<\/strong><\/p>\n<p style=\"text-align: justify;\">Chaque fois qu\u2019il y a un nouveau pr\u00e9sident de la r\u00e9publique, nous effectuons les d\u00e9marches aupr\u00e8s de toutes les autorit\u00e9s comp\u00e9tentes pour faire avancer le dossier. Nous l\u2019avons donc fait avec Hollande. Pour l\u2019instant, nous attendons des r\u00e9ponses. Nous avons de nouveau approch\u00e9 les autorit\u00e9s fran\u00e7aises pour la lev\u00e9e du secret d\u00e9fense. Nous attendons, nous esp\u00e9rons\u2026<\/p>\n<p style=\"text-align: justify;\"><strong>Revenons \u00e0 l\u2019histoire : en 1965, quelques jours apr\u00e8s la disparition de Ben Barka, Mohamed Oufkir et Ahmed Dlimi, qui figurent parmi les principaux accus\u00e9s, assistent \u00e0 une r\u00e9ception officielle en France. Ils arrivent \u00e0 Paris et en repartent sans \u00eatre inqui\u00e9t\u00e9s. Etonnant, le laxisme des autorit\u00e9s fran\u00e7aises, non ?<\/strong><\/p>\n<p style=\"text-align: justify;\">Les deux hommes sont venus pour assister \u00e0 une c\u00e9r\u00e9monie en l\u2019honneur des gouverneurs en stage d\u2019observation en France. A cette r\u00e9ception, organis\u00e9e \u00e0 l\u2019ambassade du Maroc \u00e0 Paris, avaient aussi \u00e9t\u00e9 convi\u00e9s les agents du CAB1, eux aussi impliqu\u00e9s dans l\u2019affaire Ben Barka\u2026 Roger Frey, ministre fran\u00e7ais de l\u2019Int\u00e9rieur, s\u2019\u00e9tait excus\u00e9. Mais, \u00e0 cette \u00e9poque, le pr\u00e9fet de police de Paris et lui savaient \u00e0 peu pr\u00e8s ce qui venait de se passer. Ils savaient que mon p\u00e8re a \u00e9t\u00e9 interpell\u00e9 et par qui. Ils savaient surtout le r\u00f4le des services marocains dans cette affaire et pourquoi ils \u00e9taient pr\u00e9sents en France. Ce qui veut dire que si les autorit\u00e9s fran\u00e7aises avaient fait leur travail comme dans n\u2019importe quelle enqu\u00eate criminelle, Oufkir, Dlimi et les agents marocains auraient pu \u00eatre interpell\u00e9s ou, au moins, interrog\u00e9s. Il n\u2019en a rien \u00e9t\u00e9. Mais quelque chose a du se passer, dans la nuit du 3 au 4 novembre, parce que Oufkir et Dlimi sont repartis de mani\u00e8re pr\u00e9cipit\u00e9e. Ils ont fait des mains et des pieds pour trouver un avion et sont partis \u00e0 2 h du matin. Les autres ont suivi. Ce n\u2019est qu\u2019apr\u00e8s le d\u00e9part de tout le monde que les autorit\u00e9s fran\u00e7aises ont bloqu\u00e9 les fronti\u00e8res. Je ne sais pas si en agissant \u00e0 temps, les autorit\u00e9s fran\u00e7aises auraient sauv\u00e9 mon p\u00e8re. Ce qui est s\u00fbr, c\u2019est qu\u2019elles ont laiss\u00e9 s\u2019enfuir les responsables d\u2019un acte criminel commis sur le territoire fran\u00e7ais.<\/p>\n<p style=\"text-align: justify;\"><strong>En voulez-vous toujours \u00e0 Hassan II ? Pourquoi parlez-vous toujours de lui en l\u2019appelant Hassan tout court ?<\/strong><\/p>\n<p style=\"text-align: justify;\">Tout le monde, m\u00eame au sein de la classe politique, l\u2019appelait El Hassan ! Et puis, la question n\u2019est pas de lui en vouloir ou non. Il n\u2019y a pas d\u2019esprit de vengeance ou de ressentiment. Je ne peux pas en vouloir \u00e0 une personne. Mais j\u2019en veux \u00e0 ce syst\u00e8me qui a mis \u00e0 mal le Maroc pendant des d\u00e9cennies et qui a abouti \u00e0 des crimes non seulement contre des personnes, mais contre la soci\u00e9t\u00e9 marocaine.<\/p>\n<p style=\"text-align: justify;\"><strong>Quelles \u00e9taient, par ailleurs, les relations entre Ben Barka et Mohammed V ?<\/strong><\/p>\n<p style=\"text-align: justify;\">Ils avaient des relations de confiance. Le fait que Mehdi ait \u00e9t\u00e9 d\u00e9sign\u00e9 pr\u00e9sident de la commission nationale consultative \u00e9tait d\u2019ailleurs tr\u00e8s significatif de cette confiance. Cette commission devait pr\u00e9parer la premi\u00e8re Constitution du pays et l\u2019embryon des institutions d\u00e9mocratiques du Maroc. En plus, les projets que Mehdi pr\u00e9sentait \u00e9taient toujours accept\u00e9s, que ce soit, par exemple, pour la Route de l\u2019Unit\u00e9 ou pour la lutte contre l\u2019analphab\u00e9tisme.<\/p>\n<p style=\"text-align: justify;\"><strong>Votre p\u00e8re parlait-il des deux rois en votre pr\u00e9sence ?<\/strong><\/p>\n<p style=\"text-align: justify;\">Il ne m\u00e9langeait jamais les affaires politiques et sa vie priv\u00e9e. Mais on savait qu\u2019il y avait beaucoup de respect mutuel avec Mohammed V. Et surtout des relations naturelles, avec tr\u00e8s peu de protocole. Mehdi avait pour Mohammed V le respect d\u00fb au roi, et il avait, en retour, l\u2019estime pour quelqu\u2019un qui faisait avancer le pays.<\/p>\n<p style=\"text-align: justify;\"><strong>Et avec Hassan II ?<\/strong><\/p>\n<p style=\"text-align: justify;\">Leurs relations \u00e9taient diff\u00e9rentes par nature. Cependant, elles ont commenc\u00e9 \u00e0 se d\u00e9t\u00e9riorer vers fin 1958 quand Hassan poussait son p\u00e8re \u00e0 certains choix politiques, comme le renvoi du gouvernement Abdellah Ibrahim.<\/p>\n<p style=\"text-align: justify;\"><strong>Juste avant son enl\u00e8vement, Mehdi Ben Barka \u00e9tait en n\u00e9gociations avec Hassan II par le biais de Moulay Ali, cousin du roi et ambassadeur \u00e0 Paris. Hassan II souhaitait-il vraiment le retour de votre p\u00e8re au Maroc ou \u00e9tait-ce simplement une man\u0153uvre pour \u201cendormir\u201d la vigilance de Ben Barka ?<\/strong><\/p>\n<p style=\"text-align: justify;\">Il y a eu un terrible constat d\u2019\u00e9chec apr\u00e8s les sanglantes manifestations de mars 1965 \u00e0 Casablanca. Face \u00e0 cette impasse, Hassan a pens\u00e9 alors faire appel \u00e0 la gauche. Entre-temps, des milliers de cadres de l\u2019UNFP ont \u00e9t\u00e9 arr\u00eat\u00e9s, tortur\u00e9s ou condamn\u00e9s \u00e0 de tr\u00e8s lourdes peines de prison. C\u2019est dans ce climat que Hassan avait envoy\u00e9 son cousin demander \u00e0 Mehdi de rentrer pour trouver une solution politique. Mehdi, en accord avec ses amis de l\u2019UNFP, n\u2019a pas dit non. Il a toutefois \u00e9mis des conditions : une amnistie personnelle et totale, un gouvernement homog\u00e8ne conduit par l\u2019UNFP et sur la base d\u2019un programme politique de deux ans. Les n\u00e9gociations se sont poursuivies sur cette base jusqu\u2019au d\u00e9but de l\u2019\u00e9t\u00e9 quand tout a \u00e9t\u00e9 arr\u00eat\u00e9.<\/p>\n<p style=\"text-align: justify;\"><strong>Pourquoi ? \u00e0 qui la faute ?<\/strong><\/p>\n<p style=\"text-align: justify;\">Mehdi et Hassan devaient se voir au d\u00e9but de l\u2019\u00e9t\u00e9 de 1965 mais le rendez-vous a \u00e9t\u00e9 annul\u00e9 sur initiative du roi. Il a dit \u00e0 Mehdi et \u00e0 l\u2019UNFP que \u201cc\u2019\u00e9tait trop tard\u201d. Hassan a d\u00e9cr\u00e9t\u00e9 l\u2019\u00e9tat d\u2019exception juste apr\u00e8s. Il insistait pour que Mehdi rentre au Maroc tout de suite alors que mon p\u00e8re avait d\u2019autres engagements et d\u2019abord la tenue de la Tricontinentale. Mais, parall\u00e8lement aux n\u00e9gociations, les services secrets marocains se donnaient les moyens pour attirer Mehdi dans un guet-apens. Ils montaient le coup du film Basta ! avec Chtouki et Figon qui se pr\u00e9sente comme producteur et qui se d\u00e9place m\u00eame \u00e0 Gen\u00e8ve et au Caire pour voir Mehdi\u2026 Le reste de l\u2019histoire, tout le monde le conna\u00eet.<\/p>\n<p style=\"text-align: justify;\"><strong>Comment expliquer que Ben Barka, avec son intelligence l\u00e9gendaire, n\u2019ait pas vu le coup venir ? <\/strong><\/p>\n<p style=\"text-align: justify;\">Il \u00e9tait toujours sur ses gardes, c\u2019est s\u00fbr. Mais l\u00e0 o\u00f9 le pi\u00e8ge a fonctionn\u00e9, c\u2019est que son interpellation a eu lieu \u00e0 Paris, en plein jour, et par des policiers fran\u00e7ais. Par de vrais policiers. Donc, cela n\u2019avait pas l\u2019apparence d\u2019une tentative d\u2019enl\u00e8vement ou d\u2019assassinat. Il faut aussi savoir qu\u2019\u00e0 l\u2019\u00e9poque, Mehdi avait un rendez-vous avec les conseillers de Charles De Gaulle au sujet, justement, de la Tricontinentale. Il savait aussi que les agents secrets marocains pouvaient faire ce qu\u2019ils voulaient en France, mais il avait une relative confiance dans les autorit\u00e9s fran\u00e7aises, surtout qu\u2019il avait rendez-vous avec le chef de l\u2019Etat. C\u2019est l\u00e0 o\u00f9 le pi\u00e8ge a pu fonctionner. Mehdi a insist\u00e9 pour voir les papiers des policiers fran\u00e7ais et ils se sont ex\u00e9cut\u00e9s. Cependant, ces m\u00eames policiers ne nous ont jamais r\u00e9v\u00e9l\u00e9 ce qu\u2019ils avaient exactement dit \u00e0 Mehdi pour qu\u2019il les suive. Il avait un rendez-vous \u00e0 20 m\u00e8tres de l\u00e0, \u00e0 la Brasserie Lipp, avec le r\u00e9alisateur et le producteur du film. Il n\u2019a rien fait pour demander \u00e0 aller s\u2019excuser. Logiquement, il aurait demand\u00e9 aux policiers de lui laisser le temps d\u2019aller annuler son rendez-vous. Mehdi n\u2019\u00e9tait pas du genre \u00e0 se faire attendre ou \u00e0 se d\u00e9faire d\u2019un engagement.<\/p>\n<p style=\"text-align: justify;\"><strong>Vous rappelez-vous, au sein de la famille, de ce jour-l\u00e0 ?<\/strong><\/p>\n<p style=\"text-align: justify;\">C\u2019\u00e9tait un vendredi et on \u00e9tait \u00e0 la maison au Caire, mais les moyens de communication n\u2019\u00e9taient pas aussi d\u00e9velopp\u00e9s pour qu\u2019on nous mette tout de suite au courant de ce qui venait de se passer\u2026<\/p>\n<p style=\"text-align: justify;\"><strong>Honn\u00eatement, comment ne pas voir que le crime a profit\u00e9 \u00e0 Hassan II, qui voulait avoir les coud\u00e9es franches pour asseoir sa domination sur le pays ? <\/strong><\/p>\n<p style=\"text-align: justify;\">L\u2019action de Mehdi Ben Barka pour organiser la solidarit\u00e9 des peuples du Tiers-Monde repr\u00e9sentait un danger pour les forces r\u00e9actionnaires, n\u00e9ocoloniales et imp\u00e9rialistes, et en particulier pour le r\u00e9gime de Hassan II. Ces forces avaient int\u00e9r\u00eat \u00e0 neutraliser le danger Ben Barka. Hassan II a bien entendu profit\u00e9 du crime. Et, au-del\u00e0, il ne faut pas oublier que, apr\u00e8s la disparition de mon p\u00e8re, le mouvement tricontinental n\u2019a pas atteint ses objectifs et le mouvement progressiste marocain s\u2019est retrouv\u00e9 tr\u00e8s affaibli.<\/p>\n<p style=\"text-align: justify;\"><strong>Sur la base des \u00e9l\u00e9ments en votre possession, n\u2019avez-vous jamais conclu \u00e0 une implication directe de Hassan II ? <\/strong><\/p>\n<p style=\"text-align: justify;\">Bien \u00e9videmment, Hassan II n\u2019\u00e9tait pas pr\u00e9sent \u00e0 Paris, ni \u00e0 Fontenay-le-Vicomte (ndlr : le lieu vers lequel Ben Barka a \u00e9t\u00e9 conduit apr\u00e8s son enl\u00e8vement \u00e0 Paris) le 29 octobre 1965. Cependant, une d\u00e9cision politique a \u00e9t\u00e9 prise au printemps 1965 : mettre fin aux activit\u00e9s de Mehdi Ben Barka par \u201cdes m\u00e9thodes non orthodoxes\u201d. Les milliers de victimes des ann\u00e9es de plomb au Maroc savent ce que signifient ces m\u00e9thodes. Durant son r\u00e8gne \u2013 Hassan II l\u2019a souvent r\u00e9p\u00e9t\u00e9 \u2013 toutes les d\u00e9cisions importantes \u00e9taient prises \u00e0 son niveau, et uniquement \u00e0 son niveau. C\u2019est pour cela que, m\u00eame en l\u2019absence de preuves mat\u00e9rielles concluant \u00e0 son implication personnelle, il n\u2019y a aucun doute quant \u00e0 sa responsabilit\u00e9 politique dans la d\u00e9cision qui a abouti \u00e0 l\u2019enl\u00e8vement de mon p\u00e8re.<\/p>\n<p style=\"text-align: justify;\"><strong>Une derni\u00e8re question. Que pensez-vous des derni\u00e8res d\u00e9clarations de Mustafa Ramid, le ministre de la Justice, affirmant que le sort des disparus n\u2019\u00e9tait pas une priorit\u00e9 pour son d\u00e9partement ?<\/strong><\/p>\n<p style=\"text-align: justify;\">J\u2019\u00e9tais tr\u00e8s surpris. Les fondations d\u2019une justice ind\u00e9pendante ne peuvent pas se faire sur les oublis du pass\u00e9, sur des injustices. Le fait de minimiser l\u2019affaire des disparus au Maroc et les attentes des familles ne peut que fragiliser cette construction. On ne peut pas solder le pass\u00e9 de cette mani\u00e8re. On ne peut pas, d\u2019un revers de main, dire qu\u2019on va oublier les disparus. Il s\u2019agit de la m\u00e9moire de tout un pays.<\/p>\n<table border=\"1\" cellspacing=\"1\" cellpadding=\"1\">\n<tbody>\n<tr>\n<td><strong>R\u00e9tro. Traque tous azimuts<\/strong>Avant de dispara\u00eetre, le 29 octobre 1965, Ben Barka a \u00e9t\u00e9 victime de plusieurs tentatives d\u2019assassinat perp\u00e9tr\u00e9es par les services marocains. Celles de 1962 (accident de voiture pr\u00e8s de Bouznika) et de 1964 (course-poursuite et coups de feu en Suisse) sont les plus connues. Elles ne sont pas les seules\u2026 Que ce soit au Maroc ou dans ses nombreuses terres d\u2019exil, en France, en Suisse, en Alg\u00e9rie ou en Egypte, \u201con\u201d a longtemps et syst\u00e9matiquement cherch\u00e9 \u00e0 \u00e9liminer Ben Barka. En employant tous les moyens imaginables : en Alg\u00e9rie, par exemple, on a tent\u00e9\u2026 de l\u2019empoisonner. \u00e0 45 ans \u00e0 peine, au moment de sa disparition, l\u2019homme ressemblait d\u00e9j\u00e0 \u00e0 un vieux rescap\u00e9. Traqu\u00e9 dans le monde entier, fil\u00e9 par les services marocains et suivi par tous les espions du monde, Ben Barka avait aussi, cerise sur le g\u00e2teau, \u00e9cop\u00e9 d\u2019une condamnation (\u00e0 mort, \u00e9videmment) prononc\u00e9e par la justice marocaine en 1963 pour \u201ccomplot et tentative d\u2019assassinat contre Hassan II\u201d. Sa disparition d\u00e9finitive en 1965 n\u2019est donc que l\u2019aboutissement logique d\u2019une pers\u00e9cution ininterrompue et report\u00e9e de pays en pays.<\/td>\n<\/tr>\n<\/tbody>\n<\/table>\n<table border=\"1\" cellspacing=\"1\" cellpadding=\"1\">\n<tbody>\n<tr>\n<td><strong>De rabat \u00e0 paris. Les services vous saluent bien<\/strong>Ami de Nasser, du pr\u00e9sident alg\u00e9rien Ahmed Ben Bella, de Fidel Castro, autant d\u2019ennemis personnels de Hassan II, Ben Barka avait aussi le don d\u2019irriter les Etats-Unis en se positionnant rapidement, durant son exil, comme leader tiers-mondiste. Ce qui laisse croire que l\u2019enl\u00e8vement du leader marocain a pu b\u00e9n\u00e9ficier, au moins, de la bienveillance des services am\u00e9ricains. La CIA d\u00e9tient d\u2019ailleurs une part de la v\u00e9rit\u00e9 concernant le sort de Ben Barka : une part qui est toujours consign\u00e9e dans des documents jamais d\u00e9classifi\u00e9s par l\u2019agence am\u00e9ricaine.<\/p>\n<p>De leur c\u00f4t\u00e9, les services fran\u00e7ais n\u2019ont jamais daign\u00e9 d\u00e9classifier les documents les plus sensibles du dossier Ben Barka. Les quelques documents \u201cl\u00e2ch\u00e9s\u201d ont \u00e9t\u00e9, au pr\u00e9alable, et comme nous l\u2019explique le fils du c\u00e9l\u00e8bre disparu, d\u00fbment \u201cnoircis\u201d, en d\u2019autres termes, leur contenu a \u00e9t\u00e9 effac\u00e9. Et le Maroc ? Non seulement les autorit\u00e9s marocaines n\u2019ont jamais ouvert la moindre enqu\u00eate sur la disparition d\u2019un ressortissant marocain (alors qu\u2019une plainte contre X a bien \u00e9t\u00e9 d\u00e9pos\u00e9e), mais elles ont constamment \u201csnob\u00e9\u201d les commissions rogatoires diligent\u00e9es par les juges fran\u00e7ais charg\u00e9s d\u2019instruire l\u2019affaire. Comment ? En r\u00e9pondant officiellement ne pas conna\u00eetre l\u2019identit\u00e9 des personnes recherch\u00e9es, ou ne pas \u00eatre en possession de leurs adresses. Etonnant quand on sait que ces personnes sont de hauts responsables de l\u2019appareil s\u00e9curitaire, connues de tous\u2026<\/p>\n<p>Autre d\u00e9tail plaidant clairement pour l\u2019implication directe des autorit\u00e9s marocaines dans la disparition de Ben Barka : les truands fran\u00e7ais qui ont servi d\u2019interm\u00e9diaires \u00e0 divers niveaux, \u00e0 leur t\u00eate le c\u00e9l\u00e8bre George Boucheseiche, ont choisi, apr\u00e8s l\u2019\u00e9clatement du scandale, de se r\u00e9fugier\u2026 dans le plus beau pays du monde, le royaume de Hassan II. Sans oublier que les policiers impliqu\u00e9s ont b\u00e9n\u00e9fici\u00e9, de leur c\u00f4t\u00e9, de nombreux privil\u00e8ges : promotions, agr\u00e9ments de transport routier, etc.<\/td>\n<\/tr>\n<\/tbody>\n<\/table>\n<table border=\"1\" cellspacing=\"1\" cellpadding=\"1\">\n<tbody>\n<tr>\n<td><strong>Lignes rouges. Benzekri avait promis\u2026<\/strong>On oublie souvent de le pr\u00e9ciser, la famille de Ben Barka, d\u00e9j\u00e0 en exil au moment de sa disparition, n\u2019a plus remis les pieds au Maroc tant que Hassan II \u00e9tait vivant. Ce n\u2019est qu\u2019en 1999 que Bachir, le porte-parole de la famille, a choisi de mettre fin \u00e0 cet exil volontaire, peu de temps apr\u00e8s le d\u00e9c\u00e8s de Hassan II. Pour l\u2019anecdote, on rappelle aussi que, dans les premi\u00e8res ann\u00e9es suivant la disparition de Ben Barka, la police de Hassan II avait pour consigne de pi\u00e9tiner syst\u00e9matiquement toutes les gerbes de fleurs d\u00e9pos\u00e9es devant le domicile du disparu, \u00e0 Diour Jama\u00e2 \u00e0 Rabat, et de disperser toute manifestation d\u00e9di\u00e9e au c\u00e9l\u00e8bre opposant. Ce n\u2019est que vers la fin du r\u00e8gne de Hassan II et, plus encore, dans les premi\u00e8res ann\u00e9es du r\u00e8gne de Mohammed VI, qu\u2019un l\u00e9ger retour \u00e0 la normale a \u00e9t\u00e9 entam\u00e9.<\/p>\n<p>Enfin, au tout d\u00e9but de la cr\u00e9ation de l\u2019Instance \u00e9quit\u00e9 et r\u00e9conciliation, le d\u00e9funt Driss Benzekri assurait \u00e0 qui voulait l\u2019entendre \u201cavoir des garanties personnelles de Mohammed VI\u201d. Quelles garanties ? Celles de pouvoir tout r\u00e9v\u00e9ler, tout dire, sur les responsabilit\u00e9s marocaines dans la disparition de Ben Barka et de remonter tout en haut, jusqu\u2019\u00e0 Hassan II s\u2019il le fallait. Il n\u2019en a finalement rien \u00e9t\u00e9\u2026<\/p>\n<p>&nbsp;<\/td>\n<\/tr>\n<\/tbody>\n<\/table>\n<p style=\"text-align: justify;\"><strong> TelQuel<\/strong><\/p>\n<p style=\"text-align: justify;\"><strong>1 Novembre 2012<\/strong><\/p>\n<p style=\"text-align: justify;\"><a href=\"http:\/\/telquel-online.com\/En-couverture\/bachir-ben-barka-mon-pere-le-roi-et-les-autres\/542\" target=\"_blank\">http:\/\/telquel-online.com\/En-<wbr \/>couverture\/bachir-ben-barka-<wbr \/>mon-pere-le-roi-et-les-autres\/<wbr \/>542<\/a><\/p>\n<\/div>\n<\/article>\n<header class=\"entry-header\"><img decoding=\"async\" class=\"attachment-post-thumbnail wp-post-image\" alt=\"mehdibenbarka-72087\" src=\"http:\/\/www.egalite.be\/wp-content\/uploads\/2012\/10\/mehdibenbarka-72087.jpg\" width=\"450\" height=\"326\" \/><\/p>\n<h1 class=\"entry-title\"><em><strong> Mehdi Ben Barka assassin\u00e9 le 29 octobre 1965 avec l\u2019aide du gouvernement (\u2026) <\/strong><\/em><\/h1>\n<\/header>\n<address><span style=\"color: #333333; font-family: Times New Roman,Times,serif; font-size: large;\"><strong>Ben Barka, l\u2019\u00e9quation marocaine<\/strong>\u00a0: Un documentaire de Patrice Barrat et Simone Bitton. \u00ab\u00a0Ce film n\u2019est pas une nouvelle enqu\u00eate sur la mort de l\u2019opposant marocain Mehdi Ben Barka, disparu a Paris en octobre 1965. C\u2019est le film de sa vie. Car en disparaissant, Ben Barka a \u00e9t\u00e9 ray\u00e9 de l\u2019histoire. L\u2019affaire Ben Barka a monopolis\u00e9 l\u2019attention, Mehdi Ben Barka a sombr\u00e9 dans l\u2019oubli. Au moment o\u00f9 le Maroc tente d\u2019exorciser le douloureux pass\u00e9 de ses ann\u00e9es de plomb, ce film recueille, pour la premi\u00e8re fois, les t\u00e9moignages et les archives qui racontent le parcours exceptionnel d\u2019un enfant de la medina passionn\u00e9 de math\u00e9matiques et de politique qui fut l\u2019un des dirigeants de la lutte pour l\u2019ind\u00e9pendance de son pays, le fondateur de la gauche marocaine, et l\u2019un des dirigeants les plus en vue du mouvement tiers-mondiste des ann\u00e9es 1960.\u00a0\u00bb<\/span><\/address>\n<p><iframe src=\"\/\/www.youtube.com\/embed\/oNsIFBveQhg\" height=\"315\" width=\"420\" allowfullscreen=\"\" frameborder=\"0\"><\/iframe><\/p>\n<div id=\"manchette\">\n<p id=\"hierarchie\"><strong>Mehdi Ben Barka assassin\u00e9 le 29 octobre 1965 avec l\u2019aide du gouvernement\u00a0(\u2026)<\/strong><\/p>\n<div>\n<div>\n<p><img decoding=\"async\" alt=\"\" src=\"http:\/\/rebellyon.info\/local\/cache-vignettes\/L105xH115\/arton4400-10843.jpg\" width=\"105\" height=\"115\" align=\"left\" \/><\/p>\n<h3>Mehdi Ben Barka assassin\u00e9 le 29 octobre 1965 avec l\u2019aide du gouvernement fran\u00e7ais<\/h3>\n<div>\n<p><abbr title=\"2011-10-28T22:00:00Z\">Publi\u00e9 le 29 octobre 2011<\/abbr><\/p>\n<\/div>\n<\/div>\n<div>\n<div>\n<p style=\"text-align: justify;\">\u00c0 la veille de son enl\u00e8vement et de son assassinat, il pr\u00e9sidait le comit\u00e9 pr\u00e9paratoire de la Conf\u00e9rence de la Tricontinentale qui devait r\u00e9unir \u00e0 la Havane, en janvier 1966, les repr\u00e9sentants des mouvements de lib\u00e9ration des peuples d\u2019Afrique, d\u2019Asie et d\u2019Am\u00e9rique Latine. Figure intellectuelle et politique du mouvement anticolonialiste et opposant au roi Hassan II du Maroc, Mehdi Ben Barka est assassin\u00e9 le 29 octobre 1965 pr\u00e8s de Paris. Son corps n\u2019a jamais \u00e9t\u00e9 retrouv\u00e9.<\/p>\n<\/div>\n<div>\n<p style=\"text-align: justify;\"><em>O\u00f9 a-t-on trouv\u00e9 le corps mort\u00a0?<br \/>\nQui a trouv\u00e9 le corps mort\u00a0?<br \/>\nLe corps \u00e9tait-il mort quand on l\u2019a trouv\u00e9\u00a0?<br \/>\nComment a-t-on trouv\u00e9 le corps mort\u00a0?<br \/>\nQui \u00e9tait le corps mort\u00a0?<br \/>\nQui \u00e9tait le p\u00e8re ou la fille ou le fr\u00e8re<br \/>\nOu l\u2019oncle ou la s\u0153ur ou la m\u00e8re ou le fils<br \/>\nDu corps mort et aban\u00addonn\u00e9\u00a0?<br \/>\nLe corps \u00e9tait-il mort quand on l\u2019a aban\u00addonn\u00e9\u00a0?<br \/>\nLe corps \u00e9tait-il aban\u00addonn\u00e9\u00a0?<br \/>\nPar qui a-t-il \u00e9t\u00e9 aban\u00addonn\u00e9\u00a0?<br \/>\nLe corps mort \u00e9tait-il nu ou en cos\u00adtume de voyage\u00a0?<br \/>\nQuelle raison aviez-vous de d\u00e9cla\u00adrer le d\u00e9c\u00e8s du corps mort\u00a0?<br \/>\nAvez-vous d\u00e9clar\u00e9 la mort du corps mort\u00a0?<br \/>\nQuels \u00e9taient les liens avec le corps mort\u00a0?<br \/>\nComment avez-vous su la mort du corps mort\u00a0?<br \/>\nAvez-vous lav\u00e9 le corps mort<br \/>\nLui avez-vous ferm\u00e9 les deux yeux<br \/>\nAvez-vous enterr\u00e9 le corps<br \/>\nL\u2019avez- vous laiss\u00e9 aban\u00addonn\u00e9<br \/>\nAvez-vous embrass\u00e9 le corps mort<\/em><\/p>\n<p style=\"text-align: justify;\"><em>(Harold Pinter)<\/em><\/p>\n<h3 style=\"text-align: justify;\">Le 29 octobre 1965<\/h3>\n<p style=\"text-align: justify;\"><img decoding=\"async\" alt=\"\" src=\"http:\/\/rebellyon.info\/local\/cache-vignettes\/L180xH233\/BrasserieLipp-5c6ab.jpg\" width=\"180\" height=\"233\" \/>Ce ven\u00addredi-l\u00e0, \u00e0 12h15, Mehdi Ben Barka a rendez-vous devant la bras\u00adse\u00adrie Lipp, 151 Boulevard Saint-Germain \u00e0 Paris, avec le cin\u00e9aste Georges Franju qui envi\u00adsage de r\u00e9a\u00adli\u00adser un film sur la d\u00e9co\u00adlo\u00adni\u00adsa\u00adtion inti\u00adtul\u00e9 <em>\u201cBasta\u00a0!\u201d<\/em>. Il s\u2019agit en r\u00e9a\u00adlit\u00e9 d\u2019un pi\u00e8ge, mont\u00e9 par le jour\u00adna\u00adliste Philippe Bernier et un pro\u00adduc\u00adteur de cin\u00e9ma ancien repris de jus\u00adtice, Georges Figon, li\u00e9 aux milieux intel\u00adlec\u00adtuels pari\u00adsiens mais aussi \u00e0 une bande de truands recru\u00adt\u00e9e par les ser\u00advi\u00adces secrets maro\u00adcains. Et voici que deux poli\u00adciers de la bri\u00adgade mon\u00addaine, Louis Souchon et Roger Voitot, exhi\u00adbant leur carte de police, invi\u00adtent Ben Barka \u00e0 monter \u00e0 bord d\u2019une voi\u00adture o\u00f9 se trouve \u00e9galement Antoine Lopez, un agent du SDECE (les ser\u00advi\u00adces du contre-espion\u00adnage fran\u00ad\u00e7ais de l\u2019\u00e9poque). Il est conduit \u00e0 Fontenay le Vicomte (Essonne) dans la villa de Georges Boucheseiche, truand du gang des trac\u00adtions avant. D\u00e8s lors, on perd sa trace. Nul ne le reverra vivant.<\/p>\n<h3 style=\"text-align: justify;\">Ben Barka, militant de la cause pour la lib\u00e9ration des peuples du tiers-monde<\/h3>\n<p style=\"text-align: justify;\">N\u00e9 en 1920 \u00e0 Rabat dans une famille de petits fonc\u00adtion\u00adnai\u00adres, Mehdi Ben Barka a fait des \u00e9tudes de math\u00e9\u00adma\u00adti\u00adques \u00e0 Alger et r\u00e9us\u00adsit \u00e0 deve\u00adnir ensei\u00adgnant en math\u00e9\u00adma\u00adti\u00adques. Il ensei\u00adgnera notam\u00adment au Coll\u00e8ge Royal du Maroc, o\u00f9 il dis\u00adpen\u00adsera sa science au futur roi Hassan II.<\/p>\n<p style=\"text-align: justify;\">Parall\u00e8lement, il s\u2019engage en poli\u00adti\u00adque contre le \u00ab\u00a0pro\u00adtec\u00adto\u00adrat\u00a0\u00bb fran\u00ad\u00e7ais sur le Maroc. D\u00e8s 1943, il par\u00adti\u00adcipe \u00e0 la cr\u00e9a\u00adtion du parti de l\u2019ind\u00e9\u00adpen\u00addance. En 1945, il est l\u2019un des res\u00adpon\u00adsa\u00adble de l\u2019Istiqlal, le parti natio\u00adna\u00adliste qui a men\u00e9 le Maroc \u00e0 l\u2019ind\u00e9\u00adpen\u00addance. En 1955, il par\u00adti\u00adcipe aux n\u00e9go\u00adcia\u00adtions qui abou\u00adti\u00adront au retour du roi Mohammed V que les auto\u00adri\u00adt\u00e9s fran\u00ad\u00e7aise avait exil\u00e9 \u00e0 Madagacar et, en 1956, \u00e0 la fin du pro\u00adtec\u00adto\u00adrat. De 1956 \u00e0 1959, Mehdi Ben Barka est pr\u00e9\u00adsi\u00addent de l\u2019Assembl\u00e9e consul\u00adta\u00adtive du Maroc.<\/p>\n<p style=\"text-align: justify;\"><img decoding=\"async\" alt=\"\" src=\"http:\/\/rebellyon.info\/local\/cache-vignettes\/L450xH326\/mehdibenbarka-72087.jpg\" width=\"450\" height=\"326\" \/><\/p>\n<p style=\"text-align: justify;\">Repr\u00e9sentant de l\u2019aile gauche d\u2019un parti qu\u2019il juge trop conser\u00adva\u00adteur, il pro\u00advo\u00adque une scis\u00adsion et fonde en 1959 l\u2019Union natio\u00adnale des forces popu\u00adlai\u00adres du Maroc, de ten\u00addance socia\u00adliste, et se place dans l\u2019oppo\u00adsi\u00adtion au r\u00e9gime de Hassan II\u00a0: il d\u00e9non\u00ad\u00e7ait \u00ab\u00a0ce r\u00e9gime m\u00e9di\u00e9\u00adval qui ten\u00addrait \u00e0 res\u00adsus\u00adci\u00adter les struc\u00adtu\u00adres m\u00e9di\u00e9\u00adva\u00adles de la soci\u00e9t\u00e9 maro\u00adcaine\u00a0\u00bb.<\/p>\n<p style=\"text-align: justify;\">En novem\u00adbre 1962, Mehdi Ben Barka doit \u00e9chapper \u00e0 un atten\u00adtat men\u00e9 contre lui par deux offi\u00adciers du roi Mohammed V, notam\u00adment le g\u00e9n\u00e9\u00adral Mohammed Oufkir. Lorsque Hassan II d\u00e9cr\u00eate l\u2019Etat de Si\u00e8ge le 16 juillet 1963, Mehdi Ben Barka s\u2019enfuit du Maroc pour ral\u00adlier l\u2019Alg\u00e9rie. En automne 1963, Mehdi Ben Barka d\u00e9nonce le conflit fron\u00adta\u00adlier qui oppose le Maroc et l\u2019Alg\u00e9rie et se met du c\u00f4t\u00e9 des Alg\u00e9riens qu\u2019il consi\u00add\u00e8re aggres\u00ads\u00e9s par le royaume maro\u00adcain. Le royaume du Maroc le condamne ainsi \u00e0 mort par contu\u00admace en novem\u00adbre 1963.<\/p>\n<p style=\"text-align: justify;\">C\u2019est \u00e0 Alger d\u2019abord qu\u2019il s\u2019exile o\u00f9 durant les quel\u00adque six mois pass\u00e9s en 1964, il s\u2019emploie \u00e0 donner une pers\u00adpec\u00adtive mon\u00addiale \u00e0 une conver\u00adgence des luttes de lib\u00e9\u00adra\u00adtion natio\u00adnale. Son ins\u00adpi\u00adra\u00adtion pro\u00advient de Frantz Fanon, mais aussi du <em>Discours sur le colo\u00adnia\u00adlisme<\/em> d\u2019Aim\u00e9 C\u00e9saire, de <em>Portrait du colo\u00adni\u00adsa\u00adteur<\/em> (1957) et <em>Portrait du colo\u00adnis\u00e9<\/em> d\u2019Albert Memmi. Elle s\u2019est nour\u00adrie dans les \u00e9changes avec la pens\u00e9e contes\u00adta\u00adtrice face \u00e0 la puis\u00adsance imp\u00e9\u00adriale bri\u00adtan\u00adni\u00adque en Afrique de Jomo Kenyatta, Kwame Nkrumah et Julius Nyerere. Il d\u00e9sire cr\u00e9er une publi\u00adca\u00adtion anti\u00adco\u00adlo\u00adnia\u00adliste \u00ab\u00a0La Revue afri\u00adcaine\u00a0\u00bb, ainsi qu\u2019un centre de docu\u00admen\u00adta\u00adtion sur les mou\u00adve\u00adments de lib\u00e9\u00adra\u00adtion natio\u00adnale.<\/p>\n<p style=\"text-align: justify;\">La capi\u00adtale alg\u00e9\u00adrienne \u00e9tait deve\u00adnue le foyer intel\u00adlec\u00adtuel de la contes\u00adta\u00adtion r\u00e9vo\u00adlu\u00adtion\u00adnaire inter\u00adna\u00adtio\u00adnale. On y retrou\u00advait les diri\u00adgeants des mou\u00adve\u00adments de lib\u00e9\u00adra\u00adtion et, en pre\u00admier lieu, apr\u00e8s les trou\u00adbles en Angola (1961), en Guin\u00e9e-Bissau (1963) et au Mozambique (1964), les exil\u00e9s des colo\u00adnies por\u00adtu\u00adgai\u00adses. M\u00e9tis et mino\u00adri\u00adtai\u00adres, les intel\u00adlec\u00adtuels du Cap Vert, notam\u00adment Amilcar Cabral, fai\u00adsaient \u00e9cho aux cou\u00adrants lib\u00e9\u00adra\u00adteurs venus du conti\u00adnent am\u00e9\u00adri\u00adcain. L\u2019une des figu\u00adres les plus puis\u00adsan\u00adtes du mou\u00adve\u00adment noir aux Etats-Unis, Malcolm X, s\u00e9jour\u00adnait \u00e0 Alger en 1964\u00a0; Ernesto Che Guevara, avant d\u2019aller au contact des maquis du Congo, y passe \u00e9galement au prin\u00adtemps 1965.<\/p>\n<p style=\"text-align: justify;\">Puis Le Caire en Egypte l\u2019accueille, suivi de Rome, Gen\u00e8ve et La Havane \u00e0 Cuba, villes o\u00f9 il est notam\u00adment charg\u00e9 d\u2019orga\u00adni\u00adser avec d\u2019autres la par\u00adti\u00adci\u00adpa\u00adtion des mou\u00adve\u00adments de luttes r\u00e9vo\u00adlu\u00adtion\u00adnai\u00adres du tiers monde \u00e0 la Conf\u00e9rence Tricontinentale (Asie, Afrique et Am\u00e9rique latine) qui doit se r\u00e9unir \u00e0 La Havane en jan\u00advier 1966.<\/p>\n<h3 style=\"text-align: justify;\">Hassan II, le roi du Maroc, commanditaire du rapt de Ben Barka<\/h3>\n<p style=\"text-align: justify;\">Le g\u00e9n\u00e9\u00adral Mohamed Oufkir, minis\u00adtre maro\u00adcain de l\u2019Int\u00e9rieur, Ahmed Dlimi, direc\u00adteur de la s\u00fbret\u00e9 natio\u00adnale maro\u00adcaine, et un cer\u00adtain Chtouki, chef des bri\u00adga\u00addes sp\u00e9\u00adcia\u00adles maro\u00adcai\u00adnes, se trou\u00advaient \u00e0 Paris \u00e0 cette date-l\u00e0, le 29 octo\u00adbre 1965. C\u2019est d\u2019ailleurs Oufkir qui a tor\u00adtur\u00e9 Ben Barka et Georges Figon affir\u00admera avoir vu Oufkir tuer Ben Barka avec un poi\u00adgnard dans la villa d\u2019un des hommes de main, Boucheseiche, qui a affirm\u00e9 que Mehdi Ben Barka, une fois son cada\u00advre ramen\u00e9 au Maroc, fut dis\u00adsout dans une bai\u00adgnoire emplie d\u2019acide.<\/p>\n<p style=\"text-align: justify;\">Le roi Hassan II refuse que son minis\u00adtre de l\u2019Int\u00e9rieur, Oufkir, com\u00adpa\u00adraisse devant la jus\u00adtice fran\u00ad\u00e7aise. Le roi Hassan II, pro\u00adba\u00adble com\u00adman\u00addi\u00adtaire du rapt ne sera jamais mis en cause. La jus\u00adtice fran\u00ad\u00e7aise condamna par contu\u00admace les ex\u00e9\u00adcu\u00adtants maro\u00adcains, qui ne furent jamais inqui\u00e9\u00adt\u00e9s par la jus\u00adtice du Maroc. Le g\u00e9n\u00e9\u00adral Oufkir a trouv\u00e9 une mort camou\u00adfl\u00e9e en sui\u00adcide en 1972 et le colo\u00adnel Dlimi, ancien direc\u00adteur de la s\u00fbret\u00e9 du Maroc, a \u00e9t\u00e9 assas\u00adsin\u00e9 en 1983.<\/p>\n<p style=\"text-align: justify;\">Le 5 octo\u00adbre 2005, le minis\u00adtre de la Justice aupr\u00e8s du nou\u00adveau roi du Maroc, Mohammed VI, d\u00e9si\u00adgne un juge d\u2019ins\u00adtruc\u00adtion pour faire le point sur l\u2019affaire. L\u2019ins\u00adtruc\u00adtion est tou\u00adjours en cours, m\u00eame s\u2019il ne fait d\u00e9sor\u00admais pres\u00adque aucun doute que le crime a \u00e9t\u00e9 ordonn\u00e9 au plus haut niveau de l\u2019Etat maro\u00adcain par le roi Hassan II lui-m\u00eame et ex\u00e9\u00adcut\u00e9 \u00e0 Paris par des truands et des bar\u00adbou\u00adzes avec la com\u00adpli\u00adcit\u00e9 des ser\u00advi\u00adces de la R\u00e9publique fran\u00ad\u00e7aise.<\/p>\n<h3 style=\"text-align: justify;\">De Gaulle, pr\u00e9sident fran\u00e7ais, complice de l\u2019assassinat de Ben Barka<\/h3>\n<p style=\"text-align: justify;\">Ben Barka n\u2019a mani\u00adfest\u00e9 aucune r\u00e9sis\u00adtance lors de son enl\u00e8\u00adve\u00adment, croyant de bonne foi aux assu\u00adran\u00adces expri\u00adm\u00e9es par le biais des cir\u00adcuits poli\u00adti\u00adques qui lui garan\u00adtis\u00adsaient la pro\u00adtec\u00adtion et la s\u00e9cu\u00adrit\u00e9 durant son s\u00e9jour en France. En pleine cam\u00adpa\u00adgne \u00e9lectorale pour la r\u00e9\u00e9\u00adlec\u00adtion du g\u00e9n\u00e9\u00adral De Gaulle \u00e0 la pr\u00e9\u00adsi\u00addence de la R\u00e9publique, l\u2019affaire sou\u00adl\u00e8ve l\u2019indi\u00adgna\u00adtion des milieux poli\u00adti\u00adques fran\u00adcais, notam\u00adment de l\u2019oppo\u00adsi\u00adtion de gauche, Fran\u00e7ois Mitterrand en t\u00eate. De Gaulle, dans une conf\u00e9\u00adrence de presse du 22 f\u00e9vrier 1966, mini\u00admise la part des ser\u00advi\u00adces secrets fran\u00ad\u00e7ais, qua\u00adli\u00adfie l\u2019enl\u00e8\u00adve\u00adment d\u2019op\u00e9\u00adra\u00adtion qui \u00ab\u00a0n\u2019a rien que de vul\u00adgaire et de subal\u00adterne\u00a0\u00bb, et fait porter toute la res\u00adpon\u00adsa\u00adbi\u00adlit\u00e9 sur le g\u00e9n\u00e9\u00adral Oufkir.<\/p>\n<p style=\"text-align: justify;\">On ne dit pas offi\u00adciel\u00adle\u00adment jusqu\u2019\u00e0 quel niveau la R\u00e9publique fran\u00ad\u00e7aise a \u00e9t\u00e9 impli\u00adqu\u00e9e dans l\u2019assas\u00adsi\u00adnat de l\u2019oppo\u00adsant maro\u00adcain, alors que l\u2019enqu\u00eate judi\u00adciaire m\u00e8ne rapi\u00adde\u00adment \u00e0 des hommes poli\u00adti\u00adques fran\u00ad\u00e7ais pro\u00adches du gou\u00adver\u00adne\u00adment, des poli\u00adciers et des truands. Toute une s\u00e9rie de proc\u00e8s auront lieu dans une paro\u00addie de jus\u00adtice. De fa\u00e7on bizarre, juste avant le proc\u00e8s qui com\u00admence le 5 sep\u00adtem\u00adbre 1966, Figon est retrouv\u00e9 mort, ainsi que les avo\u00adcats de la famille Ben Barka. En 1967, c\u2019est Fossati, un agent du Sdece partie pre\u00adnante dans l\u2019op\u00e9\u00adra\u00adtion pour des trans\u00adports a\u00e9riens qui est aussi retrouv\u00e9 mort de fa\u00e7on louche.<\/p>\n<p style=\"text-align: justify;\">Le 5 juin 1967 la jus\u00adtice fran\u00ad\u00e7aise condamne Oufkir par contu\u00admace, mais acquitte Dlimi, et tous les pro\u00adta\u00adgo\u00adnis\u00adtes fran\u00ad\u00e7ais, \u00e0 l\u2019excep\u00adtion de Lopez et Souchon, \u00e0 qui on fait porter le cha\u00adpeau, et qui sont condam\u00adn\u00e9s res\u00adpec\u00adti\u00adve\u00adment \u00e0 huit et six ans de prison.<\/p>\n<p style=\"text-align: justify;\">Le gou\u00adver\u00adne\u00adment fran\u00ad\u00e7ais de l\u2019\u00e9poque a tout fait pour que la v\u00e9rit\u00e9 soit cach\u00e9e, et les gou\u00adver\u00adne\u00adments suc\u00adces\u00adsifs n\u2019ont pas v\u00e9ri\u00adta\u00adble\u00adment aid\u00e9 \u00e0 ce qu\u2019elle soit connue. Ce qui est s\u00fbr c\u2019est que Foccart, le secr\u00e9\u00adtaire de De Gaulle pour les affai\u00adres afri\u00adcai\u00adnes est par\u00adfai\u00adte\u00adment au cou\u00adrant, tout comme Papon, le pr\u00e9fet de police de Paris. Ce qui est s\u00fbr, c\u2019est que toutes les retrans\u00adcrip\u00adtions des \u00e9coutes t\u00e9l\u00e9\u00adpho\u00adni\u00adques de la bande des assas\u00adsins de Ben Barka, qui ont \u00e9t\u00e9 retrou\u00adv\u00e9es, ont \u00e9t\u00e9 don\u00adn\u00e9es avant l\u2019accom\u00adplis\u00adse\u00adment de l\u2019assas\u00adsi\u00adnat \u00e0 Roger Frey, minis\u00adtre de l\u2019int\u00e9\u00adrieur et \u00e0 Georges Pompidou, le pre\u00admier minis\u00adtre de De Gaulle. De Gaulle a donc bien laiss\u00e9 effec\u00adtuer ce crime sur le sol fran\u00ad\u00e7ais avec les ser\u00advi\u00adces de la police fran\u00ad\u00e7aise.<\/p>\n<p style=\"text-align: justify;\">M\u00eame si par trois fois, au fil des ann\u00e9es et des chan\u00adge\u00adments de gou\u00adver\u00adne\u00adment, le \u00ab\u00a0secret d\u00e9fense\u00a0\u00bb sera lev\u00e9 par petits bouts, cepen\u00addant, jamais la jus\u00adtice ne pourra se pro\u00adnon\u00adcer d\u00e9fi\u00adni\u00adti\u00adve\u00adment. Et 43 ans plus tard, l\u2019affaire Ben Barka n\u2019est tou\u00adjours pas v\u00e9ri\u00adta\u00adble\u00adment \u00e9lucid\u00e9e, n\u2019est tou\u00adjours pas clas\u00ads\u00e9e, alors que pres\u00adque tous ceux qui pour\u00adraient parler et \u00eatre ainsi tr\u00e8s g\u00eanants pour le gou\u00adver\u00adne\u00adment de notre pays ont \u00e9t\u00e9 liqui\u00add\u00e9s phy\u00adsi\u00adque\u00adment, ou sont d\u00e9sor\u00admais d\u00e9c\u00e9\u00add\u00e9s. Une com\u00admis\u00adsion roga\u00adtoire a encore \u00e9t\u00e9 lanc\u00e9e en mai 2005 \u00e0 la demande de la famille Ben Barka. Les pro\u00adta\u00adgo\u00adnis\u00adtes fran\u00ad\u00e7ais sont tous morts, alors le 23 octo\u00adbre 2007, le juge d\u2019ins\u00adtruc\u00adtion Patrick Rama\u00ebl a envoy\u00e9 cinq man\u00addats d\u2019arr\u00eat inter\u00adna\u00adtio\u00adnaux contre des Marocains\u00a0: trois chefs de la gen\u00addar\u00adme\u00adrie royale maro\u00adcaine de l\u2019\u00e9poque et deux bar\u00adbou\u00adzes. Seront-ils inqui\u00e9\u00adt\u00e9s\u00a0?\u2026<\/p>\n<h3 style=\"text-align: justify;\">L\u2019assassinat de Ben Barka encourag\u00e9 par les dirigeants imp\u00e9rialistes<\/h3>\n<p style=\"text-align: justify;\">Mehdi Ben Barka aurait \u00e9t\u00e9 suivi, traqu\u00e9 lors de ses d\u00e9pla\u00adce\u00adments par la C.I.A am\u00e9\u00adri\u00adcaine et le Mossad isra\u00e9\u00adlien qui com\u00admu\u00adni\u00adquait ces infor\u00adma\u00adtions aux gou\u00adver\u00adne\u00adments maro\u00adcains et fran\u00ad\u00e7ais, \u00e0 Rabat et Paris. Ben Barka refu\u00adsait par exem\u00adple l\u2019ins\u00adtal\u00adla\u00adtion de bases mili\u00adtai\u00adres am\u00e9\u00adri\u00adcai\u00adnes sur le sol maro\u00adcain. Il n\u2019y a rien d\u2019\u00e9tonnant pour les diri\u00adgeants des \u00c9tats-Unis et leurs alli\u00e9s de tra\u00advailler la main dans la main en vue de l\u2019abou\u00adtis\u00adse\u00adment de ce crime.<\/p>\n<p style=\"text-align: justify;\">Pour les diri\u00adgeants mon\u00addiaux capi\u00adta\u00adlis\u00adtes, mettre en conver\u00adgence les mou\u00adve\u00adments de lib\u00e9\u00adra\u00adtion du tiers-monde est un r\u00e9el danger. Or, c\u2019est ce qu\u2019entre\u00adprend Ben Barka. Au moment de son assas\u00adsi\u00adnat, le 29 octo\u00adbre 1965, Mehdi Ben Barka pr\u00e9\u00adpa\u00adrait la Conf\u00e9rence Tricontinentale, qui devait se tenir \u00e0 La Havane du 3 au 13 jan\u00advier 1966. La d\u00e9ci\u00adsion est prise de l\u2019\u00e9liminer phy\u00adsi\u00adque\u00adment.<\/p>\n<p style=\"text-align: justify;\">Il faut savoir que de nom\u00adbreu\u00adses secous\u00adses se sont pro\u00addui\u00adtes quel\u00adques ann\u00e9es aupa\u00adra\u00advant et qu\u2019ils font tout pour pr\u00e9\u00adser\u00adver le navire du capi\u00adta\u00adlisme. En avril 1955, la conf\u00e9\u00adrence Asie-Afrique de Bandung, avait annonc\u00e9 l\u2019essor des mou\u00adve\u00adments d\u2019\u00e9mancipation natio\u00adnale, avant que l\u2019embra\u00adse\u00adment ne se pro\u00adpage en Am\u00e9rique latine, puis gagne les colo\u00adnies por\u00adtu\u00adgai\u00adses d\u2019Afrique. En 1956, ce fut Varsovie, Budapest au sein du bloc com\u00admu\u00adniste, ainsi que l\u2019\u00e9chec de l\u2019exp\u00e9\u00addi\u00adtion franco-bri\u00adtan\u00adni\u00adque de Suez apr\u00e8s la natio\u00adna\u00adli\u00adsa\u00adtion du canal par Nasser et les luttes pour l\u2019ind\u00e9\u00adpen\u00addance de l\u2019\u00c9gypte. Le 14 juillet 1958, la monar\u00adchie est ren\u00adver\u00ads\u00e9e et la R\u00e9publique pro\u00adcla\u00adm\u00e9e en Irak. Le FLN fait tra\u00ee\u00adner en lon\u00adgueur la guerre d\u2019Alg\u00e9rie. La Guin\u00e9e se s\u00e9pare de la France en 1958. Le Congo veut s\u2019affran\u00adchir de la Belgique. Kennedy \u00e9choue au ren\u00adver\u00adse\u00adment de Fidel Castro, dans la baie des Cochons en 1961\u2026<\/p>\n<p style=\"text-align: justify;\">D\u2019autre part, face \u00e0 l\u2019imp\u00e9\u00adria\u00adlisme, des peu\u00adples d\u2019Afrique et d\u2019Asie s\u2019orga\u00adni\u00adsent en cr\u00e9ant un fonds de soli\u00adda\u00adrit\u00e9 \u00e0 Accra, au Ghana en 1957, dont Ben Barka est vice-pr\u00e9\u00adsi\u00addent. Doit-il s\u2019ouvrir \u00e0 l\u2019Am\u00e9rique latine\u00a0? La ques\u00adtion est pos\u00e9e au Caire en mars 1961 par Ben Barka, qui pr\u00e9\u00adside la com\u00admis\u00adsion sur le n\u00e9o\u00adco\u00adlo\u00adnia\u00adlisme, et l\u2019alliance avec l\u2019Am\u00e9rique latine sera d\u00e9ci\u00add\u00e9e en 1965. Rompre le sous-d\u00e9ve\u00adlop\u00adpe\u00adment est non seu\u00adle\u00adment un projet d\u2019ind\u00e9\u00adpen\u00addance natio\u00adnale, mais aussi une action concer\u00adt\u00e9e contre la d\u00e9pen\u00addance du sys\u00adt\u00e8me capi\u00adta\u00adliste. Par rap\u00adport \u00e0 l\u2019h\u00e9g\u00e9\u00admo\u00adnie des Etats-Unis, \u00ab\u00a0l\u2019Afrique est l\u2019Am\u00e9rique latine de l\u2019Europe\u00a0\u00bb, r\u00e9p\u00e8te Ben Barka. Travailler \u00e0 f\u00e9d\u00e9\u00adrer le Maghreb et l\u2019Afrique prend une dimen\u00adsion anti-imp\u00e9\u00adria\u00adliste.<\/p>\n<p style=\"text-align: justify;\">Mais Ben Barka entend d\u00e9ve\u00adlop\u00adper une dyna\u00admi\u00adque auto\u00adnome de la mou\u00advance sovi\u00e9\u00adti\u00adque. Ce qui l\u2019enthou\u00adsiasme \u00e0 Cuba, c\u2019est le succ\u00e8s de la cam\u00adpa\u00adgne d\u2019alpha\u00adb\u00e9\u00adti\u00adsa\u00adtion dont il r\u00eave pour le Maroc, et il trace l\u2019esquisse d\u2019une uni\u00adver\u00adsit\u00e9 tri\u00adconti\u00adnen\u00adtale. Ben Barka d\u00e9clare le 3 octo\u00adbre 1965 qu\u2019\u00e0 la Conf\u00e9rence de La Havane, la pre\u00admi\u00e8re situ\u00e9e en Am\u00e9rique latine, \u00ab\u00a0les deux cou\u00adrants de la r\u00e9vo\u00adlu\u00adtion mon\u00addiale y seront repr\u00e9\u00adsen\u00adt\u00e9s\u00a0: le cou\u00adrant surgi avec la r\u00e9vo\u00adlu\u00adtion d\u2019Octobre et celui de la r\u00e9vo\u00adlu\u00adtion natio\u00adnale lib\u00e9\u00adra\u00adtrice\u00a0\u00bb. Ce qui n\u2019est pas pour plaire aux \u00c9tats-Unis.<\/p>\n<p style=\"text-align: justify;\">Malgr\u00e9 deux d\u00e9fec\u00adtions impor\u00adtan\u00adtes, la perte du pou\u00advoir de Ben Bella en Alg\u00e9rie avec le coup d\u2019\u00e9tat de Boumedi\u00e8ne le 19 juin 1965, et la perte du pou\u00advoir de Sukarno en Indon\u00e9sie le 30 sep\u00adtem\u00adbre 1965, il d\u00e9fi\u00adnit les objec\u00adtifs de cette Conf\u00e9rence Tricontinentale fon\u00adda\u00adtrice\u00a0: aide aux mou\u00adve\u00adments de lib\u00e9\u00adra\u00adtion natio\u00adnale, notam\u00adment au mou\u00adve\u00adment pales\u00adti\u00adnien\u00a0; inten\u00adsi\u00adfi\u00adca\u00adtion des luttes, y com\u00adpris arm\u00e9es, sur les trois conti\u00adnents\u00a0; sou\u00adtien \u00e0 Cuba\u00a0; liqui\u00adda\u00adtion des bases mili\u00adtai\u00adres \u00e9trang\u00e8res\u00a0; oppo\u00adsi\u00adtion aux armes nucl\u00e9ai\u00adres, \u00e0 l\u2019apar\u00adtheid et \u00e0 la s\u00e9gr\u00e9\u00adga\u00adtion raciale. La fina\u00adlit\u00e9 est la \u00ab\u00a0lib\u00e9\u00adra\u00adtion totale\u00a0\u00bb.<\/p>\n<p style=\"text-align: justify;\">C\u2019est en recou\u00adrant \u00e0 la force arm\u00e9e et aux com\u00adman\u00addos assas\u00adsins, en impo\u00adsant des dic\u00adta\u00adteurs ou en d\u00e9clen\u00adchant des guer\u00adres comme en Alg\u00e9rie et au Vietnam que le sys\u00adt\u00e8me imp\u00e9\u00adria\u00adliste pense se main\u00adte\u00adnir. C\u2019est dans cet \u00e9lan r\u00e9vo\u00adlu\u00adtion\u00adnaire de la Tricontinentale que se trouve la cause pro\u00adfonde de l\u2019enl\u00e8\u00adve\u00adment et de l\u2019assas\u00adsi\u00adnat de Ben Barka. Pour la m\u00eame cause d\u2019autres ont aussi \u00e9t\u00e9 assas\u00adsi\u00adn\u00e9s. En 1965\u00a0: le pre\u00admier minis\u00adtre d\u2019Iran, Ali Mansour, est tu\u00e9 le 22 jan\u00advier\u00a0; un des chefs de l\u2019oppo\u00adsi\u00adtion por\u00adtu\u00adgaise, Humberto Delgado, le 13 f\u00e9vrier\u00a0; Malcolm X, le 21 f\u00e9vrier\u00a0; le vice-minis\u00adtre de la d\u00e9fense du Guatemala, Ernesto Molina, le 21 mai. Che Guevara sera abattu le 9 octo\u00adbre 1967, Martin Luther King le 4 avril 1968, Amilcar Cabral le 20 jan\u00advier 1973, Henri Curiel le 4 mai 1978\u2026<\/p>\n<p style=\"text-align: justify;\"><strong>\u00c9liminer Ben Barka \u00e9tait devenu une exi\u00adgence majeure dans la r\u00e9pres\u00adsion inter\u00adna\u00adtio\u00adnale des insur\u00adrec\u00adtions du tiers-monde, qui ne recule devant aucune igno\u00admi\u00adnie.<\/strong><\/p>\n<p>&nbsp;<\/p>\n<p style=\"text-align: justify;\"><strong>C\u2019est cette pers\u00adpec\u00adtive de lib\u00e9\u00adra\u00adtion mon\u00addiale \u2026qu\u2019on a voulu tuer<br \/>\nen assas\u00adsi\u00adnant Mehdi Ben Barka\u00a0!<\/strong><\/p>\n<\/div>\n<\/div>\n<div>\n<h2>P.-S.<\/h2>\n<div>\n<dl>\n<dt><a title=\"PDF - 253.6 ko\" href=\"http:\/\/rebellyon.info\/spip.php?action=acceder_document&amp;arg=8089&amp;cle=9e60114e4e589653ddb9ef534f10d55142a240c1&amp;file=pdf%2FBenBarka_optionRevolutionnaire.pdf\" type=\"application\/pdf\"><img decoding=\"async\" alt=\"PDF - 253.6 ko\" src=\"http:\/\/rebellyon.info\/local\/cache-vignettes\/L52xH52\/pdf-eb697.png\" width=\"52\" height=\"52\" \/><\/a><\/dt>\n<dt><strong> Mehdi Ben Barka \u00ab\u00a0Option r\u00e9volutionnaire au Maroc\u00a0\u00bb Rapport au secr\u00e9tariat de l\u2019UNFP, avant le 2\u00b0 congr\u00e8s, Rabat, le 1\u00b0 mai 1962. <\/strong><\/dt>\n<dd><em>num\u00e9risation\u00a0: Journal Al mounadhil-a -&gt; <a href=\"http:\/\/www.al-mounadhil-a.info\" rel=\"nofollow external\">http:\/\/www.al-mounadhil-a.info<\/a><\/em><\/dd>\n<\/dl>\n<p>L\u2019affaire Ben Barka a inspir\u00e9 deux films\u00a0: <em>L\u2019Attentat<\/em> d\u2019Yves Boisset (1972) et <a href=\"https:\/\/rebellyon.info\/Mercredi-7-decembre-J-AI-VU-TUER.html?var_mode=calcul\" rel=\"external\"><em>J\u2019ai vu tuer Ben Barka<\/em><\/a> de Serge Le P\u00e9ron (2005).<\/p>\n<\/div>\n<\/div>\n<div>\n<h2>Documents joints<\/h2>\n<ul>\n<li><strong><a title=\"PDF - 253.6 ko - Mehdi Ben Barka \u00ab (...)\" href=\"http:\/\/rebellyon.info\/spip.php?action=acceder_document&amp;arg=8089&amp;cle=9e60114e4e589653ddb9ef534f10d55142a240c1&amp;file=pdf%2FBenBarka_optionRevolutionnaire.pdf\" type=\"application\/pdf\"><img decoding=\"async\" alt=\"\" src=\"http:\/\/rebellyon.info\/prive\/vignettes\/pdf.png\" width=\"52\" height=\"52\" \/><\/a><br \/>\n<a href=\"http:\/\/rebellyon.info\/spip.php?action=acceder_document&amp;arg=8089&amp;cle=9e60114e4e589653ddb9ef534f10d55142a240c1&amp;file=pdf%2FBenBarka_optionRevolutionnaire.pdf\"> Mehdi Ben Barka \u00ab\u00a0Option r\u00e9volutionnaire au Maroc\u00a0\u00bb Rapport au secr\u00e9tariat de l\u2019UNFP, avant le 2\u00b0 congr\u00e8s, Rabat, le 1\u00b0 mai 1962. <\/a><\/strong>(PDF \u2013 253.6\u00a0ko)<em>num\u00e9risation\u00a0: Journal Al mounadhil-a -&gt; <a href=\"http:\/\/www.al-mounadhil-a.info\" rel=\"nofollow external\">http:\/\/www.al-mounadhil-a.info<\/a><\/em><\/li>\n<\/ul>\n<\/div>\n<\/div>\n<\/div>\n<h3>L\u2019Affaire Mehdi Ben Barka\u00a0: Interview avec son fils, Bachir<\/h3>\n<div><img decoding=\"async\" alt=\"\" src=\"http:\/\/www.lariposte.com\/local\/cache-vignettes\/L255xH255\/arton436-183ed.jpg\" width=\"255\" height=\"255\" \/><\/div>\n<div>\n<div>31- 10-1999<\/div>\n<\/div>\n<p style=\"text-align: justify;\"><strong>Pour commencer, surtout pour les jeunes qui n\u2019ont peut-\u00eatre pas connaissance de \u00ab\u00a0l\u2019affaire\u00a0\u00bb Ben Barka, pouvez-vous nous rappeler les circonstances de l\u2019enl\u00e8vement de votre p\u00e8re\u00a0?<\/strong><\/p>\n<p style=\"text-align: justify;\">Le vendredi 29 octobre 1965, \u00e0 12h30, Mehdi Ben Barka, mon p\u00e8re, avait rendez-vous \u00e0 la brasserie Lipp, boulevard Saint Germain, \u00e0 Paris, avec un journaliste, un producteur et un sc\u00e9nariste, pour discuter de la pr\u00e9paration d\u2019un film sur le th\u00e8me des mouvements de lib\u00e9ration nationale en Afrique, en Asie et en Am\u00e9rique latine. Ce film devait \u00eatre pr\u00e9sent\u00e9 \u00e0 l\u2019ouverture de la conf\u00e9rence tricontinentale \u00e0 la Havane en janvier 1966. Le film devait s\u2019intituler Basta\u00a0!<\/p>\n<p style=\"text-align: justify;\">Ce rendez-vous \u00e9tait un pi\u00e8ge. Avant d\u2019arriver \u00e0 la brasserie, mon p\u00e8re \u00e9tait interpell\u00e9 par deux policiers fran\u00e7ais, qui lui ont pr\u00e9sent\u00e9 leurs cartes et lui ont demand\u00e9 de les suivre. Il est mont\u00e9 dans leur voiture officielle. Il \u00e9tait en confiance. Mais dans cette voiture se trouvaient d\u2019autres personnes, dont un agent \u2013 un \u00ab\u00a0honorable correspondant\u00a0\u00bb selon le terme convenu \u2013 du SDECE, c\u2019est-\u00e0-dire des services secrets fran\u00e7ais, et \u00e9galement un truand, un homme de main. L\u2019agent du SDECE portait une fausse moustache et une perruque pour ne pas \u00eatre reconnu par mon p\u00e8re, qui le connaissait.<\/p>\n<p style=\"text-align: justify;\">La voiture s\u2019est dirig\u00e9e vers la banlieue sud de Paris, pr\u00e9cis\u00e9ment \u00e0 Fontenay-le-Vicomte, et s\u2019est arr\u00eat\u00e9e devant la maison d\u2019un gangster notoire, Georges Boucheseiche. A partir de l\u00e0, je dirais que s\u2019arr\u00eatent les certitudes et commencent les hypoth\u00e8ses sur ce qui a pu arriver ensuite \u00e0 mon p\u00e8re. Ce que l\u2019on sait, c\u2019est que le g\u00e9n\u00e9ral Oufkir, Ministre de l\u2019Int\u00e9rieur marocain, a \u00e9t\u00e9 averti que \u00ab\u00a0le colis\u00a0\u00bb avait \u00e9t\u00e9 livr\u00e9. Son adjoint \u00e0 la S\u00fbret\u00e9, le commandant Ahmed Dlimi, fut \u00e9galement averti. Le lendemain, ils arrivent \u00e0 Paris.<\/p>\n<p style=\"text-align: justify;\">Il y a eu un certain nombre d\u2019allers et venues dans cette maison. On ne sait pas de qui, exactement. Mais ce qui est certain c\u2019est que c\u2019est l\u00e0 que nous perdons la piste de mon p\u00e8re. On peut supposer qu\u2019il a \u00e9t\u00e9 assassin\u00e9, mais l\u2019on ne sait pas par qui, ni comment, ni o\u00f9 se trouve son corps. Est-ce que le corps est rest\u00e9 en France, ou a-t-il \u00e9t\u00e9 transf\u00e9r\u00e9 au Maroc\u00a0? Ou alors, comme le supposent certaines hypoth\u00e8ses, le Mossad \u2013 les services secrets isra\u00e9liens \u2013 se serait-il charg\u00e9 de le faire dispara\u00eetre\u00a0? Jusqu\u2019\u00e0 ce jour, 34 ans apr\u00e8s les faits, nous n\u2019avons pas de r\u00e9ponses d\u00e9finitives \u00e0 ces questions.<\/p>\n<p style=\"text-align: justify;\">Au d\u00e9part, il y avait une volont\u00e9 politique de la part des autorit\u00e9s marocaines d\u2019\u00e9liminer mon p\u00e8re. Cette volont\u00e9 s\u2019est traduite par des tentatives d\u2019assassinat et par deux condamnations \u00e0 mort par contumace. Les id\u00e9es que d\u00e9veloppait mon p\u00e8re repr\u00e9sentaient une alternative politique \u00e0 celles pr\u00f4n\u00e9es par le r\u00e9gime et qui avaient d\u00e9montr\u00e9 leur faillite dans les domaines sociaux, \u00e9conomiques et \u00e9ducatifs.<\/p>\n<p style=\"text-align: justify;\">Le pouvoir marocain n\u2019\u00e9tait pas le seul impliqu\u00e9 dans cette affaire. Il a trouv\u00e9 une assistance au sein des services secrets fran\u00e7ais et aupr\u00e8s de truands qui avaient d\u00e9j\u00e0 travaill\u00e9 pour eux. Cette coordination entre polices fran\u00e7aise et marocaine avait d\u00e9j\u00e0 \u00e9t\u00e9 utilis\u00e9e contre les opposants marocains en France. Il y a aussi le r\u00f4le du Mossad isra\u00e9lien qui a apport\u00e9 un soutien au moins \u00ab\u00a0logistique\u00a0\u00bb aux services secrets marocains dans l\u2019ex\u00e9cution du crime. De nombreuses enqu\u00eates men\u00e9es en Isra\u00ebl, en France, aux \u00c9tats-Unis permettent d\u2019affirmer avec certitude l\u2019implication du Mossad dans cette affaire. D\u00e8s 1967, des r\u00e9v\u00e9lations dans la presse isra\u00e9lienne \u00e0 propos de cette participation du Mossad dans l\u2019assassinat de mon p\u00e8re ont indiqu\u00e9 qu\u2019elle avait provoqu\u00e9 une importante crise gouvernementale et m\u00eame la d\u00e9mission du Premier Ministre isra\u00e9lien de l\u2019\u00e9poque.<\/p>\n<p style=\"text-align: justify;\">On peut aussi supposer que la CIA \u00e9tait impliqu\u00e9e d\u2019une mani\u00e8re ou d\u2019une autre. Mon p\u00e8re pr\u00e9parait, en 1965, la conf\u00e9rence tricontinentale qui devait r\u00e9unir les repr\u00e9sentants des mouvements de lib\u00e9ration nationale et des partis progressistes d\u2019Afrique, d\u2019Asie et d\u2019Am\u00e9rique latine. A l\u2019\u00e9poque, de nombreux pays africains \u00e9taient encore sous domination coloniale. L\u2019apartheid s\u00e9vissait encore en Afrique du Sud. Il y avait encore les colonies portugaises, et m\u00eame dans les pays devenus ind\u00e9pendants, des luttes populaires importantes se d\u00e9veloppaient. La conf\u00e9rence de la Havane devait mettre en place les modalit\u00e9s d\u2019une action concert\u00e9e et solidaire entre ces diff\u00e9rentes luttes. Mehdi Ben Barka \u00e9tait le pr\u00e9sident du Comit\u00e9 pr\u00e9paratoire \u00e0 cette initiative et son activit\u00e9 ne devait pas laisser indiff\u00e9rente la premi\u00e8re puissance imp\u00e9rialiste. La conf\u00e9rence s\u2019est tenue en janvier 1966, mais, malheureusement, sans la pr\u00e9sence de celui qui l\u2019avait pr\u00e9par\u00e9e.<\/p>\n<p style=\"text-align: justify;\">Nous n\u2019avons pas de preuves concr\u00e8tes de l\u2019implication des \u00c9tats-Unis. Le magazine am\u00e9ricain Time a r\u00e9v\u00e9l\u00e9 qu\u2019en avril-mai 1965, par l\u2019interm\u00e9diaire de l\u2019ambassade des \u00c9tats-Unis au Maroc, les autorit\u00e9s marocaines avaient demand\u00e9 officiellement aux autorit\u00e9s am\u00e9ricaines de les aider afin de \u00ab\u00a0r\u00e9cup\u00e9rer\u00a0\u00bb mon p\u00e8re. Nous n\u2019avons pas trace de la r\u00e9ponse faite \u00e0 cette demande. Par contre, en utilisant les possibilit\u00e9s offertes par la Freedom of Information Act, une loi am\u00e9ricaine permettant aux citoyens d\u2019acc\u00e9der, dans certains cas, aux dossiers secrets les concernant, nous avons appris que la CIA d\u00e9tient dans ses archives, sous le nom de Mehdi Ben Barka 1800 documents de trois ou quatre pages chacun. Nous sommes presque parvenus \u00e0 avoir acc\u00e8s \u00e0 ces documents, mais au dernier moment, toute la proc\u00e9dure a \u00e9t\u00e9 bloqu\u00e9e, sous pr\u00e9texte que leur d\u00e9classification porterait atteinte \u00e0 la s\u00e9curit\u00e9 nationale des \u00c9tats-Unis.<\/p>\n<p style=\"text-align: justify;\">Dans les ann\u00e9es 60, \u00e9tant donn\u00e9 le caract\u00e8re du r\u00e9gime gaulliste, avec les agissements des \u00ab\u00a0barbouzes\u00a0\u00bb et du Service d\u2019Action Civique, on comprend ais\u00e9ment que l\u2019on ait voulu \u00e0 tout prix cacher la v\u00e9rit\u00e9. Mais depuis, il y a eu l\u2019\u00e9lection de Mitterrand en 1981, puis de longues ann\u00e9es sous des gouvernements de gauche. Cela n\u2019a rien chang\u00e9 par rapport au soi-disant \u00ab\u00a0secret-d\u00e9fense\u00a0\u00bb\u00a0?<\/p>\n<p style=\"text-align: justify;\">A vrai dire, en tout cas jusqu\u2019\u00e0 pr\u00e9sent, cela n\u2019a rien chang\u00e9 quant \u00e0 notre qu\u00eate de la v\u00e9rit\u00e9. Au d\u00e9part, en 1965, il y a eu une premi\u00e8re plainte pour enl\u00e8vement qui a d\u00e9bouch\u00e9 sur un proc\u00e8s en Cour d\u2019Assises qui ne nous a pratiquement rien apport\u00e9 sur la connaissance de la v\u00e9rit\u00e9. Une deuxi\u00e8me plainte a \u00e9t\u00e9 d\u00e9pos\u00e9e en 1975, pour assassinat, qui court toujours. Il y a donc des juges d\u2019instruction qui s\u2019occupent toujours du dossier depuis 24 ans\u00a0! Mais nous n\u2019avons toujours pas acc\u00e8s \u00e0 l\u2019ensemble du \u00ab\u00a0dossier Ben Barka\u00a0\u00bb qui \u00e9tait en possession des services secrets fran\u00e7ais. D\u00e9j\u00e0, en 1975, nous insistions sur le fait que, 10 ans apr\u00e8s les faits, rien ne pouvait s\u2019opposer \u00e0 ce que nous connaissions la v\u00e9rit\u00e9. La raison d\u2019\u00e9tat ne pouvait plus \u00eatre invoqu\u00e9e comme pr\u00e9texte pour entraver l\u2019acc\u00e8s \u00e0 ces documents.<\/p>\n<p style=\"text-align: justify;\">Mais m\u00eame aujourd\u2019hui, 34 ans apr\u00e8s les faits, cette raison d\u2019\u00e9tat sert toujours de pr\u00e9texte pour nous emp\u00eacher \u2013 je dis \u00ab\u00a0nous\u00a0\u00bb, c\u2019est-\u00e0-dire une \u00e9pouse, des enfants, la famille de la victime \u2013 de conna\u00eetre ce qui est arriv\u00e9 \u00e0 mon p\u00e8re.<\/p>\n<p style=\"text-align: justify;\">En 1965, le g\u00e9n\u00e9ral de Gaulle lui-m\u00eame, quelques jours apr\u00e8s l\u2019enl\u00e8vement, avait \u00e9crit \u00e0 ma grand-m\u00e8re en lui assurant que tout serait fait, \u00ab\u00a0avec diligence\u00a0\u00bb, pour que la v\u00e9rit\u00e9 soit connue. On sait ce qu\u2019il en a \u00e9t\u00e9. La raison d\u2019\u00e9tat a bloqu\u00e9 cette promesse. Fran\u00e7ois Mitterrand, candidat \u00e0 la pr\u00e9sidence de la R\u00e9publique, \u00e0 l\u2019\u00e9poque, dans un meeting \u00e0 la Mutualit\u00e9, sous une banderole du Comit\u00e9 pour la v\u00e9rit\u00e9 sur l\u2019affaire Ben Barka, demandait que les faits soient connus et que les auteurs soient jug\u00e9s. Jean Lecanuet, candidat centriste, fit des d\u00e9clarations dans le m\u00eame sens. En 1974, Giscard d\u2019Estaing a nomm\u00e9 Lecanuet Ministre de la Justice, et nous lui avons rappel\u00e9 cet engagement pr\u00e9c\u00e9dant. Nous lui avons demand\u00e9 de permettre aux juges d\u2019instruire le dossier sans \u00eatre bloqu\u00e9s par la raison d\u2019\u00e9tat. Nous n\u2019avons pas re\u00e7u de r\u00e9ponse.<\/p>\n<p style=\"text-align: justify;\">L\u2019\u00e9lection de Fran\u00e7ois Mitterrand aux pr\u00e9sidentielles de 1981 a fait na\u00eetre en nous un grand espoir. Cet espoir semblait se r\u00e9aliser en 1982 lorsque le Premier Ministre Pierre Mauroy a ordonn\u00e9 \u00e0 la DGESE (anciennement le SDECE) de livrer ses dossiers sur l\u2019affaire Ben Barka au juge d\u2019instruction. Mais finalement, seulement un tiers des dossiers ont \u00e9t\u00e9 ouverts au juge et \u00e0 la partie civile. Les deux-tiers restants, soit \u00e0 peu pr\u00e8s 270 pi\u00e8ces, ont \u00e9t\u00e9 couverts par le secret-d\u00e9fense. Alors qui d\u00e9cide de ce qui est \u00ab\u00a0secret-d\u00e9fense\u00a0\u00bb et ce qui ne l\u2019est pas\u00a0?<\/p>\n<p style=\"text-align: justify;\">Bonne question\u00a0! En effet, nous ne savons pas si cette d\u00e9cision des services secrets de ne pas communiquer les dossiers \u00e9tait \u00e0 leur initiative ou si la possibilit\u00e9 de les retenir \u00e9tait d\u00e9j\u00e0 implicite dans l\u2019ordre donn\u00e9 par le Premier Ministre. Les services secrets peuvent-ils passer outre une instruction gouvernementale\u00a0? Ou alors, Pierre Mauroy a-t-il lui-m\u00eame limit\u00e9 la port\u00e9e de son ordre par une clause de sauvegarde\u00a0? Nous ne connaissons pas la r\u00e9ponse.<\/p>\n<p style=\"text-align: justify;\">Enfin, depuis 1982, nous avons us\u00e9 de toutes les proc\u00e9dures possibles. Par l\u2019interm\u00e9diaire du juge d\u2019instruction, nous sommes intervenus \u00e0 plusieurs reprises aupr\u00e8s des ministres de la d\u00e9fense pour que le secret-d\u00e9fense soit lev\u00e9, mais sans r\u00e9sultat, et souvent sans aucune r\u00e9ponse. Par la voix de nos avocats, et directement \u00e9galement en tant que famille, nous avons fait appel \u00e0 Fran\u00e7ois Mitterrand et ses premiers ministres, sans aucun r\u00e9sultat, et, comme je l\u2019ai d\u00e9j\u00e0 dit, souvent sans la moindre r\u00e9ponse. Lorsque Jacques Chirac a \u00e9t\u00e9 \u00e9lu, je lui ai \u00e9crit pour qu\u2019il use de son autorit\u00e9 de chef des Arm\u00e9es pour lever le secret-d\u00e9fense, mais l\u00e0 encore, sans r\u00e9ponse. Ce fut le black-out total, un black-out qui a persist\u00e9 jusqu\u2019\u00e0 ces derni\u00e8res semaines.<\/p>\n<p style=\"text-align: justify;\"><strong>Comment expliquer ce mur de silence\u00a0?<\/strong><\/p>\n<p style=\"text-align: justify;\">Il me semble qu\u2019il y ait deux explications possibles, et de toute fa\u00e7on, pour nous, l\u2019une et l\u2019autre sont tout \u00e0 fait inacceptables. La premi\u00e8re serait de dire que les r\u00e9v\u00e9lations sur l\u2019assassinat de mon p\u00e8re seraient trop compromettantes sur les responsabilit\u00e9s du r\u00e9gime marocain. La \u00ab\u00a0raison d\u2019\u00e9tat\u00a0\u00bb, dans ce cas, s\u2019appliquerait au nom des relations entre la France et le Maroc. L\u2019autre \u00e9ventualit\u00e9, c\u2019est que l\u2019ouverture de ces dossiers impliquerait de mani\u00e8re plus forte encore les services officiels fran\u00e7ais dans l\u2019enl\u00e8vement et peut-\u00eatre m\u00eame dans le meurtre de Mehdi Ben Barka. Dans tous les cas de figure, qu\u2019un gouvernement invoque la raison d\u2019\u00e9tat pour cacher la v\u00e9rit\u00e9 sur un assassinat politique est totalement inacceptable.<\/p>\n<p style=\"text-align: justify;\"><strong>On a annonc\u00e9 \u00e0 la t\u00e9l\u00e9vision que ces dossiers secrets pourraient enfin \u00eatre ouverts prochainement. Qu\u2019en est-il\u00a0?<\/strong><\/p>\n<p style=\"text-align: justify;\">La nouveaut\u00e9, c\u2019est que depuis quelques jours, nous avons \u00e9t\u00e9 inform\u00e9s que la commission consultative du secret de d\u00e9fense nationale institu\u00e9e par la loi de juillet 1998 devra rendre un avis sur le dossier Ben Barka vers la fin de l\u2019ann\u00e9e. La promulgation de cette loi \u00e9tait l\u2019aboutissement de la pression de l\u2019opinion publique sur le scandale que constitue l\u2019utilisation du secret-d\u00e9fense pour prot\u00e9ger la raison d\u2019\u00e9tat. Mais cette commission, comme son nom l\u2019indique, n\u2019est que consultative. En dernier ressort, c\u2019est le Ministre de la D\u00e9fense ou le Premier Ministre qui d\u00e9cideront de la lev\u00e9e ou du maintien du secret-d\u00e9fense concernant l\u2019assassinat de mon p\u00e8re. Permettre, enfin, l\u2019ouverture des dossiers secrets ne serait que justice. Une justice que nous exigeons par respect du combattant pour la libert\u00e9 que fut mon p\u00e8re, car Mehdi Ben Barka a \u00e9t\u00e9 assassin\u00e9 pour son engagement au nom des valeurs de progr\u00e8s, de d\u00e9mocratie et de dignit\u00e9 humaine. C\u2019est aussi un devoir de v\u00e9rit\u00e9 envers sa famille et envers l\u2019Histoire. Voil\u00e0 pourquoi, 34 ans apr\u00e8s sa mort, nous continuons notre combat pour que la lumi\u00e8re soit faite sur la disparition de mon p\u00e8re.<\/p>\n<dl>\n<dt><img decoding=\"async\" alt=\"JPEG - 15.7 ko\" src=\"http:\/\/www.lariposte.com\/IMG\/jpg\/benbarka.jpg\" width=\"200\" height=\"245\" \/><\/dt>\n<dd>Bachir Ben Barka, le fils de Mehdi Ben Barka,<br \/>\ninterview\u00e9 et photographi\u00e9 par<br \/>\nLa Riposte en novembre 1999, Paris.<\/dd>\n<\/dl>\n","protected":false},"excerpt":{"rendered":"<p>C\u2019est en recou\u00adrant \u00e0 la force arm\u00e9e et aux com\u00adman\u00addos assas\u00adsins, en impo\u00adsant des dic\u00adta\u00adteurs ou en d\u00e9clen\u00adchant des guer\u00adres comme en Alg\u00e9rie et au Vietnam que le sys\u00adt\u00e8me imp\u00e9\u00adria\u00adliste pense se main\u00adte\u00adnir. C\u2019est dans cet \u00e9lan r\u00e9vo\u00adlu\u00adtion\u00adnaire de la Tricontinentale que se trouve la cause pro\u00adfonde de l\u2019enl\u00e8\u00adve\u00adment et de l\u2019assas\u00adsi\u00adnat de Ben Barka. &#8230; <a title=\"Mehdi Ben Barka assassin\u00e9 le 29 octobre 1965\" class=\"read-more\" href=\"https:\/\/bruxelles-pantheres.be\/?p=747\" aria-label=\"En savoir plus sur Mehdi Ben Barka assassin\u00e9 le 29 octobre 1965\">Lire la suite<\/a><\/p>\n","protected":false},"author":1,"featured_media":748,"comment_status":"open","ping_status":"open","sticky":false,"template":"","format":"standard","meta":{"footnotes":""},"categories":[1,35,21,36,4,7,6,18,28],"tags":[51,30],"class_list":["post-747","post","type-post","status-publish","format-standard","has-post-thumbnail","hentry","category-non-classe","category-amerique-du-sud","category-anti-imperialisme","category-europe","category-islamophobie","category-negrophobie","category-palestine-moyen-orient","category-resistance-bruxelles","category-racismes","tag-ben-barka","tag-maroc"],"_links":{"self":[{"href":"https:\/\/bruxelles-pantheres.be\/index.php?rest_route=\/wp\/v2\/posts\/747","targetHints":{"allow":["GET"]}}],"collection":[{"href":"https:\/\/bruxelles-pantheres.be\/index.php?rest_route=\/wp\/v2\/posts"}],"about":[{"href":"https:\/\/bruxelles-pantheres.be\/index.php?rest_route=\/wp\/v2\/types\/post"}],"author":[{"embeddable":true,"href":"https:\/\/bruxelles-pantheres.be\/index.php?rest_route=\/wp\/v2\/users\/1"}],"replies":[{"embeddable":true,"href":"https:\/\/bruxelles-pantheres.be\/index.php?rest_route=%2Fwp%2Fv2%2Fcomments&post=747"}],"version-history":[{"count":1,"href":"https:\/\/bruxelles-pantheres.be\/index.php?rest_route=\/wp\/v2\/posts\/747\/revisions"}],"predecessor-version":[{"id":749,"href":"https:\/\/bruxelles-pantheres.be\/index.php?rest_route=\/wp\/v2\/posts\/747\/revisions\/749"}],"wp:featuredmedia":[{"embeddable":true,"href":"https:\/\/bruxelles-pantheres.be\/index.php?rest_route=\/wp\/v2\/media\/748"}],"wp:attachment":[{"href":"https:\/\/bruxelles-pantheres.be\/index.php?rest_route=%2Fwp%2Fv2%2Fmedia&parent=747"}],"wp:term":[{"taxonomy":"category","embeddable":true,"href":"https:\/\/bruxelles-pantheres.be\/index.php?rest_route=%2Fwp%2Fv2%2Fcategories&post=747"},{"taxonomy":"post_tag","embeddable":true,"href":"https:\/\/bruxelles-pantheres.be\/index.php?rest_route=%2Fwp%2Fv2%2Ftags&post=747"}],"curies":[{"name":"wp","href":"https:\/\/api.w.org\/{rel}","templated":true}]}}