{"id":75,"date":"2009-06-27T02:04:02","date_gmt":"2009-06-27T01:04:02","guid":{"rendered":"https:\/\/bruxelles-pantheres.be\/?p=75"},"modified":"2013-11-09T22:41:58","modified_gmt":"2013-11-09T21:41:58","slug":"ces-imposteurs-politiques-qui-se-pretendent-de-gauche","status":"publish","type":"post","link":"https:\/\/bruxelles-pantheres.be\/?p=75","title":{"rendered":"Ces imposteurs politiques qui se pr\u00e9tendent de gauche !"},"content":{"rendered":"<div><a href=\"http:\/\/www.egalite.be\/wp-content\/uploads\/2009\/07\/39841_436616182280_851452280_4542442_7656296_n.jpg\"><img decoding=\"async\" class=\"aligncenter\" title=\"39841_436616182280_851452280_4542442_7656296_n\" alt=\"\" src=\"http:\/\/www.egalite.be\/wp-content\/uploads\/2009\/07\/39841_436616182280_851452280_4542442_7656296_n-217x300.jpg\" width=\"217\" height=\"300\" \/><\/a><\/div>\n<p><strong>Le texte ci-dessous date de fin 2008 et est repris pour m\u00e9moire\u2026<\/strong><\/p>\n<p>Suite \u00e0 la guerre sans merci engag\u00e9e par le gouvernement isra\u00e9lien dans la Bande de Gaza (pour reprendre la terminologie du Ministre de la D\u00e9fense, Ehud Barak), comment ne pas revenir sur la d\u00e9cision prise il y a quelques jours seulement par le Conseil des 27 ministres europ\u00e9ens des Affaires \u00e9trang\u00e8res, ayant vot\u00e9 \u00e0 l\u2019unanimit\u00e9, un texte invitant au rehaussement des relations entre l\u2019UE et Isra\u00ebl, alors qu\u2019une semaine auparavant, le Parlement de l\u2019UE avait pr\u00e9conis\u00e9 le renvoi de la signature de ce texte en janvier, invitant Isra\u00ebl \u00e0 revoir s\u00e9rieusement sa politique d\u2019occupation des territoires palestiniens et son blocus meurtrier exerc\u00e9 sur la Bande de Gaza ? L\u2019\u00c9tat Major isra\u00e9lien a bien re\u00e7u le message et remercie \u00e0 sa fa\u00e7on, l\u2019ensemble de ce sinistre Conseil des ministres\u2026<!--more--><\/p>\n<p>Si je reviens sur cette lamentable d\u00e9cision, c\u2019est parce qu\u2019\u00e0 l\u2019examen de ce vote des ministres europ\u00e9ens se trouvent plusieurs hommes et femmes se r\u00e9clamant de gauche\u2026 Si la situation n\u2019\u00e9tait si dramatique, cette p\u00e9rip\u00e9tie pourrait faire sourire et serait \u00e0 verser \u00e0 la \u00e9ni\u00e8me contradiction \u2013 pour ne pas dire trahison \u2013 que l\u2019on peut observer chez ces virtuoses de la pirouette. Mais vu la gravit\u00e9 des faits, il convient de s\u2019arr\u00eater sur ce vote odieux, afin de le d\u00e9noncer haut et fort, et d\u2019en exiger l\u2019annulation. En lieu et place, il conviendrait de relayer l\u2019exhortation du journaliste isra\u00e9lien Michel Warschawski, fondateur de l\u2019AIC (Alternative Information Center de J\u00e9rusalem) lorsqu\u2019il pr\u00e9conise la suspension de l\u2019\u00c9tat d\u2019Isra\u00ebl de toutes les institutions internationales, tant que cet \u00c9tat perp\u00e9tuera ses crimes et sa politique d\u2019apartheid.<\/p>\n<p>Par ailleurs, comment peut-on se pr\u00e9tendre de gauche et soutenir le rapprochement avec un \u00c9tat dont la politique et le comportement s\u2019inscrivent r\u00e9solument \u00e0 droite, voire m\u00eame \u00e0 l\u2019extr\u00eame droite !? Comment peut-on se pr\u00e9tendre de gauche et encourager le rapprochement avec un \u00c9tat qui n\u2019a de cesse de violer le Droit humanitaire et international, se moquant des multiples R\u00e9solutions de l\u2019ONU depuis des d\u00e9cennies !? Comment peut-on se pr\u00e9tendre de gauche et voter pour un texte qui revalorisera les rapports de l\u2019UE avec un \u00c9tat r\u00e9solument hors-la-loi !? Comment peut-on se pr\u00e9tendre de gauche en favorisant le soutien \u00e0 un \u00c9tat qui affame des enfants, prive les malades de m\u00e9dicaments, emp\u00eache les femmes d\u2019accoucher dans des conditions correctes, assassine des civils collectivement depuis des ann\u00e9es, proc\u00e8de \u00e0 des liquidations extrajudiciaires, etc !? Cette m\u00eame pr\u00e9tendue gauche qui chez nous, participe aux rapatriements forc\u00e9s des sans-papiers ; \u00e0 la fermeture des fronti\u00e8res de l\u2019UE aux plus d\u00e9munis ; au maintien des familles d\u00e9chir\u00e9es en centres ferm\u00e9s ; au renforcement les lois s\u00e9curitaires ; \u00e0 la r\u00e9duction les allocations sociales ; \u00e0 la fragilisation des pr\u00e9caris\u00e9s ; \u00e0 l\u2019application des dictats de l\u2019OTAN ; \u00e0 l\u2019encouragement du lib\u00e9ralisme d\u00e9brid\u00e9 ; et j\u2019en passe, tant cette liste naus\u00e9abonde est longue\u2026 Cette pr\u00e9tendue gauche qui face \u00e0 la trag\u00e9die palestinienne se borne \u00e0 se montrer vivement pr\u00e9occup\u00e9e de temps \u00e0 autre, et pousse l\u2019hypocrisie au point d\u2019accepter le Parti Travailliste isra\u00e9lien (dont le chef de file est Ehud Barak himself) dans l\u2019internationale socialiste !<\/p>\n<p>Des personnalit\u00e9s n\u2019ayant plus rien \u00e0 prouver quant \u00e0 leur engagement pour l\u2019\u00e9mergence de plus de justice dans le monde, reconnues internationalement pour avoir pay\u00e9 de leur personne, honor\u00e9es pour plusieurs d\u2019entre elles de prix Nobel ou de prix Sakharov, telles Nelson Mandela, Mairead Mac Guire, Desmond Tutu, Jimmy Carter, Nurit Peled-Elhanan et de nombreuses autres comme derni\u00e8rement le Pr\u00e9sident de l\u2019Assembl\u00e9e g\u00e9n\u00e9rale de l\u2019ONU le p\u00e8re Miguel d\u2019Escoto Brockmann, ainsi que certaines institutions internationales (OMS, UNRWA, \u2026) et la plupart des ONG pr\u00e9sentes sur le terrain (MSF, Amnesty, FIDH, \u2026) y compris isra\u00e9liennes (AIC, ICAHD, Machsom Watch, Ta\u2019ayoush, B\u2019Tselem, \u2026) et combien de militants de diverses associations encore\u2026 de tous \u00e2ges, de tous horizons, de toutes confessions, de toutes nationalit\u00e9s, se sont lev\u00e9s pour condamner Isra\u00ebl et sa criminelle politique d\u2019occupation\u2026 Peu importe ! Cela ne semble pas avoir \u00e9gratign\u00e9 l\u2019esprit de nos ministres europ\u00e9ens se d\u00e9finissant de gauche, englu\u00e9s dans leurs mauvaises consciences, anim\u00e9s de sordides projets et atteints d\u2019un profond autisme qui n\u2019a d\u2019\u00e9gal que leur ego surdimensionn\u00e9. Ainsi, tant de droite que de gauche, tous ont vot\u00e9 \u00ab comme un seul homme \u00bb pour ramper et se plier \u00e0 la sournoise demande isra\u00e9lienne, press\u00e9s par le duo sioniste de choc Sarkozy-Kouchner avant la fin de la pr\u00e9sidence fran\u00e7aise de l\u2019UE.<\/p>\n<p>Comment donc les vrais citoyens de gauche peuvent-ils r\u00e9agir face \u00e0 tant de l\u00e2chet\u00e9 et de duplicit\u00e9 de la part de ceux qui n\u2019ont de cesse de les tromper !? Une telle attitude ne m\u00e9rite aucune circonstance att\u00e9nuante et j\u2019utiliserai ici un mot que d\u2019aucun reconna\u00eetront : j\u2019accuse !\u2026 J\u2019accuse les repr\u00e9sentants de ces partis de gauche d\u2019imposture ! J\u2019accuse les repr\u00e9sentants de ces partis de gauche de complicit\u00e9 avec un pouvoir colonial ! J\u2019accuse les repr\u00e9sentants de ces partis de gauche de collaboration avec la politique isra\u00e9lienne d\u2019apartheid ! J\u2019accuse les repr\u00e9sentants de ces partis de gauche de soutien \u00e0 la funeste id\u00e9ologie qu\u2019est le sionisme ! J\u2019accuse les repr\u00e9sentants de ces partis de gauche de non-assistance \u00e0 peuple en danger ! J\u2019accuse les repr\u00e9sentants de ces partis de gauche d\u2019\u00eatre coresponsables des crimes perp\u00e9tr\u00e9s aujourd\u2019hui \u00e0 Gaza ! Et en cons\u00e9quence, j\u2019invite tout citoyen \u00e0 tourner le dos \u00e0 ces partis, tra\u00eetres aux vraies valeurs de la gauche, et qui par leur attitude ont perdu toute l\u00e9gitimit\u00e9 \u00e0 repr\u00e9senter tous ceux qui se battent pour l\u2019\u00e9mergence d\u2019une vraie justice.<\/p>\n<p>Honte \u00e0 vous et votre parti qui vous tra\u00eenez de la sorte devant les exigences d\u2019un \u00c9tat dont certains de ses dirigeants risquent un jour d\u2019\u00eatre jug\u00e9s pour crimes de guerre et crimes contre l\u2019humanit\u00e9. Honte \u00e0 vous et votre parti qui n\u2019avez plus de gauche que l\u2019appellation usurp\u00e9e. Honte \u00e0 vous et votre parti qui nous mentez et nous trahissez par ce vote. Honte \u00e0 vous et votre parti qui ne repr\u00e9sentez plus que vous-m\u00eames. Honte \u00e0 vous et votre parti qui pi\u00e9tinez les principes les plus \u00e9l\u00e9mentaires d\u2019une justice digne de ce nom. Honte \u00e0 vous et votre parti qui au lieu de faire avancer l\u2019Europe la faites reculer. Honte \u00e0 vous et votre parti qui bafouez les acquis fragiles d\u2019une d\u00e9mocratie dont vous n\u2019\u00eates pas dignes. Honte pour tant de reniements. Honte pour tant de violations des Droits humains. Honte pour tant d\u2019injustices. Honte pour tant de retournements de veste. Honte pour une telle parjure !<\/p>\n<p>Par de tels comportements, il me reste \u00e0 vous souhaiter vous r\u00e9coltiez ce que vous avez sem\u00e9 : une d\u00e9sertion massive de militants habitu\u00e9s \u00e0 voter pour vous, au profit d\u2019une nouvelle gauche en train d\u2019\u00e9merger, et que vous pourrez bien qualifier \u00ab d\u2019extr\u00eame \u00bb mais qui, en d\u00e9finitive, est la seule digne de ce nom,\u2026 avec pour malheureux corollaire, le retour d\u2019une droite dure, comme on peut d\u00e9j\u00e0 s\u2019en rendre compte en Europe depuis un certain temps. Depuis que durent vos compromissions.<\/p>\n<p>Pour tant de mensonges, d\u2019hypocrisies et de tromperies vis-\u00e0-vis des citoyens, je ne peux vous adresser qu\u2019un dernier commentaire : disparaissez du paysage politique !<\/p>\n<p>Daniel Vanhove \u2013 30.12.08<br \/>\nObservateur civil<br \/>\nMembre du Mouvement Citoyen Palestine<br \/>\nAuteur de Si vous d\u00e9truisez nos maisons, vous ne d\u00e9truirez pas nos \u00e2mes \u2013 2004<br \/>\net de La D\u00e9mocratie Mensonge \u2013 2008 \u2013 parus aux Ed. M. Pietteur \u2013 coll. Oser Dire<\/p>\n","protected":false},"excerpt":{"rendered":"<p>Le texte ci-dessous date de fin 2008 et est repris pour m\u00e9moire\u2026 Suite \u00e0 la guerre sans merci engag\u00e9e par le gouvernement isra\u00e9lien dans la Bande de Gaza (pour reprendre la terminologie du Ministre de la D\u00e9fense, Ehud Barak), comment ne pas revenir sur la d\u00e9cision prise il y a quelques jours seulement par le &#8230; <a title=\"Ces imposteurs politiques qui se pr\u00e9tendent de gauche !\" class=\"read-more\" href=\"https:\/\/bruxelles-pantheres.be\/?p=75\" aria-label=\"En savoir plus sur Ces imposteurs politiques qui se pr\u00e9tendent de gauche !\">Lire la suite<\/a><\/p>\n","protected":false},"author":1,"featured_media":31,"comment_status":"open","ping_status":"open","sticky":false,"template":"","format":"standard","meta":{"footnotes":""},"categories":[6,18],"tags":[],"class_list":["post-75","post","type-post","status-publish","format-standard","has-post-thumbnail","hentry","category-palestine-moyen-orient","category-resistance-bruxelles"],"_links":{"self":[{"href":"https:\/\/bruxelles-pantheres.be\/index.php?rest_route=\/wp\/v2\/posts\/75","targetHints":{"allow":["GET"]}}],"collection":[{"href":"https:\/\/bruxelles-pantheres.be\/index.php?rest_route=\/wp\/v2\/posts"}],"about":[{"href":"https:\/\/bruxelles-pantheres.be\/index.php?rest_route=\/wp\/v2\/types\/post"}],"author":[{"embeddable":true,"href":"https:\/\/bruxelles-pantheres.be\/index.php?rest_route=\/wp\/v2\/users\/1"}],"replies":[{"embeddable":true,"href":"https:\/\/bruxelles-pantheres.be\/index.php?rest_route=%2Fwp%2Fv2%2Fcomments&post=75"}],"version-history":[{"count":2,"href":"https:\/\/bruxelles-pantheres.be\/index.php?rest_route=\/wp\/v2\/posts\/75\/revisions"}],"predecessor-version":[{"id":141,"href":"https:\/\/bruxelles-pantheres.be\/index.php?rest_route=\/wp\/v2\/posts\/75\/revisions\/141"}],"wp:featuredmedia":[{"embeddable":true,"href":"https:\/\/bruxelles-pantheres.be\/index.php?rest_route=\/wp\/v2\/media\/31"}],"wp:attachment":[{"href":"https:\/\/bruxelles-pantheres.be\/index.php?rest_route=%2Fwp%2Fv2%2Fmedia&parent=75"}],"wp:term":[{"taxonomy":"category","embeddable":true,"href":"https:\/\/bruxelles-pantheres.be\/index.php?rest_route=%2Fwp%2Fv2%2Fcategories&post=75"},{"taxonomy":"post_tag","embeddable":true,"href":"https:\/\/bruxelles-pantheres.be\/index.php?rest_route=%2Fwp%2Fv2%2Ftags&post=75"}],"curies":[{"name":"wp","href":"https:\/\/api.w.org\/{rel}","templated":true}]}}