{"id":750,"date":"2012-10-24T17:01:08","date_gmt":"2012-10-24T16:01:08","guid":{"rendered":"https:\/\/bruxelles-pantheres.be\/?p=750"},"modified":"2013-11-11T17:03:39","modified_gmt":"2013-11-11T16:03:39","slug":"lettre-de-aime-cesaire-a-maurice-thorez","status":"publish","type":"post","link":"https:\/\/bruxelles-pantheres.be\/?p=750","title":{"rendered":"Lettre de Aim\u00e9 C\u00e9saire \u00e0 Maurice Thorez"},"content":{"rendered":"<div>\n<address><strong>Lettre publique \u00e9crite par Aim\u00e9 C\u00e9saire \u00e0 Maurice Thorez afin de lui expliquer les raisons de sa d\u00e9mission du PCF (1956).<\/strong><\/address>\n<p align=\"RIGHT\"><img decoding=\"async\" alt=\"http:\/\/t0.gstatic.com\/images?q=tbn:ANd9GcTkN4resT9_0UVCMP7cZ6gB26hsEcJV_cD5UC1GFfPcVZM4Y6oj82Q8cy7k\" src=\"http:\/\/t0.gstatic.com\/images?q=tbn:ANd9GcTkN4resT9_0UVCMP7cZ6gB26hsEcJV_cD5UC1GFfPcVZM4Y6oj82Q8cy7k\" \/><\/p>\n<p align=\"RIGHT\">Aim\u00e9 C\u00e9saire, D\u00e9put\u00e9 de la Martinique,<\/p>\n<p align=\"RIGHT\">\u00e0 Maurice Thorez, Secr\u00e9taire G\u00e9n\u00e9ral du Parti Communiste Fran\u00e7ais.<\/p>\n<p align=\"JUSTIFY\">Maurice Thorez,<\/p>\n<p align=\"JUSTIFY\">Il me serait facile d\u2019articuler tant \u00e0 l\u2019\u00e9gard du Parti Communiste Fran\u00e7ais qu\u2019\u00e0 l\u2019\u00e9gard du Communisme International tel qu\u2019il est patronn\u00e9 par l\u2019Union Sovi\u00e9tique, une longue liste de griefs ou de d\u00e9saccords.<!--more--><\/p>\n<p align=\"JUSTIFY\">La moisson a \u00e9t\u00e9 particuli\u00e8rement riche ces derniers temps et les r\u00e9v\u00e9lations de Khrouchtchev sur Staline sont telles qu\u2019elles ont plong\u00e9, ou du moins, je l\u2019esp\u00e8re, tous ceux qui ont, \u00e0 quelque degr\u00e9 que ce soit, particip\u00e9 \u00e0 l\u2019action communiste dans un ab\u00eeme de stupeur, de douleur et de honte.<\/p>\n<p align=\"JUSTIFY\">Oui, ces morts, ces tortur\u00e9s, ces supplici\u00e9s, ni les r\u00e9habilitations posthumes, ni les fun\u00e9railles nationales, ni les discours officiels ne pr\u00e9vaudront contre eux. Ils ne sont pas de ceux dont on conjure le spectre par quelque phrase m\u00e9canique.<\/p>\n<p align=\"JUSTIFY\">D\u00e9sormais leur visage appara\u00eet en filigrane dans la p\u00e2te m\u00eame du syst\u00e8me, comme l\u2019obsession de notre \u00e9chec et de notre humiliation.<\/p>\n<p align=\"JUSTIFY\">Et bien entendu, ce n\u2019est pas l\u2019attitude du Parti Communiste Fran\u00e7ais, telle qu\u2019elle a \u00e9t\u00e9 d\u00e9finie en son XIVe Congr\u00e8s, attitude qui semble avant tout avoir \u00e9t\u00e9 dict\u00e9e par le d\u00e9risoire souci des dirigeants de ne pas perdre la face, qui aura permis de dissiper le malaise et obtenu que cesse de s\u2019ulc\u00e9rer et de saigner au plus vif de nos consciences une blessure.<\/p>\n<p align=\"JUSTIFY\">Les faits sont l\u00e0, massifs.<\/p>\n<p align=\"JUSTIFY\">Je cite p\u00eale-m\u00eale\u00a0: les pr\u00e9cisions donn\u00e9es par Khrouchtchev sur les m\u00e9thodes de Staline\u00a0; la vraie nature des rapports entre le pouvoir de l\u2019Etat et la classe ouvri\u00e8re dans trop de d\u00e9mocraties populaires, rapports qui nous font croire \u00e0 l\u2019existence dans ces pays d\u2019un <strong>v\u00e9ritable capitalisme d\u2019Etat exploitant la classe ouvri\u00e8re de mani\u00e8re pas tr\u00e8s diff\u00e9rente de la mani\u00e8re dont on en use avec la classe ouvri\u00e8re dans les pays capitalistes<\/strong>\u00a0; la conception g\u00e9n\u00e9ralement admise dans les partis communistes de type stalinien des relations entre \u00e9tats et partis fr\u00e8res, t\u00e9moin le tombereau d\u2019injures d\u00e9vers\u00e9es pendant cinq ans sur la Yougoslavie coupable d\u2019avoir affirm\u00e9 sa volont\u00e9 d\u2019ind\u00e9pendance\u00a0; le manque de signes positifs indiquant la volont\u00e9 du Parti Communiste Russe et de l\u2019Etat sovi\u00e9tique d\u2019accorder leur ind\u00e9pendance aux autres partis communistes et aux autres \u00e9tats socialistes\u00a0; ou alors le manque de h\u00e2te des partis non russes et singuli\u00e8rement du Parti Communiste Fran\u00e7ais \u00e0 s\u2019emparer de cette offre et \u00e0 affirmer leur ind\u00e9pendance \u00e0 l\u2019\u00e9gard de la Russie\u00a0; tout cela nous autorise \u00e0 dire que \u2013\u00a0exception faite pour la Yougoslavie\u00a0\u2013\u00a0dans de nombreux pays d\u2019Europe, et au nom du Socialisme, des bureaucraties coup\u00e9es du peuple, des bureaucraties usurpatrices et dont il est maintenant prouv\u00e9 qu\u2019il n\u2019y a rien \u00e0 attendre, ont r\u00e9ussi la piteuse merveille de transformer en cauchemar ce que l\u2019humanit\u00e9 a pendant longtemps caress\u00e9 comme un r\u00eave\u00a0: le Socialisme.<\/p>\n<p align=\"JUSTIFY\">Quant au Parti Communiste Fran\u00e7ais, on n\u2019a pas pu ne pas \u00eatre frapp\u00e9 par sa r\u00e9pugnance \u00e0 s\u2019engager dans les voies de la d\u00e9stalinisation\u00a0; sa mauvaise volont\u00e9 \u00e0 condamner Staline et les m\u00e9thodes qui l\u2019ont conduit au crime\u00a0; son inalt\u00e9rable satisfaction de soi\u00a0; son refus de renoncer pour sa part et en ce qui le concerne aux m\u00e9thodes antid\u00e9mocratiques ch\u00e8res \u00e0 Staline\u00a0; bref par tout cela qui nous autorise \u00e0 parler d\u2019un stalinisme fran\u00e7ais qui a la vie plus dure que Staline lui,m\u00eame et qui, on peut le conjecturer, aurait produit en France les m\u00eames catastrophiques effets qu\u2019en Russie, si le hasard avait permis qu\u2019en France il s\u2019install\u00e2t au pouvoir.<\/p>\n<p align=\"JUSTIFY\">Ici comment taire notre d\u00e9ception\u00a0?<\/p>\n<p align=\"JUSTIFY\">Il est tr\u00e8s vrai de dire qu\u2019au lendemain du rapport Khrouchtchev nous avons tressailli d\u2019esp\u00e9rance.<\/p>\n<p align=\"JUSTIFY\">On attendait du Parti Communiste Fran\u00e7ais une autocritique probe\u00a0; une d\u00e9solidarisation d\u2019avec le crime qui le disculp\u00e2t\u00a0; pas un reniement, mais un nouveau et solennel d\u00e9part\u00a0; quelque chose comme le Parti Communiste fond\u00e9 une seconde fois\u2026 Au lieu qu\u2019au Havre, nous n\u2019avons vu qu\u2019ent\u00eatement dans l\u2019erreur\u00a0; pers\u00e9v\u00e9rance dans le mensonge\u00a0; absurde pr\u00e9tention de ne s\u2019\u00eatre jamais tromp\u00e9\u00a0; bref chez des pontifes plus que jamais pontifiant, une incapacit\u00e9 s\u00e9nile \u00e0 se d\u00e9prendre de soi m\u00eame pour se hausser au niveau de l\u2019\u00e9v\u00e9nement et toutes les ruses pu\u00e9riles d\u2019un orgueil sacerdotal aux abois.<\/p>\n<p align=\"JUSTIFY\">Quoi\u00a0! Tous les partis communistes bougent. Italie. Pologne. Hongrie. Chine. Et le parti fran\u00e7ais, au milieu du tourbillon g\u00e9n\u00e9ral, se contemple lui, m\u00eame et se dit satisfait. Jamais je n\u2019ai eu autant conscience d\u2019un tel retard historique affligeant un grand peuple\u2026<\/p>\n<p align=\"JUSTIFY\">Mais, quelque grave que soit ce grief \u2013\u00a0et \u00e0 lui seul tr\u00e8s suffisant car faillite d\u2019un id\u00e9al et illustration path\u00e9tique de l\u2019\u00e9chec de toute une g\u00e9n\u00e9ration \u2013 je veux ajouter un certain nombre de consid\u00e9rations se rapportant \u00e0 ma qualit\u00e9 d\u2019homme de couleur.<\/p>\n<p align=\"JUSTIFY\">Disons d\u2019un mot\u00a0: qu<strong>\u2019\u00e0 la lumi\u00e8re des \u00e9v\u00e9nements (et r\u00e9flexion faite sur les pratiques honteuses de l\u2019antis\u00e9mitisme qui ont eu cours et continuent encore semble-t-il \u00e0 avoir cours dans des pays qui se r\u00e9clament du socialisme), j\u2019ai acquis la conviction que nos voies et celles du communisme tel qu\u2019il est mis en pratique, ne se confondent pas purement et simplement\u00a0; qu\u2019elles ne peuvent pas se confondre purement et simplement.<\/strong><\/p>\n<p align=\"JUSTIFY\">Un fait \u00e0 mes yeux capital est celui-ci\u00a0: que nous, hommes de couleur, en ce moment pr\u00e9cis de l\u2019\u00e9volution historique, avons, dans notre conscience, pris possession de tout le champ de notre singularit\u00e9 et que<strong> nous sommes pr\u00eats \u00e0 assumer sur tous les plans et dans tous les domaines les responsabilit\u00e9s qui d\u00e9coulent de cette prise de conscience<\/strong>.<\/p>\n<p align=\"JUSTIFY\">Singularit\u00e9 de notre \u00ab\u00a0situation dans le monde\u00a0\u00bb qui ne se confond avec nulle autre.<\/p>\n<p align=\"JUSTIFY\">Singularit\u00e9 de nos probl\u00e8mes qui ne se ram\u00e8nent \u00e0 nul autre probl\u00e8me.<\/p>\n<p align=\"JUSTIFY\">Singularit\u00e9 de notre histoire coup\u00e9e de terribles avatars qui n\u2019appartiennent qu\u2019\u00e0 elle.<\/p>\n<p align=\"JUSTIFY\">Singularit\u00e9 de notre culture que nous voulons vivre de mani\u00e8re de plus en plus r\u00e9elle.<\/p>\n<p align=\"JUSTIFY\">Qu\u2019en r\u00e9sulte-t-il, sinon que nos voies vers l\u2019avenir, je dis toutes nos voies, la voie politique comme la voie culturelle, ne sont pas toutes faites\u00a0; qu\u2019elles sont \u00e0 d\u00e9couvrir, et que les soins de cette d\u00e9couverte ne regardent que nous\u00a0? C\u2019est assez dire que nous sommes convaincus que nos questions, ou si l\u2019on veut<strong> la question coloniale, ne peut pas \u00eatre trait\u00e9e comme une partie d\u2019un ensemble plus important, une partie sur laquelle d\u2019autres pourront transiger ou passer tel compromis qu\u2019il leur semblera juste de passer eu \u00e9gard \u00e0 une situation g\u00e9n\u00e9rale qu\u2019ils auront seuls \u00e0 appr\u00e9cier<\/strong>.<\/p>\n<p align=\"JUSTIFY\">Ici il est clair que je fais allusion au vote du Parti Communiste Fran\u00e7ais sur l\u2019Alg\u00e9rie, vote par lequel le parti accordait au gouvernement Guy Mollet Lacoste les pleins pouvoirs pour sa politique en Afrique du Nord \u2013\u00a0\u00e9ventualit\u00e9 dont nous n\u2019avons aucune garantie qu\u2019elle ne puisse se renouveler. En tout cas, il est constant que <strong>notre lutte, la lutte des peuples coloniaux contre le colonialisme, la lutte des peuples de couleur contre le racisme est beaucoup plus complexe \u2013\u00a0que dis-je, d\u2019une tout autre nature que la lutte de l\u2019ouvrier fran\u00e7ais contre le capitalisme fran\u00e7ais et ne saurait en aucune mani\u00e8re, \u00eatre consid\u00e9r\u00e9e comme une partie, un fragment de cette lutte<\/strong>.<\/p>\n<p align=\"JUSTIFY\">Je me suis souvent pos\u00e9 la question de savoir si dans des soci\u00e9t\u00e9s comme les n\u00f4tres, rurales comme elles sont, les soci\u00e9t\u00e9s de paysannerie, o\u00f9 la classe ouvri\u00e8re est infime et o\u00f9 par contre, les classes moyennes ont une importance politique sans rapport avec leur importance num\u00e9rique r\u00e9elle, les conditions politiques et sociales permettaient dans le contexte actuel, une action efficace d\u2019organisations communistes agissant isol\u00e9ment (\u00e0 plus forte raison d\u2019organisations communistes f\u00e9d\u00e9r\u00e9es ou inf\u00e9od\u00e9es au parti communiste de la m\u00e9tropole) et si, au lieu de rejeter \u00e0 priori et au nom d\u2019une id\u00e9ologie exclusive, des hommes pourtant honn\u00eates et fonci\u00e8rement anticolonialistes, il n\u2019y avait pas plut\u00f4t lieu de rechercher une forme d\u2019organisation aussi large et souple que possible, une forme d\u2019organisation susceptible de donner \u00e9lan au plus grand nombre, plut\u00f4t qu\u2019\u00e0 caporaliser un petit nombre. <strong>Une forme d\u2019organisation o\u00f9 les marxistes seraient non pas noy\u00e9s, mais o\u00f9 ils joueraient leur r\u00f4le de levain, d\u2019inspirateur, d\u2019orienteur et non celui qu\u2019\u00e0 pr\u00e9sent ils jouent objectivement, de diviseurs des forces populaires<\/strong>.<\/p>\n<p align=\"JUSTIFY\">L\u2019impasse o\u00f9 nous sommes aujourd\u2019hui aux Antilles, malgr\u00e9 nos succ\u00e8s \u00e9lectoraux, me para\u00eet trancher la question\u00a0: j\u2019opte pour le plus large contre le plus \u00e9troit\u00a0; pour le mouvement qui nous met au coude \u00e0 coude avec les autres et contre celui qui nous laisse entre nous\u00a0; pour celui qui rassemble les \u00e9nergies contre celui qui les divise en chapelles, en sectes, en \u00e9glises\u00a0; pour celui qui lib\u00e8re l\u2019\u00e9nergie cr\u00e9atrice des masses contre celui qui la canalise et finalement la st\u00e9rilise.<\/p>\n<p align=\"JUSTIFY\">En Europe, l\u2019unit\u00e9 des forces de gauche est \u00e0 l\u2019ordre du jour\u00a0; les morceaux disjoints du mouvement progressiste tendent \u00e0 se ressouder, et nul doute que ce mouvement d\u2019unit\u00e9 deviendrait irr\u00e9sistible si du c\u00f4t\u00e9 des partis communistes staliniens, on se d\u00e9cidait \u00e0 jeter par dessus bord tout l\u2019impedimenta des pr\u00e9jug\u00e9s, des habitudes et des m\u00e9thodes h\u00e9rit\u00e9s de Staline.<\/p>\n<p align=\"JUSTIFY\">Nul doute que dans ce cas, toute raison, mieux, tout pr\u00e9texte de bouder l\u2019unit\u00e9 serait enlev\u00e9 \u00e0 ceux qui dans les autres partis de gauche ne veulent pas de l\u2019unit\u00e9, et que de ce fait les adversaires de l\u2019unit\u00e9 se trouveraient isol\u00e9s et r\u00e9duits \u00e0 l\u2019impuissance.<\/p>\n<p align=\"JUSTIFY\">Et alors, comment dans notre pays, o\u00f9 le plus souvent, la division est artificielle, venue du dehors, branch\u00e9e qu\u2019elle est sur les divisions europ\u00e9ennes abusivement transplant\u00e9es dans nos politiques locales, comment ne serions-nous pas d\u00e9cid\u00e9s \u00e0 sacrifier tout, je dis tout le secondaire, pour retrouver l\u2019essentiel\u00a0; cette unit\u00e9 avec des fr\u00e8res, avec des camarades qui est le rempart de notre force et le gage de notre confiance en l\u2019avenir.<\/p>\n<p align=\"JUSTIFY\">D\u2019ailleurs, ici, c\u2019est la vie elle-m\u00eame qui tranche. Voyez donc le grand souffle d\u2019unit\u00e9 qui passe sur tous les pays noirs\u00a0! Voyez comme, \u00e7\u00e0 et l\u00e0, se remaille le tissu rompu\u00a0! <strong>C\u2019est que l\u2019exp\u00e9rience, une exp\u00e9rience durement acquise, nous a enseign\u00e9 qu\u2019il n\u2019y a \u00e0 notre disposition qu\u2019une arme, une seule efficace, une seule non \u00e9br\u00e9ch\u00e9e\u00a0: l\u2019arme de l\u2019unit\u00e9, l\u2019arme du rassemblement anticolonialiste de toutes les volont\u00e9s, et que le temps de notre dispersion au gr\u00e9 du clivage des partis m\u00e9tropolitains est aussi le temps de notre faiblesse et de nos d\u00e9faites<\/strong>.<\/p>\n<p align=\"JUSTIFY\">Pour ma part, je crois que les peuples noirs sont riches d\u2019\u00e9nergie, de passion qu\u2019il ne leur manque ni vigueur, ni imagination mais que ces forces ne peuvent que s\u2019\u00e9tioler dans des organisations qui ne leur sont pas propres, faites pour eux, faites par eux et adapt\u00e9es \u00e0 des fins qu\u2019eux seuls peuvent d\u00e9terminer.<\/p>\n<p align=\"JUSTIFY\"><a name=\"nh1\"><\/a><strong>Paternalisme et fraternalisme<\/strong>\u00a0[<a href=\"http:\/\/lmsi.net\/Lettre-a-Maurice-Thorez#nb1\">1<\/a>]<\/p>\n<p align=\"JUSTIFY\">Ce n\u2019est pas volont\u00e9 de se battre seul et d\u00e9dain de toute alliance. C\u2019est volont\u00e9 de <strong>ne pas confondre alliance et subordination<\/strong>. Solidarit\u00e9 et d\u00e9mission. Or c\u2019est l\u00e0 tr\u00e8s exactement de quoi nous menacent quelques uns des d\u00e9fauts tr\u00e8s apparents que nous constatons chez les membres du Parti Communiste Fran\u00e7ais\u00a0: <strong>leur assimilationisme inv\u00e9t\u00e9r\u00e9\u00a0; leur chauvinisme inconscient\u00a0; leur conviction passablement primaire \u2013 qu\u2019ils partagent avec les bourgeois europ\u00e9ens \u2013 de la sup\u00e9riorit\u00e9 omnilat\u00e9rale de l\u2019Occident<\/strong>\u00a0; leur croyance que l\u2019\u00e9volution telle qu\u2019elle s\u2019est op\u00e9r\u00e9e en Europe est la seule possible\u00a0; la seule d\u00e9sirable\u00a0; qu\u2019elle est celle par laquelle le monde entier devra passer\u00a0; pour tout dire, leur croyance rarement avou\u00e9e, mais r\u00e9elle, \u00e0 la civilisation avec un grand C\u00a0; au progr\u00e8s avec un grand P (t\u00e9moin leur hostilit\u00e9 \u00e0 ce qu\u2019ils appellent avec d\u00e9dain le \u00ab\u00a0relativisme culturel\u00a0\u00bb, tous d\u00e9fauts qui bien entendu culminent dans la gent litt\u00e9raire qui \u00e0 propos de tout et de rien dogmatise au nom du parti).<\/p>\n<p align=\"JUSTIFY\">Il faut dire en passant que les communistes fran\u00e7ais ont \u00e9t\u00e9 \u00e0 bonne \u00e9cole. Celle de Staline. Et <strong>Staline est bel et bien celui qui a r\u00e9 introduit dans la pens\u00e9e socialiste, la notion de peuples \u00ab\u00a0avanc\u00e9s\u00a0\u00bb et de peuples \u00ab\u00a0attard\u00e9s\u00a0\u00bb.<\/strong> Et s\u2019il parle du devoir du peuple avanc\u00e9 (en l\u2019esp\u00e8ce les Grands Russes) d\u2019aider les peuples arri\u00e9r\u00e9s \u00e0 rattraper leur retard, je ne sache pas que le paternalisme colonialiste proclame une autre pr\u00e9tention.<\/p>\n<p align=\"JUSTIFY\">Dans le cas de Staline et de ses sectateurs, ce n\u2019est peut-\u00eatre pas de paternalisme qu\u2019il s\u2019agit. Mais c\u2019est \u00e0 coup s\u00fbr de quelque chose qui lui ressemble \u00e0 s\u2019y m\u00e9prendre.<\/p>\n<p align=\"JUSTIFY\">Inventons le mot\u00a0: c\u2019est du \u00ab\u00a0fraternalisme\u00a0\u00bb.<\/p>\n<p align=\"JUSTIFY\"><strong>Car il s\u2019agit bel et bien d\u2019un fr\u00e8re, d\u2019un grand fr\u00e8re qui, imbu de sa sup\u00e9riorit\u00e9 et s\u00fbr de son exp\u00e9rience, vous prend la main (d\u2019une main h\u00e9las\u00a0! parfois rude) pour vous conduire sur la route o\u00f9 il sait se trouver la Raison et le Progr\u00e8s.<\/strong><\/p>\n<p align=\"JUSTIFY\">Or c\u2019est tr\u00e8s exactement ce dont nous ne voulons pas. Ce dont nous ne voulons plus.<\/p>\n<p align=\"JUSTIFY\">Nous voulons que nos soci\u00e9t\u00e9s s\u2019\u00e9l\u00e8vent \u00e0 un degr\u00e9 sup\u00e9rieur de d\u00e9veloppement, mais d\u2019 elles-m\u00eames, par croissance interne, par n\u00e9cessit\u00e9 int\u00e9rieure, par progr\u00e8s organique, sans que rien d\u2019ext\u00e9rieur vienne gauchir cette croissance, ou l\u2019alt\u00e9rer ou la compromettre.<\/p>\n<p align=\"JUSTIFY\">Dans ces conditions on comprend que nous ne puissions donner \u00e0 personne d\u00e9l\u00e9gation pour penser pour nous\u00a0; d\u00e9l\u00e9gation pour chercher pour nous\u00a0; que nous ne puissions d\u00e9sormais accepter que qui que ce soit, f\u00fbt-ce le meilleur de nos amis, se porte fort pour nous. Si le but de toute politique progressiste est de rendre un jour leur libert\u00e9 aux peuples colonis\u00e9s, au moins faut-il que l\u2019action quotidienne des partis progressistes n\u2019entre pas en contradiction avec la fin recherch\u00e9e et ne d\u00e9truise pas tous les jours les bases m\u00eames, les bases organisationnelles comme les bases psychologiques de cette future libert\u00e9, lesquelles se ram\u00e8nent \u00e0 un seul postulat\u00a0: le droit \u00e0 l\u2019initiative.<\/p>\n<p align=\"JUSTIFY\">Je crois en avoir assez dit pour faire comprendre que <strong>ce n\u2019est ni le marxisme ni le communisme que je renie, que c\u2019est l\u2019usage que certains ont fait du marxisme et du communisme que je r\u00e9prouve<\/strong>. Que <strong>ce que je veux, c\u2019est que marxisme et communisme soient mis au service des peuples noirs, et non les peuples noirs au service du marxisme et du communisme<\/strong>. Que la doctrine et le mouvement soient faits pour les hommes, non les hommes pour la doctrine ou pour le mouvement. Et bien entendu cela n\u2019est pas valable pour les seuls communistes. Et si j\u2019\u00e9tais chr\u00e9tien ou musulman, je dirais la m\u00eame chose. <strong>Qu\u2019aucune doctrine ne vaut que repens\u00e9e par nous, que repens\u00e9e pour nous, que convertie \u00e0 nous<\/strong>. Cela a l\u2019air d\u2019aller de soi. Et pourtant dans les faits cela ne va pas de soi.<\/p>\n<p align=\"JUSTIFY\">Et c\u2019est ici une v\u00e9ritable r\u00e9volution copernicienne qu\u2019il faut imposer, tant est enracin\u00e9e en Europe, et dans tous les partis, et dans tous les domaines, de l\u2019extr\u00eame droite \u00e0 l\u2019extr\u00eame gauche, l\u2019habitude de faire pour nous, l\u2019habitude de disposer pour nous, l\u2019habitude de penser pour nous, bref l\u2019habitude de nous contester ce droit \u00e0 l\u2019initiative dont je parlais tout \u00e0 l\u2019heure et qui est, en d\u00e9finitive, le droit \u00e0 la personnalit\u00e9.<\/p>\n<p align=\"JUSTIFY\">C\u2019est sans doute l\u00e0 l\u2019essentiel de l\u2019affaire.<\/p>\n<p align=\"JUSTIFY\">Il existe un communisme chinois. Sans tr\u00e8s bien le conna\u00eetre, j\u2019ai \u00e0 son \u00e9gard un pr\u00e9jug\u00e9 des plus favorables. Et j\u2019attends de lui qu\u2019il ne verse pas dans les monstrueuses erreurs qui ont d\u00e9figur\u00e9 le communisme europ\u00e9en. Mais il m\u2019int\u00e9resserait aussi et plus encore, de voir \u00e9clore et s\u2019\u00e9panouir la vari\u00e9t\u00e9 africaine du communisme. Il nous proposerait sans doute des variantes utiles, pr\u00e9cieuses, originales et nos vieilles sagesses nuanceraient, j\u2019en suis s\u00fbr, ou compl\u00e9teraient bien des points de la doctrine.<\/p>\n<p align=\"JUSTIFY\">Mais je dis qu\u2019il n\u2019y aura jamais de variante africaine, ou malgache, ou antillaise du communisme, parce que le communisme fran\u00e7ais trouve plus commode de nous imposer la sienne. Qu\u2019il n\u2019y aura jamais de communisme africain, malgache ou antillais, parce que le Parti Communiste Fran\u00e7ais pense ses devoirs envers les peuples coloniaux en termes de magist\u00e8re \u00e0 exercer, et que l\u2019anticolonialisme m\u00eame des communistes fran\u00e7ais porte encore les stigmates de ce colonialisme qu\u2019il combat. Ou encore, ce qui revient au m\u00eame, qu\u2019il n\u2019y aura pas de communisme propre \u00e0 chacun des pays coloniaux qui d\u00e9pendent de la France, tant que les bureaux de la rue Saint- Georges, les bureaux de la section coloniale du Parti Communiste Fran\u00e7ais, ce parfait pendant du Minist\u00e8re de la rue Oudinot, persisteront \u00e0 penser \u00e0 nos pays comme \u00e0 terres de missions ou pays sous mandat. Pour revenir \u00e0 notre propos, l\u2019\u00e9poque que nous vivons est sous le signe d\u2019un double \u00e9chec\u00a0: l\u2019un \u00e9vident, depuis longtemps, celui du capitalisme. Mais aussi l\u2019autre, celui, effroyable, de ce que pendant trop longtemps nous avons pris pour du socialisme ce qui n\u2019\u00e9tait que du stalinisme. Le r\u00e9sultat est qu\u2019\u00e0 l\u2019heure actuelle le monde est dans l\u2019impasse.<\/p>\n<p align=\"JUSTIFY\">Cela ne peut signifier qu\u2019une chose\u00a0: non pas qu\u2019il n\u2019y a pas de route pour en sortir, mais que <strong>l\u2019heure est venue d\u2019abandonner toutes les vieilles routes. Celles qui ont men\u00e9 \u00e0 l\u2019imposture, \u00e0 la tyrannie, au crime.<\/strong><\/p>\n<p align=\"JUSTIFY\">C\u2019est assez dire que pour notre part, nous ne voulons plus nous contenter d\u2019assister \u00e0 la politique des autres. Au pi\u00e9tinement des autres. Aux combinaisons des autres. Aux rafistolages de consciences ou a la casuistique des autres.<\/p>\n<p align=\"JUSTIFY\">L\u2019heure de nous m\u00eames a sonn\u00e9.<\/p>\n<p align=\"JUSTIFY\">Et ce que je viens de dire des n\u00e8gres n\u2019est pas valable que pour les n\u00e8gres. Oui tout peut encore \u00eatre sauv\u00e9, tout, m\u00eame le pseudo socialisme install\u00e9 \u00e7\u00e0 et l\u00e0 en Europe par Staline, \u00e0 condition que l\u2019initiative soit rendue aux peuples qui jusqu\u2019ici n\u2019ont fait que la subir\u00a0; \u00e0 condition que le pouvoir descende et s\u2019enracine dans le peuple, et je ne cache pas que la fermentation qui se produit \u00e0 l\u2019heure actuelle en Pologne, par exemple, me remplit de joie et d\u2019espoir.<\/p>\n<p align=\"JUSTIFY\">Ici que l\u2019on me permette de penser plus particuli\u00e8rement \u00e0 mon malheureux pays\u00a0: la Martinique.<\/p>\n<p align=\"JUSTIFY\">J\u2019y pense pour constater que le Parti Communiste Fran\u00e7ais est dans l\u2019incapacit\u00e9 absolue de lui offrir une quelconque perspective qui soit autre chose qu\u2019utopique\u00a0; que le Parti Communiste Fran\u00e7ais ne s\u2019est jamais souci\u00e9 de lui en offrir\u00a0; qu\u2019il n\u2019a jamais pens\u00e9 \u00e0 nous qu\u2019en fonction d\u2019une strat\u00e9gie mondiale au demeurant d\u00e9routante.<\/p>\n<p align=\"JUSTIFY\">J\u2019y pense pour constater que <strong>le communisme a achev\u00e9 de lui passer autour du cou le noeud coulant de l\u2019assimilation\u00a0<\/strong>; que le communisme a achev\u00e9 de l\u2019isoler dans le bassin cara\u00efbe\u00a0; qu\u2019il a achev\u00e9 de le plonger dans une mani\u00e8re de ghetto insulaire\u00a0; qu\u2019il a achev\u00e9 de le couper des autres pays antillais dont l\u2019exp\u00e9rience pourrait lui \u00eatre \u00e0 la fois instructive et fructueuse (car ils ont les m\u00eames probl\u00e8mes que nous et leur \u00e9volution d\u00e9mocratique est imp\u00e9tueuse)\u00a0: que le communisme enfin, a achev\u00e9 de nous couper de l\u2019Afrique Noire dont l\u2019\u00e9volution se dessine d\u00e9sormais \u00e0 contre-sens de la n\u00f4tre. Et pourtant cette Afrique Noire, la m\u00e8re de notre culture et de notre civilisation antillaise, c\u2019est d\u2019elle que j\u2019attends la r\u00e9g\u00e9n\u00e9ration des Antilles, pas de l\u2019Europe qui ne peut que parfaire notre ali\u00e9nation, mais de l\u2019Afrique qui seule peut revitaliser, repersonnaliser les Antilles.<\/p>\n<p align=\"JUSTIFY\">Je sais bien. On nous offre en \u00e9change la solidarit\u00e9 avec le peuple fran\u00e7ais\u00a0; avec le prol\u00e9tariat fran\u00e7ais, et \u00e0 travers le communisme, avec les prol\u00e9tariats mondiaux. Je ne nie pas ces r\u00e9alit\u00e9s. Mais je ne veux pas \u00e9riger ces solidarit\u00e9s en m\u00e9taphysique. Il n\u2019y a pas d\u2019alli\u00e9s de droit divin. Il y a des alli\u00e9s que nous impose le lieu, le moment et la nature des choses. Et si l\u2019alliance avec le prol\u00e9tariat fran\u00e7ais est exclusive, si elle tend \u00e0 nous faire oublier ou contrarier d\u2019autres alliances n\u00e9cessaires et naturelles, l\u00e9gitimes et f\u00e9condantes, si le communisme saccage nos amiti\u00e9s les plus vivifiantes, celle qui nous unit \u00e0 l\u2019Afrique, alors je dis que le communisme nous a rendu un bien mauvais service en nous faisant troquer la Fraternit\u00e9 vivante contre ce qui risque d\u2019appara\u00eetre comme la plus froide des abstractions. Je pr\u00e9viens une objection. Provincialisme\u00a0? Non pas. Je ne m\u2019enterre pas dans un particularisme \u00e9troit. Mais je ne veux pas non plus me perdre dans un universalisme d\u00e9charn\u00e9.<\/p>\n<p align=\"JUSTIFY\">Il y a deux mani\u00e8res de se perdre\u00a0: par s\u00e9gr\u00e9gation mur\u00e9e dans le particulier ou par dilution dans l\u2019 \u00ab\u00a0universel\u00a0\u00bb.<\/p>\n<p align=\"JUSTIFY\"><strong>Ma conception de l\u2019universel est celle d\u2019un universel riche de tout le particulier, riche de tous les particuliers, approfondissement et coexistence de tous les particuliers<\/strong>. Alors\u00a0? Alors il nous faudra avoir la patience de reprendre l\u2019ouvrage, la force de refaire ce qui a \u00e9t\u00e9 d\u00e9fait\u00a0; la force d\u2019inventer au lieu de suivre\u00a0; la force \u00ab\u00a0d\u2019inventer\u00a0\u00bb notre route et de la d\u00e9barrasser des formes toutes faites, des formes p\u00e9trifi\u00e9es qui l\u2019obstruent. En bref, nous consid\u00e9rons d\u00e9sormais comme notre devoir de conjuguer nos efforts \u00e0 ceux de tous les hommes \u00e9pris de justice et de v\u00e9rit\u00e9 pour b\u00e2tir des organisations susceptibles d\u2019aider de mani\u00e8re probe et efficace les peuples noirs dans leur lutte pour aujourd\u2019hui et pour demain\u00a0: lutte pour la justice\u00a0; lutte pour la culture\u00a0; lutte pour la dignit\u00e9 et la libert\u00e9\u00a0; des organisations capables en un mot de les pr\u00e9parer dans tous les domaines \u00e0 assumer de mani\u00e8re autonome les lourdes responsabilit\u00e9s que l\u2019histoire en ce moment m\u00eame fait peser si lourdement sur leurs \u00e9paules.<\/p>\n<p align=\"JUSTIFY\">Dans ces conditions, je vous prie de recevoir ma d\u00e9mission de membre du Parti Communiste Fran\u00e7ais.<\/p>\n<p align=\"JUSTIFY\">Aim\u00e9 C\u00e9saire, Paris, le 24 octobre 1956<\/p>\n<header><img decoding=\"async\" alt=\"OLYMPUS DIGITAL CAMERA\" src=\"http:\/\/www.egalite.be\/wp-content\/uploads\/2012\/08\/cesaire-detail.jpg\" width=\"336\" height=\"419\" \/><\/header>\n<p style=\"text-align: right;\" align=\"JUSTIFY\">\n<\/div>\n","protected":false},"excerpt":{"rendered":"<p>Lettre publique \u00e9crite par Aim\u00e9 C\u00e9saire \u00e0 Maurice Thorez afin de lui expliquer les raisons de sa d\u00e9mission du PCF (1956). Aim\u00e9 C\u00e9saire, D\u00e9put\u00e9 de la Martinique, \u00e0 Maurice Thorez, Secr\u00e9taire G\u00e9n\u00e9ral du Parti Communiste Fran\u00e7ais. Maurice Thorez, Il me serait facile d\u2019articuler tant \u00e0 l\u2019\u00e9gard du Parti Communiste Fran\u00e7ais qu\u2019\u00e0 l\u2019\u00e9gard du Communisme International &#8230; <a title=\"Lettre de Aim\u00e9 C\u00e9saire \u00e0 Maurice Thorez\" class=\"read-more\" href=\"https:\/\/bruxelles-pantheres.be\/?p=750\" aria-label=\"En savoir plus sur Lettre de Aim\u00e9 C\u00e9saire \u00e0 Maurice Thorez\">Lire la suite<\/a><\/p>\n","protected":false},"author":1,"featured_media":751,"comment_status":"open","ping_status":"open","sticky":false,"template":"","format":"standard","meta":{"footnotes":""},"categories":[1,21,36,7,18,28],"tags":[52],"class_list":["post-750","post","type-post","status-publish","format-standard","has-post-thumbnail","hentry","category-non-classe","category-anti-imperialisme","category-europe","category-negrophobie","category-resistance-bruxelles","category-racismes","tag-aime-cesaire"],"_links":{"self":[{"href":"https:\/\/bruxelles-pantheres.be\/index.php?rest_route=\/wp\/v2\/posts\/750","targetHints":{"allow":["GET"]}}],"collection":[{"href":"https:\/\/bruxelles-pantheres.be\/index.php?rest_route=\/wp\/v2\/posts"}],"about":[{"href":"https:\/\/bruxelles-pantheres.be\/index.php?rest_route=\/wp\/v2\/types\/post"}],"author":[{"embeddable":true,"href":"https:\/\/bruxelles-pantheres.be\/index.php?rest_route=\/wp\/v2\/users\/1"}],"replies":[{"embeddable":true,"href":"https:\/\/bruxelles-pantheres.be\/index.php?rest_route=%2Fwp%2Fv2%2Fcomments&post=750"}],"version-history":[{"count":1,"href":"https:\/\/bruxelles-pantheres.be\/index.php?rest_route=\/wp\/v2\/posts\/750\/revisions"}],"predecessor-version":[{"id":752,"href":"https:\/\/bruxelles-pantheres.be\/index.php?rest_route=\/wp\/v2\/posts\/750\/revisions\/752"}],"wp:featuredmedia":[{"embeddable":true,"href":"https:\/\/bruxelles-pantheres.be\/index.php?rest_route=\/wp\/v2\/media\/751"}],"wp:attachment":[{"href":"https:\/\/bruxelles-pantheres.be\/index.php?rest_route=%2Fwp%2Fv2%2Fmedia&parent=750"}],"wp:term":[{"taxonomy":"category","embeddable":true,"href":"https:\/\/bruxelles-pantheres.be\/index.php?rest_route=%2Fwp%2Fv2%2Fcategories&post=750"},{"taxonomy":"post_tag","embeddable":true,"href":"https:\/\/bruxelles-pantheres.be\/index.php?rest_route=%2Fwp%2Fv2%2Ftags&post=750"}],"curies":[{"name":"wp","href":"https:\/\/api.w.org\/{rel}","templated":true}]}}