{"id":759,"date":"2012-10-17T17:15:19","date_gmt":"2012-10-17T16:15:19","guid":{"rendered":"https:\/\/bruxelles-pantheres.be\/?p=759"},"modified":"2013-11-11T17:19:17","modified_gmt":"2013-11-11T16:19:17","slug":"coup-de-filet","status":"publish","type":"post","link":"https:\/\/bruxelles-pantheres.be\/?p=759","title":{"rendered":"COUP DE FILET"},"content":{"rendered":"<p><span style=\"font-family: Centennial;\">Dans l\u2019affaire de la \u00ab cellule terroriste d\u00e9mantel\u00e9e\u00a0\u00bb \u00e0 Strasbourg et \u00e0 Cannes au d\u00e9but du mois d\u2019octobre, les m\u00e9dias ont \u00e9t\u00e9 unanimes \u00e0 reprendre sans \u00e9tat d\u2019\u00e2me les d\u00e9clarations de la police. \u00a0Aucun conditionnel, aucune petite phrase prudente permettant une retraite \u00e9ventuelle en bon ordre.<!--more--><\/span><\/p>\n<p>Ce n\u2019est pas la premi\u00e8re fois. On se souvient de l\u2019agression antis\u00e9mite du RER D en 2004, \u00a0de cette jeune femme victime de \u00ab\u00a06\u00a0\u00e9trangers, dont 4 Mahgr\u00e9bins et 2 Noirs\u00a0\u00bb, un acte odieux d\u00e9nonc\u00e9 par toute la presse, par le pr\u00e9sident Chirac, par Villepin, ministre de l\u2019Int\u00e9rieur, par toute la classe politique, droite et gauche m\u00eal\u00e9es. Dommage, c\u2019\u00e9tait une mythomane. On n\u2019a pas oubli\u00e9 non plus le scandaleux incendie criminel du centre social juif de la rue Popincourt, la m\u00eame ann\u00e9e : le ministre isra\u00e9lien des Affaires \u00e9trang\u00e8res, Sylvan Shalom, \u00e9tait venu \u00e0 Paris pour visiter les lieux et critiquer le laxisme fran\u00e7ais face aux actes antis\u00e9mites. Pas de chance, l\u00e0 non plus : l\u2019incendie \u00e9tait l\u2019\u0153uvre d\u2019un vieux fou, juif de surcro\u00eet. Dans un cas comme dans l\u2019autre, tous les m\u00e9dias ont donn\u00e9 dans le panneau, aucun sauf erreur n\u2019a pr\u00e9sent\u00e9 d\u2019excuses.<\/p>\n<p>&nbsp;<\/p>\n<p>Plus pr\u00e8s de nous, dans les premiers jours de \u00ab l\u2019affaire Tarnac \u00bb, presse \u00e9crite, radios et t\u00e9l\u00e9visions ont \u00e9t\u00e9 unanimes \u00e0 d\u00e9noncer l\u2019action terroriste des \u00ab anarcho-autonomes \u00bb, de \u00ab ce noyau dur qui avait pour objet la lutte arm\u00e9e \u00bb, dixit le procureur Marin. <em>Lib\u00e9ration <\/em>titrait en une \u00ab L\u2019ultra-gauche d\u00e9raille \u00bb, <em>Le Point<\/em> parlait de \u00ab\u00a0nihilistes clandestins \u00bb, le <em>Figaro Magazine<\/em> des \u00ab cat\u00e9naires de la peur \u00bb, France 2 \u00a0de \u00ab la petite \u00e9picerie tapie dans l\u2019ombre \u00bb qui servait de QG \u00a0au \u00ab\u00a0commando \u00bb. L\u00e0 non plus, pas d\u2019excuses quand le montage policier s\u2019est profil\u00e9 \u00e0 l\u2019horizon.<\/p>\n<p>&nbsp;<\/p>\n<p>Dans le coup de filet r\u00e9cent, il est possible que J\u00e9r\u00e9mie Louis-Sidney, \u00ab un converti de 33 ans, apprenti terroriste qui voulait finir martyr \u00bb (France 24) ait \u00e9t\u00e9 abattu par des tirs de riposte<em> <\/em>des policiers, il est possible que les hommes plac\u00e9s en garde \u00e0 vue <em>pendant cinq jours,<\/em> puis inculp\u00e9s, soient bien ceux qui ont lanc\u00e9 une grenade contre l\u2019\u00e9picerie juive de Sarcelles. Mais l\u2019unanimit\u00e9 des m\u00e9dias \u00e0 tenir la parole polici\u00e8re pour v\u00e9rit\u00e9 r\u00e9v\u00e9l\u00e9e, l\u2019indignation g\u00e9n\u00e9rale des politiques, l\u2019\u00e9norme retentissement donn\u00e9 \u00e0 toute l\u2019affaire, tout cela a un sens. En d\u00e9non\u00e7ant les d\u00e9rives fran\u00e7aises de \u00ab l\u2019islam radical \u00bb, les m\u00e9dias asservis et les politiques cherchent \u00e0 faire monter dans le pays un sentiment de peur. La peur est la meilleure des diversions possibles \u2013 voir ce \u00e0 quoi ont servi en leur temps la grippe aviaire, la vache folle, la grippe H1N1 ou les JO de Londres. Et puis, en montrant que la barbarie n\u2019est plus seulement \u00e0 nos portes mais qu\u2019elle est d\u00e9sormais parmi nous, en incriminant une fois de plus \u2013 tout en jurant le contraire \u2013 la jeunesse des quartiers populaires, on reste entre nous, on resserre les rangs, on rel\u00e8gue \u00e0 l\u2019arri\u00e8re plan le racisme et la mis\u00e8re.<\/p>\n<p>&nbsp;<\/p>\n<p>Construire un ennemi int\u00e9rieur est un proc\u00e9d\u00e9 politicien m\u00e9diocre, mais c\u2019est bien du camp des m\u00e9diocres que proviennent souvent les plus graves dangers.<br \/>\n<span><span style=\"font-family: Times New Roman;\"><br \/>\n<\/span><\/span><span style=\"font-family: Rockwell;\"><strong>Eric Hazan <\/strong><\/span><span><span style=\"font-family: Times New Roman;\"><br \/>\n<\/span><\/span><\/p>\n<p><a href=\"https:\/\/bruxelles-pantheres.be\/wp-content\/uploads\/2013\/11\/564013_4029815856208_19989526_n.jpg\"><img decoding=\"async\" class=\"alignnone size-full wp-image-760\" alt=\"564013_4029815856208_19989526_n\" src=\"https:\/\/bruxelles-pantheres.be\/wp-content\/uploads\/2013\/11\/564013_4029815856208_19989526_n.jpg\" width=\"960\" height=\"639\" srcset=\"https:\/\/bruxelles-pantheres.be\/wp-content\/uploads\/2013\/11\/564013_4029815856208_19989526_n.jpg 960w, https:\/\/bruxelles-pantheres.be\/wp-content\/uploads\/2013\/11\/564013_4029815856208_19989526_n-300x200.jpg 300w, https:\/\/bruxelles-pantheres.be\/wp-content\/uploads\/2013\/11\/564013_4029815856208_19989526_n-768x511.jpg 768w\" sizes=\"(max-width: 960px) 100vw, 960px\" \/><\/a><\/p>\n<p>Eric Hazan &amp; Nordine Sa\u00efdi<br \/>\n<iframe src=\"\/\/www.youtube.com\/embed\/Gh4CDGKwesc\" height=\"315\" width=\"420\" allowfullscreen=\"\" frameborder=\"0\"><\/iframe><\/p>\n","protected":false},"excerpt":{"rendered":"<p>Dans l\u2019affaire de la \u00ab cellule terroriste d\u00e9mantel\u00e9e\u00a0\u00bb \u00e0 Strasbourg et \u00e0 Cannes au d\u00e9but du mois d\u2019octobre, les m\u00e9dias ont \u00e9t\u00e9 unanimes \u00e0 reprendre sans \u00e9tat d\u2019\u00e2me les d\u00e9clarations de la police. \u00a0Aucun conditionnel, aucune petite phrase prudente permettant une retraite \u00e9ventuelle en bon ordre.<\/p>\n","protected":false},"author":1,"featured_media":761,"comment_status":"open","ping_status":"open","sticky":false,"template":"","format":"standard","meta":{"footnotes":""},"categories":[36,4,6,18,28,17],"tags":[31,14,13],"class_list":["post-759","post","type-post","status-publish","format-standard","has-post-thumbnail","hentry","category-europe","category-islamophobie","category-palestine-moyen-orient","category-resistance-bruxelles","category-racismes","category-video","tag-belgique","tag-bruxelles","tag-nordine-saidi"],"_links":{"self":[{"href":"https:\/\/bruxelles-pantheres.be\/index.php?rest_route=\/wp\/v2\/posts\/759","targetHints":{"allow":["GET"]}}],"collection":[{"href":"https:\/\/bruxelles-pantheres.be\/index.php?rest_route=\/wp\/v2\/posts"}],"about":[{"href":"https:\/\/bruxelles-pantheres.be\/index.php?rest_route=\/wp\/v2\/types\/post"}],"author":[{"embeddable":true,"href":"https:\/\/bruxelles-pantheres.be\/index.php?rest_route=\/wp\/v2\/users\/1"}],"replies":[{"embeddable":true,"href":"https:\/\/bruxelles-pantheres.be\/index.php?rest_route=%2Fwp%2Fv2%2Fcomments&post=759"}],"version-history":[{"count":1,"href":"https:\/\/bruxelles-pantheres.be\/index.php?rest_route=\/wp\/v2\/posts\/759\/revisions"}],"predecessor-version":[{"id":762,"href":"https:\/\/bruxelles-pantheres.be\/index.php?rest_route=\/wp\/v2\/posts\/759\/revisions\/762"}],"wp:featuredmedia":[{"embeddable":true,"href":"https:\/\/bruxelles-pantheres.be\/index.php?rest_route=\/wp\/v2\/media\/761"}],"wp:attachment":[{"href":"https:\/\/bruxelles-pantheres.be\/index.php?rest_route=%2Fwp%2Fv2%2Fmedia&parent=759"}],"wp:term":[{"taxonomy":"category","embeddable":true,"href":"https:\/\/bruxelles-pantheres.be\/index.php?rest_route=%2Fwp%2Fv2%2Fcategories&post=759"},{"taxonomy":"post_tag","embeddable":true,"href":"https:\/\/bruxelles-pantheres.be\/index.php?rest_route=%2Fwp%2Fv2%2Ftags&post=759"}],"curies":[{"name":"wp","href":"https:\/\/api.w.org\/{rel}","templated":true}]}}