{"id":763,"date":"2012-10-17T17:20:25","date_gmt":"2012-10-17T16:20:25","guid":{"rendered":"https:\/\/bruxelles-pantheres.be\/?p=763"},"modified":"2013-11-11T17:24:29","modified_gmt":"2013-11-11T16:24:29","slug":"torture-la-cooperation-judiciaire-avec-le-maroc-ne-peut-plus-continuer","status":"publish","type":"post","link":"https:\/\/bruxelles-pantheres.be\/?p=763","title":{"rendered":"Torture : \u00ab La coop\u00e9ration judiciaire avec le Maroc ne peut plus continuer \u00bb."},"content":{"rendered":"<div>\n<p>Le Maroc condamn\u00e9 par la cour europ\u00e9enne des droits de l\u2019homme pour la pratique syst\u00e9matique de la torture, par Me Christophe Marchand,\u2026<!--more--><\/p>\n<\/div>\n<p><a href=\"http:\/\/www.freeali.eu\/wp-content\/uploads\/2012\/10\/6ieme-audience-Christophe.jpg\"><img decoding=\"async\" title=\"6ieme audience Christophe\" alt=\"\" src=\"http:\/\/www.freeali.eu\/wp-content\/uploads\/2012\/10\/6ieme-audience-Christophe-300x224.jpg\" width=\"300\" height=\"224\" \/><\/a><\/p>\n<p>photo Maitre Christophe Marchand<\/p>\n<p>\u00ab\u00a0Par un arr\u00eat rendu ce 25 septembre 2012, la cour europ\u00e9enne des droits de l\u2019homme a condamn\u00e9 fermement la pratique syst\u00e9matique de la torture au Maroc.<\/p>\n<p>Au del\u00e0 des images charmantes que l\u2019on a du Royaume du Maroc, pays de vacances idylliques, la r\u00e9alit\u00e9 de la torture syst\u00e9matique a \u00e9t\u00e9 d\u00e9voil\u00e9e par la cour europ\u00e9enne des droits de l\u2019homme.<\/p>\n<p>A l\u2019occasion d\u2019un arr\u00eat EL HASKI c\/ BELGIQUE, la cour europ\u00e9enne est arriv\u00e9e \u00e0 une conclusion accablante contre le Maroc.<\/p>\n<p>Apr\u00e8s une analyse fouill\u00e9e des informations donn\u00e9es par des rapports d\u2019instances de l\u2019Organisation des Nations-Unies et d\u2019organisations non-gouvernementale de d\u00e9fense de droits de l\u2019homme (F\u00e9d\u00e9ration Internationale des Droits de l\u2019Homme, Human Rights Watch et Amnesty International), <strong>la plus haute instance judiciaire europ\u00e9enne a consid\u00e9r\u00e9 qu\u2019il existe une pratique syst\u00e9matique de la torture au Maroc, et que le syst\u00e8me judiciaire (juges et procureurs), en refusant de voir le probl\u00e8me et de juger les tortionnaires, se rendent complices des actes de barbarie<\/strong> commises \u00e0 grande \u00e9chelle au Royaume Ch\u00e9rifien du Maroc.<\/p>\n<p>La cour consid\u00e8re ainsi:<\/p>\n<p>\u201c<em>la torture est un fl\u00e9au exceptionnellement grave en raison, d\u2019une part, de sa barbarie et d\u2019autre part de son effet corrupteur sur le processus p\u00e9nal, qu\u2019elle est pratiqu\u00e9e en secret, souvent par des interrogateurs exp\u00e9riment\u00e9s qui savent parfaitement comment ne pas laisser de traces visibles sur leur victime et que, bien trop souvent, ceux-l\u00e0 m\u00eame qui sont charg\u00e9s de garantir l\u2019absence de torture \u2013 juges, procureurs, m\u00e9decins \u2013 se font les complices de sa dissimulation. Elle a retenu que dans un syst\u00e8me de justice p\u00e9nale o\u00f9 les tribunaux sont ind\u00e9pendants du pouvoir ex\u00e9cutif, o\u00f9 les affaires sont jug\u00e9es de mani\u00e8re impartiale et o\u00f9 les all\u00e9gations de torture font l\u2019objet d\u2019investigations s\u00e9rieuses, il serait concevable que l\u2019on exige d\u2019un accus\u00e9 qu\u2019il d\u00e9montre par des preuves solides que les \u00e9l\u00e9ments \u00e0 charge pr\u00e9sent\u00e9s contre lui ont \u00e9t\u00e9 obtenus par la torture ; en revanche, dans un syst\u00e8me p\u00e9nal complice des pratiques m\u00eame qu\u2019il est cens\u00e9 emp\u00eacher, un tel niveau de preuve est totalement inappropri\u00e9<\/em>\u201d (Cour Europ\u00e9enne des Droits de l\u2019Homme, EL HASKI c\/ BELGIQUE, 25 septembre 2012, \u00a7 86).<\/p>\n<p>Et:<\/p>\n<p>\u201c <em>La Cour consid\u00e8re pour sa part que, d\u00e8s lors que ces d\u00e9clarations \u00e9manaient de suspects interrog\u00e9s au Maroc dans le cadre des enqu\u00eates et proc\u00e9dures cons\u00e9cutives aux attentats de Casablanca du 16 mai 2003, les rapports susmentionn\u00e9s \u00e9tablissaient l\u2019existence d\u2019un \u00ab risque r\u00e9el \u00bb qu\u2019elles aient \u00e9t\u00e9 obtenues au moyen de traitements contraires \u00e0 l\u2019article 3 de la Convention. Il en ressort en effet que des mauvais traitements aux fins d\u2019aveux ont \u00e9t\u00e9 largement pratiqu\u00e9s \u00e0 l\u2019encontre de ces suspects.<\/em>\u201c (Cour Europ\u00e9enne des Droits de l\u2019Homme, EL HASKI c\/ BELGIQUE, 25 septembre 2012, \u00a7 98).<\/p>\n<p>Au del\u00e0 de la d\u00e9nonciation sans \u00e9quivoque de la pratique marocaine de torture (viols syst\u00e9matique en utilisant une bouteille, br\u00fblures de cigarettes, chocs \u00e9lectriques, pendaison par les pieds et les mains, bastonnades\u2026), la d\u00e9cision europ\u00e9enne a pour cons\u00e9quence que la coop\u00e9ration judiciaire avec le Maroc ne peut plus continuer.<\/p>\n<p><strong>Le Maroc a trahi la confiance mutuelle qui r\u00e9git cette coop\u00e9ration et tous les \u00c9tats europ\u00e9ens doivent maintenant revoir leur mani\u00e8re de travailler avec le Maroc, particuli\u00e8rement dans la lutte anti-terroriste.<\/strong><\/p>\n<p>Il est \u00e0 noter que <strong>Juan MENDEZ<\/strong>, Rapporteur Sp\u00e9cial des Nations-Unies contre la Torture, \u00e9tait au Maroc la semaine pass\u00e9e, et que le 22 septembre 2012, \u00e0 l\u2019occasion d\u2019une conf\u00e9rence de presse donn\u00e9e \u00e0 Rabat, il \u00e0 s\u00e9v\u00e8rement critiqu\u00e9 les autorit\u00e9s marocaines pour cette pratique syst\u00e9matique de la torture et la complicit\u00e9 du syst\u00e8me judiciaire marocain, laissant impunis les auteurs de ces crimes terribles. Le Rapporteur Sp\u00e9cial a \u00e9galement encourag\u00e9 le Maroc \u00e0 continuer d\u2019am\u00e9liorer la situation des droits de l\u2019homme.<\/p>\n<p>Gageons que le Maroc entendra enfin ces critiques et mettra en \u0153uvre les moyens n\u00e9cessaires afin que cette pratique cesse, que les bourreaux soient punis, et que les aveux obtenus sous la torture ne soient plus utilis\u00e9s comme preuve en justice, au Maroc ou dans d\u2019autres pays.\u00a0\u00bb<\/p>\n<p>La Cour europ\u00e9enne des droits de l\u2019homme atteste que le r\u00e9gime marocain recourt syst\u00e9matiquement \u00e0 la torture et autres traitements cruels, inhumains ou d\u00e9gradants.<\/p>\n<p>Le texte complet : <a href=\"http:\/\/hudoc.echr.coe.int\/sites\/fra\/pages\/search.aspx?i=001-113336\">http:\/\/hudoc.echr.coe.int\/sites\/fra\/pages\/search.aspx?i=001-113336<\/a>#{%22itemid%22:[%22001-113336%22]}<\/p>\n<p><strong>Appel : Le 28 Octobre 2012\u00a0: Journ\u00e9e Mondiale contre l\u2019arbitraire, l\u2019injustice et la torture au Maroc<\/strong><\/p>\n<p><strong><a href=\"http:\/\/www.freeali.eu\/wp-content\/uploads\/2012\/10\/Affiche-photo-28-octobre-20121.jpg\"><img decoding=\"async\" class=\"aligncenter\" title=\"Affiche photo 28 octobre 2012\" alt=\"\" src=\"http:\/\/www.freeali.eu\/wp-content\/uploads\/2012\/10\/Affiche-photo-28-octobre-20121-300x217.jpg\" width=\"300\" height=\"217\" \/><\/a><\/strong><\/p>\n<p><em>Nous demandons :<\/em><\/p>\n<p><em>1 \u2013 La lib\u00e9ration des prisonniers politiques, d\u2019opinion et de conscience au Maroc.<\/em><\/p>\n<p><em>2 \u2013 La condamnation des coupables d\u2019exactions en application du principe de l\u2019absence d\u2019impunit\u00e9.<\/em><\/p>\n<p><em>3 \u2013 La r\u00e9paration des pr\u00e9judices et la r\u00e9insertion sociale des victimes.<\/em><\/p>\n<p><em>4 \u2013 Une vaste refonte de la loi anti-terrorisme en conformit\u00e9 avec les droits de l\u2019homme et toutes les garanties juridiques dans son application.<\/em><\/p>\n<p><em>5 \u2013 Le respect par le Maroc de ses obligations internationales en mati\u00e8re de droits de l\u2019homme.<\/em><\/p>\n<p><strong>Rassemblement devant l\u2019ambassade du Maroc<\/strong><\/p>\n<p><strong>29, rue Saint Michel \u00e0 1040 Etterbeek (Bruxelles)<br \/>\n<\/strong><\/p>\n<p><strong>Dimanche 28 octobre de 14h00 \u00e0 16h00 <\/strong><\/p>\n<p><a href=\"http:\/\/www.egalite.be\/wp-content\/uploads\/2012\/10\/Appel-affiche.jpg\"><img decoding=\"async\" class=\"aligncenter size-full wp-image-4585\" title=\"Appel-affiche\" alt=\"\" src=\"http:\/\/www.egalite.be\/wp-content\/uploads\/2012\/10\/Appel-affiche.jpg\" width=\"679\" height=\"960\" \/><\/a><\/p>\n<p style=\"text-align: center;\"><a href=\"http:\/\/www.egalite.be\/wp-content\/uploads\/2012\/10\/Mouvement-20-f%C3%A9vrier-free-all-political-prisoners.jpg\"><img decoding=\"async\" class=\"size-full wp-image-4587 alignright\" title=\"Mouvement-20-f\u00e9vrier-free-all-political-prisoners\" alt=\"\" src=\"http:\/\/www.egalite.be\/wp-content\/uploads\/2012\/10\/Mouvement-20-f%C3%A9vrier-free-all-political-prisoners.jpg\" width=\"640\" height=\"480\" \/><\/a><\/p>\n","protected":false},"excerpt":{"rendered":"<p>Le Maroc condamn\u00e9 par la cour europ\u00e9enne des droits de l\u2019homme pour la pratique syst\u00e9matique de la torture, par Me Christophe Marchand,\u2026<\/p>\n","protected":false},"author":1,"featured_media":764,"comment_status":"open","ping_status":"open","sticky":false,"template":"","format":"standard","meta":{"footnotes":""},"categories":[24,36,4,8,18,28],"tags":[],"class_list":["post-763","post","type-post","status-publish","format-standard","has-post-thumbnail","hentry","category-belgique-maroc","category-europe","category-islamophobie","category-prisons","category-resistance-bruxelles","category-racismes"],"_links":{"self":[{"href":"https:\/\/bruxelles-pantheres.be\/index.php?rest_route=\/wp\/v2\/posts\/763","targetHints":{"allow":["GET"]}}],"collection":[{"href":"https:\/\/bruxelles-pantheres.be\/index.php?rest_route=\/wp\/v2\/posts"}],"about":[{"href":"https:\/\/bruxelles-pantheres.be\/index.php?rest_route=\/wp\/v2\/types\/post"}],"author":[{"embeddable":true,"href":"https:\/\/bruxelles-pantheres.be\/index.php?rest_route=\/wp\/v2\/users\/1"}],"replies":[{"embeddable":true,"href":"https:\/\/bruxelles-pantheres.be\/index.php?rest_route=%2Fwp%2Fv2%2Fcomments&post=763"}],"version-history":[{"count":1,"href":"https:\/\/bruxelles-pantheres.be\/index.php?rest_route=\/wp\/v2\/posts\/763\/revisions"}],"predecessor-version":[{"id":765,"href":"https:\/\/bruxelles-pantheres.be\/index.php?rest_route=\/wp\/v2\/posts\/763\/revisions\/765"}],"wp:featuredmedia":[{"embeddable":true,"href":"https:\/\/bruxelles-pantheres.be\/index.php?rest_route=\/wp\/v2\/media\/764"}],"wp:attachment":[{"href":"https:\/\/bruxelles-pantheres.be\/index.php?rest_route=%2Fwp%2Fv2%2Fmedia&parent=763"}],"wp:term":[{"taxonomy":"category","embeddable":true,"href":"https:\/\/bruxelles-pantheres.be\/index.php?rest_route=%2Fwp%2Fv2%2Fcategories&post=763"},{"taxonomy":"post_tag","embeddable":true,"href":"https:\/\/bruxelles-pantheres.be\/index.php?rest_route=%2Fwp%2Fv2%2Ftags&post=763"}],"curies":[{"name":"wp","href":"https:\/\/api.w.org\/{rel}","templated":true}]}}