{"id":766,"date":"2012-10-15T17:26:00","date_gmt":"2012-10-15T16:26:00","guid":{"rendered":"https:\/\/bruxelles-pantheres.be\/?p=766"},"modified":"2013-11-11T17:33:15","modified_gmt":"2013-11-11T16:33:15","slug":"bilan-des-elections-communales","status":"publish","type":"post","link":"https:\/\/bruxelles-pantheres.be\/?p=766","title":{"rendered":"Bilan des \u00e9lections communales"},"content":{"rendered":"<div>\n<h3><\/h3>\n<h3>Bilan des \u00e9lections communales<\/h3>\n<p>Pourquoi l\u2019\u00e9galit\u00e9\u00a0?<!--more--><\/p>\n<p><small><abbr title=\"2012-10-15T14:32:25Z\">lundi 15 octobre 2012<\/abbr>, par <a href=\"http:\/\/www.leplumitif.be\/spip.php?auteur1\">Paul Willems<\/a><\/small><\/p>\n<p><img decoding=\"async\" alt=\"http:\/\/www.leplumitif.be\/local\/cache-vignettes\/L142xH200\/arton44-9a220.jpg\" src=\"http:\/\/www.leplumitif.be\/local\/cache-vignettes\/L142xH200\/arton44-9a220.jpg\" \/><\/p>\n<div>\n<div>\n<p>Voil\u00e0, c\u2019est fini, c\u2019est termin\u00e9. Les \u00e9lections, je veux dire. Hier, dimanche, les bureaux de vote \u00e9taient ouverts. Des candidats montaient la garde \u00e0 l\u2019entr\u00e9e de certains d\u2019entre eux. Des policiers les entouraient. D\u2019autres candidats filaient doux en allant eux-m\u00eames voter. Dans les bureaux de vote, d\u2019aimables assesseurs en chemise se sont parfois charg\u00e9s de valider eux-m\u00eames les bulletins de vote imprim\u00e9s par les petites machines \u00e9lectroniques qu\u2019ont utilis\u00e9es les \u00e9lecteurs. Ce n\u2019\u00e9taient pas les m\u00eame machines, ni la m\u00eame proc\u00e9dure que lors des \u00e9lections pr\u00e9c\u00e9dentes. Malgr\u00e9 cela, un grand nombre de bulletins ont, semble-t-il, \u00e9t\u00e9 invalid\u00e9s, consid\u00e9r\u00e9s comme blancs, ce qui avec les abstentions et les \u00e9lecteurs non inscrits porte le chiffre des abstentionnistes \u00e0 plusieurs dizaines de pour cent.<\/p>\n<\/div>\n<div>\n<p>Vers 5, 6 heures, les uns apr\u00e8s les autres, les pr\u00e9sidents des bureaux de vote sont venus apporter leurs cd avec les r\u00e9sultats de leur bureau de vote \u00e0 la maison communale. Un policier montait la garde. Un peu plus tard, les repr\u00e9sentants des grands partis se sont rendus \u00e0 la dite maison communale.<\/p>\n<p>\u00c0 un moment, la bourgmestre faisant fonction est arriv\u00e9e en voiture. Je lisais le journal. Une candidate d\u2019un autre parti \u00e9tait partie chercher un pull. Des policiers ont imm\u00e9diatement fait mouvement vers moi. Ils ont fait tellement vite que je ne m\u2019en suis aper\u00e7u que lorsqu\u2019ils furent \u00e0 quelques centim\u00e8tres de moi. J\u2019ai continu\u00e9 \u00e0 lire mon journal sans m\u2019\u00e9mouvoir. \u00c0 force de participer \u00e0 des manifs, je finis par avoir l\u2019habitude. Les policiers se sont \u00e9loign\u00e9s lentement, voyant que leur attitude ne suscitait pas de r\u00e9action de ma part. Sans doute, un tel comportement \u00e9tait-il en partie involontaire. C\u2019est vous dire la tension qui r\u00e9gnait \u00e0 la fin de la campagne \u00e9lectorale \u00e0 Saint-Gilles, et sans doute ailleurs \u00e9galement. Les candidats des principaux partis se critiquent et en viennent \u00e0 se craindre l\u2019un l\u2019autre. L\u2019on est pr\u00e8s du d\u00e9nouement et un dernier coup bas est encore possible. L\u2019on est pr\u00e8s du point de rupture, pas seulement dans les petites listes.<\/p>\n<p>Il ne s\u2019est rien pass\u00e9. La bourgmestre a disparu dans la maison communale. J\u2019ai attendu encore un peu et puis je suis parti assister avec les membres d\u2019\u00c9galit\u00e9 \u00e0 la retransmission t\u00e9l\u00e9vis\u00e9e des commentaires des journalistes et des \u00e9lus de la campagne \u00e9lectorale.<\/p>\n<p>Samedi apr\u00e8s-midi, \u00e0 la place \u00c9mile Bockstael, des militants d\u2019\u00c9galit\u00e9 se sont fait agresser par des militants d\u2019un grand parti qui les ont accus\u00e9s de commettre des incivilit\u00e9s\u2026 Vous savez cette loi qui\u2026 M\u00eame en d\u00e9mocratie, et peut-\u00eatre surtout en p\u00e9riode d\u2019\u00e9lections, les militants ne sont pas \u00e9gaux devant la loi. Si vous \u00eates membres d\u2019un grand parti vous pouvez facilement invoquer la loi, voire donner des ordres \u00e0 des policiers.<\/p>\n<p>\u00c0 la fin de la campagne, j\u2019\u2019ai \u00e9t\u00e9 accus\u00e9 sur FB d\u2019\u00eatre un antid\u00e9mocrate. Sans doute parce qu\u2019en d\u00e9but de campagne, des journalistes ont trait\u00e9 <em>\u00c9galit\u00e9<\/em> de parti antis\u00e9mite, ce qui m\u2019a incit\u00e9 \u00e0 critiquer une <a href=\"http:\/\/www.lesoir.be\/95674\/article\/actualite\/belgique\/2012-10-08\/r%C3%A9plique-du-ps-schaerbeekois-aux-attaques-antis%C3%A9mites\" rel=\"external\">carte blanche parue \u00e0 ce sujet<\/a> dans <em>le Soir<\/em> en ligne. <a href=\"http:\/\/www.lesoir.be\/96986\/article\/debats\/cartes-blanches\/2012-10-10\/bonjour-l%E2%80%99hypocrisie-et-merci-pour-grands-sentiments%E2%80%A6\" rel=\"external\">Ma critique<\/a> a \u00e9galement \u00e9t\u00e9 publi\u00e9e. Des militants \u00ab\u00a0engag\u00e9s\u00a0\u00bb, croyant bien faire, qui relaient les d\u00e9clarations de personnalit\u00e9s politiques, qui en remettent une couche dans le sens qui les int\u00e9resse. Tous invoquent la d\u00e9mocratie, des valeurs sacr\u00e9es.<\/p>\n<p>La campagne a \u00e9t\u00e9 rude, y compris pour les petits partis. M\u00eame des amis m\u2019ont insult\u00e9 sur FB ou ailleurs. M\u2019apercevant \u00e0 un concert, une connaissance d\u2019ami d\u2019est mise tout d\u2019un coup \u00e0 me critiquer\u00a0: <em>quoi, c\u2019est toi, le type qui milite chez \u00c9galit\u00e9, avec ces musulmans<\/em>. J\u2019en avais le souffle coup\u00e9. Je n\u2019ai pas eu l\u2019occasion de m\u2019exprimer. ll posait des questions et y r\u00e9pondait lui-m\u00eame, s\u2019en prenant \u00e0 mon manque suppos\u00e9 de culture, d\u2019intelligence. Comme je ne suis pas professeur d\u2019universit\u00e9 en titre, et que je ne suis qu\u2019un ch\u00f4meur, alors qu\u2019il me prenait pour je ne sais qui, je ne savais trop quoi lui dire.<\/p>\n<p>Depuis, un autre stalinien z\u00e9l\u00e9 a exprim\u00e9 tout le m\u00e9pris que lui inspire mon engagement politique. Il n\u2019est pas le premier. Ce ne fut que l\u2019occasion de r\u00e9entendre certains choses. Pour lui, de fait, \u00c9galit\u00e9 n\u2019est pas un parti politique.<\/p>\n<p>Le bilan, cependant, n\u2019est pas n\u00e9gatif. \u00c0 de multiples occasions, j\u2019ai pu d\u00e9fendre toutes sortes d\u2019id\u00e9es qui me tiennent \u00e0 c\u0153ur. J\u2019ai mieux compris le fonctionnement des \u00e9lections. Mon point de vue au sujet des institutions d\u00e9mocratiques et mes id\u00e9es sur toutes sortes de th\u00e8mes se sont enfin approfondies. \u00c0 Saint-Gilles, \u00c9galit\u00e9 a obtenu 206 voix. J\u2019en ai obtenu un peu plus de 130. Tout cela en me pr\u00e9sentant seul, en trouvant avec peine, sur les vitrines de commerces surcharg\u00e9es de propagande des autres partis, un emplacement o\u00f9 mettre une affiche. En faisant tout moi-m\u00eame\u00a0: design, mise en page, textes de mes flyers et affiches. Bien entendu, faute de moyens, je n\u2019en n\u2019ai pas fait beaucoup. Si je compare avec le score de candidats dont la campagne elle-m\u00eame a \u00e9t\u00e9 subsidi\u00e9e, et dont le groupe a pu compter sur des professionnels de la mise en page, sur des salari\u00e9s pour distribuer leurs tracts dans toutes les boites aux lettres de Saint-Gilles, ce score n\u2019est pas mauvais.<\/p>\n<p>Avant m\u00eame le d\u00e9but de la campagne, il a fallu trouver une centaine d\u2019\u00e9lecteurs parmi la population saint-gilloise pour pr\u00e9senter une liste, alors que pr\u00e8s de la moiti\u00e9 des habitants n\u2019y sont m\u00eame pas \u00e9lecteurs, que beaucoup ne le savaient m\u00eame pas.<\/p>\n<p>\u00c9galit\u00e9 a fait un score acceptable si on le compare avec celui de listes comportant bien plus de candidats, disposant de plus de moyens.<\/p>\n<p>Il y a des points r\u00e9ellement positifs. J\u2019ai fait la connaissance d\u2019une multitude de Saint-Gillois et d\u2019autres candidats \u00e9minemment sympathiques appartenant \u00e0 tous les partis. Ce sont en partie eux qui m\u2019ont permis de garder le moral. J\u2019ai surtout fait la d\u00e9couverte des militants et des autres candidats d\u2019\u00c9galit\u00e9. Leur soutien ind\u00e9fectible, leur aide logistique, leur bonne humeur, leur allant m\u2019ont litt\u00e9ralement galvanis\u00e9. Depuis longtemps, je ne m\u2019\u00e9tais plus senti aussi \u00e0 l\u2019aise dans un groupe de personnes, toutes plus simples et d\u00e9licieuses les unes que les autres. L\u2019humour fut constamment de la partie. Pas le genre \u00e0 se prendre la t\u00eate. \u00c0 part l\u2019un ou l\u2019autre, pas le genre <em>militant<\/em>, si vous voyez ce que je veux dire. Des gens concern\u00e9s simplement par la multitude de probl\u00e8mes, pr\u00e9jug\u00e9s, critiques, qui aggravent encore l\u2019impact des discriminations dont elles font l\u2019objet, comme bien d\u2019autres et qui essaient de porter leurs difficult\u00e9s \u00e0 la connaissance du public, alors qu\u2019elles font l\u2019objet d\u2019une certain d\u00e9ni. Bien s\u00fbr, ces personnes ne sont pas les seules \u00e0 faire l\u2019objet de discriminations, de critiques. Elles semblent m\u00eame jouir d\u2019un plus grand confort de vie et de pens\u00e9e que certains ch\u00f4meurs par exemple. Mais cela ne change rien au fait qu\u2019elles souffrent et qu\u2019elles se sentent parfois en p\u00e9ril, qu\u2019elles m\u00e8nent une vie dure, souvent plus dure que d\u2019autres. Quand on conna\u00eet les difficult\u00e9s que rencontrent m\u00eame des membres ais\u00e9s d\u2019origine europ\u00e9enne de la classe moyenne pour inscrire leur enfant \u00e0 l\u2019\u00e9cole, ou pour trouver un logement convenable, et surtout abordable, ou, parfois, pour (re)trouver un travail, on comprend un peu mieux de quoi se compose leur quotidien. Enfants de m\u00e8res qui travaillent et qui se l\u00e8vent seuls, d\u00e8s l\u2019\u00e2ge de six ans, et qui vont seuls \u00e0 l\u2019\u00e9cole par exemple.<\/p>\n<p>Leur militance pour des causes un peu inhabituelles (anti-extradition, anti-prison, contre les violences, B.D.S (Boycot, disinvestment, sanctions) \u00e0 l\u2019\u00e9gard d\u2019un \u00e9tat qui d\u00e9fraie souvent la chronique, Isra\u00ebl, en font des militants un peu \u00e0 part. L\u2019on per\u00e7oit parfois avec peine le sens de leur engagement. L\u2019on est beaucoup trop sensibles aux critiques \u00e0 sens unique des m\u00e9dias, \u00e0 l\u2019aspect r\u00e9barbatif de l\u2019implication de l\u2019appareil d\u2019\u00e9tat dans les cas qui les pr\u00e9occupent.\u00a0[<a id=\"nh1\" title=\"Notamment l\u2019affaire Ali Aarrass.\" href=\"http:\/\/www.leplumitif.be\/spip.php?article44#nb1\" rel=\"footnote\">1<\/a>] C\u2019est qu\u2019on s\u2019imagine ais\u00e9ment en Belgique, m\u00eame, sinon surtout \u00e0 gauche, que d\u00e9mocratie et justice, que l\u2019\u00e9galit\u00e9 elle-m\u00eame, en tout cas sur le plan formel, sont des faits acquis.<\/p>\n<p>L\u2019extr\u00eame-gauche, du moins une partie de l\u2019extr\u00eame-gauche, celle qui a l\u2019habitude de parler de politique autour d\u2019un verre de bi\u00e8re, dans des salons, ou lors de concerts relativement s\u00e9lects, avec d\u2019autres individus s\u00e9lects, de participer \u00e0 des manifestations syndicales, ou organis\u00e9es pour la d\u00e9fense des grandes valeurs de notre civilisation Occidentale, elle-m\u00eame, est outr\u00e9e lorsque ses certitudes sont remises en cause. Elle r\u00e9agit avec virulence, et parfois m\u00e9pris. Une sorte d\u2019oubli, de dissimulation auxquels elle participent a cours. Elle se consid\u00e8re \u00e0 tort elle-m\u00eame comme une r\u00e9f\u00e9rence ou une experte en mati\u00e8re de luttes. Bref, nos relations avec une partie de l\u2019extr\u00eame-gauche sont au moins aussi d\u00e9licates, sinon davantage, que nos relations avec les autres milieux politiques en g\u00e9n\u00e9ral.<\/p>\n<p>N\u00e9anmoins, cette campagne, ce fut super de bout en bout. Merci \u00e0 toutes et \u00e0 tous.<\/p>\n<p>Des proches ne comprennent pas nos scores. Certains essaient de me r\u00e9conforter. L\u2019un ou l\u2019autre ne peut s\u2019emp\u00eacher de me faire des critiques. Quelqu\u2019un m\u2019a expliqu\u00e9 qu\u2019\u00c9galit\u00e9 manque de clart\u00e9. Notamment sur la la\u00efcit\u00e9. Ai eu de grosses discussions \u00e0 ce sujet pendant toute la campagne et ce n\u2019est pas termin\u00e9.<\/p>\n<p>\u00c9galit\u00e9, est-ce un parti la\u00efc, m\u2019est-il demand\u00e9\u00a0? Je r\u00e9ponds que oui, que nous avons toujours \u00e9t\u00e9 clairs \u00e0 ce sujet, que ce sont certains partis, les m\u00e9dias qui ne sont pas clairs \u00e0 ce sujet. Nous sommes la\u00efcs, mais cela veut dire que nous sommes ouverts \u00e0 toutes les tendances, religions, dans la mesure o\u00f9 elles ne promeuvent pas des discriminations, des divisions inutiles. Certains d\u2019entre nous sont croyants, d\u2019autres ne le sont pas. En quoi cela ne serait-il pas clair\u00a0? Nous ne nous disons ni francophones, ni musulmans, nous ne nous appuyons pas sur l\u2019une ou l\u2019autre identit\u00e9, ce qui rend \u00e9videmment notre formation politique attractive pour des personnes qui, ailleurs, ne se sentent pas accept\u00e9es telles qu\u2019elles sont. Elles sont vues comme des exceptions par leurs partis et incit\u00e9es \u00e0 se rallier \u00e0 des normes de pens\u00e9e et de comportement qui ne sont pas forc\u00e9ment les leurs \u00e0 cause d\u2019une sorte d\u2019intol\u00e9rance.<\/p>\n<p>Les partis d\u2019extr\u00eame-gauche qui se servent d\u2019un baratin marxisant ou syndical ant\u00e9diluvien sont-ils clairs\u00a0? En quoi seraient-ils clairs\u00a0? Ils n\u2019en ont que pour le travail, sans manifester le moindre esprit critique \u00e0 l\u2019endroit du travail. Ils n\u2019ont pas la moindre id\u00e9e de comment s\u2019y prendre pour cr\u00e9er de l\u2019emploi. Ils ne songent m\u00eame pas \u00e0 rendre plus \u00e9gales les conditions de travail. Ils ont peur de l\u2019\u00e9galit\u00e9. Pour eux, l\u2019\u00c9tat seul est cens\u00e9 r\u00e9parer tous les torts. Ils croient sans autre forme de proc\u00e8s que les sommes d\u2019argent qui s\u2019\u00e9changent massivement \u00e0 l\u2019\u00e9chelon capitaliste, ce qui cause, de fait, des d\u00e9sastres, pourraient indiff\u00e9remment servir \u00e0 autre chose. Mais ils n\u2019envisagent pas de mettre fin \u00e0 leur fa\u00e7on de causer des d\u00e9sastres, \u00e0 l\u2019exploitation forcen\u00e9e, dans d\u2019autres r\u00e9gions du monde, sinon dans leur propre pays. Ils savent tellement bien que leur mod\u00e8le ne tient pas la route, qu\u2019il ne s\u2019agit que d\u2019un alibi, d\u2019un pr\u00e9texte, qu\u2019ils font tout, dirait-on, pour \u00e9viter la discussion \u00e0 ce sujet, se montrant plus autoritaires, p\u00e9remptoires, les uns que les autres. Ils servent de plus en plus eux-m\u00eames d\u2019alibi. De fa\u00e7on purement d\u00e9magogique, ils se plaignent constamment du sort de la classe ouvri\u00e8re, transform\u00e9e pour la forme en abstraction, car cela leur permet d\u2019ignorer certains aspects de ses conditions de vie et de travail, ou plut\u00f4t une grande partie de cette classe, assimil\u00e9e d\u00e9licatement \u00e0 ce qu\u2019ils appellent le lumpen prol\u00e9tariat. Dans un univers multiculturel, cela en fait de vulgaires organisations racistes qui ne parlent cependant que de l\u2019emploi, cherchant \u00e0 se hisser le plus possible au sommet de la hi\u00e9rarchie du travail, et de ses clivages racistes. Cela devient r\u00e9ellement le cas lorsqu\u2019elles se mettent \u00e0 jouer le m\u00eame r\u00f4le que les autres, autrement dit \u00e0 d\u00e9crocher des \u00e9lus, \u00e0 force d\u2019adh\u00e9rer aux normes et au consensus racistes en vigueur.<\/p>\n<p>Face \u00e0 de tels moyens \u00e0 une telle organisation de la propagande, comment communiquer, comment pr\u00e9senter le site d\u2019\u00c9galit\u00e9, avec ses beaux textes, ses t\u00e9moignages de militants et de r\u00e9sistants, qui parlent d\u2019une autre r\u00e9alit\u00e9, d\u2019autres valeurs, d\u2019autre chose. Leur exp\u00e9rience semble incompr\u00e9hensibles au profane, \u00e0 l\u2019homme de la rue, qui a d\u00e9j\u00e0 d\u2019\u00e9normes difficult\u00e9s \u00e0 s\u2019y retrouver dans les institutions existantes, qui est lobotomis\u00e9, conditionn\u00e9 par une propagande.<\/p>\n<p>Notre force, c\u2019est notre programme. Tout tient debout dans ce programme. M\u00eame s\u2019il y a beaucoup de travail de clarification \u00e0 faire. Les programmes des autres partis sont bien mieux pr\u00e9sent\u00e9s, avec des titres et des sous-titres, des tonnes d\u2019infos, de chiffres, mais derri\u00e8re un professionnalisme apparent, il y a un grand creux. On ne sait pas avec quel argent on va construire les 2, 10, ou 100.000 logements qu\u2019ils promettent, on ne sait pas si nos institutions sont d\u00e9mocratiques ou ne le sont pas, on ne sait pas comment on va donner du travail au gens, on ne sait rien, on n\u2019apprend rien. mais on sait tout, on promet tout. M\u00eame les \u00c9colos qui parlent sans cesse de changement, on se demande \u00e0 quel changement ils font allusion. Changement de personnalit\u00e9s au pouvoir, oui, mais pas de politique, ni de race. Ils devraient clairement et carr\u00e9ment proposer la suppression de la voiture en ville. Mais non, \u00e0 ce sujet, comme au sujet de centaines d\u2019autres mesures, c\u2019est le n\u00e9ant. Voil\u00e0 tout ce qui nous oppose aux militants de partis comme <em>Gauches communes<\/em>, ou le PTB, et d\u2019autres encore, et que nous ne parvenons pas \u00e0 leur faire comprendre. Ce quotidien tant vant\u00e9 par les autres partis et dont les programmes politiques communaux sont cens\u00e9s s\u2019occuper, eux-m\u00eames croient seulement pouvoir l\u2019accommoder de fa\u00e7on r\u00e9formiste. Tout cela me fait bouillonner.<\/p>\n<p>J\u2019ai un peu de mal avec le site d\u2019\u00c9galit\u00e9. Lorsque des gens me demandent si on a un site et que je leur donne l\u2019adresse de ce site, je me demande ce qu\u2019ils vont penser. Vont-ils lire les textes qui concernent tous ces prisonniers victimes de la torture\u00a0? Comment ils vont faire pour trouver notre programme\u00a0? Il aurait au moins fallu une rubrique \u00ab\u00a0programme 2012\u2033\u2026 Comment faire le rapport entre ces articles sur la Palestine, ou sur Malcolm X, ou le texte <a href=\"http:\/\/www.egalite.be\/?p=4482\" rel=\"external\"><em>Ce que peut une minorit\u00e9<\/em><\/a> de F\u00e9lix Boggio \u00c9wanj\u00e9-\u00c9p\u00e9e et de Stella Magliani-Belkacem, et le programme d\u2019\u00c9galit\u00e9\u00a0?<\/p>\n<p>Mais il y a vraiment de bonnes choses l\u00e0-dedans.<\/p>\n<p>Encore merci \u00e0 \u00c9galit\u00e9. On ne l\u00e2che rien\u2026<\/p>\n<\/div>\n<\/div>\n<div>\n<h2>Notes<\/h2>\n<p>[<a id=\"nb1\" title=\"Notes 1\" href=\"http:\/\/www.leplumitif.be\/spip.php?article44#nh1\" rev=\"footnote\">1<\/a>] Notamment l\u2019affaire <a href=\"http:\/\/www.freeali.eu\/\" rel=\"external\">Ali Aarrass<\/a>.<\/p>\n<p><a href=\"http:\/\/www.leplumitif.be\/spip.php?article44\">SOURCE<\/a><\/p>\n<p><a href=\"http:\/\/www.egalite.be\/wp-content\/uploads\/2012\/10\/229823_236327946495048_971999487_n.jpg\"><img decoding=\"async\" title=\"229823_236327946495048_971999487_n\" alt=\"\" src=\"http:\/\/www.egalite.be\/wp-content\/uploads\/2012\/10\/229823_236327946495048_971999487_n.jpg\" width=\"720\" height=\"422\" \/><\/a><\/p>\n<address><a title=\"Permanent Link to EGALITE 2012 \u2013 QUAND NOUS SERONS UNIS, CA VA FAIRE MAL!\" href=\"http:\/\/www.egalite.be\/?p=4190\" target=\"_blank\" rel=\"bookmark\">EGALITE 2012 \u2013 QUAND NOUS SERONS UNIS, CA VA FAIRE MAL!<\/a><\/address>\n<address>\u00a0<\/address>\n<address><a href=\"http:\/\/www.egalite.be\/wp-content\/uploads\/2012\/09\/cartebx2.jpg\"><img decoding=\"async\" title=\"cartebx2\" alt=\"\" src=\"http:\/\/www.egalite.be\/wp-content\/uploads\/2012\/09\/cartebx2.jpg\" width=\"797\" height=\"563\" \/><\/a><\/address>\n<address>\u00a0<\/address>\n<address>\u00a0<\/address>\n<\/div>\n<\/div>\n<footer><\/footer>\n","protected":false},"excerpt":{"rendered":"<p>Bilan des \u00e9lections communales Pourquoi l\u2019\u00e9galit\u00e9\u00a0?<\/p>\n","protected":false},"author":1,"featured_media":767,"comment_status":"open","ping_status":"open","sticky":false,"template":"","format":"standard","meta":{"footnotes":""},"categories":[21,24,22,25,36,42,4,20,7,8,18,28,37,39,40,5],"tags":[10,14,41,32,34,23,44,46,26,12,38,45,30,13,19,15,29,9],"class_list":["post-766","post","type-post","status-publish","format-standard","has-post-thumbnail","hentry","category-anti-imperialisme","category-belgique-maroc","category-emploi","category-enseignement","category-europe","category-homophobie","category-islamophobie","category-logement","category-negrophobie","category-prisons","category-resistance-bruxelles","category-racismes","category-romophobie","category-sans-papier","category-transport","category-violence-policiere","tag-ecole","tag-bruxelles","tag-censure","tag-culture","tag-dette","tag-discrimination","tag-ecologie","tag-esclavage","tag-extradition","tag-gaza","tag-guerre","tag-lumumba","tag-maroc","tag-nordine-saidi","tag-pauvrete","tag-resistance","tag-torture","tag-voile"],"_links":{"self":[{"href":"https:\/\/bruxelles-pantheres.be\/index.php?rest_route=\/wp\/v2\/posts\/766","targetHints":{"allow":["GET"]}}],"collection":[{"href":"https:\/\/bruxelles-pantheres.be\/index.php?rest_route=\/wp\/v2\/posts"}],"about":[{"href":"https:\/\/bruxelles-pantheres.be\/index.php?rest_route=\/wp\/v2\/types\/post"}],"author":[{"embeddable":true,"href":"https:\/\/bruxelles-pantheres.be\/index.php?rest_route=\/wp\/v2\/users\/1"}],"replies":[{"embeddable":true,"href":"https:\/\/bruxelles-pantheres.be\/index.php?rest_route=%2Fwp%2Fv2%2Fcomments&post=766"}],"version-history":[{"count":2,"href":"https:\/\/bruxelles-pantheres.be\/index.php?rest_route=\/wp\/v2\/posts\/766\/revisions"}],"predecessor-version":[{"id":772,"href":"https:\/\/bruxelles-pantheres.be\/index.php?rest_route=\/wp\/v2\/posts\/766\/revisions\/772"}],"wp:featuredmedia":[{"embeddable":true,"href":"https:\/\/bruxelles-pantheres.be\/index.php?rest_route=\/wp\/v2\/media\/767"}],"wp:attachment":[{"href":"https:\/\/bruxelles-pantheres.be\/index.php?rest_route=%2Fwp%2Fv2%2Fmedia&parent=766"}],"wp:term":[{"taxonomy":"category","embeddable":true,"href":"https:\/\/bruxelles-pantheres.be\/index.php?rest_route=%2Fwp%2Fv2%2Fcategories&post=766"},{"taxonomy":"post_tag","embeddable":true,"href":"https:\/\/bruxelles-pantheres.be\/index.php?rest_route=%2Fwp%2Fv2%2Ftags&post=766"}],"curies":[{"name":"wp","href":"https:\/\/api.w.org\/{rel}","templated":true}]}}