{"id":769,"date":"2012-10-12T17:30:02","date_gmt":"2012-10-12T16:30:02","guid":{"rendered":"https:\/\/bruxelles-pantheres.be\/?p=769"},"modified":"2013-11-11T17:50:17","modified_gmt":"2013-11-11T16:50:17","slug":"laffaire-du-candidat-victime-dantisemitisme","status":"publish","type":"post","link":"https:\/\/bruxelles-pantheres.be\/?p=769","title":{"rendered":"L\u2019affaire du \u00ab candidat victime d\u2019antis\u00e9mitisme \u00bb"},"content":{"rendered":"<div>\n<div><strong>L\u2019affaire du \u00ab\u00a0candidat victime d\u2019antis\u00e9mitisme\u00a0\u00bb<\/strong><\/div>\n<div>J\u2019ai suivi cette affaire depuis le d\u00e9but, le candidat PS \u00ab\u00a0victime\u00a0\u00bb est\u00a0depuis son plus jeune \u00e2ge\u00a0un militant, puis un cadre, d\u2019organisations sionistes (s\u2019auto-d\u00e9finissant comme telles), Hashomer Hatza\u00efr et le CCOJB (CRIF belge), il a mis ce militantisme en avant dans des d\u00e9bats publics et dans des tracts lorsqu\u2019il \u00e9tait candidat aux \u00e9lections l\u00e9gislatives f\u00e9d\u00e9rales en 2003. Il est n\u00b02 sur la liste PS \u00e0 Schaerbeek, une des communes les plus peupl\u00e9es de Belgique.<!--more--><\/div>\n<div>Sur la m\u00eame liste figurent plusieurs candidats turcs, tous n\u00e9gationnistes (la seule candidate \u00ab\u00a0turque\u00a0\u00bb \u2013 arabe alaouite de Hatay \u2013 non n\u00e9gationniste, Nuray Dogru, est sur une liste Ecolo dans la petite commune voisine de Saint-Josse), ainsi que des candidats marocains et turcs pas franchement qualifiables de \u00ab\u00a0progressistes\u00a0\u00bb et encore moins de \u00ab\u00a0socialistes\u00a0\u00bb, mais tous sont plut\u00f4t pro-palestiniens que pro-isra\u00e9liens (\u00e7a ne les rend ni plus progressistes ni plus socialistes ni plus sympathiques \u00e0 mes yeux). Tous ces candidats font campagne individuellement ou \u00e0 plusieurs, chacun ayant une chance d\u2019\u00eatre \u00e9lu gr\u00e2ce \u00e0 ses voix de pr\u00e9f\u00e9rence, seuls les 2 ou 3 premiers \u00e9tant \u00e9lus d\u2019office vu le syst\u00e8me \u00e9lectoral.<\/div>\n<div>La t\u00eate de liste est vice-premi\u00e8re ministre du gouvernement f\u00e9d\u00e9ral, et en Belgique la loi interdit \u00e0 un ministre en exercice d\u2019\u00eatre bourgmestre (maire). Donc, si sa liste arrive au pouvoir (proportionnelle \u00e0 1 tour avec vote pr\u00e9f\u00e9rentiel) la question qui est pos\u00e9e est \u00ab\u00a0qui deviendra bourgmestre ?\u00a0\u00bb. \u00c9tant donn\u00e9 qu\u2019Yves Goldstein est n\u00b02 de la liste et chef de cabinet adjoint de la ministre, certains pensent qu\u2019il pourrait le devenir.<\/div>\n<div>Donc, au-del\u00e0 du contenu du tract en turc, que je n\u2019ai personnellement pas vu (et je ne connais en fait personne qui l\u2019a vu, mais tous les m\u00e9dias en parlent), le probl\u00e8me de fond est le suivant:\u00a0Yves Goldstein est le seul candidat \u00e0 ne pas avoir fait de campagne d\u2019affichage, alors que pas mal d\u2019autres candidats de sa liste se sont litt\u00e9ralement d\u00e9cha\u00een\u00e9s sur ce plan, mais il sera \u00e9lu automatiquement gr\u00e2ce aux voix de la t\u00eate de liste et des colistiers turcs et marocains, et en plus il a des chances de devenir bourgmestre.<\/div>\n<div>D\u2019autres candidats ou listes ont mis en avant non pas comme le pr\u00e9tendent les m\u00e9dias son ascendance et son identit\u00e9 culturelle juives mais bien son militantisme sioniste. Qu\u2019il y ait eu en plus un tract uniquement en turc et \u00e0 la diffusion tr\u00e8s confidentielle n\u2019est qu\u2019un \u00e9piph\u00e9nom\u00e8ne qui a \u00e9t\u00e9 habilement mont\u00e9 en \u00e9pingle par le PS qui hurle \u00e0 l\u2019antis\u00e9mitisme mais laisse s\u2019exprimer dans ses rangs des candidats et des \u00e9lus qui tiennent des propos anti-arm\u00e9niens ou anti-alg\u00e9riens (pour cause de soutien de l\u2019Alg\u00e9rie au Polisario).<\/div>\n<div>Le probl\u00e8me c\u2019est en effet que le m\u00eame PS (comme le MR, le FDF et le CDH pour ne parler que des partis belges francophones) depuis des ann\u00e9es pratique une chasse active aux votes des n\u00e9gationnistes turcs et aux chauvinistes marocains (pro-\u00a0\u00bbSahara marocain\u00a0\u00bb), et que \u00e7a lui r\u00e9ussit plus qu\u2019aux autres. Cela a \u00e9t\u00e9 d\u00e9nonc\u00e9 \u00e0 diverses reprises dans les m\u00e9dias, surtout apr\u00e8s les communales de 2006, mais nous avons \u00e9t\u00e9 tr\u00e8s peu nombreux \u00e0 suivre ces dossiers depuis le d\u00e9but, le principal autre observateur, le journaliste Mehmet Koksal, a jet\u00e9 l\u2019\u00e9ponge apr\u00e8s avoir subi des menaces physiques. Et \u00e7a n\u2019a manifestement servi \u00e0 rien que nous attirions l\u2019attention sur ces d\u00e9rives \u00e9lectoralistes.<\/div>\n<div>Ceci dit, puisque c\u2019est un aspect qui a \u00e9t\u00e9 d\u00e9velopp\u00e9 \u00e0 tort dans les m\u00e9dias fran\u00e7ais, il est totalement faux de dire ou d\u2019\u00e9crire que cette probl\u00e9matique serait li\u00e9e \u00e0 l\u2019instauration du droit de vote des \u00e9trangers en Belgique: il est li\u00e9 \u00e0 l\u2019acquisition de la nationalit\u00e9 belge par un nombre croissant d\u2019\u00e9trangers ressortissants de pays hors Union europ\u00e9enne, en particulier depuis l\u2019assouplissement de la loi sur la nationalit\u00e9 belge en 2000. Le nombre d\u2019\u00e9lecteurs \u00e9trangers, UE et non-UE, n\u2019est pas significatif en proportion des \u00e9lecteurs belges d\u2019origine marocaine, turque ou congolaise. Qui ne votent pas tous, loin de l\u00e0, pour des candidats de m\u00eame origine.<\/div>\n<div>Par contre il existe bien un \u00ab\u00a0probl\u00e8me turc\u00a0\u00bb sp\u00e9cifique, il est li\u00e9 d\u2019une part au fait que Bruxelles est la capitale de l\u2019Europe et de l\u2019OTAN, et que d\u00e8s lors les services turcs, diplomatiques et autres (y compris des pseudos-\u00a0\u00bbjournalistes\u00a0\u00bb), y sont tr\u00e8s pr\u00e9sents et jouent un r\u00f4le dans l\u2019incitation \u00e0 la haine nationaliste anti-arm\u00e9nienne, anti-europ\u00e9enne et antis\u00e9mite (comme leurs homologues marocains dans la haine nationaliste anti-alg\u00e9rienne et anti-chiite), et d\u2019autre part \u00e0 la poursuite de l\u2019immigration matrimoniale et familiale qui maintient une grande partie de la population turque dans un ghetto linguistique et mental.<\/div>\n<div>Pour \u00eatre clair, la plupart des enfants n\u00e9s en Belgique de parents turcs ne parlent une autre langue que le turc qu\u2019\u00e0 partir de leur scolarisation, et un de leurs parents est exclusivement turcophone parce que ramen\u00e9 du village par regroupement familial.<\/div>\n<div>Par ailleurs, la modification de la loi sur la naturalisation en 2000 a \u00e9limin\u00e9 toute obligation de connaissance d\u2019une langue officielle belge, cela a ouvert la porte \u00e0 des acquisitions massives de nationalit\u00e9 belge par des personnes ne parlant que le turc et dont la seule connaissance de la politique belge se limite \u00e0 savoir qu\u2019il y a des candidats turcs et si ceux-ci tiennent le \u00ab\u00a0bon\u00a0\u00bb discours approuv\u00e9 par les autorit\u00e9s et l\u2019opinion publique turques, par les m\u00e9dias et les partis politiques turcs.<\/div>\n<div>Tant que les autorit\u00e9s belges, \u00e0 tous niveaux, n\u2019entreprendront pas des actions de fond pour int\u00e9grer ces personnes \u00e0 la soci\u00e9t\u00e9 belge, et ne s\u00e9viront pas contre les propagateurs de haine, en ce compris des diplomates et des militaires turcs en poste \u00e0 Bruxelles, ainsi que des \u00ab\u00a0journalistes\u00a0\u00bb turcs, mais aussi tant que les partis politiques continueront \u00e0 faire preuve de l\u00e2chet\u00e9 \u00e9lectoraliste, la situation ne peut qu\u2019empirer. D\u00e9j\u00e0, \u00e0 chaque fois que les m\u00e9dias turcs se d\u00e9cha\u00eenent \u00e0 propos d\u2019actes de violence commis par le PKK, les policiers belges sont sur le qui-vive, des renforts sont appel\u00e9s en r\u00e9serve \u00ab\u00a0au cas o\u00f9\u00a0\u00bb, et il y a d\u00e9j\u00e0 eu \u00e0 deux reprises des \u00e9meutes nationalistes turques dans les rues de Saint-Josse et de Schaerbeek ces quinze derni\u00e8res ann\u00e9es. Faudra-t-il attendre un mort ?<\/div>\n<div>Pierre-Yves Lambert, 12 octobre 2012<\/div>\n<div>\n<div>Chercheur ind\u00e9pendant, observateur de la participation politique des minorit\u00e9s<\/div>\n<div><a href=\"http:\/\/suffrage-universel.be\/\" target=\"_blank\">http:\/\/suffrage-universel.be\/<\/a><\/div>\n<div><a href=\"http:\/\/suffrage-universel.be\/wiki\/\" target=\"_blank\">http:\/\/suffrage-universel.be\/wiki\/<\/a><\/div>\n<div><a href=\"http:\/\/tractotheque.blogspot.be\" target=\"_blank\">http:\/\/tractotheque.blogspot.be<\/a><\/div>\n<div><a href=\"https:\/\/twitter.com\/tractotheque\" target=\"_blank\">https:\/\/twitter.com\/tractotheque<\/a><\/div>\n<div><a href=\"http:\/\/fr.groups.yahoo.com\/group\/suffrage-universel\/\" target=\"_blank\">http:\/\/fr.groups.yahoo.com\/group\/suffrage-universel\/<\/a><\/div>\n<div><\/div>\n<div><a href=\"http:\/\/www.egalite.be\/wp-content\/uploads\/2012\/10\/389890_116086325210171_354130128_n1.jpg\"><img decoding=\"async\" class=\"alignright\" title=\"389890_116086325210171_354130128_n\" alt=\"\" src=\"http:\/\/www.egalite.be\/wp-content\/uploads\/2012\/10\/389890_116086325210171_354130128_n1.jpg\" width=\"529\" height=\"351\" \/><\/a><\/div>\n<div><a href=\"https:\/\/bruxelles-pantheres.be\/wp-content\/uploads\/2012\/10\/230805_119957941489676_734312335_n.jpg\"><img decoding=\"async\" class=\"alignnone size-full wp-image-782\" alt=\"230805_119957941489676_734312335_n\" src=\"https:\/\/bruxelles-pantheres.be\/wp-content\/uploads\/2012\/10\/230805_119957941489676_734312335_n.jpg\" width=\"679\" height=\"960\" srcset=\"https:\/\/bruxelles-pantheres.be\/wp-content\/uploads\/2012\/10\/230805_119957941489676_734312335_n.jpg 679w, https:\/\/bruxelles-pantheres.be\/wp-content\/uploads\/2012\/10\/230805_119957941489676_734312335_n-212x300.jpg 212w\" sizes=\"(max-width: 679px) 100vw, 679px\" \/><\/a><\/div>\n<div><\/div>\n<div><\/div>\n<div>\n<p style=\"text-align: justify;\"><strong>\u00ab Yves Goldstein, num\u00e9ro 2 du PS, (NE) r\u00e9pond (PAS) aux attaques du parti \u00c9GALIT\u00c9\u00bb<\/strong><\/p>\n<p style=\"text-align: justify;\">Dans le journal\u00ab La Capitale \u00bb du mercredi 26 septembre 2012<a title=\"\" href=\"https:\/\/mail.google.com\/mail\/?shva=1#13a04cabb09dd934__edn1\" target=\"_blank\">[i]<\/a>, \u00ab <em>Yves Goldstein, pressenti pour devenir bourgmestre f. f. en cas de victoire de Laurette Onkelinx le 14 octobre prochain est la cible d\u2019attaques sur sa jud\u00e9it\u00e9 \u00bb. <\/em>Voil\u00e0 la manipulation habituelle\u00a0: d\u00e9noncer l\u2019id\u00e9ologie sioniste et d\u00e9velopper une critique politique du sionisme et de l\u2019\u00c9tat d\u2019Isra\u00ebl reviendraient \u00e0 attaquer la jud\u00e9it\u00e9 !<\/p>\n<p style=\"text-align: justify;\">Plut\u00f4t que de titrer \u00ab Schaerbeek: Yves Goldstein, num\u00e9ro 2 du PS, r\u00e9pond aux attaques \u00bb, la Capitale aurait d\u00fb intituler son article \u00ab Yves Goldstein, num\u00e9ro 2 du PS, (NE) r\u00e9pond (PAS) aux attaques du parti \u00c9GALIT\u00c9\u00bb<\/p>\n<p style=\"text-align: justify;\">Yves Goldstein ne d\u00e9ment donc pas qu\u2019il est un \u00ab <em>ancien (2001-2010) membre du Comit\u00e9 directeur du Comit\u00e9 de Coordination des Organisations Juives de Belgique (CCOJB) dont l\u2019article 3 proclame \u201c L\u2019association a pour objet de lutter [\u2026] pour le soutien par tous les moyens appropri\u00e9s \u00e0 l\u2019\u00c9tat d\u2019Isra\u00ebl, centre spirituel du juda\u00efsme et havre pour les communaut\u00e9s juives menac\u00e9es<\/em>\u201d \u00bb<\/p>\n<p style=\"text-align: justify;\">Quant \u00e0 l\u2019absence d\u2019affichage, <em>\u201c la r\u00e9ponse est simple. Je pars du principe qu\u2019une affiche ne sert \u00e0 rien si on n\u2019est pas connu. \u201d<\/em><\/p>\n<p style=\"text-align: justify;\"><em>\u00ab J\u2019ai 46 candidats, de toutes origines, qui me soutiennent et avec lesquels je n\u2019ai pas le moindre souci. Les Schaerbeekois me connaissent et savent qui je suis. Lorsque je sillonne les quartiers et que je fais du porte-\u00e0-porte, les habitants ne me demandent pas si je suis juif (la\u00efque, ndlr) mais comment va-t-on faire pour que leurs rues soient plus propres et pour avoir le m\u00e9tro. Je suis conscient que les adversaires utilisent cet argument, mais cela ne percole pas aupr\u00e8s des gens. \u00bb <\/em><\/p>\n<p style=\"text-align: justify;\">N\u2019y vous voyez pas une contradiction ? Au PS cela n\u2019est pas une nouveaut\u00e9\u2026<\/p>\n<p style=\"text-align: justify;\">Car justement, tous les Schaerbeekois*e*s ne savent pas qui est Yves Goldstein.<\/p>\n<p style=\"text-align: justify;\">Mais gr\u00e2ce \u00e0 \u00c9galit\u00e9, ils en savent plus maintenant. Vous feriez mieux, M. Goldstein, de repenser profond\u00e9ment le sens de votre engagement politique, pour vous demander s\u2019il est toujours bien en phase avec la population que vous esp\u00e9rez repr\u00e9senter.<\/p>\n<p style=\"text-align: justify;\"><strong>Savent-ils, ces Schaerbeekois*e*s, que vous avez co-sign\u00e9 une carte blanche intitul\u00e9 \u00ab L\u2019absurde assimilation du sionisme au racisme \u00bb\u00a0?<a title=\"\" href=\"https:\/\/mail.google.com\/mail\/?shva=1#13a04cabb09dd934__edn2\" target=\"_blank\">[ii]<\/a><\/strong><strong><\/strong><\/p>\n<p style=\"text-align: justify;\">Connaissent-ils, ces Schaerbeekois*e*s, les propos que vous tenez \u00e0 propos d\u2019Isra\u00ebl et de ses membres fondateurs\u00a0: <em>\u00ab Une personnalit\u00e9 qui m\u2019a le plus marqu\u00e9 est Ben Gourion. Il disait : \u2018Mon socialisme, je le lis dans la Torah\u2019. (\u2026) \u00bb<a title=\"\" href=\"https:\/\/mail.google.com\/mail\/?shva=1#13a04cabb09dd934__edn3\" target=\"_blank\"><strong>[iii]<\/strong><\/a><\/em><\/p>\n<p style=\"text-align: justify;\">Ben Gourion est avant tout<em> <\/em>l\u2019un des leaders les plus importants du mouvement sioniste du si\u00e8cle dernier. Il a \u00e9tabli la capacit\u00e9 militaire juive (Haganah), et en 1948, il a cr\u00e9\u00e9 l\u2019\u00c9tat d\u2019Isra\u00ebl et a lu sa d\u00e9claration.<\/p>\n<p style=\"text-align: justify;\">Voici ce que Ben Gourion d\u00e9clarait en 1937\u00a0: <em>\u00ab\u00a0Nous devons expulser les Arabes et prendre leur place\u2026 et si nous devons employer la force \u2014 pas pour d\u00e9poss\u00e9der les Arabes du N\u00e9guev et de Transjordanie, mais pour garantir notre droit de coloniser ces lieux \u2014 nous avons des forces \u00e0 notre disposition\u00a0\u00bb<\/em><a href=\"https:\/\/mail.google.com\/mail\/?shva=1#13a04cabb09dd934__edn4\" target=\"_blank\"><strong><em>[iv]<\/em><\/strong><\/a><\/p>\n<p style=\"text-align: justify;\">En mai 48, Ben Gourion s\u2019adressait \u00e0 son \u00e9tat-major en ces termes\u00a0: <em>\u00ab\u00a0Nous devons utiliser la terreur, les assassinats, l\u2019intimidation, la confiscation des terres et l\u2019arr\u00eat de tous les services sociaux afin de d\u00e9barrasser la Galil\u00e9e de sa population arabe.\u00a0\u00bb<\/em>. <a href=\"https:\/\/mail.google.com\/mail\/?shva=1#13a04cabb09dd934__edn5\" target=\"_blank\">[v]<\/a><\/p>\n<p style=\"text-align: justify;\">Depuis sa fondation, les choix politiques effectu\u00e9s par l\u2019\u00c9tat d\u2019Isra\u00ebl, au nom de la conception sioniste de\u00ab l\u2019int\u00e9r\u00eat des Juifs du monde entier \u00bb, l\u2019ont amen\u00e9 \u00e0 bafouer sans cesse la l\u00e9galit\u00e9 internationale.<\/p>\n<p style=\"text-align: justify;\">Honte \u00e0 vous et \u00e0 tout(es) ceux\/celles qui d\u2019une mani\u00e8re ou d\u2019une autre, participent \u00e0 la poursuite des agissements d\u2019un \u00c9tat raciste et criminel\u2026 Et ne venez plus nous faire vos discours moralisateurs et hypocrites sur le danger d\u2019importer le conflit dans nos pays : vous en \u00eates les premiers acteurs, vous qui y participez activement !<\/p>\n<p style=\"text-align: justify;\">Le PS, \u00e0 la Ville de Bruxelles, a gratifi\u00e9 Isra\u00ebl pour son tapis de bombes \u00e0 Gaza 2008 en offrant un tapis de fleurs \u00e0 Tel Aviv.<a href=\"https:\/\/mail.google.com\/mail\/?shva=1#13a04cabb09dd934__edn6\" target=\"_blank\">[vi]<\/a><span style=\"text-decoration: underline;\">\u00a0: <\/span><em>\u00ab\u00a0Le bourgmestre de Bruxelles, Freddy Thielemans, est connu pour son franc-parler. Il est aussi connu pour avoir toujours entretenu de bonnes relations avec la communaut\u00e9 juive de Belgique. Il s\u2019\u00e9tait \u00e9galement rendu \u00e0 Tel-Aviv pour offrir \u00e0 la ville un tapis de fleurs \u00e0 l\u2019occasion de son 100<sup>\u00e8me<\/sup> anniversaire\u00a0\u00bb.<\/em><a href=\"https:\/\/mail.google.com\/mail\/?shva=1#13a04cabb09dd934__edn7\" target=\"_blank\"><strong><em>[vii]<\/em><\/strong><\/a><\/p>\n<p style=\"text-align: justify;\">Un rapport<a href=\"https:\/\/mail.google.com\/mail\/?shva=1#13a04cabb09dd934__edn8\" target=\"_blank\">[viii]<\/a> de janvier 2009 de Caroline Pailhe, charg\u00e9e de recherche au <a href=\"http:\/\/www.grip.org\/\" target=\"_blank\">GRIP<\/a>(Groupe de Recherche et d\u2019Information sur la Paix et la S\u00e9curit\u00e9), indique qu\u2019 \u201c<em>en 2007, la majorit\u00e9 des exportations effectu\u00e9es vers Isra\u00ebl par les entit\u00e9s f\u00e9d\u00e9r\u00e9es a \u00e9t\u00e9 accord\u00e9e \u00e0 66,5% par la R\u00e9gion de Bruxelles-Capitale (pour une valeur de 3,6 millions d\u2019euros), contre 19,6% pour la R\u00e9gion wallonne et 13,8% pour la R\u00e9gion flamande. Isra\u00ebl est d\u2019ailleurs, cette ann\u00e9e-l\u00e0, la principale destination des exportations bruxelloises vers le Moyen-Orient (\u00e0 c\u00f4t\u00e9 de l\u2019Arabie saoudite) et une destination majeure sur l\u2019ensemble des exportations bruxelloises. L\u2019 \u00c9tat h\u00e9breu a en effet repr\u00e9sent\u00e9 99,9% des exportations de la capitale vers le Moyen-Orient et 40,43% de l\u2019ensemble de ses exportations<\/em>\u201c.<\/p>\n<p style=\"text-align: justify;\">Il appara\u00eet que le gouvernement bruxellois (PS, CDH, ECOLO, Spa, Open VLD, CDV) n\u2019a jamais refus\u00e9 aucun permis. Le gouvernement bruxellois a reconnu avoir notamment en avril 2007 accord\u00e9 des licences d\u2019exportations \u00e0 la Sabca dans le cadre d\u2019un contrat avec Isra\u00ebl Aerospace Industries Ltd.<\/p>\n<p style=\"text-align: justify;\">Il faut donc constater que, contrairement \u00e0 ce qu\u2019une certaine propagande \u00e9lectorale affirme,\u00a0PS, CDH et ECOLO ne se sont pas oppos\u00e9s \u00e0 ces ventes d\u2019armes.<\/p>\n<p style=\"text-align: justify;\">Ce discours n\u2019est pas exactement le discours que l\u2019on entend dans certaines communes bruxelloises (Schaerbeek, Molenbeek, St Josse,\u2026) dans le chef des militants de ces diff\u00e9rents partis.<\/p>\n<p style=\"text-align: right;\">\u00a0<strong><span style=\"font-size: small;\">Nordine Sa\u00efdi <\/span><\/strong><span style=\"font-size: small;\"><br \/>\nPorte parole d\u2019 <strong>\u00c9GALIT\u00c9<\/strong><br \/>\n<a href=\"http:\/\/www.egalite.be\" target=\"_blank\">www.egalite.be<\/a><br \/>\n<\/span><\/p>\n<h6 style=\"text-align: right;\"><span style=\"font-size: small;\">La libert\u00e9, la justice et l\u2019\u00e9galit\u00e9, par tous les moyens n\u00e9cessaires ! Malcolm X<\/span><\/h6>\n<p style=\"text-align: right;\"><span style=\"font-size: small;\"><strong>Mouvement Citoyen Palestine<\/strong><br \/>\n<a href=\"http:\/\/mcpalestine.be\" target=\"_blank\">mcpalestine.be<\/a><\/span><\/p>\n<p><strong><span style=\"font-size: small;\">\u00ab L\u2019\u00e9galit\u00e9 ou rien \u00bb Edward Said<\/span><\/strong><\/p>\n<p style=\"text-align: justify;\">\n<hr align=\"left\" size=\"1\" width=\"33%\" \/>\n<p style=\"text-align: justify;\">\n<p style=\"text-align: justify;\"><a title=\"\" href=\"https:\/\/mail.google.com\/mail\/?shva=1#13a04cabb09dd934__ednref1\" target=\"_blank\">[i]<\/a> <a href=\"http:\/\/www.lacapitale.be\/535042\/article\/actualite\/politique\/elections-communales-2012\/2012-09-26\/schaerbeek-yves-goldstein-numero-2-du-ps-repond-aux-atta\" target=\"_blank\">http:\/\/www.lacapitale.be\/<wbr \/>535042\/article\/actualite\/<wbr \/>politique\/elections-<wbr \/>communales-2012\/2012-09-26\/<wbr \/>schaerbeek-yves-goldstein-<wbr \/>numero-2-du-ps-repond-aux-atta<\/a><\/p>\n<p style=\"text-align: justify;\">\n<p style=\"text-align: justify;\"><a title=\"\" href=\"https:\/\/mail.google.com\/mail\/?shva=1#13a04cabb09dd934__ednref2\" target=\"_blank\">[ii]<\/a> <a href=\"http:\/\/www.sefarad.org\/desinfo\/20010917.html\" target=\"_blank\">http:\/\/www.sefarad.org\/<wbr \/>desinfo\/20010917.html<\/a><\/p>\n<p style=\"text-align: justify;\">\n<p style=\"text-align: justify;\">[iii] <a href=\"http:\/\/www.suffrage-universel.be\/be\/livre.rtf\" target=\"_blank\">www.suffrage-universel.be\/be\/<wbr \/>livre.rtf<\/a><\/p>\n<p style=\"text-align: justify;\">\n<p style=\"text-align: justify;\"><a title=\"\" href=\"https:\/\/mail.google.com\/mail\/?shva=1#13a04cabb09dd934__ednref4\" target=\"_blank\">[iv]<\/a> Ben Gourion et les Arabes de Palestine, Oxford University Press, 1985.<\/p>\n<p style=\"text-align: justify;\">\n<p style=\"text-align: justify;\"><a title=\"\" href=\"https:\/\/mail.google.com\/mail\/?shva=1#13a04cabb09dd934__ednref5\" target=\"_blank\">[v]<\/a> Ben-Gurion, A Biography, de Michael Ben-Zohar, Delacorte, New York 1978<\/p>\n<p style=\"text-align: justify;\">\n<p style=\"text-align: justify;\"><a title=\"\" href=\"https:\/\/mail.google.com\/mail\/?shva=1#13a04cabb09dd934__ednref6\" target=\"_blank\">[vi]<\/a> <a href=\"http:\/\/kefisrael.com\/2009\/09\/17\/tapis-de-fleurs-sur-la-place-rabin\/\" target=\"_blank\">http:\/\/kefisrael.com\/2009\/09\/<wbr \/>17\/tapis-de-fleurs-sur-la-<wbr \/>place-rabin\/<\/a><\/p>\n<p style=\"text-align: justify;\">\n<p style=\"text-align: justify;\"><a title=\"\" href=\"https:\/\/mail.google.com\/mail\/?shva=1#13a04cabb09dd934__ednref7\" target=\"_blank\">[vii]<\/a> <a href=\"http:\/\/www.cclj.be\/article\/3\/1861\" target=\"_blank\">http:\/\/www.cclj.be\/article\/3\/<wbr \/>1861<\/a><\/p>\n<p style=\"text-align: justify;\">\n<p style=\"text-align: justify;\"><a title=\"\" href=\"https:\/\/mail.google.com\/mail\/?shva=1#13a04cabb09dd934__ednref8\" target=\"_blank\">[viii]<\/a> <a href=\"http:\/\/mcpalestine.canalblog.com\/archives\/2009\/03\/03\/index.html\" target=\"_blank\">http:\/\/mcpalestine.canalblog.<wbr \/>com\/archives\/2009\/03\/03\/index.<wbr \/>html<\/a><\/p>\n<\/div>\n<div><\/div>\n<\/div>\n<\/div>\n","protected":false},"excerpt":{"rendered":"<p>L\u2019affaire du \u00ab\u00a0candidat victime d\u2019antis\u00e9mitisme\u00a0\u00bb J\u2019ai suivi cette affaire depuis le d\u00e9but, le candidat PS \u00ab\u00a0victime\u00a0\u00bb est\u00a0depuis son plus jeune \u00e2ge\u00a0un militant, puis un cadre, d\u2019organisations sionistes (s\u2019auto-d\u00e9finissant comme telles), Hashomer Hatza\u00efr et le CCOJB (CRIF belge), il a mis ce militantisme en avant dans des d\u00e9bats publics et dans des tracts lorsqu\u2019il \u00e9tait candidat &#8230; <a title=\"L\u2019affaire du \u00ab candidat victime d\u2019antis\u00e9mitisme \u00bb\" class=\"read-more\" href=\"https:\/\/bruxelles-pantheres.be\/?p=769\" aria-label=\"En savoir plus sur L\u2019affaire du \u00ab candidat victime d\u2019antis\u00e9mitisme \u00bb\">Lire la suite<\/a><\/p>\n","protected":false},"author":1,"featured_media":770,"comment_status":"open","ping_status":"open","sticky":false,"template":"","format":"standard","meta":{"footnotes":""},"categories":[6,18,28],"tags":[],"class_list":["post-769","post","type-post","status-publish","format-standard","has-post-thumbnail","hentry","category-palestine-moyen-orient","category-resistance-bruxelles","category-racismes"],"_links":{"self":[{"href":"https:\/\/bruxelles-pantheres.be\/index.php?rest_route=\/wp\/v2\/posts\/769","targetHints":{"allow":["GET"]}}],"collection":[{"href":"https:\/\/bruxelles-pantheres.be\/index.php?rest_route=\/wp\/v2\/posts"}],"about":[{"href":"https:\/\/bruxelles-pantheres.be\/index.php?rest_route=\/wp\/v2\/types\/post"}],"author":[{"embeddable":true,"href":"https:\/\/bruxelles-pantheres.be\/index.php?rest_route=\/wp\/v2\/users\/1"}],"replies":[{"embeddable":true,"href":"https:\/\/bruxelles-pantheres.be\/index.php?rest_route=%2Fwp%2Fv2%2Fcomments&post=769"}],"version-history":[{"count":3,"href":"https:\/\/bruxelles-pantheres.be\/index.php?rest_route=\/wp\/v2\/posts\/769\/revisions"}],"predecessor-version":[{"id":783,"href":"https:\/\/bruxelles-pantheres.be\/index.php?rest_route=\/wp\/v2\/posts\/769\/revisions\/783"}],"wp:featuredmedia":[{"embeddable":true,"href":"https:\/\/bruxelles-pantheres.be\/index.php?rest_route=\/wp\/v2\/media\/770"}],"wp:attachment":[{"href":"https:\/\/bruxelles-pantheres.be\/index.php?rest_route=%2Fwp%2Fv2%2Fmedia&parent=769"}],"wp:term":[{"taxonomy":"category","embeddable":true,"href":"https:\/\/bruxelles-pantheres.be\/index.php?rest_route=%2Fwp%2Fv2%2Fcategories&post=769"},{"taxonomy":"post_tag","embeddable":true,"href":"https:\/\/bruxelles-pantheres.be\/index.php?rest_route=%2Fwp%2Fv2%2Ftags&post=769"}],"curies":[{"name":"wp","href":"https:\/\/api.w.org\/{rel}","templated":true}]}}