{"id":774,"date":"2012-10-12T17:34:36","date_gmt":"2012-10-12T16:34:36","guid":{"rendered":"https:\/\/bruxelles-pantheres.be\/?p=774"},"modified":"2013-11-11T17:37:24","modified_gmt":"2013-11-11T16:37:24","slug":"ne-lachons-pas-les-candidats-de-la-repression","status":"publish","type":"post","link":"https:\/\/bruxelles-pantheres.be\/?p=774","title":{"rendered":"NE LACHONS PAS LES CANDIDATS DE LA REPRESSION"},"content":{"rendered":"<p style=\"text-align: justify;\"><strong>Dans la nuit du 5 au 6 octobre, les militants bruxellois de la campagne STOP-R\u00e9pression des Jeunesses Ouvri\u00e8res Chr\u00e9tiennes (JOC) ont d\u00e9tourn\u00e9 une s\u00e9rie d\u2019affiches \u00e9lectorales afin de souligner le discours ultra-s\u00e9curitaire des candidats. Nous avons choisi ces quatre politiciens parce que l\u2019actualit\u00e9 r\u00e9cente fait d\u2019eux des bons exemples de ce que nous voulons d\u00e9noncer. [<a href=\"http:\/\/www.youtube.com\/watch?feature=player_embedded&amp;v=Ods3vfPAVU4\">La vid\u00e9o<\/a>] [<a href=\"http:\/\/www.stop-repression.be\/candidatsdownload\/\">les affiches en t\u00e9l\u00e9chargement<\/a>]<\/strong><\/p>\n<p style=\"text-align: justify;\">Les candidats de la r\u00e9pression (cliquez les noms pour plus de d\u00e9tails):<!--more--><\/p>\n<p style=\"text-align: justify;\">&#8211; <a href=\"http:\/\/www.stop-repression.be\/candidatsdecourty\/\">Willy Decourty<\/a>: \u00a0Face au malaise de la population belgo-congolaise de sa commune, le bourgmestre Decourty n\u2019a vu que les \u00e9meutes. Il a pr\u00e9f\u00e9r\u00e9 interdire toute expression d\u00e9mocratique d\u2019une opinion. Mr Decourty suspend donc temporairement la d\u00e9mocratie sans date de fin, un jeu dangereux qui ne r\u00e9pond en rien \u00e0 la demande l\u00e9gitime des habitants de sa commune.<\/p>\n<p style=\"text-align: justify;\">&#8211; <a href=\"http:\/\/www.stop-repression.be\/milquet\/\">Jo\u00eblle Milquet<\/a>:\u00a0Des \u00e9meutes de Matong\u00e9 au tabassage brutal des jeunes antifascistes dans le m\u00e9tro Tr\u00f4ne, la ministre de l\u2019int\u00e9rieur n\u2019a jamais voulu pr\u00eater l\u2019oreille aux remarques et plaintes des victimes et simples citoyens. Mme Milquet suit aveugl\u00e9ment le lobby de la police dans une surench\u00e8re s\u00e9curitaire \u00e0 des fins \u00e9lectorales.<\/p>\n<p style=\"text-align: justify;\">&#8211; <a href=\"http:\/\/www.stop-repression.be\/candidatsreynders\/\">Didier Reynders:<\/a>\u00a0Monsieur Reynders et son parti pensent qu\u2019en fliquant toute la population, on r\u00e8glera les probl\u00e8mes de soci\u00e9t\u00e9. Chaque petit fait divers est utilis\u00e9 pour stigmatiser certains et justifier une police plus militaris\u00e9e et violente. Pendant ce temps, la police prot\u00e8ge les exil\u00e9s fiscaux, les banques et les responsables de la crise. Ce que Reynders nous propose c\u2019est un Etat policier toujours plus violent et une justice de classe.<\/p>\n<p style=\"text-align: justify;\">&#8211; <a href=\"http:\/\/www.stop-repression.be\/candidatsthielemans\/\">Freddy Thielemans<\/a>:\u00a0Depuis 2001, Freddy Thielemans est bourgmestre de la ville de Bruxelles. Il assure donc r\u00e9guli\u00e8rement la direction de la police de la zone Bruxelles-Ixelles. A aucun moment, il n\u2019a reconnu ou entrepris quoi que ce soit quant aux exc\u00e8s (pourtant nombreux) des policiers de sa zone. De plus, il poursuit une politique de criminalisation de l\u2019action politique en imposant des amendes administratives aux activistes.<\/p>\n<p style=\"text-align: justify;\"><a href=\"http:\/\/www.stop-repression.be\/cpcandidrep\">Le communiqu\u00e9 de presse<\/a><\/p>\n<p style=\"text-align: justify;\"><a href=\"https:\/\/bruxelles-pantheres.be\/wp-content\/uploads\/2013\/11\/Covers_facebook.jpg\"><img decoding=\"async\" class=\"alignnone size-full wp-image-775\" alt=\"Covers_facebook\" src=\"https:\/\/bruxelles-pantheres.be\/wp-content\/uploads\/2013\/11\/Covers_facebook.jpg\" width=\"852\" height=\"315\" srcset=\"https:\/\/bruxelles-pantheres.be\/wp-content\/uploads\/2013\/11\/Covers_facebook.jpg 852w, https:\/\/bruxelles-pantheres.be\/wp-content\/uploads\/2013\/11\/Covers_facebook-300x111.jpg 300w, https:\/\/bruxelles-pantheres.be\/wp-content\/uploads\/2013\/11\/Covers_facebook-768x284.jpg 768w\" sizes=\"(max-width: 852px) 100vw, 852px\" \/><\/a><\/p>\n","protected":false},"excerpt":{"rendered":"<p>Dans la nuit du 5 au 6 octobre, les militants bruxellois de la campagne STOP-R\u00e9pression des Jeunesses Ouvri\u00e8res Chr\u00e9tiennes (JOC) ont d\u00e9tourn\u00e9 une s\u00e9rie d\u2019affiches \u00e9lectorales afin de souligner le discours ultra-s\u00e9curitaire des candidats. Nous avons choisi ces quatre politiciens parce que l\u2019actualit\u00e9 r\u00e9cente fait d\u2019eux des bons exemples de ce que nous voulons d\u00e9noncer. &#8230; <a title=\"NE LACHONS PAS LES CANDIDATS DE LA REPRESSION\" class=\"read-more\" href=\"https:\/\/bruxelles-pantheres.be\/?p=774\" aria-label=\"En savoir plus sur NE LACHONS PAS LES CANDIDATS DE LA REPRESSION\">Lire la suite<\/a><\/p>\n","protected":false},"author":1,"featured_media":775,"comment_status":"open","ping_status":"open","sticky":false,"template":"","format":"standard","meta":{"footnotes":""},"categories":[17,5],"tags":[14,54],"class_list":["post-774","post","type-post","status-publish","format-standard","has-post-thumbnail","hentry","category-video","category-violence-policiere","tag-bruxelles","tag-police"],"_links":{"self":[{"href":"https:\/\/bruxelles-pantheres.be\/index.php?rest_route=\/wp\/v2\/posts\/774","targetHints":{"allow":["GET"]}}],"collection":[{"href":"https:\/\/bruxelles-pantheres.be\/index.php?rest_route=\/wp\/v2\/posts"}],"about":[{"href":"https:\/\/bruxelles-pantheres.be\/index.php?rest_route=\/wp\/v2\/types\/post"}],"author":[{"embeddable":true,"href":"https:\/\/bruxelles-pantheres.be\/index.php?rest_route=\/wp\/v2\/users\/1"}],"replies":[{"embeddable":true,"href":"https:\/\/bruxelles-pantheres.be\/index.php?rest_route=%2Fwp%2Fv2%2Fcomments&post=774"}],"version-history":[{"count":1,"href":"https:\/\/bruxelles-pantheres.be\/index.php?rest_route=\/wp\/v2\/posts\/774\/revisions"}],"predecessor-version":[{"id":776,"href":"https:\/\/bruxelles-pantheres.be\/index.php?rest_route=\/wp\/v2\/posts\/774\/revisions\/776"}],"wp:featuredmedia":[{"embeddable":true,"href":"https:\/\/bruxelles-pantheres.be\/index.php?rest_route=\/wp\/v2\/media\/775"}],"wp:attachment":[{"href":"https:\/\/bruxelles-pantheres.be\/index.php?rest_route=%2Fwp%2Fv2%2Fmedia&parent=774"}],"wp:term":[{"taxonomy":"category","embeddable":true,"href":"https:\/\/bruxelles-pantheres.be\/index.php?rest_route=%2Fwp%2Fv2%2Fcategories&post=774"},{"taxonomy":"post_tag","embeddable":true,"href":"https:\/\/bruxelles-pantheres.be\/index.php?rest_route=%2Fwp%2Fv2%2Ftags&post=774"}],"curies":[{"name":"wp","href":"https:\/\/api.w.org\/{rel}","templated":true}]}}