{"id":777,"date":"2012-10-12T17:38:12","date_gmt":"2012-10-12T16:38:12","guid":{"rendered":"https:\/\/bruxelles-pantheres.be\/?p=777"},"modified":"2013-11-11T17:40:41","modified_gmt":"2013-11-11T16:40:41","slug":"bonjour-lhypocrisie-et-merci-pour-les-grands-sentiments","status":"publish","type":"post","link":"https:\/\/bruxelles-pantheres.be\/?p=777","title":{"rendered":"Bonjour l\u2019hypocrisie, et merci pour les grands sentiments\u2026"},"content":{"rendered":"<h3 style=\"text-align: justify;\">Paul Willems, r\u00e9pond \u00e0 la lettre ouverte du S\u00e9nateur Jos\u00e9 Dubi\u00e9 et d\u2019autres cosignataires portant sur le \u00ab Communautarisme \u00bb en Belgique dans le cadre des \u00e9lections communales de 2012.<\/h3>\n<p style=\"text-align: justify;\">La carte blanche de Josy Dubi\u00e9 parue dans le Soir du 9 octobre aurait d\u00fb inclure le terme <em>islamophobie<\/em>. Pourquoi, \u00e0 ce sujet, pas un mot ? La r\u00e9ponse est \u00e9vidente.<!--more--> Pourquoi nier \u00e0 tout prix l\u2019existence d\u2019une d\u00e9rive, sinon parce que des privil\u00e8ges sont menac\u00e9s d\u00e8s qu\u2019il en est question et que la classe dirigeante a avant tout pour objectif de pr\u00e9server les privil\u00e8ges.<\/p>\n<p style=\"text-align: justify;\">Cette carte blanche est un bon exemple de d\u00e9ni. Le racisme a relev\u00e9 la t\u00eate bien avant la campagne \u00e9lectorale, contrairement \u00e0 ce que pr\u00e9tendu. Et en parler ce n\u2019est pas faire de l\u2019\u00e9lectoralisme. C\u2019est assumer son r\u00f4le politique, ce que tr\u00e8s peu de politiciens font, sauf \u00e0 abrutir l\u2019\u00e9lecteur avec des chiffres et des r\u00e9f\u00e9rences qui ne l\u2019\u00e9clairent absolument pas, cherchant peut-\u00eatre se mettre \u00e0 son niveau alors que c\u2019est le contraire qu\u2019il faudrait faire : mettre l\u2019\u00e9lecteur au fait des probl\u00e8mes politiques. Mais, \u00e9videmment, tel est bien l\u2019objectif des politiciens eux-m\u00eames, \u00e0 part quelques exceptions : emp\u00eacher les \u00e9lecteurs de r\u00e9fl\u00e9chir \u00e0 ces probl\u00e8mes, leur inculquer pour cela toutes sortes de notions, parler de priorit\u00e9s, leur en mettre plein la vue.<\/p>\n<p style=\"text-align: justify;\">Par contre, ils exploitent \u00e0 tout va leur notori\u00e9t\u00e9. Mais, h\u00e9las, plut\u00f4t pour interdire, censurer, que pour parler, inciter les gens, et les autres politiciens \u00e0 s\u2019exprimer, plut\u00f4t pour entretenir des non-dit, lesquels ne sont pas sans rapport avec le racisme omnipr\u00e9sent.<\/p>\n<p style=\"text-align: justify;\">Les conflits ext\u00e9rieurs ont un lien avec les \u00e9lections communales \u00e0 moins de r\u00e9duire la politique communale \u00e0 de simples probl\u00e8mes d\u2019intendance, ce que beaucoup ont tendance \u00e0 faire pour des motifs divers.<\/p>\n<p style=\"text-align: justify;\">Il n\u2019y a pas que le n\u00e9gationnisme historique, il y a le n\u00e9gationnisme tout court, qui consiste en partie \u00e0 se servir de la \u00ab m\u00e9moire \u00bb, port\u00e9e au pinacle par certains, et de l\u2019opinion publique, le plus souvent \u00e0 la tra\u00eene du pouvoir, pour commettre d\u2019autres g\u00e9nocides\u2026 Cela aussi, c\u2019est une pratique\u2026 qui arrange bien les \u00e9lites et leurs d\u00e9fenseurs souvent assez arrogants. Une arrogance et un n\u00e9gationnisme qui sont parfois aussi de l\u2019abus de pouvoir !<\/p>\n<p style=\"text-align: justify;\">Quant aux pratiques inacceptables, hautement dangereuses, c\u2019est exactement l\u2019inverse : il est hautement dangereux de nier les faits, de passer sous silence les plus graves \u00e0 cause de leur caract\u00e8re structurel, bref d\u2019en remettre une couche, de promouvoir de ce fait la s\u00e9gr\u00e9gation.<\/p>\n<p style=\"text-align: justify;\">Un tel vocabulaire, un tel d\u00e9ni et ces abus sont plus dignes de membres d\u2019une sorte de Tea party, que de socialistes ou d\u2019\u00e9cologistes.<\/p>\n<p style=\"text-align: justify;\">Il est question de multiples tracts \u00e0 Schaerbeek. Un seul pose question. Je n\u2019ai pas entendu parler d\u2019autres tracts.<\/p>\n<p style=\"text-align: justify;\">Par contre, l\u2019exploitation du communautarisme \u00e0 des fins \u00e9lectorales semble bien \u00e0 l\u2019origine de ce tract. Il est vain de le nier, de tenter de le cacher, de dire le contraire, f\u00fbt-ce dans des journaux r\u00e9percutant avant tout la pens\u00e9e officielle des dirigeants\u2026<\/p>\n<p style=\"text-align: justify;\">Bonjour l\u2019hypocrisie, et merci pour les grands sentiments\u2026<\/p>\n<p style=\"text-align: justify;\">Vivement les \u00e9lections et qu\u2019on en finisse avec cette pr\u00e9tention lamentable et l\u2019autoritarisme. Vive la d\u00e9colonisation des c\u0153urs et des mentalit\u00e9s.<\/p>\n<p style=\"text-align: justify;\"><strong>Paul Willems<\/strong><\/p>\n","protected":false},"excerpt":{"rendered":"<p>Paul Willems, r\u00e9pond \u00e0 la lettre ouverte du S\u00e9nateur Jos\u00e9 Dubi\u00e9 et d\u2019autres cosignataires portant sur le \u00ab Communautarisme \u00bb en Belgique dans le cadre des \u00e9lections communales de 2012. La carte blanche de Josy Dubi\u00e9 parue dans le Soir du 9 octobre aurait d\u00fb inclure le terme islamophobie. Pourquoi, \u00e0 ce sujet, pas un &#8230; <a title=\"Bonjour l\u2019hypocrisie, et merci pour les grands sentiments\u2026\" class=\"read-more\" href=\"https:\/\/bruxelles-pantheres.be\/?p=777\" aria-label=\"En savoir plus sur Bonjour l\u2019hypocrisie, et merci pour les grands sentiments\u2026\">Lire la suite<\/a><\/p>\n","protected":false},"author":1,"featured_media":0,"comment_status":"open","ping_status":"open","sticky":false,"template":"","format":"standard","meta":{"footnotes":""},"categories":[4,18,28],"tags":[31,14,23],"class_list":["post-777","post","type-post","status-publish","format-standard","hentry","category-islamophobie","category-resistance-bruxelles","category-racismes","tag-belgique","tag-bruxelles","tag-discrimination"],"_links":{"self":[{"href":"https:\/\/bruxelles-pantheres.be\/index.php?rest_route=\/wp\/v2\/posts\/777","targetHints":{"allow":["GET"]}}],"collection":[{"href":"https:\/\/bruxelles-pantheres.be\/index.php?rest_route=\/wp\/v2\/posts"}],"about":[{"href":"https:\/\/bruxelles-pantheres.be\/index.php?rest_route=\/wp\/v2\/types\/post"}],"author":[{"embeddable":true,"href":"https:\/\/bruxelles-pantheres.be\/index.php?rest_route=\/wp\/v2\/users\/1"}],"replies":[{"embeddable":true,"href":"https:\/\/bruxelles-pantheres.be\/index.php?rest_route=%2Fwp%2Fv2%2Fcomments&post=777"}],"version-history":[{"count":1,"href":"https:\/\/bruxelles-pantheres.be\/index.php?rest_route=\/wp\/v2\/posts\/777\/revisions"}],"predecessor-version":[{"id":778,"href":"https:\/\/bruxelles-pantheres.be\/index.php?rest_route=\/wp\/v2\/posts\/777\/revisions\/778"}],"wp:attachment":[{"href":"https:\/\/bruxelles-pantheres.be\/index.php?rest_route=%2Fwp%2Fv2%2Fmedia&parent=777"}],"wp:term":[{"taxonomy":"category","embeddable":true,"href":"https:\/\/bruxelles-pantheres.be\/index.php?rest_route=%2Fwp%2Fv2%2Fcategories&post=777"},{"taxonomy":"post_tag","embeddable":true,"href":"https:\/\/bruxelles-pantheres.be\/index.php?rest_route=%2Fwp%2Fv2%2Ftags&post=777"}],"curies":[{"name":"wp","href":"https:\/\/api.w.org\/{rel}","templated":true}]}}