{"id":779,"date":"2012-10-12T17:41:48","date_gmt":"2012-10-12T16:41:48","guid":{"rendered":"https:\/\/bruxelles-pantheres.be\/?p=779"},"modified":"2013-11-11T17:44:10","modified_gmt":"2013-11-11T16:44:10","slug":"lenorme-ficelle-du-racisme-anti-blanc","status":"publish","type":"post","link":"https:\/\/bruxelles-pantheres.be\/?p=779","title":{"rendered":"L\u2019\u00e9norme ficelle du \u00ab racisme anti-Blanc \u00bb"},"content":{"rendered":"<header><\/header>\n<div>\n<p><em>Par Olivier Esteves, ma\u00eetre de conf\u00e9rences \u00e0 l\u2019universit\u00e9 de Lille-III<br \/>\n<\/em><br \/>\n01\/10\/2012 \u2013 La sortie r\u00e9cente de M. Cop\u00e9 sur \u00ab\u00a0le racisme anti-Blanc\u00a0\u00bb ne constitue qu\u2019un \u00e9pisode du d\u00e9bat oiseux autour d\u2019un concept bien mal nomm\u00e9. Ainsi, le 14 mars 2011, l\u2019hebdomadaire L\u2019Express couvrait la parution d\u2019un court essai de 58 pages, \u00e9crit en grosses lettres, sans note de bas de page, et consistant presque exclusivement en des entretiens. Le titre de l\u2019opuscule : Le racisme anti-Blanc, le sous-titre Ne pas en parler : un d\u00e9ni de r\u00e9alit\u00e9.<!--more--> L\u2019auteur, Tarik Yildiz, est un contributeur du Bondy Blog de 25 ans, et qui \u00e9tudie la sociologie. Son essai se pr\u00e9sente comme \u00ab\u00a0modeste\u00a0\u00bb (p. 52), se limitant \u00ab\u00a0\u00e0 l\u2019\u00e9tablissement d\u2019un constat\u00a0\u00bb (p. 13). L\u2019expression \u00ab\u00a0Fran\u00e7ais de souche\u00a0\u00bb, avec ou sans guillemets, y est utilis\u00e9e 25 fois, soit presque une page sur deux, 13 fois dans la bouche de l\u2019auteur et 12 chez les personnes interrog\u00e9es.<br \/>\nLa logique d\u2019ensemble est ici comparable au buzz autour de l\u2019essai Le D\u00e9ni des cultures d\u2019Hugues Lagrange (Fayard, 2010). On d\u00e9cerne un satisfecit \u00e0 des chercheurs qui ont le \u00ab\u00a0courage\u00a0\u00bb d\u2019\u00e9noncer des v\u00e9rit\u00e9s scientifiques qui sont \u00ab\u00a0d\u00e9rangeantes\u00a0\u00bb car pr\u00e9server le tabou serait nier une \u00e9vidence qui pourrait faire le jeu du Front national (FN). Mais en r\u00e9alit\u00e9, on se trouve face \u00e0 une aporie politique : nier certaines \u00ab\u00a0r\u00e9alit\u00e9s\u00a0\u00bb nourrit le sentiment de ne pas \u00eatre entendu et fait le jeu du FN, mais \u00ab\u00a0en parler\u00a0\u00bb l\u00e9gitime tout autant les probl\u00e9matiques pos\u00e9es par l\u2019extr\u00eame droite, en apportant une caution universitaire (solide pour Hugues Lagrange) \u00e0 des th\u00e8ses r\u00e9cus\u00e9es par les auteurs de ces livres, dont les \u00ab\u00a0r\u00e9v\u00e9lations\u00a0\u00bb \u2013 c\u2019\u00e9tait d\u2019ailleurs couru d\u2019avance \u2013 sont tr\u00e8s vite exploit\u00e9es par l\u2019extr\u00eame droite.<\/p>\n<p>Le probl\u00e8me majeur du livre de M. Yildiz est qu\u2019il ne contextualise ni ne commente l\u2019\u00a0\u00bbAppel contre les ratonnades anti-Blancs\u00a0\u00bb qui sert de socle \u00e0 l\u2019essai, sauf \u00e0 pr\u00e9senter Alain Finkielkraut, Pierre-Andr\u00e9 Taguieff et Bernard Kouchner comme des figures \u00ab\u00a0souvent class\u00e9es \u00e0 gauche\u00a0\u00bb (p. 9) et \u00e0 dater ledit appel de 2008 (p. 55) alors qu\u2019il fut en r\u00e9alit\u00e9 lanc\u00e9 en 2005 !<\/p>\n<p>L\u2019appel lui-m\u00eame est parcouru d\u2019amalgames en tous genres. Il assimile deux d\u00e9bordements violents mais fort dissemblables lors de manifestations, le premier contre quatre jeunes juifs du mouvement Hachomer Hatza\u00efr lors d\u2019un d\u00e9fil\u00e9 contre la guerre en Irak (26 mars 2003), l\u2019autre presque exactement deux ans plus tard, lors d\u2019une mobilisation lyc\u00e9enne contre la loi Fillon, o\u00f9 des jeunes Parisiens ont \u00e9t\u00e9 mis par terre et agress\u00e9s par des jeunes de banlieue dans le but de voler leurs t\u00e9l\u00e9phones portables. Le premier \u00e9v\u00e9nement a d\u00e9lib\u00e9r\u00e9ment cibl\u00e9 des juifs, le second rel\u00e8ve d\u2019un acte de d\u00e9linquance, m\u00eame si l\u2019appartenance raciale \u00ab\u00a0blanche\u00a0\u00bb a peut-\u00eatre \u00e9t\u00e9 invoqu\u00e9e par les agresseurs. Aucun bless\u00e9 grave n\u2019a heureusement \u00e9t\u00e9 \u00e0 d\u00e9plorer, ni en 2003 ni en 2005. Pourtant, l\u2019appel parle pour 2003 de \u00ab\u00a0tentative de lynchage, en plein Paris\u00a0\u00bb, et pour 2005 de ce \u00ab\u00a0qu\u2019on peut appeler des \u2018ratonnades anti-Blancs\u2019\u00a0\u00bb.<\/p>\n<p>En proc\u00e9dant de la sorte, il exag\u00e8re la gravit\u00e9 des faits en leur conf\u00e9rant une dimension tragique et unilat\u00e9ralement raciale, puisqu\u2019il \u00e9voque les lynchages aux Etats-Unis et ratonnades pendant la p\u00e9riode coloniale en Afrique du nord. Surtout, le proc\u00e9d\u00e9 rh\u00e9torique inverse le rapport majorit\u00e9-minorit\u00e9 : il arrive d\u00e9sormais que les Blancs, en France, soient d\u00e9mographiquement minoritaires, comme les Noirs outre-Atlantique, ou bien qu\u2019ils constituent une majorit\u00e9 d\u00e9mographique, certes, mais qui survit sous la f\u00e9rule d\u2019une minorit\u00e9 ayant pris le pouvoir, comme les Arabes dans l\u2019Alg\u00e9rie coloniale, victimes des \u00ab\u00a0ratonnades\u00a0\u00bb de la minorit\u00e9 europ\u00e9enne. Quoi qu\u2019il en soit, les Blancs ou Fran\u00e7ais sont devenus citoyens de seconde zone dans leur propre pays : c\u2019est aussi en cela qu\u2019il faut comprendre la sortie de M. Cop\u00e9, qui fait \u00e9cho \u00e0 des propos semblables des Sarkozy ou Gu\u00e9ant.<\/p>\n<p>Chez les personnes qui lancent l\u2019appel, l\u2019inversion minorit\u00e9-majorit\u00e9 permet en outre de poser en intellectuels critiques qui \u00ab\u00a0disent la v\u00e9rit\u00e9 au pouvoir au nom des opprim\u00e9s\u00a0\u00bb. Sans oublier que le risque r\u00e9el d\u2019\u00eatre instrumentalis\u00e9 par le Front national (Bruno Gollnisch exploita le filon d\u00e8s le lendemain de l\u2019appel dans Le Monde) permet de poser en martyr id\u00e9ologique au nom de la V\u00e9rit\u00e9. Ou, pour citer l\u2019appel : \u00ab\u00a0Ecrire ce genre de textes est difficile parce que les victimes sont kidnapp\u00e9es par l\u2019extr\u00eame droite.\u00a0\u00bb<\/p>\n<p>En r\u00e9alit\u00e9, le \u00ab\u00a0racisme anti-Blanc\u00a0\u00bb n\u2019est qu\u2019une illustration relativement r\u00e9cente du galvaudage que ce terme de \u00ab\u00a0racisme\u00a0\u00bb a pu subir, et qu\u2019ont pu d\u00e9plorer Claude L\u00e9vi-Strauss, Robert Miles ou G\u00e9rard Noiriel plus r\u00e9cemment. \u00ab\u00a0Racisme\u00a0\u00bb surtout renvoie \u00e0 des situations bien r\u00e9elles d\u2019oppression dans l\u2019histoire, notamment coloniale. Lorsqu\u2019un \u00e9colier pr\u00e9nomm\u00e9 Mohamed est appel\u00e9 \u00ab\u00a0Sale Arabe\u00a0\u00bb, l\u2019effet, compte tenu de ce poids historique, ne peut pas \u00eatre le m\u00eame que lorsqu\u2019un S\u00e9bastien est appel\u00e9 \u00ab\u00a0Sale C\u00e9fran\u00a0\u00bb, \u00ab\u00a0Gaulois\u00a0\u00bb ou \u00ab\u00a0Gouar\u00a0\u00bb. Il ne s\u2019agit pas du tout de nier ou de minimiser les brimades ou insultes dont peuvent \u00eatre la cible des Fran\u00e7ais blancs et non-musulmans, et la souffrance qui peut en r\u00e9sulter chez des coll\u00e9giens, mais tout simplement de rappeler l\u2019influence consid\u00e9rable d\u2019un h\u00e9ritage colonial et postcolonial douloureux, qu\u2019ont notamment int\u00e9rioris\u00e9 les enfants d\u2019immigr\u00e9s du Maghreb, qu\u2019ils aient \u00e9tudi\u00e9 ou non l\u2019histoire de leur pays d\u2019origine.<\/p>\n<p>Certains sociologues pr\u00e9f\u00e8rent appeler \u00ab\u00a0contre-racisme\u00a0\u00bb ce \u00ab\u00a0racisme anti-Blanc\u00a0\u00bb cher \u00e0 messieurs Cop\u00e9 et Finkielkraut. Ce choix est de bon aloi, premi\u00e8rement car il ne nie pas l\u2019existence d\u2019une profonde hostilit\u00e9 contre les \u00ab\u00a0Blancs\u00a0\u00bb dans certains quartiers, deuxi\u00e8mement et surtout parce qu\u2019il y voit une r\u00e9action r\u00e9sultant d\u2019un racisme r\u00e9el ou per\u00e7u \u00e9manant de la majorit\u00e9. Car le principal probl\u00e8me de l\u2019expression \u00ab\u00a0racisme anti-Blanc\u00a0\u00bb est bien qu\u2019il naturalise une hostilit\u00e9 consid\u00e9r\u00e9e comme visc\u00e9rale et end\u00e9mique d\u2019\u00a0\u00bbimmigr\u00e9s\u00a0\u00bb scandaleusement ingrats envers la France, oblit\u00e9rant de ce fait tout le champ complexe des causes historiques, sociologiques, politiques et \u00e9conomiques : discriminations sur le march\u00e9 du travail, politique du logement, politique d\u2019\u00e9ducation, stigmatisation polici\u00e8re pour ne citer qu\u2019elles. Loin donc de susciter un d\u00e9bat apr\u00e8s avoir bris\u00e9 un \u00ab\u00a0tabou\u00a0\u00bb pas si tabou que cela, l\u2019expression dit la stigmatisation et emp\u00eache de penser un vrai probl\u00e8me.<\/p>\n<p>Olivier Esteves, ma\u00eetre de conf\u00e9rences \u00e0 l\u2019universit\u00e9 de Lille-III, est l\u2019auteur de De l\u2019invisibilit\u00e9 \u00e0 l\u2019islamophobie : musulmans britanniques (1945-2010), Presses de Sciences-Po, 2010.<br \/>\n\u00a9 Le Monde<\/p>\n<header><\/header>\n<header><\/header>\n<p><a href=\"http:\/\/www.lemonde.fr\/idees\/article\/2012\/10\/01\/l-enorme-ficelle-du-racisme-anti-blanc_1768069_3232.html\">SOURCE<\/a><\/p>\n<p><img decoding=\"async\" class=\"aligncenter\" alt=\"http:\/\/media.urtikan.net\/wp-content\/uploads\/2012\/09\/120927-cope-racisme-blanc.jpg\" src=\"http:\/\/media.urtikan.net\/wp-content\/uploads\/2012\/09\/120927-cope-racisme-blanc.jpg\" \/><\/p>\n<\/div>\n","protected":false},"excerpt":{"rendered":"<p>Par Olivier Esteves, ma\u00eetre de conf\u00e9rences \u00e0 l\u2019universit\u00e9 de Lille-III 01\/10\/2012 \u2013 La sortie r\u00e9cente de M. Cop\u00e9 sur \u00ab\u00a0le racisme anti-Blanc\u00a0\u00bb ne constitue qu\u2019un \u00e9pisode du d\u00e9bat oiseux autour d\u2019un concept bien mal nomm\u00e9. Ainsi, le 14 mars 2011, l\u2019hebdomadaire L\u2019Express couvrait la parution d\u2019un court essai de 58 pages, \u00e9crit en grosses lettres, &#8230; <a title=\"L\u2019\u00e9norme ficelle du \u00ab racisme anti-Blanc \u00bb\" class=\"read-more\" href=\"https:\/\/bruxelles-pantheres.be\/?p=779\" aria-label=\"En savoir plus sur L\u2019\u00e9norme ficelle du \u00ab racisme anti-Blanc \u00bb\">Lire la suite<\/a><\/p>\n","protected":false},"author":1,"featured_media":324,"comment_status":"open","ping_status":"open","sticky":false,"template":"","format":"standard","meta":{"footnotes":""},"categories":[18,28],"tags":[],"class_list":["post-779","post","type-post","status-publish","format-standard","has-post-thumbnail","hentry","category-resistance-bruxelles","category-racismes"],"_links":{"self":[{"href":"https:\/\/bruxelles-pantheres.be\/index.php?rest_route=\/wp\/v2\/posts\/779","targetHints":{"allow":["GET"]}}],"collection":[{"href":"https:\/\/bruxelles-pantheres.be\/index.php?rest_route=\/wp\/v2\/posts"}],"about":[{"href":"https:\/\/bruxelles-pantheres.be\/index.php?rest_route=\/wp\/v2\/types\/post"}],"author":[{"embeddable":true,"href":"https:\/\/bruxelles-pantheres.be\/index.php?rest_route=\/wp\/v2\/users\/1"}],"replies":[{"embeddable":true,"href":"https:\/\/bruxelles-pantheres.be\/index.php?rest_route=%2Fwp%2Fv2%2Fcomments&post=779"}],"version-history":[{"count":1,"href":"https:\/\/bruxelles-pantheres.be\/index.php?rest_route=\/wp\/v2\/posts\/779\/revisions"}],"predecessor-version":[{"id":780,"href":"https:\/\/bruxelles-pantheres.be\/index.php?rest_route=\/wp\/v2\/posts\/779\/revisions\/780"}],"wp:featuredmedia":[{"embeddable":true,"href":"https:\/\/bruxelles-pantheres.be\/index.php?rest_route=\/wp\/v2\/media\/324"}],"wp:attachment":[{"href":"https:\/\/bruxelles-pantheres.be\/index.php?rest_route=%2Fwp%2Fv2%2Fmedia&parent=779"}],"wp:term":[{"taxonomy":"category","embeddable":true,"href":"https:\/\/bruxelles-pantheres.be\/index.php?rest_route=%2Fwp%2Fv2%2Fcategories&post=779"},{"taxonomy":"post_tag","embeddable":true,"href":"https:\/\/bruxelles-pantheres.be\/index.php?rest_route=%2Fwp%2Fv2%2Ftags&post=779"}],"curies":[{"name":"wp","href":"https:\/\/api.w.org\/{rel}","templated":true}]}}