{"id":788,"date":"2012-10-04T17:59:19","date_gmt":"2012-10-04T16:59:19","guid":{"rendered":"https:\/\/bruxelles-pantheres.be\/?p=788"},"modified":"2016-01-07T23:00:27","modified_gmt":"2016-01-07T22:00:27","slug":"tegen-politiegeweld","status":"publish","type":"post","link":"https:\/\/bruxelles-pantheres.be\/?p=788","title":{"rendered":"\u2018Tegen politiegeweld\u2019"},"content":{"rendered":"<div>\n<div>\n<div id=\"photocontainer\" data-images=\"http:\/\/api.nieuwsblad.be\/Article\/ArticleServiceWCF.svc\/GetImagesForArticle?callback=?&amp;articleId=DMF20121003_00321141\" data-uid=\"DMF20121003_00321141\">\n<div>\n<p>Egalit\u00e9 telt enkel kandidaten die in volkswijken wonen.<\/p>\n<\/div>\n<\/div>\n<\/div>\n<div id=\"article-intro\">\n<p>BRUSSEL \u2013 Nog een nieuwe partij in Brussel is de tweetalige lijst Egalit\u00e9. De beweging bestond in 2008 na de bombardementen in de Gazastrook in Palestina en biedt zich nu in acht Brusselse gemeenten aan.<!--more--><\/p>\n<\/div>\n<div id=\"article-body\">\n<p>\u2018Al onze leden wonen in volkswijken en zijn sympathisanten van de Palestijnse zaak\u2019, zegt woordvoerder Nordine Saidi. \u2018Lokaal is de strijd tegen het politiegeweld ons belangrijkste punt. Wij willen een verbod op willekeurige politiecontrole. Er moeten criteria komen om iemand te kunnen fouilleren, dat is een systeem dat ook al in andere landen bestaat.\u2019<\/p>\n<p>Verder strijdt Egalit\u00e9 tegen discriminatie in het onderwijs: \u2018Iedereen moet het recht hebben om een hoofddoek te dragen.\u2019 In totaal staan er veertig kandidaten om de Brusselse lijsten. Bij de federale verkiezingen 2010 geraakten ze samen aan 5670 stemmen, maar Saidi verwacht nergens een zetel binnen te halen. \u2018Verkiezingen zijn voor ons een middel, geen doel. Het belangrijkste is dat onze boodschap gehoord wordt.\u2019<\/p>\n<p><a href=\"http:\/\/www.nieuwsblad.be\/article\/detail.aspx?articleid=DMF20121003_00321141\">Source<\/a><\/p>\n<div id=\"photoslider\"><\/div>\n<p><a href=\"https:\/\/bruxelles-pantheres.be\/wp-content\/uploads\/2012\/10\/e9a9bc80-0d6b-11e2-91e1-2cde383ac622_original.jpg.h380.jpg\" rel=\"attachment wp-att-2700\"><img decoding=\"async\" class=\"alignnone size-full wp-image-2700\" src=\"https:\/\/bruxelles-pantheres.be\/wp-content\/uploads\/2012\/10\/e9a9bc80-0d6b-11e2-91e1-2cde383ac622_original.jpg.h380.jpg\" alt=\"e9a9bc80-0d6b-11e2-91e1-2cde383ac622_original.jpg.h380\" width=\"523\" height=\"380\" srcset=\"https:\/\/bruxelles-pantheres.be\/wp-content\/uploads\/2012\/10\/e9a9bc80-0d6b-11e2-91e1-2cde383ac622_original.jpg.h380.jpg 523w, https:\/\/bruxelles-pantheres.be\/wp-content\/uploads\/2012\/10\/e9a9bc80-0d6b-11e2-91e1-2cde383ac622_original.jpg.h380-300x218.jpg 300w\" sizes=\"(max-width: 523px) 100vw, 523px\" \/><\/a><\/p>\n<p>&nbsp;<\/p>\n<div>\n<p style=\"text-align: center;\"><a href=\"https:\/\/bruxelles-pantheres.be\/wp-content\/uploads\/2012\/10\/Anderlecht-15.jpg\" rel=\"attachment wp-att-2698\"><img decoding=\"async\" class=\"alignnone size-full wp-image-2698\" src=\"https:\/\/bruxelles-pantheres.be\/wp-content\/uploads\/2012\/10\/Anderlecht-15.jpg\" alt=\"Anderlecht-15\" width=\"592\" height=\"836\" srcset=\"https:\/\/bruxelles-pantheres.be\/wp-content\/uploads\/2012\/10\/Anderlecht-15.jpg 592w, https:\/\/bruxelles-pantheres.be\/wp-content\/uploads\/2012\/10\/Anderlecht-15-212x300.jpg 212w\" sizes=\"(max-width: 592px) 100vw, 592px\" \/><\/a><\/p>\n<p>Je r\u00e9siste, je suis d\u00e9termin\u00e9e\u2026<br \/>\nEgalit\u00e9 est toute ma fiert\u00e9\u2026<\/p>\n<p>Le voile sur la t\u00eate n est pas \u00e0 retirer!<br \/>\nLe voile sur les yeux doit \u00eatre condamn\u00e9!<br \/>\nJustice, tu n existes pas!<br \/>\nJustice, avec nous, naissance tu prendras<\/p>\n<p>Police, tu nous frappes!<br \/>\nPolice, tes coups tu cesseras!<\/p>\n<p>De vos lois on n\u2019en veut pas!<br \/>\nDe vraies lois on vous offrira!<\/p>\n<p>Nos combats sont pour tous les citoyens\u2026<br \/>\nRiches, pauvres ou moyens\u2026<\/p>\n<p>\u00c9gale \u00e0 moi-m\u00eame, je me battrai\u2026<br \/>\n\u00c9galitaires, je vous soutiendrai\u2026<\/p>\n<p>Tous sur le m\u00eame pied d\u2019 Egalit\u00e9<br \/>\nJe r\u00e9siste je suis d\u00e9termin\u00e9e \u2026<\/p>\n<p>Nassera<\/p>\n<\/div>\n<\/div>\n<\/div>\n","protected":false},"excerpt":{"rendered":"<p>Egalit\u00e9 telt enkel kandidaten die in volkswijken wonen. BRUSSEL \u2013 Nog een nieuwe partij in Brussel is de tweetalige lijst Egalit\u00e9. De beweging bestond in 2008 na de bombardementen in de Gazastrook in Palestina en biedt zich nu in acht Brusselse gemeenten aan.<\/p>\n","protected":false},"author":1,"featured_media":2698,"comment_status":"open","ping_status":"open","sticky":false,"template":"","format":"standard","meta":{"footnotes":""},"categories":[21,22,25,4,20,7,6,8,18,28,37,39,40,5],"tags":[10,31,14,23,13,19,15,9],"class_list":["post-788","post","type-post","status-publish","format-standard","has-post-thumbnail","hentry","category-anti-imperialisme","category-emploi","category-enseignement","category-islamophobie","category-logement","category-negrophobie","category-palestine-moyen-orient","category-prisons","category-resistance-bruxelles","category-racismes","category-romophobie","category-sans-papier","category-transport","category-violence-policiere","tag-ecole","tag-belgique","tag-bruxelles","tag-discrimination","tag-nordine-saidi","tag-pauvrete","tag-resistance","tag-voile"],"_links":{"self":[{"href":"https:\/\/bruxelles-pantheres.be\/index.php?rest_route=\/wp\/v2\/posts\/788","targetHints":{"allow":["GET"]}}],"collection":[{"href":"https:\/\/bruxelles-pantheres.be\/index.php?rest_route=\/wp\/v2\/posts"}],"about":[{"href":"https:\/\/bruxelles-pantheres.be\/index.php?rest_route=\/wp\/v2\/types\/post"}],"author":[{"embeddable":true,"href":"https:\/\/bruxelles-pantheres.be\/index.php?rest_route=\/wp\/v2\/users\/1"}],"replies":[{"embeddable":true,"href":"https:\/\/bruxelles-pantheres.be\/index.php?rest_route=%2Fwp%2Fv2%2Fcomments&post=788"}],"version-history":[{"count":3,"href":"https:\/\/bruxelles-pantheres.be\/index.php?rest_route=\/wp\/v2\/posts\/788\/revisions"}],"predecessor-version":[{"id":2701,"href":"https:\/\/bruxelles-pantheres.be\/index.php?rest_route=\/wp\/v2\/posts\/788\/revisions\/2701"}],"wp:featuredmedia":[{"embeddable":true,"href":"https:\/\/bruxelles-pantheres.be\/index.php?rest_route=\/wp\/v2\/media\/2698"}],"wp:attachment":[{"href":"https:\/\/bruxelles-pantheres.be\/index.php?rest_route=%2Fwp%2Fv2%2Fmedia&parent=788"}],"wp:term":[{"taxonomy":"category","embeddable":true,"href":"https:\/\/bruxelles-pantheres.be\/index.php?rest_route=%2Fwp%2Fv2%2Fcategories&post=788"},{"taxonomy":"post_tag","embeddable":true,"href":"https:\/\/bruxelles-pantheres.be\/index.php?rest_route=%2Fwp%2Fv2%2Ftags&post=788"}],"curies":[{"name":"wp","href":"https:\/\/api.w.org\/{rel}","templated":true}]}}