{"id":791,"date":"2012-09-28T18:05:20","date_gmt":"2012-09-28T17:05:20","guid":{"rendered":"https:\/\/bruxelles-pantheres.be\/?p=791"},"modified":"2013-11-11T18:08:12","modified_gmt":"2013-11-11T17:08:12","slug":"racisme-discriminations-islamophobie-un-faux-probleme-pour-le-ptb","status":"publish","type":"post","link":"https:\/\/bruxelles-pantheres.be\/?p=791","title":{"rendered":"Racisme, discriminations, islamophobie : un faux probl\u00e8me pour le PTB"},"content":{"rendered":"<div>\n<p>Dans le tout r\u00e9cent recueil de textes <a href=\"http:\/\/www.egalite.be\/?p=3555\">\u00ab\u00a0Race et capitalisme\u00a0\u00bb<\/a>, les coordinateurs, F\u00e9lix Boggio-\u00c9wanj\u00e9-\u00c9p\u00e9e et Stella Magliani-Belkacem, partent en guerre contre un des grands dadas de la gauche actuelle, \u00e0 savoir que \u00ab\u00a0<em>le racisme ferait \u00e9cran aux <\/em>vrais<em> enjeux<\/em>\u00a0\u00bb\u00a0: <a href=\"http:\/\/www.egalite.be\/?p=3156\">\u00ab<em>\u00a0Le racisme serait une mani\u00e8re de d\u00e9tourner l\u2019attention, une <\/em>diversion<em> op\u00e9r\u00e9e par la classe dominante en direction des classes populaires pour r\u00e9duire leur combativit\u00e9 collective\u00a0<\/em>\u00bb<\/a><a title=\"\" href=\"https:\/\/mail.google.com\/mail\/u\/0\/html\/compose\/static_files\/blank_quirks.html#_ftn1\" target=\"_blank\">[1]<\/a>.<!--more--><\/p>\n<p>\u00ab\u00a0<em>Le racisme fait \u00e9cran aux vrais enjeux<\/em>\u00a0\u00bb<\/p>\n<p>Pour nombre de militants de gauche, cette th\u00e8se est s\u00e9duisante. Elle r\u00e9pand parmi eux l\u2019id\u00e9e qu\u2019il existe de vrais et de faux enjeux\u00a0; que certains enjeux unissent les gens et d\u2019autres les divisent. Il suffirait donc de s\u2019occuper s\u00e9rieusement des \u00ab\u00a0vrais enjeux\u00a0\u00bb pour unir tout le monde et pour \u00eatre plus fort pour\u00a0 mener son combat.<\/p>\n<p>Je voudrais illustrer cette th\u00e8se par l\u2019analyse de la pratique politique d\u2019un parti, le Parti du Travail de Belgique, qui a effectu\u00e9 une mutation consciente dans le domaine et mis cette th\u00e8se en pratique de fa\u00e7on coh\u00e9rente.<\/p>\n<p>La mutation s\u2019est op\u00e9r\u00e9e dans le souci \u00e9vident de gagner les votes populaires : \u00e9viter d\u2019aborder de front les questions qui f\u00e2chent et se limiter aux sujets qui feraient l\u2019unanimit\u00e9 du peuple. Il faut aussi trouver des angles d\u2019attaque pour toucher les travailleurs : <em>\u00ab\u00a0 Nous d\u00e9fendons les int\u00e9r\u00eats des travailleurs. Et nous devons aussi le prouver en pratique. Et nous devons r\u00e9aliser qu\u2019il n\u2019y a pas de petits probl\u00e8mes<\/em>\u201d<a title=\"\" href=\"https:\/\/mail.google.com\/mail\/u\/0\/html\/compose\/static_files\/blank_quirks.html#_ftn2\" target=\"_blank\">[2]<\/a>. Mais peu de temps apr\u00e8s avoir annonc\u00e9 que le parti s\u2019occuperait dor\u00e9navant de chaque petit probl\u00e8me, il s\u2019empresse de d\u00e9terminer, pour la campagne \u00e9lectorale nationale de 2009 quels sont les VRAIS probl\u00e8mes du peuple: \u201c<em>Les vrais probl\u00e8mes, d\u2019apr\u00e8s le parti de gauche, ce sont l\u2019emploi, les pensions, les factures d\u2019\u00e9nergie trop ch\u00e8res, les soins de sant\u00e9 et une banque pour placer ses \u00e9conomies en toute s\u00e9curit\u00e9<\/em>\u201d<a title=\"\" href=\"https:\/\/mail.google.com\/mail\/u\/0\/html\/compose\/static_files\/blank_quirks.html#_ftn3\" target=\"_blank\">[3]<\/a>. Les vrais probl\u00e8mes du peuple sont donc strictement limit\u00e9s \u00e0 leurs aspects sociaux et \u00e9conomiques.<\/p>\n<p>La m\u00eame orientation est maintenue dans l\u2019approche des \u00e9lections communales d\u2019octobre 2012. M\u00eame dans une commune comme Molenbeek (l\u2019une des dix-neuf communes de Bruxelles), comportant une large majorit\u00e9 non blanche de la population, le parti d\u00e9veloppe son analyse sans sourciller. \u00ab<em>\u00a0Le PTB-Molenbeek a \u00e9galement r\u00e9v\u00e9l\u00e9 les tout premiers r\u00e9sultats de l\u2019enqu\u00eate men\u00e9e aupr\u00e8s de plus de 800 Molenbeekois. Ceux-ci<\/em><em>\u2028<\/em><em>sont r\u00e9v\u00e9lateurs des vrais probl\u00e8mes que vivent les habitants de la<\/em><em>\u2028<\/em><em>commune : des loyers trop chers, le manque d\u2019emplois dignes, les difficult\u00e9s \u00e0 trouver une \u00e9cole de qualit\u00e9. Certains politiciens font<\/em><em>\u2028<\/em><em>de la politique en tenant des propos qui divisent et qui stigmatisent.<\/em><em>\u2028<\/em><em>L\u2019enqu\u00eate que nous avons r\u00e9alis\u00e9e dans tous les quartiers de la commune<\/em><em>\u2028<\/em><em>montre au contraire que les Molenbeekois vivent des probl\u00e8mes similaires<\/em><em> <\/em><em>quelle que soit leur origine, explique Dirk De Block.<\/em><em> <\/em><em>Le vivre-ensemble et l\u2019int\u00e9gration des uns et des autres passeront avant tout en solutionnant les probl\u00e8mes sociaux cr\u00e9\u00e9s par les politiques de droite qui gouvernent actuellement les diff\u00e9rents \u00e9chelons<\/em><em>\u2028<\/em><em>de pouvoir. C\u2019est \u00e7a le vrai d\u00e9bat qu\u2019il faut aujourd\u2019hui mener<\/em>. \u00bb<\/p>\n<p>Ce communiqu\u00e9 illustre le raisonnement en trois points.<\/p>\n<p>Tout d\u2019abord, il y a des \u00ab\u00a0vrais\u00a0\u00bb d\u00e9bats et des \u00ab\u00a0faux\u00a0\u00bb d\u00e9bats. Tout ce qui touche aux probl\u00e8mes sociaux et \u00e9conomiques fait partie des vrais d\u00e9bats. Tout ce qui touche aux probl\u00e8mes de racisme, de discrimination, de nationalisme fait partie des faux d\u00e9bats. Le concept de \u00ab\u00a0vrais probl\u00e8mes\u00a0\u00bb est au centre de tous les tours de passe-passe pour amener les discrimin\u00e9s \u00e0 renoncer \u00e0 leurs revendications propres.<\/p>\n<p>Deuxi\u00e8mement le racisme et la discrimination sont uniquement imputables aux \u00ab\u00a0<em>propos<\/em>\u00a0\u00bb de politiciens qui divisent le peuple. Autrement dit, il ne s\u2019agit que de paroles et toute personne intelligente ne se laissera pas d\u00e9tourner des \u00ab\u00a0vrais probl\u00e8mes\u00a0\u00bb par ces faux propos. Le racisme, la discrimination, l\u2019islamophobie ne sont m\u00eame plus mentionn\u00e9s en tant que pratiques qui excluent une large partie de la population de droits fondamentaux, en tant que pratiques qui organisent structurellement sa surexploitation.<\/p>\n<p>Troisi\u00e8mement, et c\u2019est l\u00e0 que tout se joue, \u00ab\u00a0<em>le vivre-ensemble et l\u2019int\u00e9gration\u00a0des uns et des autres<\/em>\u00a0\u00bb seront r\u00e9solus quand les probl\u00e8mes sociaux le seront. Qu\u2019entend-on par int\u00e9gration des uns et des autres\u00a0? L\u2019int\u00e9gration des uns par les autres\u00a0? Pour \u00ab\u00a0vivre ensemble\u00a0\u00bb, la partie majoritaire du peuple doit-elle renoncer \u00e0 ses revendications propres pour se faire accepter par l\u2019autre\u00a0?<\/p>\n<p>Mais sachez que tout questionnaire vit aux d\u00e9pens de celui qui le remplit\u00a0: il est impossible de cocher un point sur la discrimination ou le racisme des forces de police dans le questionnaire du PTB puisque tout ce qui touche \u00e0 la discrimination et au racisme en est totalement absent.<\/p>\n<p>Pour cette gauche marxiste, il existerait UN peuple, partageant de la m\u00eame fa\u00e7on les m\u00eames probl\u00e8mes. Tous ces probl\u00e8mes seront r\u00e9solus par le programme de partage des richesses qu\u2019elle propose. Et pour r\u00e9aliser ce programme, il suffirait de s\u2019unir en mettant de c\u00f4t\u00e9 les questions de race, de religion, de langue, de culture, d\u2019identit\u00e9\u2026<\/p>\n<p>Naturellement ce discours est le plus souvent tenu par des hommes blancs, parlant la langue (ou une des langues) officielle du\u00a0 pays, issu de la culture philosophique et\/ou religieuse dominante et aspirant plus ou moins avidement \u00e0 repr\u00e9senter LE peuple le plus vite possible dans un parlement domin\u00e9 par ses cong\u00e9n\u00e8res.<\/p>\n<p><strong>LE peuple n\u2019existe pas. LES travailleurs ne sont pas identiques et interchangeables<\/strong><\/p>\n<p>Dire que le probl\u00e8me de l\u2019acc\u00e8s \u00e0 l\u2019emploi, au logement ou \u00e0 l\u2019\u00e9cole est \u00ab\u00a0similaire\u00a0\u00bb pour un habitant de Molenbeek s\u2019appelant Dirk De Block ou Farida Aarrass est tout simplement ridicule<a title=\"\" href=\"https:\/\/mail.google.com\/mail\/u\/0\/html\/compose\/static_files\/blank_quirks.html#_ftn4\" target=\"_blank\">[4]<\/a>. \u00c0 supposer qu\u2019ils disposent d\u2019une fiche de salaire identique,\u00a0 ce qui n\u2019est certes d\u00e9j\u00e0 pas le cas, Dirk ou Farida ne recevront pas le m\u00eame accueil chez les propri\u00e9taires qui mettent un bien en location. Une \u00e9tudiante d\u2019origine africaine me demanda un jour de t\u00e9l\u00e9phoner \u00e0 un propri\u00e9taire des beaux quartiers de Molenbeek. Cette \u00e9tudiante \u00e9tait enceinte de son deuxi\u00e8me enfant et souhaitait disposer d\u2019un appartement plus grand, dans un environnement qu\u2019elle jugeait plus propice \u00e0 l\u2019\u00e9ducation de ses enfants. Elle avait d\u00e9j\u00e0 t\u00e9l\u00e9phon\u00e9 \u00e0 la propri\u00e9taire qui disait ne s\u2019exprimer qu\u2019en n\u00e9erlandais. Elle avait alors demand\u00e9 \u00e0 un ami de la m\u00eame nationalit\u00e9 qu\u2019elle, mais qui se d\u00e9brouillait en n\u00e9erlandais, de rappeler la propri\u00e9taire. Celle-ci lui d\u00e9clara, dans cette langue, que l\u2019appartement \u00e9tait lou\u00e9. Mon \u00e9tudiante me demandait de t\u00e9l\u00e9phoner \u00e0 mon tour, puisque je peux m\u2019exprimer en n\u00e9erlandais,\u00a0 pour m\u2019en assurer. Au t\u00e9l\u00e9phone, la propri\u00e9taire r\u00e9pondit imm\u00e9diatement dans un fran\u00e7ais impeccable, sans accent, que l\u2019appartement \u00e9tait toujours disponible et que je pouvais le visiter avec mon mari d\u00e8s que je le souhaitais\u2026 Des histoires lamentables de ce type, j\u2019en ai entendu plus qu\u2019assez.\u00a0 Combien de mes amis ne se sont pas r\u00e9sign\u00e9s \u00e0 acheter parce qu\u2019ils en avaient marre d\u2019entendre pour la quinzi\u00e8me fois \u00ab\u00a0<em>Et de quelle nationalit\u00e9 \u00eates-vous\u00a0?\u00a0<\/em>\u00bb. Il existe aussi des propri\u00e9taires qui ne veulent m\u00eame pas vendre leur bien \u00e0 des acqu\u00e9reurs potentiels parce qu\u2019ils ne disposent pas de la couleur de peau requise, histoire de ne pas d\u00e9grader l\u2019image du quartier\u2026<\/p>\n<p>Non, les probl\u00e8mes des gens du peuple ne sont pas les m\u00eames. Et ne pas pouvoir trouver un logement \u00e0 louer parce qu\u2019on n\u2019a pas le bon nom de famille, ou le bon accent, ou la bonne religion est non seulement un vrai probl\u00e8me, mais c\u2019est un probl\u00e8me <em>plus grave<\/em> parce qu\u2019il contient \u00e0 la fois un probl\u00e8me social et un probl\u00e8me d\u00e9mocratique\u00a0: \u00e0 difficult\u00e9s sociales identiques, l\u2019espoir de r\u00e9soudre le probl\u00e8me n\u2019est pas le m\u00eame. On peut esp\u00e9rer am\u00e9liorer ses revenus mais pas changer de nom ou de couleur de peau.<\/p>\n<p>Si on r\u00e9fl\u00e9chit deux secondes, d\u00e9cr\u00e9ter qu\u2019il y a des \u00ab\u00a0vrais\u00a0\u00bb probl\u00e8mes implique que les autres probl\u00e8mes sont faux. Or la discrimination n\u2019est pas qu\u2019un discours, c\u2019est une pratique courante, tant de la part de l\u2019\u00c9tat que de nombreux citoyens, et elle remplit la vie d\u2019une large couche des travailleurs de probl\u00e8mes graves et nombreux.<\/p>\n<p>Imaginons d\u2019appliquer la th\u00e8se des vrais et des faux probl\u00e8mes \u00e0 la discrimination des femmes. Le racisme serait un faux probl\u00e8me qui nous divise et affaiblit notre combat. Appliqu\u00e9e \u00e0 la situation des femmes, cela donnerait \u00e0 peu pr\u00e8s ceci\u00a0:\u00a0la discrimination des femmes et les pr\u00e9jug\u00e9s envers elles sont de mauvaises choses parce qu\u2019elles nous divisent. Cela revient \u00e0 dire aux femmes\u00a0: \u00ab\u00a0Les probl\u00e8mes que vous posez ne sont pas les vrais probl\u00e8mes parce qu\u2019ils ne sont pas des probl\u00e8mes pour les hommes. Mettez-les de c\u00f4t\u00e9 pour vous battre avec les hommes pour les probl\u00e8mes que vous avez en commun avec eux, comme le prix des loyers, les factures d\u2019\u00e9lectricit\u00e9 et les pensions. Si vous mettez vos probl\u00e8mes de c\u00f4t\u00e9, nous pouvons nous unir et mener ces combats en commun. Beaucoup de femmes qui se trouvent au bas de l\u2019\u00e9chelle sociale s\u2019\u00e9crieraient en ch\u0153ur\u00a0: ah bon, c\u2019est comme cela que vous voyez les choses\u00a0? Et le fait que nous soyons encore toujours pay\u00e9es moins pour un travail identique, ce n\u2019est pas un vrai probl\u00e8me\u00a0? Les violences conjugales et le viol, ce ne sont pas des vrais probl\u00e8mes\u00a0? Notre double journ\u00e9e de travail, ce n\u2019est pas un probl\u00e8me en soi\u00a0? Les difficult\u00e9s pour une femme seule avec enfants de trouver un emploi ou un logement, ce n\u2019est pas un probl\u00e8me\u00a0? Bien s\u00fbr qu\u2019avec vos yeux d\u2019hommes, ce ne sont pas des vrais probl\u00e8mes, mais nous, \u00e7a nous empoisonne la vie, \u00e7a r\u00e9duit nos libert\u00e9s et notre dignit\u00e9. Nous revendiquons tous ces droits parce que nous voulons mieux vivre et vivre dans l\u2019\u00e9galit\u00e9 et la dignit\u00e9. Le vrai probl\u00e8me pour nous, ce n\u2019est pas la division, ce sont les in\u00e9galit\u00e9s.<\/p>\n<p>En r\u00e9alit\u00e9, c\u2019est l\u2019extr\u00eame droite qui a gagn\u00e9 le combat dans la lutte politique autour des vrais et des faux probl\u00e8mes. Elle a fonc\u00e9 toujours plus en avant dans la stigmatisation et la haine de l\u2019immigration et des g\u00e9n\u00e9rations qui en sont issues. Elle affirme haut et fort que le vrai probl\u00e8me, c\u2019est l\u2019immigration. Et en lui r\u00e9pondant qu\u2019elle \u00e9voque des faux probl\u00e8mes pour diviser le peuple, la gauche capitule sur toute la ligne.<\/p>\n<p style=\"text-align: right;\">Nadine Rosa-Rosso<\/p>\n<hr align=\"left\" size=\"1\" width=\"33%\" \/>\n<div>\n<p><a title=\"\" href=\"https:\/\/mail.google.com\/mail\/u\/0\/html\/compose\/static_files\/blank_quirks.html#_ftnref1\" target=\"_blank\">[1]<\/a> Race et Capitalisme, coordonn\u00e9 par F\u00e9lix Boggio \u00c9wangj\u00e9-\u00c9p\u00e9e et Stella Magliani-Belkacem, \u00e9ditions Syllepse, Pais, p7 et 9 juin 2012<\/p>\n<\/div>\n<div>\n<p><a title=\"\" href=\"https:\/\/mail.google.com\/mail\/u\/0\/html\/compose\/static_files\/blank_quirks.html#_ftnref2\" target=\"_blank\">[2]<\/a> Peter Mertens, 2 mars 2008 , Discours au meeting de cl\u00f4ture du Congr\u00e8s du PTB. Le 8<sup>\u00e8me<\/sup> congr\u00e8s du PTB est celui qui a ent\u00e9rin\u00e9 la mutation du parti.<\/p>\n<\/div>\n<div>\n<p><a title=\"\" href=\"https:\/\/mail.google.com\/mail\/u\/0\/html\/compose\/static_files\/blank_quirks.html#_ftnref3\" target=\"_blank\">[3]<\/a> 22 maart 2009, Communiqu\u00e9 de presse : Le PTB+ lance \u00ab Stop au cirque politique \u00bb lors d\u2019un congr\u00e8s devant 1200 personnes<\/p>\n<\/div>\n<p><a title=\"\" href=\"https:\/\/mail.google.com\/mail\/u\/0\/html\/compose\/static_files\/blank_quirks.html#_ftnref4\" target=\"_blank\">[4]<\/a> Dirk De Block est la t\u00eate de liste du PTB aux \u00e9lections communales d\u2019octobre 2012 \u00e0 Molenbeek, Farida Aarrass est la t\u00eate de liste d\u2019Egalit\u00e9<\/p>\n<p><img decoding=\"async\" class=\"alignright\" alt=\"http:\/\/d8.img.v4.skyrock.net\/3384\/62023384\/pics\/2497704299_1.jpg\" src=\"http:\/\/d8.img.v4.skyrock.net\/3384\/62023384\/pics\/2497704299_1.jpg\" \/><\/p>\n<\/div>\n<p>&nbsp;<\/p>\n","protected":false},"excerpt":{"rendered":"<p>Dans le tout r\u00e9cent recueil de textes \u00ab\u00a0Race et capitalisme\u00a0\u00bb, les coordinateurs, F\u00e9lix Boggio-\u00c9wanj\u00e9-\u00c9p\u00e9e et Stella Magliani-Belkacem, partent en guerre contre un des grands dadas de la gauche actuelle, \u00e0 savoir que \u00ab\u00a0le racisme ferait \u00e9cran aux vrais enjeux\u00a0\u00bb\u00a0: \u00ab\u00a0Le racisme serait une mani\u00e8re de d\u00e9tourner l\u2019attention, une diversion op\u00e9r\u00e9e par la classe dominante en &#8230; <a title=\"Racisme, discriminations, islamophobie : un faux probl\u00e8me pour le PTB\" class=\"read-more\" href=\"https:\/\/bruxelles-pantheres.be\/?p=791\" aria-label=\"En savoir plus sur Racisme, discriminations, islamophobie : un faux probl\u00e8me pour le PTB\">Lire la suite<\/a><\/p>\n","protected":false},"author":1,"featured_media":761,"comment_status":"open","ping_status":"open","sticky":false,"template":"","format":"standard","meta":{"footnotes":""},"categories":[4,7,18,28,37,39,5],"tags":[31,14,23,13,15],"class_list":["post-791","post","type-post","status-publish","format-standard","has-post-thumbnail","hentry","category-islamophobie","category-negrophobie","category-resistance-bruxelles","category-racismes","category-romophobie","category-sans-papier","category-violence-policiere","tag-belgique","tag-bruxelles","tag-discrimination","tag-nordine-saidi","tag-resistance"],"_links":{"self":[{"href":"https:\/\/bruxelles-pantheres.be\/index.php?rest_route=\/wp\/v2\/posts\/791","targetHints":{"allow":["GET"]}}],"collection":[{"href":"https:\/\/bruxelles-pantheres.be\/index.php?rest_route=\/wp\/v2\/posts"}],"about":[{"href":"https:\/\/bruxelles-pantheres.be\/index.php?rest_route=\/wp\/v2\/types\/post"}],"author":[{"embeddable":true,"href":"https:\/\/bruxelles-pantheres.be\/index.php?rest_route=\/wp\/v2\/users\/1"}],"replies":[{"embeddable":true,"href":"https:\/\/bruxelles-pantheres.be\/index.php?rest_route=%2Fwp%2Fv2%2Fcomments&post=791"}],"version-history":[{"count":1,"href":"https:\/\/bruxelles-pantheres.be\/index.php?rest_route=\/wp\/v2\/posts\/791\/revisions"}],"predecessor-version":[{"id":792,"href":"https:\/\/bruxelles-pantheres.be\/index.php?rest_route=\/wp\/v2\/posts\/791\/revisions\/792"}],"wp:featuredmedia":[{"embeddable":true,"href":"https:\/\/bruxelles-pantheres.be\/index.php?rest_route=\/wp\/v2\/media\/761"}],"wp:attachment":[{"href":"https:\/\/bruxelles-pantheres.be\/index.php?rest_route=%2Fwp%2Fv2%2Fmedia&parent=791"}],"wp:term":[{"taxonomy":"category","embeddable":true,"href":"https:\/\/bruxelles-pantheres.be\/index.php?rest_route=%2Fwp%2Fv2%2Fcategories&post=791"},{"taxonomy":"post_tag","embeddable":true,"href":"https:\/\/bruxelles-pantheres.be\/index.php?rest_route=%2Fwp%2Fv2%2Ftags&post=791"}],"curies":[{"name":"wp","href":"https:\/\/api.w.org\/{rel}","templated":true}]}}