{"id":793,"date":"2012-09-27T18:08:45","date_gmt":"2012-09-27T17:08:45","guid":{"rendered":"https:\/\/bruxelles-pantheres.be\/?p=793"},"modified":"2013-11-11T18:10:44","modified_gmt":"2013-11-11T17:10:44","slug":"pourquoi-evoquer-la-palestine-dans-un-programme-electoral-communal","status":"publish","type":"post","link":"https:\/\/bruxelles-pantheres.be\/?p=793","title":{"rendered":"Pourquoi \u00e9voquer la Palestine dans un programme \u00e9lectoral communal ?"},"content":{"rendered":"<p>Communes, racisme et politique internationale.<\/p>\n<p><small><abbr title=\"2012-09-02T22:38:04Z\">lundi 3 septembre 2012<\/abbr>, par <a href=\"http:\/\/www.leplumitif.be\/spip.php?auteur1\">Paul Willems<\/a><\/small><\/p>\n<div>\n<div>\n<p>Pourquoi inclure dans un programme \u00e9lectoral communal un point concernant la Palestine. Les gens s\u2019\u00e9tonnent\u00a0? Certains se disent choqu\u00e9s. Mais est-ce r\u00e9ellement sans rapport avec le sujet\u00a0?<!--more--><\/p>\n<p>Il y a des communes o\u00f9 vivent tr\u00e8s peu d\u2019immigr\u00e9s. Rares sont les immigr\u00e9s qui s\u2019y installent. Ces derni\u00e8res font en sorte que rien ne change \u00e0 cet \u00e9gard \u00e0 moins d\u2019avoir \u00e0 faire \u00e0 des immigr\u00e9s riches. Ainsi, de nombreux millionnaires Fran\u00e7ais sont-ils domicili\u00e9s \u00e0 Uccle. Mais que peuvent faire celles o\u00f9 vivent parfois une majorit\u00e9 d\u2019immigr\u00e9s, alors que la pauvret\u00e9 et le ch\u00f4mage augmentent, mais aussi alors que le racisme se r\u00e9pand comme une train\u00e9e de poudre\u00a0?<\/p>\n<p>Est-il suffisant de tout miser sur la s\u00e9curit\u00e9\u00a0?<\/p>\n<p>Le racisme est un vieux probl\u00e8me de soci\u00e9t\u00e9. Toute soci\u00e9t\u00e9 est en butte au racisme. Le racisme, la x\u00e9nophobie ont toujours exist\u00e9. On en d\u00e9battait en Gr\u00e8ce, \u00e0 l\u2019\u00e9poque des <em>Suppliantes<\/em>\u00a0[<a id=\"nh1\" title=\"Eschyle a \u00e9crit une pi\u00e8ce dans laquelle des \u00c9gyptiennes demandent refuge en\u00a0(...)\" href=\"http:\/\/www.leplumitif.be\/spip.php?article36&amp;var_mode=calcul#nb1\" rel=\"footnote\">1<\/a>], au temps de J\u00e9sus, qui a con\u00e7u une tr\u00e8s belle parabole \u00e0 ce sujet\u00a0: la parabole du bon Samaritain.<\/p>\n<p>R\u00e9cemment, l\u2019humanit\u00e9 a cependant pris conscience de la cause et de la dimension politique du racisme. Au cours des derni\u00e8res d\u00e9cennies, des organismes sp\u00e9cifiques ont \u00e9t\u00e9 mis en place pour lutter contre le racisme. Mais est-ce suffisant pour lutter contre le racisme\u00a0? Certaines communes sont en difficult\u00e9 \u00e0 cause du racisme. Les discriminations existantes et la pauvret\u00e9 qui en r\u00e9sulte entra\u00eenent une relative ins\u00e9curit\u00e9. Ces discriminations trouvent leur origine dans le racisme. La lutte contre le racisme est-elle du ressort de la politique communale\u00a0? Et surtout, comment lutter contre le racisme\u00a0? On ne peut se contenter de mettre des gens en prison comme en Angleterre o\u00f9, apr\u00e8s les \u00e9meutes de Tottenham en 2011, des milliers de gens se sont retrouv\u00e9s en prison.<\/p>\n<\/div>\n<div>\n<p>Un tel racisme a besoin d\u2019une id\u00e9ologie pour s\u2019affirmer. Cette id\u00e9ologie a \u00e9t\u00e9 fabriqu\u00e9e \u00e0 partir des attentats du 11 septembre 2001. Depuis le 11 septembre 2001, les musulmans semblent de plus en plus souvent trait\u00e9s de mani\u00e8re diff\u00e9rente des non musulmans. La situation des Palestiniens a empir\u00e9.<\/p>\n<p>Pendant deux d\u00e9cennies, les ann\u00e9es 60 et 70, les immigr\u00e9s furent g\u00e9n\u00e9ralement trait\u00e9s comme des inf\u00e9rieurs. Pendant les ann\u00e9es 80 et 90, ils furent parfois expuls\u00e9s, souvent critiqu\u00e9s. Des \u00e9meutes raciales \u00e9taient parfois r\u00e9prim\u00e9es.<\/p>\n<p>Depuis le 11 septembre, la presse annonce r\u00e9guli\u00e8rement que des bandes terroristes sont d\u00e9mantel\u00e9es, quand elle ne fait pas \u00e9tat d\u2019attentats qui sont bien s\u00fbr attribu\u00e9s \u00e0 des fondamentalistes musulmans, des attentats particuli\u00e8rement f\u00e9roces qui ont fait de nombreuses victimes innocentes.<\/p>\n<p>Depuis le 11 septembre, tous les immigr\u00e9s, pas seulement les musulmans, sont de plus en plus souvent trait\u00e9s en ennemis. Les musulmans sont carr\u00e9ment stigmatis\u00e9s.<\/p>\n<p>Le racisme est souvent dict\u00e9 par la peur. Avant le 11 septembre 2001, il n\u2019existait aucune raison sp\u00e9cifique d\u2019avoir peur des Arabes ou des Musulmans, si ce n\u2019est qu\u2019on les avait colonis\u00e9s, qu\u2019on venait de mener une guerre particuli\u00e8rement terrifiante contre l\u2019Irak.<\/p>\n<p>Apr\u00e8s le 11 septembre 2011, quoi qu\u2019ils fassent, il n\u2019a plus \u00e9t\u00e9 possible de justifier les Arabes, ou plut\u00f4t les musulmans. La situation en Palestine s\u2019est modifi\u00e9e. L\u2019occupation d\u2019une partie de la Palestine s\u2019est transform\u00e9e en conflit ouvert contre la population palestinienne d\u00e9sarm\u00e9e. Un nouveau conflit a \u00e9clat\u00e9 entre l\u2019Irak et les U.S.A., quoique cette fois, l\u2019Irak fut m\u00eame incapable de se battre, ne disposant plus d\u2019arm\u00e9e.<\/p>\n<p>En r\u00e9alit\u00e9, le racisme populaire a trouv\u00e9 dans les actes de quelques extr\u00e9mistes, dans les m\u00e9dias et leurs dirigeants, un soutien de poids.<\/p>\n<p>De plus en plus, des quartiers entiers de Bruxelles et d\u2019autres grandes villes sont vus comme des rep\u00e8res de terroristes et leur soutien. En effet, l\u2019on voit dans la communaut\u00e9 musulmane, le principal soutien de ces soi-disant extr\u00e9mistes.<\/p>\n<p>La situation dans ces quartiers, en g\u00e9n\u00e9ral pauvres, a chang\u00e9. La police se fait plus pr\u00e9sente. L\u2019incarc\u00e9ration est devenue banale et concerne de pr\u00e9f\u00e9rence les immigr\u00e9s. Les violences polici\u00e8res ne font plus fr\u00e9quentes. Une justice deux poids deux mesures est souvent appliqu\u00e9e. Les gens ne l\u2019admettent pas facilement. Lorsqu\u2019un bourgmestre essaie de d\u00e9fendre la communaut\u00e9 musulmane de sa commune, il est critiqu\u00e9 dans la presse.<\/p>\n<p>De mani\u00e8re discr\u00e8te, les choses ont chang\u00e9 en ce qui concerne les rapports entre les musulmans ou les immigr\u00e9s d\u2019origine nord-africaine et les autres. La situation est devenue d\u00e9licate. La crise financi\u00e8re met la plupart des \u00e9tats, et donc la soci\u00e9t\u00e9 qui en d\u00e9pend, au pied du mur. Les immigr\u00e9s sont davantage jug\u00e9s responsables de la situation. Personne ne se soucie de savoir ce qui arrive \u00e0 ceux qui sont arr\u00eat\u00e9s et par exemple extrad\u00e9s dans le cadre d\u2019enqu\u00eates antiterroristes. Il serait malvenu de se poser des questions, de les plaindre.<\/p>\n<p>Dans de nombreux pays, les principaux dirigeants n\u2019h\u00e9sitent pas \u00e0 critiquer directement les immigr\u00e9s.\u00a0[<a id=\"nh2\" title=\"Comme l\u2019explique Tzvetan Todorov, dans son livre Les ennemis intimes de la\u00a0(...)\" href=\"http:\/\/www.leplumitif.be\/spip.php?article36&amp;var_mode=calcul#nb2\" rel=\"footnote\">2<\/a>]<\/p>\n<p>L\u2019aggravation subite de la crise en Gr\u00e8ce a provoqu\u00e9 une flamb\u00e9e de racisme dans ce pays.<\/p>\n<p>La mis\u00e8re qui a commenc\u00e9 \u00e0 faire des ravages enrichit surtout les banques, et, \u00e0 travers elles, certaines personnes qui, le plus souvent, ne sont pas les immigr\u00e9s, mais, bien s\u00fbr, pr\u00e9sidents et premiers ministres, et autres chanceliers, ne le reconnaissent pas.<\/p>\n<p>En r\u00e9alit\u00e9, dans tous les pays occidentaux, et, en particulier europ\u00e9ens, le racisme est redevenu une id\u00e9ologie. Il ne s\u2019agit plus seulement d\u2019un comportement, d\u2019un fait de soci\u00e9t\u00e9, mais d\u2019une id\u00e9ologie.<\/p>\n<p>Les conflits militaires et les crises se succ\u00e8dent au moyen-Orient, en Afrique du Nord et font de nombreuses victimes dans la population des pays qui en sont la proie. Ces victimes sont la plupart du temps musulmanes, et, forc\u00e9ment, l\u2019Occident ne tol\u00e8re pas qu\u2019on l\u2019accuse de quoi que ce soit. Pour les dirigeants et les journalistes occidentaux, les coupables sont d\u2019autres musulmans. L\u2019Occident essaie tout simplement de reconqu\u00e9rir le monde, mais il est hors de question d\u2019interpr\u00e9ter les faits de cette fa\u00e7on.<\/p>\n<p>Tout comme le colonialisme et le n\u00e9ocolonialisme, qui est le colonialisme dissimul\u00e9 par certains moyens, la mondialisation fait d\u2019innombrables victimes dans le monde entier, mais il est vain d\u2019en faire \u00e9tat.<\/p>\n<p>Les m\u00e9dias et la propagande de masse ont r\u00e9pandu partout cette id\u00e9ologie, qui a transform\u00e9 les consciences, et, dans certains cas, parler de l\u2019immigration et du racisme semble inacceptable. Le musulman, sinon l\u2019immigr\u00e9 est d\u00e9sormais tenu pour suspect.<\/p>\n<p>Comment, dans ces conditions, administrer des communes o\u00f9 ces immigr\u00e9s repr\u00e9sentent une minorit\u00e9 importante et parfois la majorit\u00e9\u00a0?<\/p>\n<p>Aujourd\u2019hui, les pays occidentaux bombardent surtout des pays arabes, pas d\u2019autres, et ce sont des musulmans, le plus souvent des Arabes qui sont soup\u00e7onn\u00e9s d\u2019\u00eatre des terroristes et qui se font torturer \u00e0 Guantanamo ou ailleurs, y compris dans des pays arabes.<\/p>\n<p>Personne ne semble capable de le comprendre. Comme s\u2019il s\u2019agissait de d\u00e9fendre des monstres.<\/p>\n<p>Tous ces probl\u00e8mes sont per\u00e7us comme s\u00e9par\u00e9s. Conflits sociaux, racisme et mondialisation sont en m\u00eame temps per\u00e7us comme distincts.<\/p>\n<p>L\u2019islamophobie, cette nouvelle id\u00e9ologie raciste, est en train de faire des progr\u00e8s. Certains pensent que c\u2019est \u00e0 cause des attentats du 11 septembre 2001, mais le conflit isra\u00e9lo-palestinien, ou plut\u00f4t le sionisme, est \u00e9galement responsables de cette id\u00e9ologie, du moins dans ses caract\u00e9ristiques actuelles, car cette id\u00e9ologie a toujours exist\u00e9. Elle existe depuis les croisades.<\/p>\n<p>Les gens ne comprennent pas bien tout cela. Ils ne comprennent pas que leurs dirigeants ont invent\u00e9 le terrorisme arabe, qu\u2019ils ont provoqu\u00e9 eux-m\u00eames des conflits criminels dans une r\u00e9gion du monde tr\u00e8s importante sur le plan strat\u00e9gique. Ils ne comprennent pas que l\u2019Occident cherch\u00e2t une fois encore \u00e0 dominer le monde en s\u2019appropriant le p\u00e9trole et en occupant les pays musulmans o\u00f9 existent des gisements de p\u00e9trole. Ils ne comprennent que ce que les journaux, leurs dirigeants, ceux des pays occidentaux leur expliquent.<\/p>\n<p>Il suffirait d\u2019aborder une situation comme celle de la Palestine, pour le comprendre et pour rendre caduque cette id\u00e9ologie.<\/p>\n<p>Comment mener la moindre politique dans certains quartiers des villes occidentales o\u00f9 trouvent refuge les membres de communaut\u00e9 musulmane stigmatis\u00e9e sans parler librement de la Palestine, faire la part des choses \u00e0 ce sujet avec eux\u00a0? Tous leurs probl\u00e8mes leur semble venir de Palestine, alors que bien entendu, ce n\u2019est pas non plus enti\u00e8rement le cas. Le fait que la situation continue \u00e0 s\u2019aggraver en Palestine a un impact sur la soci\u00e9t\u00e9.<\/p>\n<p>Dans les communes, les gens s\u2019inqui\u00e8tent \u00e0 cause de la guerre et de l\u2019ins\u00e9curit\u00e9. Tout se m\u00e9lange dans leur t\u00eate. Un pays apr\u00e8s l\u2019autre, il s\u2019agit de mener des guerres, de renverser des r\u00e9gimes, le plus souvent arabes, d\u2019en mettre d\u2019autres, qui ne valent pas forc\u00e9ment mieux, en place.<\/p>\n<p>Il s\u2019agit de lutter ensemble contre l\u2019injustice dont sont victimes non seulement les Palestiniens, mais aussi les Congolais et d\u2019autres peuples.<\/p>\n<p>Pourquoi la Palestine, et pas le Congo, demandent des gens auxquels je tente de parler du parti <em><a href=\"http:\/\/www.egalite.be\" rel=\"external\">\u00c9galit\u00e9<\/a><\/em> et qui ne comprennent pas pourquoi ce parti fait campagne pour les \u00e9lections communales sur le th\u00e8me de la Palestine\u00a0? Parler du Congo est aussi mal consid\u00e9r\u00e9 que parler de la Palestine. Ce l\u2019est m\u00eame davantage.<\/p>\n<p>La r\u00e9ponse va de soi. Ce sont les Arabes qui sont stigmatis\u00e9s, pas les Congolais, ou les noirs, quoique certains d\u2019entre eux le soient \u00e9galement.<\/p>\n<p>Le racisme anti-noir est un vieux probl\u00e8me qui existe aux U.S.A., et qui fait \u00e9galement des ravages en Europe depuis longtemps, mais il n\u2019y a pas d\u2019id\u00e9ologie raciste anti-noir, qui fasse des ravages dans les pays occidentaux, comme le fait l\u2019islamophobie au nom de l\u2019antiterrorisme. Il n\u2019y a pas non plus des centaines de milliers de Congolais ou de personnes originaires de l\u2019Afrique subsaharienne en Europe.<\/p>\n<p>Il est indispensable d\u2019en parler et de lutter contre la situation qui a cours en Afrique \u00e9galement. L\u2019Afrique est presque enti\u00e8rement domin\u00e9e par des int\u00e9r\u00eats occidentaux europ\u00e9ens et am\u00e9ricains. La crise rwandaise a permis aux Am\u00e9ricains d\u2019asseoir leur domination dans ce continent. Loin de s\u2019opposer \u00e0 eux, les Fran\u00e7ais par exemple leur ont m\u00e2ch\u00e9 la besogne. Mais l\u2019Afrique ne repr\u00e9sente pas pour le moment un enjeu strat\u00e9gique comme le Moyen- et le Proche-Orient qui est situ\u00e9 entre l\u2019Asie et l\u2019Europe. Le racisme antimusulman, ou islamophobe, a commenc\u00e9 \u00e0 poser un probl\u00e8me en Occident sur lequel il y a lieu de s\u2019exprimer plus librement. En tout cas, il devrait \u00eatre possible d\u2019en parler.<\/p>\n<p>Par quel autre biais lutter contre cette tendance de la soci\u00e9t\u00e9 occidentale de faire des guerres pour s\u2019approprier des richesses, mais aussi contre leur tendance \u00e0 se justifier de n\u2019importe mani\u00e8re, en critiquant les autres, en stigmatisant des groupes humains, allant jusqu\u2019\u00e0 les exterminer\u00a0[<a id=\"nh3\" title=\"Comme l\u2019explique H. Laborit dans La colombe assassin\u00e9e (Grasset, Paris,\u00a0(...)\" href=\"http:\/\/www.leplumitif.be\/spip.php?article36&amp;var_mode=calcul#nb3\" rel=\"footnote\">3<\/a>], qu\u2019en discutant, qu\u2019en s\u2019exprimant \u00e0 ce sujet\u00a0!<\/p>\n<p>Il faut continuer \u00e0 en parler, remettre en cause les id\u00e9es toutes faites en cette mati\u00e8re, critiquer les causes elles-m\u00eames de l\u2019existence d\u2019une id\u00e9ologie qui rend certains responsables de tout ce qui ne va pas.<\/p>\n<p>Sans cela, \u00e0 quoi bon essayer de r\u00e9soudre les probl\u00e8mes des gens\u00a0? On ne peut gu\u00e8re que les aggraver.<\/p>\n<p>Il est presque devenu impossible de parler de certaines choses. Et, pendant ce temps, de plus en plus, cette id\u00e9ologie nouvelle devient une mani\u00e8re de vivre, de penser, en Europe.<\/p>\n<p>S\u2019exprimer au sujet de la Palestine, mobiliser la population pour une cause importante, m\u00eame si elle ne la concerne pas directement est un moyen d\u2019emp\u00eacher que la soci\u00e9t\u00e9 ne redevienne raciste, mais aussi que le monde ne sombre dans la guerre.<\/p>\n<p>Il n\u2019existe aucune preuve que cette nation soit plus terroriste qu\u2019une autre. Par contre ce qui se passe en Palestine d\u00e9passe en horreur de nombreux faits\u2026 et ne s\u2019explique que par une certaine id\u00e9ologie.<\/p>\n<p>Faire quelque chose pour la Palestine n\u2019est qu\u2019un exp\u00e9dient, qu\u2019un biais, pour restaurer une certaine concorde, et\u2026 l\u2019\u00e9galit\u00e9\u00a0; en fait, pour faire quoi que ce soit, pour pouvoir s\u2019exprimer, participer \u00e0 la vie et d\u00e9battre de la gestion communales.<\/p>\n<p>Comment s\u2019opposer \u00e0 la propagande d\u2019extr\u00eame-droite \u00e0 son tissu de mensonges, et d\u2019exag\u00e9rations, si l\u2019on ne s\u2019attaque pas \u00e0 ses fondements.<\/p>\n<p>Tel est le point de vue d\u2019<em>\u00c9galit\u00e9<\/em>\u2026<\/p>\n<\/div>\n<\/div>\n<p>&nbsp;<\/p>\n<h2>Notes<\/h2>\n<p>[<a id=\"nb1\" title=\"Notes 1\" href=\"http:\/\/www.leplumitif.be\/spip.php?article36&amp;var_mode=calcul#nh1\" rev=\"footnote\">1<\/a>] Eschyle a \u00e9crit une pi\u00e8ce dans laquelle des \u00c9gyptiennes demandent refuge en Attique, qui s\u2019appelle <em>Les Suppliantes<\/em>. L\u2019acceptation des Grecs entra\u00eene une guerre avec le peuple que fuient ces femmes.<\/p>\n<p>[<a id=\"nb2\" title=\"Notes 2\" href=\"http:\/\/www.leplumitif.be\/spip.php?article36&amp;var_mode=calcul#nh2\" rev=\"footnote\">2<\/a>] Comme l\u2019explique Tzvetan Todorov, dans son livre <em>Les ennemis intimes de la d\u00e9mocratie<\/em> (Laffont-Versilio, 2012).<\/p>\n<p>[<a id=\"nb3\" title=\"Notes 3\" href=\"http:\/\/www.leplumitif.be\/spip.php?article36&amp;var_mode=calcul#nh3\" rev=\"footnote\">3<\/a>] Comme l\u2019explique H. Laborit dans <em>La colombe assassin\u00e9e<\/em> (Grasset, Paris, 1983), les collectivit\u00e9s peuvent aussi bien que les individus se transformer, au nom de certains principes, en collectivit\u00e9s meurtri\u00e8res.<\/p>\n<p><strong>\u00c9galit\u00e9 <\/strong>est un mouvement de r\u00e9sistance des quartiers populaires. Notre nom s\u2019\u00e9crit avec les couleurs de la Palestine. Nous sommes des activistes qui changeons les choses. Nous luttons contre l\u2019injustice et les\u00a0in\u00e9galit\u00e9s sociales, dans le monde et ici. Nous r\u00e9sistons dans nos quartiers, nos \u00e9coles, au travail, contre le racisme d\u2019\u00c9tat, l\u2019islamophobie, les violences polici\u00e8res, la logique du \u00ab\u00a0tous en prison\u00a0\u00bb. Nous nous mobilisons pour les mal-log\u00e9s et les sans-papiers.<\/p>\n<p>&nbsp;<\/p>\n","protected":false},"excerpt":{"rendered":"<p>Communes, racisme et politique internationale. lundi 3 septembre 2012, par Paul Willems Pourquoi inclure dans un programme \u00e9lectoral communal un point concernant la Palestine. Les gens s\u2019\u00e9tonnent\u00a0? Certains se disent choqu\u00e9s. Mais est-ce r\u00e9ellement sans rapport avec le sujet\u00a0?<\/p>\n","protected":false},"author":1,"featured_media":202,"comment_status":"open","ping_status":"open","sticky":false,"template":"","format":"standard","meta":{"footnotes":""},"categories":[21,22,25,4,20,7,6,8,18,28,37,39,5],"tags":[10,31,14,23,46,12,13,19,15,29,9],"class_list":["post-793","post","type-post","status-publish","format-standard","has-post-thumbnail","hentry","category-anti-imperialisme","category-emploi","category-enseignement","category-islamophobie","category-logement","category-negrophobie","category-palestine-moyen-orient","category-prisons","category-resistance-bruxelles","category-racismes","category-romophobie","category-sans-papier","category-violence-policiere","tag-ecole","tag-belgique","tag-bruxelles","tag-discrimination","tag-esclavage","tag-gaza","tag-nordine-saidi","tag-pauvrete","tag-resistance","tag-torture","tag-voile"],"_links":{"self":[{"href":"https:\/\/bruxelles-pantheres.be\/index.php?rest_route=\/wp\/v2\/posts\/793","targetHints":{"allow":["GET"]}}],"collection":[{"href":"https:\/\/bruxelles-pantheres.be\/index.php?rest_route=\/wp\/v2\/posts"}],"about":[{"href":"https:\/\/bruxelles-pantheres.be\/index.php?rest_route=\/wp\/v2\/types\/post"}],"author":[{"embeddable":true,"href":"https:\/\/bruxelles-pantheres.be\/index.php?rest_route=\/wp\/v2\/users\/1"}],"replies":[{"embeddable":true,"href":"https:\/\/bruxelles-pantheres.be\/index.php?rest_route=%2Fwp%2Fv2%2Fcomments&post=793"}],"version-history":[{"count":1,"href":"https:\/\/bruxelles-pantheres.be\/index.php?rest_route=\/wp\/v2\/posts\/793\/revisions"}],"predecessor-version":[{"id":794,"href":"https:\/\/bruxelles-pantheres.be\/index.php?rest_route=\/wp\/v2\/posts\/793\/revisions\/794"}],"wp:featuredmedia":[{"embeddable":true,"href":"https:\/\/bruxelles-pantheres.be\/index.php?rest_route=\/wp\/v2\/media\/202"}],"wp:attachment":[{"href":"https:\/\/bruxelles-pantheres.be\/index.php?rest_route=%2Fwp%2Fv2%2Fmedia&parent=793"}],"wp:term":[{"taxonomy":"category","embeddable":true,"href":"https:\/\/bruxelles-pantheres.be\/index.php?rest_route=%2Fwp%2Fv2%2Fcategories&post=793"},{"taxonomy":"post_tag","embeddable":true,"href":"https:\/\/bruxelles-pantheres.be\/index.php?rest_route=%2Fwp%2Fv2%2Ftags&post=793"}],"curies":[{"name":"wp","href":"https:\/\/api.w.org\/{rel}","templated":true}]}}