{"id":801,"date":"2012-09-26T18:35:55","date_gmt":"2012-09-26T17:35:55","guid":{"rendered":"https:\/\/bruxelles-pantheres.be\/?p=801"},"modified":"2013-11-11T18:42:10","modified_gmt":"2013-11-11T17:42:10","slug":"comment-justifiez-vous-monsieur-le-bourgmestre-la-presence-sur-votre-liste-dun-membre-qui-affiche-sans-ambiguite-ses-sympathies-pour-le-regime-dapartheid-israelien","status":"publish","type":"post","link":"https:\/\/bruxelles-pantheres.be\/?p=801","title":{"rendered":"Comment justifiez-vous, Monsieur le Bourgmestre, la pr\u00e9sence sur votre liste d\u2019un membre qui affiche sans ambigu\u00eft\u00e9 ses sympathies pour le r\u00e9gime d\u2019apartheid isra\u00e9lien?"},"content":{"rendered":"<header><\/header>\n<p><strong>Envoy\u00e9 :<\/strong> mardi 18 septembre 2012 11:53<br \/>\n<strong>\u00c0 :<\/strong> Moureaux Philippe<br \/>\n<strong>Cc :<\/strong> <a rel=\"nofollow\">info.laanan@cfwb.be<\/a><br \/>\n<strong>Objet :<\/strong> Liste du Bourgmestre<\/p>\n<p>Monsieur le Bourgmestre,<\/p>\n<p>Il y a quelques ann\u00e9es, vous aviez organis\u00e9 un colloque sur la Palestine dans les locaux de votre commune pour d\u00e9noncer les violations syst\u00e9matiques des droits de l\u2019homme et du droit international commises par \u00a0Isra\u00ebl.<\/p>\n<p>Vous n\u2019\u00eates pas sans savoir que la colonisation se poursuit d\u2019une mani\u00e8re effr\u00e9n\u00e9e et qu\u2019aucune sanction n\u2019est prise \u00e0 l\u2019encontre de cet Etat. La situation des Palestiniens, priv\u00e9s de toutes les libert\u00e9s, est dramatique aujourd\u2019hui.<\/p>\n<p>Aussi, je suis aujourd\u2019hui indign\u00e9e d\u2019apprendre par le site sioniste Philos\u00e9mitisme, particuli\u00e8rement raciste \u00e0 l\u2019encontre des Musulmans et n\u00e9gationniste, qu\u2019un Monsieur Nader Rekik se pr\u00e9sente sur votre liste, alors qu\u2019on le voit, en Isra\u00ebl, poser \u00e0 c\u00f4t\u00e9 de militaires de Tsahal et serrer la main \u00e0 Shimon Peres\u2026<!--more--><\/p>\n<p><a href=\"http:\/\/philosemitismeblog.blogspot.be\/2012\/09\/la-haine-disrael-un-enjeu-electoral.html\" target=\"_blank\" rel=\"nofollow\">http:\/\/philosemitismeblog.<wbr \/>blogspot.be\/2012\/09\/la-haine-<wbr \/>disrael-un-enjeu-electoral.<wbr \/>html<\/a><\/p>\n<p><a href=\"http:\/\/bruxellois-surement.blogspot.be\/2012\/09\/le-meme-candidat-ps-molenbeekois-nader.html\" target=\"_blank\" rel=\"nofollow\">http:\/\/bruxellois-surement.<wbr \/>blogspot.be\/2012\/09\/le-meme-<wbr \/>candidat-ps-molenbeekois-<wbr \/>nader.html<\/a><\/p>\n<p>Dans un autre registre (quoique\u2026) j\u2019ai \u00e9galement tr\u00e8s difficile \u00e0 comprendre pourquoi l\u2019Ambassadeur US Howard Gutman a \u00e9t\u00e9 re\u00e7u en mai 2010 \u00e0 l\u2019Ath\u00e9n\u00e9e Royal Serge Creuz \u00e0 Molenbeek, \u00e0 l\u2019invitation du m\u00eame Nader Rekik! Demander \u00e0 des \u00e9l\u00e8ves tout de blanc v\u00eatus, sous la direction d\u2019un professeur et en pr\u00e9sence de notre Ministre de la Culture, de chanter, la main sur le coeur, l\u2019hymne national am\u00e9ricain, le drapeau lev\u00e9, suivi de l\u2019hymne national belge bien entendu, me semble \u00a0\u00eatre en contradiction parfaite avec l\u2019article 24 de la Constitution qui garantit le principe de neutralit\u00e9 dans l\u2019enseignement officiel.<\/p>\n<p><a href=\"http:\/\/www.youtube.com\/watch?v=_KXw06mE7kY&amp;feature=plcp\" target=\"_blank\" rel=\"nofollow\">http:\/\/www.youtube.com\/watch?<wbr \/>v=_KXw06mE7kY&amp;feature=plcp<\/a><\/p>\n<p>Nous savons que les leaders europ\u00e9ens d\u2019extr\u00eame droite sont accueillis les bras ouverts par Netanyahu et Lieberman, mais comment justifiez-vous, Monsieur le Bourgmestre, la pr\u00e9sence sur votre liste \u00a0d\u2019un membre qui affiche sans ambigu\u00eft\u00e9 ses sympathies pour le r\u00e9gime d\u2019apartheid isra\u00e9lien?<\/p>\n<p>Dans l\u2019espoir d\u2019une r\u00e9ponse, recevez, Monsieur le Bourgmestre, mes salutations distingu\u00e9es.<\/p>\n<p><a href=\"https:\/\/bruxelles-pantheres.be\/wp-content\/uploads\/2013\/11\/IMG_7865.jpg\"><img decoding=\"async\" class=\"alignnone size-medium wp-image-802\" alt=\"IMG_7865\" src=\"https:\/\/bruxelles-pantheres.be\/wp-content\/uploads\/2013\/11\/IMG_7865-300x200.jpg\" width=\"300\" height=\"200\" srcset=\"https:\/\/bruxelles-pantheres.be\/wp-content\/uploads\/2013\/11\/IMG_7865-300x200.jpg 300w, https:\/\/bruxelles-pantheres.be\/wp-content\/uploads\/2013\/11\/IMG_7865-1024x683.jpg 1024w, https:\/\/bruxelles-pantheres.be\/wp-content\/uploads\/2013\/11\/IMG_7865-768x512.jpg 768w, https:\/\/bruxelles-pantheres.be\/wp-content\/uploads\/2013\/11\/IMG_7865-1536x1024.jpg 1536w, https:\/\/bruxelles-pantheres.be\/wp-content\/uploads\/2013\/11\/IMG_7865-2048x1365.jpg 2048w, https:\/\/bruxelles-pantheres.be\/wp-content\/uploads\/2013\/11\/IMG_7865-1320x880.jpg 1320w\" sizes=\"(max-width: 300px) 100vw, 300px\" \/><\/a>\u00a0 Nordine Sa\u00efdi<\/p>\n<p><strong>Le 21\/09\/12 16:30, \u00ab\u00a0Moureaux Philippe\u00a0\u00bb &lt;<a rel=\"nofollow\">pmoureaux@molenbeek.irisnet.<wbr \/>be<\/a>&gt; a \u00e9crit\u00a0:<\/strong><\/p>\n<blockquote><p>Madame,<\/p>\n<p>Je trouve vos propos d\u00e9plac\u00e9s. \u00a0Si je n\u2019ai pas \u00e0 commenter plus avant les insinuations malveillantes de certains. Je tiens \u00e0 vous signaler qu\u2019il est impossible de se rendre en Palestine sans \u00eatre \u00e0 certains moments plac\u00e9s sous la garde de soldats isra\u00e9liens. J\u2019en ai fait l\u2019exp\u00e9rience personnelle. \u00a0Quant aux USA, si je ne partage pas nombre de leurs positions en mati\u00e8re de leur politique externe, je vous signale que c\u2019est un pays avec lequel la Belgique entretient des relations amicales qui doivent nous permettre d\u2019influer modestement sur leurs positions.<\/p>\n<p>Je pense que la condamnation sans r\u00e9serve de la politique du <strong>gouvernement <\/strong>isra\u00e9lien \u00e0 l\u2019\u00e9gard de la Palestine ne peut en aucun cas justifier des propos qui flirtent avec l\u2019antis\u00e9mitisme. Pareil comportement me para\u00eet d\u2019ailleurs en contradiction avec les int\u00e9r\u00eats des Palestiniens.<\/p>\n<p>Philippe Moureaux<\/p><\/blockquote>\n<p><strong>Date\u00a0: <\/strong>Wed, 26 Sep 2012 15:31:09 +0200<br \/>\n<strong>\u00c0\u00a0: <\/strong>Moureaux Philippe &lt;<a rel=\"nofollow\">pmoureaux@molenbeek.irisnet.<wbr \/>be<\/a>&gt;<br \/>\n<strong>Conversation : <\/strong>Liste du Bourgmestre<br \/>\n<strong>Objet\u00a0: <\/strong>Re: Liste du Bourgmestre<\/p>\n<p>Monsieur le Bourgmestre,<\/p>\n<blockquote><p>Monsieur le Vice-Pr\u00e9sident du Parti Socialiste,<\/p>\n<p>A mon tour de trouver vos propos d\u00e9plac\u00e9s (\u00e0 la limite de l\u2019injure)\u2026 et sans relation avec le contenu de mon courrier.<\/p>\n<p>J\u2019ai beau relire le texte de ma protestation contre le fait \u00a0qu\u2019un enseignant de votre commune, visiblement sioniste, soit repris dans votre liste pour les \u00e9lections\u2026 Je ne trouve aucune des \u00ab\u00a0insinuations malveillantes\u00a0\u00bb que votre perspicacit\u00e9 y a rep\u00e9r\u00e9es\u2026 Et je n\u2019y vois pas le moindre \u00ab\u00a0flirt avec l\u2019antis\u00e9mitisme\u00a0\u00bb que vous y d\u00e9noncez.<br \/>\nAyant moi-m\u00eame \u00e9t\u00e9 enseignante, je crois poss\u00e9der assez bien la ma\u00eetrise de cette langue\u2026 Mais peut-\u00eatre\u00a0 que la s\u00e9mantique et la grammaire sont particuli\u00e8res pour un historien?<br \/>\nPermettez-moi de revenir \u00e0 l\u2019essentiel.<\/p>\n<p>\u2022 Quand un militant d\u2019un parti dit socialiste, progressiste donc, fait \u00ab\u00a0ami\/ami\u00a0\u00bb avec des militaires isra\u00e9liens (vous avouerez que la photo est r\u00e9v\u00e9latrice) et fait entonner l\u2019hymne national des USA dans une \u00e9cole officielle, il me semble justifi\u00e9 de se poser des questions sur la pertinence de la pr\u00e9sence de ce monsieur sur la liste mayorale pour les \u00e9lections et sur sa d\u00e9ontologie comme enseignant.<\/p>\n<p>\u2022 Il est mensonger d\u2019affirmer, comme vous le faites, que \u00ab\u00a0<em>il est impossible de se rendre en Palestine sans \u00eatre \u00e0 certains moments plac\u00e9s sous la garde de soldats isra\u00e9liens<\/em>\u00ab\u00a0.<br \/>\nPour m\u2019y \u00eatre rendue \u00e0 plusieurs reprises, je n\u2019ai jamais b\u00e9n\u00e9fici\u00e9 de ce genre de \u00ab\u00a0protection\u00a0\u00bb. Pas plus du reste que des dizaines de m\u00e9decins, avocats qui s\u2019y rendaient eux pour des raisons\u00a0 humanitaires.<br \/>\nPeut-\u00eatre que vous-m\u00eame, comme personnalit\u00e9 politique en avez \u00ab\u00a0b\u00e9n\u00e9fici\u00e9\u00a0\u00bb, mais ce n\u2019est certainement pas le cas de ce Monsieur Rekik\u2026 Ni des \u00a0citoyens de Molenbeek qui ont \u00e9t\u00e9 matraqu\u00e9s et emprisonn\u00e9s par les soldats isra\u00e9liens pour avoir voulu s\u2019y rendre; ils ne doivent pas avoir les m\u00eames \u00ab\u00a0entr\u00e9es que votre colistier \u00bb et\u00a0 attendent toujours une intervention pour les d\u00e9fendre\u2026 aussi muscl\u00e9e que celle que vous avez pour d\u00e9fendre un ami du r\u00e9gime isra\u00e9lien.<\/p>\n<p>\u2022 Il n\u2019\u00e9tait, en aucune mani\u00e8re, question de vilipender les USA dans mon courrier. Vous n\u2019avez, apparemment, pas voulu le voir et vous contenter, de mani\u00e8re assez malhonn\u00eate, intellectuellement parlant,\u00a0 de m\u2019apostropher avec \u00ab\u00a0\u2026 je vous signale que ce pays\u2026\u00a0\u00bb.<br \/>\n\u2026Alors qu\u2019il est seulement question de la d\u00e9ontologie d\u2019un professeur qui fait chanter l\u2019hymne d\u2019un pays \u00e9tranger dans une \u00e9cole d\u2019un pays neutre, en contradiction avec l\u2019article 24 de notre constitution.<br \/>\nAuriez-vous la m\u00eame attitude si, demain, un enseignant faisait chanter l\u2019hymne chinois, russe ou arborait le drapeau palestinien \u2026?<\/p><\/blockquote>\n","protected":false},"excerpt":{"rendered":"<p>Envoy\u00e9 : mardi 18 septembre 2012 11:53 \u00c0 : Moureaux Philippe Cc : info.laanan@cfwb.be Objet : Liste du Bourgmestre Monsieur le Bourgmestre, Il y a quelques ann\u00e9es, vous aviez organis\u00e9 un colloque sur la Palestine dans les locaux de votre commune pour d\u00e9noncer les violations syst\u00e9matiques des droits de l\u2019homme et du droit international commises &#8230; <a title=\"Comment justifiez-vous, Monsieur le Bourgmestre, la pr\u00e9sence sur votre liste d\u2019un membre qui affiche sans ambigu\u00eft\u00e9 ses sympathies pour le r\u00e9gime d\u2019apartheid isra\u00e9lien?\" class=\"read-more\" href=\"https:\/\/bruxelles-pantheres.be\/?p=801\" aria-label=\"En savoir plus sur Comment justifiez-vous, Monsieur le Bourgmestre, la pr\u00e9sence sur votre liste d\u2019un membre qui affiche sans ambigu\u00eft\u00e9 ses sympathies pour le r\u00e9gime d\u2019apartheid isra\u00e9lien?\">Lire la suite<\/a><\/p>\n","protected":false},"author":1,"featured_media":804,"comment_status":"open","ping_status":"open","sticky":false,"template":"","format":"standard","meta":{"footnotes":""},"categories":[21,25,4,6,18,28],"tags":[14,12,13,15],"class_list":["post-801","post","type-post","status-publish","format-standard","has-post-thumbnail","hentry","category-anti-imperialisme","category-enseignement","category-islamophobie","category-palestine-moyen-orient","category-resistance-bruxelles","category-racismes","tag-bruxelles","tag-gaza","tag-nordine-saidi","tag-resistance"],"_links":{"self":[{"href":"https:\/\/bruxelles-pantheres.be\/index.php?rest_route=\/wp\/v2\/posts\/801","targetHints":{"allow":["GET"]}}],"collection":[{"href":"https:\/\/bruxelles-pantheres.be\/index.php?rest_route=\/wp\/v2\/posts"}],"about":[{"href":"https:\/\/bruxelles-pantheres.be\/index.php?rest_route=\/wp\/v2\/types\/post"}],"author":[{"embeddable":true,"href":"https:\/\/bruxelles-pantheres.be\/index.php?rest_route=\/wp\/v2\/users\/1"}],"replies":[{"embeddable":true,"href":"https:\/\/bruxelles-pantheres.be\/index.php?rest_route=%2Fwp%2Fv2%2Fcomments&post=801"}],"version-history":[{"count":1,"href":"https:\/\/bruxelles-pantheres.be\/index.php?rest_route=\/wp\/v2\/posts\/801\/revisions"}],"predecessor-version":[{"id":803,"href":"https:\/\/bruxelles-pantheres.be\/index.php?rest_route=\/wp\/v2\/posts\/801\/revisions\/803"}],"wp:featuredmedia":[{"embeddable":true,"href":"https:\/\/bruxelles-pantheres.be\/index.php?rest_route=\/wp\/v2\/media\/804"}],"wp:attachment":[{"href":"https:\/\/bruxelles-pantheres.be\/index.php?rest_route=%2Fwp%2Fv2%2Fmedia&parent=801"}],"wp:term":[{"taxonomy":"category","embeddable":true,"href":"https:\/\/bruxelles-pantheres.be\/index.php?rest_route=%2Fwp%2Fv2%2Fcategories&post=801"},{"taxonomy":"post_tag","embeddable":true,"href":"https:\/\/bruxelles-pantheres.be\/index.php?rest_route=%2Fwp%2Fv2%2Ftags&post=801"}],"curies":[{"name":"wp","href":"https:\/\/api.w.org\/{rel}","templated":true}]}}