{"id":805,"date":"2012-09-19T18:43:23","date_gmt":"2012-09-19T17:43:23","guid":{"rendered":"https:\/\/bruxelles-pantheres.be\/?p=805"},"modified":"2013-11-11T18:48:47","modified_gmt":"2013-11-11T17:48:47","slug":"caroline-fourest-lincendiaire-qui-crie-au-feu","status":"publish","type":"post","link":"https:\/\/bruxelles-pantheres.be\/?p=805","title":{"rendered":"Caroline Fourest, l\u2019incendiaire qui crie \u00ab au feu! \u00bb"},"content":{"rendered":"<h3>Caroline Fourest, l\u2019incendiaire qui crie \u00ab au feu! \u00bb<\/h3>\n<div>18 septembre 2012 Par <a title=\"Le blog de Les invit\u00e9s de Mediapart\" href=\"http:\/\/blogs.mediapart.fr\/blog\/les-invites-de-mediapart\">Les invit\u00e9s de Mediapart<\/a><\/div>\n<div>\n<p><strong>Sa\u00efd Bouamama<\/strong>,\u00a0sociologue, et\u00a0<strong>Pierre Tevanian<\/strong>, philosophe, pris \u00e0 partie par Caroline Fourest apr\u00e8s l\u2019annulation d\u2019un d\u00e9bat, samedi 16 septembre \u00e0 la F\u00eate de l\u2019Humanit\u00e9, lui r\u00e9pondent:\u00a0<em>\u00abAu-del\u00e0 de nos deux personnes, dans la version des faits de Fourest et du Parti de Gauche, ce sont tou-te-s les participant-e-s \u00e0 une action de protestation non-violente qui sont stigmatis\u00e9-e-s\u00a0\u00bb<\/em>.<!--more--><\/p>\n<hr \/>\n<p>Nous pourrions, si nous en avions le temps\u00a0et les moyens financiers, porter plainte pour diffamation\u00a0: car nous voici tous les deux nomm\u00e9ment d\u00e9sign\u00e9s par Caroline Fourest (dans un\u00a0<a href=\"http:\/\/www.huffingtonpost.fr\/caroline-fourest\/islam-fete-de-l-humanite_b_1888441.html\" target=\"_blank\" rel=\"_blank\">article du Huffington Post<\/a>, sur sa page\u00a0<a href=\"http:\/\/www.facebook.com\/caroline.fourest\" target=\"_blank\" rel=\"_blank\">Facebook<\/a>, relay\u00e9e par ses supporters sur Twitter et par des sites d\u2019extr\u00eame droite comme Fran\u00e7aisdesouche ou les identitaires) comme les \u00ab\u00a0meneurs\u00a0\u00bb d\u2019une action elle-m\u00eame qualifi\u00e9e de \u00ab\u00a0violente\u00a0\u00bb, dont en v\u00e9rit\u00e9 nous ne sommes pas les meneurs et qui n\u2019a absolument rien eu de violent\u00a0!\u00a0L\u2019AFP titre prudemment sur un \u00ab\u00a0chahut\u00a0\u00bb, mais un communiqu\u00e9 du Parti de Gauche d\u2019une singuli\u00e8re violence reprend \u00e0 son compte le r\u00e9cit apocalyptique que diffuse depuis samedi soir l\u2019int\u00e9ress\u00e9e\u00a0: Caroline Fourest a \u00e9t\u00e9\u00a0<em>\u00ab\u00a0agress\u00e9e\u00a0\u00bb<\/em>, victime d\u2019une op\u00e9ration organis\u00e9e par des\u00a0<em>\u00ab\u00a0groupes violents\u00a0\u00bb<\/em>, cherchant \u00e0 emp\u00eacher par la terreur toute\u00a0<em>\u00ab\u00a0libre critique de la religion\u00a0\u00bb<\/em>.<\/p>\n<p>La campagne calomnieuse que nous subissons aujourd\u2019hui n\u2019est pas une premi\u00e8re. Caroline Fourest est coutumi\u00e8re de ce type de campagnes, ob\u00e9issant toujours au m\u00eame sch\u00e9ma narratif (violence, agression, menaces, int\u00e9gristes, escorte polici\u00e8re), contre des gens qui n\u2019ont eu le tort que de la critiquer ou, au pire, de la chahuter. Il faudrait un jour que des journalistes d\u2019investigation reviennent sur l\u2019hallucinante campagne qu\u2019elle avait lanc\u00e9e en 2004 contre l\u2019Institut du monde arabe, suite \u00e0\u00a0<a href=\"http:\/\/lmsi.net\/Une-campagne-honteuse\" target=\"_blank\" rel=\"_blank\">un d\u00e9bat tout \u00e0 fait calme et polic\u00e9<\/a>\u00a0(dont doit bien exister un enregistrement), et qui avait amen\u00e9 l\u2019IMA \u00e0 publier un d\u00e9menti officiel. Un exemple plus r\u00e9cent est la mani\u00e8re dont\u00a0<a href=\"http:\/\/lmsi.net\/Je-suis-tombe-par-terre-c-est-la\" target=\"_blank\" rel=\"_blank\">un chahut tout \u00e0 fait bon enfant<\/a>\u00a0(dont un enregistrement film\u00e9 existe sur youtube) a \u00e9t\u00e9 transform\u00e9, par les soins de Caroline Fourest, en agression islamiste.<\/p>\n<p>Au-del\u00e0 de nos deux personnes, dans la version des faits de Fourest et du Parti de Gauche, ce sont tou-te-s les participant-e-s \u00e0 une action de protestation non-violente qui sont stigmatis\u00e9-e-s comme\u00a0<em>\u00ab\u00a0violents\u00a0\u00bb<\/em>, en cheville avec des\u00a0<em>\u00ab\u00a0islamistes radicaux\u00a0\u00bb<\/em>, acteurs de la\u00a0<em>\u00ab\u00a0terreur\u00a0\u00bb<\/em>, d\u00e9fenseurs du\u00a0<em>\u00ab\u00a0d\u00e9lit de blasph\u00e8me\u00a0\u00bb<\/em>\u00a0visant \u00e0 emp\u00eacher toute\u00a0<em>\u00ab\u00a0libre critique de la religion\u00a0\u00bb<\/em>. Amalgamer tous les participants d\u2019une protestation contre un point de vue qu\u2019ils jugent raciste, les construire comme groupe organis\u00e9 et uni par une id\u00e9ologie homog\u00e8ne, occulter le contexte qui a conduit au \u201c chahut \u201d et \u00e0 l\u2019annulation des d\u00e9bats\u00a0: toutes ces manipulations argumentaires sont connues et participent de ce que justement les manifestants jugent dangereux dans les productions de Caroline Fourest, relay\u00e9es en permanence dans les grands m\u00e9dias.<\/p>\n<p>La r\u00e9alit\u00e9 est bien entendu tout autre. S\u2019il y a un point que les manifestants ont en commun, c\u2019est qu\u2019ils sont ulc\u00e9r\u00e9s par les analyses de Caroline Fourest qui, sous pr\u00e9texte de critiquer \u201c l\u2019islamisme \u201d, diffusent de l\u2019islamophobie qui est une des formes les plus r\u00e9centes, les plus dominantes et les plus dangereuses de l\u2019id\u00e9ologie raciste contemporaine. C\u2019est qu\u2019ils sont inquiets de la diffusion de ces analyses par de nombreux m\u00e9dias. C\u2019est qu\u2019ils constatent une cha\u00eene de coh\u00e9rence entre les th\u00e8mes d\u00e9velopp\u00e9s par Caroline Fourest dans une version\u00a0<em>\u201c light \u201d<\/em>\u00a0et ceux repris par l\u2019extr\u00eame droite dans une version\u00a0<em>\u201c hard \u201d<\/em>\u00a0\u2013 une cha\u00eene de coh\u00e9rence entre le \u201c racisme respectable \u201d et le \u201c racisme d\u00e9complex\u00e9 \u201d. C\u2019est enfin qu\u2019ils mesurent les effets de ce racisme respectable version Fourest cumul\u00e9 au racisme d\u00e9complex\u00e9 de l\u2019extr\u00eame droite sur l\u2019augmentation des actes et propos racistes \u2013 notamment islamophobes.<\/p>\n<p>Si les protestataires forment un \u201c nous \u201d, ce n\u2019est pas un \u201c nous \u201d organis\u00e9, uni par un m\u00eame projet id\u00e9ologique ou politique, mais une communaut\u00e9 de sensibilit\u00e9 et de lutte entre des individus de tous horizons qui, sans forc\u00e9ment se concerter, convergent pour dire \u201c stop \u201d \u00e0 Fourest et alerter sur le danger qu\u2019elle repr\u00e9sente, sur la violence \u201c propre \u201d et \u201c polie \u201d de son discours, sur les effets de violences verbales et physiques que ce discours produit \u00e0 l\u2019encontre des musulmans de notre pays. Qu\u2019une telle protestation d\u00e9bouche sur l\u2019annulation d\u2019un d\u00e9bat est une autre affaire, qui ne peut \u00eatre comprise qu\u2019en prenant en compte la r\u00e9action des organisateurs dudit d\u00e9bat.<\/p>\n<p>Retour sur les faits<\/p>\n<p>Nous n\u2019avons pas l\u2019acc\u00e8s aux grands m\u00e9dias qui permettrait de r\u00e9tablir, aussi largement que n\u00e9cessaire, la v\u00e9racit\u00e9 des faits sur les incidents qui ont abouti \u00e0 l\u2019annulation d\u2019un \u201c d\u00e9bat \u201d sur la lutte contre le Front national \u00e0 la F\u00eate de l\u2019Humanit\u00e9, dont l\u2019invit\u00e9e d\u2019honneur \u00e9tait, donc, la tr\u00e8s m\u00e9diatique Caroline Fourest. Mais les images captur\u00e9es lors de l\u2019incident, qui ne manqueront pas de sortir sur Youtube et autres sites internet, permettront \u00e0 chacun-e de juger\u00a0: y a-t-il eu violence ou simple chahut\u00a0? Qui ment ou d\u00e9lire, qui dit la v\u00e9rit\u00e9\u00a0? Qui ont \u00e9t\u00e9 les agresseurs, qui ont \u00e9t\u00e9 les agress\u00e9s\u00a0? Qui ouvre le d\u00e9bat, qui le verrouille ou le refuse\u00a0? Qui, au final, fait le jeu du Front national\u00a0? Qui, enfin,\u00a0<em>\u00ab\u00a0a sa place \u00e0 la F\u00eate de l\u2019Humanit\u00e9\u00a0\u00bb<\/em>, qui ne l\u2019a pas\u00a0? Car nous soutenons, pour notre part, que c\u2019est en face de nous, chez Caroline Fourest, mais aussi chez ceux qui l\u2019ont soutenue (\u00e0 la F\u00eate de l\u2019Humanit\u00e9 ou ensuite dans leurs communiqu\u00e9s, tweets et autres statuts facebook), que s\u2019est manifest\u00e9e la violence, le refus de d\u00e9battre, et enfin une certaine connivence avec l\u2019id\u00e9ologie du FN.<\/p>\n<p>Nous n\u2019avons pas non plus l\u2019intention de justifier notre col\u00e8re et notre indignation de voir Caroline Fourest invit\u00e9e \u00e0 la F\u00eate de l\u2019Humanit\u00e9. Si interrogation il doit y avoir, ce n\u2019est pas sur l\u2019existence de cette col\u00e8re l\u00e9gitime mais sur la disparition des vigilances antiracistes et antifascistes qui conduisent \u00e0 l\u2019invitation d\u2019une Fourest \u00e0 une telle f\u00eate \u2013 qui plus est pour un d\u00e9bat portant sur l\u2019extr\u00eame droite. Sur le d\u00e9tail des faits, nous renvoyons\u00a0<a href=\"http:\/\/leplus.nouvelobs.com\/contribution\/627277-caroline-fourest-a-la-fete-de-l-huma-notre-version-des-faits-cote-indivisibles.html\" target=\"_blank\" rel=\"_blank\">au r\u00e9cit qu\u2019en ont donn\u00e9 Bader Lejmi et Myrto S<\/a>\u00a0sur\u00a0<a href=\"http:\/\/leplus.nouvelobs.com\/\" target=\"_blank\" rel=\"_blank\">Le Plus<\/a>\u00a0\u2013 rappelons simplement que, contrairement \u00e0 ce que pr\u00e9tend Caroline Fourest, il n\u2019y a eu de notre part aucune violence physique, qu\u2019aucun\u00a0<em>\u00ab\u00a0projectile\u00a0\u00bb<\/em>\u00a0n\u2019a \u00e9t\u00e9 lanc\u00e9 en direction de quiconque, et que c\u2019est la r\u00e9action violente du service d\u2019ordre \u00e0 une action pacifique, puis les insultes entendues de la part de supporters de Fourest (et elles valent leur pesant de racisme, avec des phrases comme\u00a0<em>\u00ab\u00a0c\u2019est une action des immigr\u00e9s\u00a0\u00bb<\/em>,\u00a0<em>\u00ab\u00a0c\u2019est pas dans notre culture\u00a0\u00bb<\/em>,\u00a0<em>\u00ab\u00a0vous n\u2019\u00eates pas chez vous\u00a0\u00bb<\/em>,\u00a0<em>\u00ab\u00a0retourne chez toi\u00a0\u00bb<\/em>,\u00a0<em>\u00ab\u00a0qu\u2019elles aillent se faire exciser\u00a0\u00bb<\/em>) et enfin le refus d\u2019accorder un temps de parole aux protestataires qui ont conduit \u00e0 l\u2019annulation du d\u00e9bat.<\/p>\n<p>Nous sommes donc loin des\u00a0<a href=\"http:\/\/www.leparisien.fr\/politique\/la-journaliste-caroline-fourest-malmenee-a-la-fete-de-l-huma-16-09-2012-2167013.php\" target=\"_blank\" rel=\"_blank\">propos de Fourest dans \u00able Parisien<\/a>\u00bb, d\u00e9crivant un guet-apens pr\u00e9m\u00e9dit\u00e9 qui se serait av\u00e9r\u00e9\u00a0<em>\u00ab\u00a0tr\u00e8s, tr\u00e8s violent\u00a0\u00bb<\/em>\u00a0\u2013 et affirmant, dans un clip d\u2019un ridicule achev\u00e9 (dont les intertitres terrifiants sont constamment d\u00e9mentis par des images parfaitement anodines, et dont la bande-son, une chanson d\u2019Alicia Keys, nous sugg\u00e8re que Caroline Fourest est \u201c Superwoman\u201d\u00a0!) qu\u2019elle a d\u00fb quitter la F\u00eate de l\u2019Humanit\u00e9 sous\u00a0<em>\u00ab\u00a0haute escorte\u00a0\u00bb<\/em>\u00a0\u2013 une\u00a0<em>\u00ab\u00a0haute escorte\u00a0\u00bb<\/em>\u00a0\u00e9videmment invisible \u00e0 l\u2019\u00e9cran\u00a0!<\/p>\n<p>Dans un registre tout aussi outrancier, un communiqu\u00e9 vengeur du Parti de Gauche, intitul\u00e9\u00a0<a href=\"http:\/\/www.lepartidegauche.fr\/actualites\/communique\/le-delit-blaspheme-n-pas-sa-place-dans-la-republique-16807#.UFh--aSRFWk\" target=\"_blank\" rel=\"_blank\">Le d\u00e9lit de blasph\u00e8me n\u2019a pas sa place dans la r\u00e9publique<\/a>, s\u2019\u00e9vertue \u00e0 faire passer le chahut \u2013 aussi bon enfant que d\u00e9sorganis\u00e9 \u2013 qui a eu lieu pour un\u00a0<em>\u00ab\u00a0coup de force\u00a0\u00bb<\/em>\u00a0pr\u00e9m\u00e9dit\u00e9, men\u00e9 par des\u00a0<em>\u00ab\u00a0groupuscules violents\u00a0\u00bb<\/em>, et visant \u00e0\u00a0<em>\u00ab\u00a0salir la F\u00eate de l\u2019Humanit\u00e9\u00a0\u00bb<\/em>\u00a0alors que\u00a0<em>\u00ab\u00a0toutes les religions, dont l\u2019Islam, doivent pouvoir \u00eatre critiqu\u00e9es librement\u00a0\u00bb<\/em>. \u00c0 quoi, enfin, Caroline Fourest ajoute, sur sa page Facebook et dans son article du Huffington Post, que les \u00ab\u00a0meneurs\u00a0\u00bb de l\u2019op\u00e9ration se nomment Bouamama et Tevanian \u2013 d\u00e9sign\u00e9s comme les\u00a0<em>\u00ab\u00a0acteurs-cl\u00e9 du rapprochement entre gauchistes et islamistes au sein des Indig\u00e8nes de la R\u00e9publique\u00a0\u00bb<\/em>\u00a0(sic).<\/p>\n<p>Nous n\u2019avons \u00e9videmment rien orchestr\u00e9 de tel, et quiconque s\u2019int\u00e9ressera de pr\u00e8s \u00e0 nos \u00e9crits et engagements politiques respectifs prendra vite la mesure du ridicule achev\u00e9 de ces all\u00e9gations. Nous avons en revanche effectivement pris part, au m\u00eame titre qu\u2019une cinquantaine d\u2019autres personnes, \u00e0 la contestation qui a abouti samedi dernier \u00e0 l\u2019annulation du d\u00e9bat.<\/p>\n<p>Nous avions d\u2019abord, en amont du d\u00e9bat, sign\u00e9 avec de nombreux intellectuels et militants associatifs issus de l\u2019immigration et\/ou de l\u2019engagement antiraciste,\u00a0<a href=\"http:\/\/oumma.com\/14013\/non-a-caroline-fourest-porte-de-lislamophobie-de-gauch\" target=\"_blank\" rel=\"_blank\">une lettre ouverte aux organisateurs du d\u00e9bat<\/a>\u00a0(1), les appelant \u00e0 reconsid\u00e9rer leur choix du fait des accointances profondes et anciennes, \u00e9tablies dans maints \u00e9crits critiques (2)\u00a0et consacr\u00e9es derni\u00e8rement par le jury des Yabon Awards (3), entre l\u2019islamophobie agressive du FN et l\u2019islamophobie plus polic\u00e9e et sophistiqu\u00e9e, mais d\u2019autant plus insidieuse, de Caroline Fourest.\u00a0Cette lettre n\u2019a re\u00e7u aucune r\u00e9ponse \u2013 pas plus qu\u2019une autre lettre, adress\u00e9e par l\u2019UJFP (Unoin Juive Fran\u00e7aise pour la Paix, pr\u00e9sente \u00e0 la F\u00eate de l\u2019Humanit\u00e9), qui allait dans le m\u00eame sens.<\/p>\n<p>Nous avons ensuite choisi d\u2019aller assister \u00e0 la seule action pr\u00e9par\u00e9e dont nous avions eu vent\u00a0: la remise de son Yabon Award. Rien de tr\u00e8s\u00a0<em>\u00ab\u00a0violent\u00a0\u00bb<\/em>\u00a0donc\u00a0: simplement le rappel, par le biais de l\u2019humour, des prises de positions qui ont valu ce troph\u00e9e \u00e0 Caroline Fourest \u2013 et, partant, du caract\u00e8re probl\u00e9matique de sa pr\u00e9sence \u00e0 un d\u00e9bat sur la lutte contre l\u2019extr\u00eame droite.<\/p>\n<p>Qui sont les chahuteurs\u00a0?<\/p>\n<p>Revenons maintenant sur la composition de cette cinquantaine de protestataires. Le communiqu\u00e9 du Parti de Gauche les dit\u00a0<em>\u00abissus manifestement de petits groupes comme les Indig\u00e8nes de la R\u00e9publique ou des animateurs du site\u00a0<a href=\"http:\/\/oumma.com\/\" target=\"_blank\" rel=\"_blank\">oumma.com<\/a>\u00bb<\/em>. Or, si ces deux \u00ab\u00a0petits groupes\u00a0\u00bb sont \u00e0 nos yeux tout \u00e0 fait respectables, et si nous partageons avec eux de nombreux combats, il se trouve qu\u2019ils n\u2019\u00e9taient pas pr\u00e9sents\u00a0! Mais l\u00e0 n\u2019est pas le plus important. Ce qui suscite notre int\u00e9r\u00eat est surtout le fait que, sans disposer du moindre d\u00e9but d\u2019information quant \u00e0 l\u2019identit\u00e9 politique des \u201c chahuteurs \u201d, des responsables de gauche parviennent \u00e0 d\u00e9tecter des\u00a0<em>\u00ab\u00a0manifestement\u00a0\u00bb<\/em>\u00a0Indig\u00e8nes de la R\u00e9publique et des\u00a0<em>\u00ab\u00a0manifestement\u00a0\u00bb<\/em>\u00a0membres de la r\u00e9daction d\u2019oumma.com\u00a0\u2013 sans doute de la m\u00eame mani\u00e8re que Nicolas Sarkozy d\u00e9tectait les\u00a0<em>\u00ab\u00a0musulmans d\u2019apparence\u00a0\u00bb<\/em>.\u00a0Il est vrai que certains chahuteurs n\u2019\u00e9taient pas des \u201c Fran\u00e7ais de souche \u201d \u2013 mais cela suffit-il pour les assigner \u00e0 une identit\u00e9 politique ou religieuse unique\u00a0? Si ce n\u2019est pas du racisme, comment qualifier ce type de raccourcis\u00a0?<\/p>\n<p>De notre position, en revanche, il n\u2019est pas difficile de savoir qui \u00e9taient en r\u00e9alit\u00e9 ces fameux chahuteurs. Il n\u2019est en effet pas n\u00e9cessaire pour nous d\u2019avoir commandit\u00e9 ou orchestr\u00e9 quoi que ce soit pour les conna\u00eetre presque tous\u00a0: nous avons retrouv\u00e9 sur place, avec plaisir il faut l\u2019avouer, des compagnons de route de longue date de nos multiples luttes,\u00a0antisexistes,\u00a0antiracistes,\u00a0anticapitalistes,\u00a0anti-imp\u00e9rialistes et antisionistes. Nous pouvons donc r\u00e9cuser avec certitude la version diffus\u00e9e par Caroline Fourest et reprise par le Parti de Gauche\u00a0: sur la cinquantaine de personnes qui a pris part au \u201c chahut \u201d, il y avait un seul membre des Indig\u00e8nes de la r\u00e9publique, quelques Indivisibles \u2013 et bien entendu (contrairement \u00e0 ce qu\u2019insinue Caroline Fourest) aucun membre du groupe d\u2019extr\u00eame droite Egalit\u00e9 et r\u00e9conciliation, que nous combattons tous depuis toujours. Etaient pr\u00e9sents, en v\u00e9rit\u00e9, des militants et des militantes de toutes origines et de tous horizons, de la gauche anticapitaliste, libertaire, \u00e9cologiste, des luttes de l\u2019immigration et des quartiers populaires, des luttes f\u00e9ministes et LGBT, des \u201c Indign\u00e9s \u201d, des \u201c inorganis\u00e9s \u201d,\u00a0des militants qui on fait la campagne contre Marine Le Pen \u00e0 H\u00e9nin-Beaumont lors des derni\u00e8res l\u00e9gislatives\u2026\u00a0Un \u201c peuple de gauche \u201d en somme qui, de mani\u00e8re autrement plus claire et cons\u00e9quente que Caroline Fourest, incarne la r\u00e9sistance face au Front National\u2026 et face \u00e0 ses id\u00e9es\u00a0!<\/p>\n<p>Quid de la libert\u00e9 d\u2019expression\u00a0?<\/p>\n<p>Venons-en maintenant au reproche principal qui nous a \u00e9t\u00e9 adress\u00e9\u00a0: avoir port\u00e9 atteinte \u00e0 la libert\u00e9 d\u2019expression, avoir emp\u00each\u00e9 un d\u00e9bat, avoir de ce fait paralys\u00e9 la lutte contre l\u2019extr\u00eame droite.\u00a0Tout d\u2019abord, il convient de cong\u00e9dier le proc\u00e8s d\u2019intention qui a \u00e9t\u00e9 adress\u00e9 aux chahuteurs par le Parti de Gauche\u00a0: la question du\u00a0<em>\u00ab\u00a0d\u00e9lit de blasph\u00e8me\u00a0\u00bb<\/em>\u00a0a \u00e9t\u00e9 totalement absente de tous les discours qui ont \u00e9t\u00e9 tenus avant, pendant et apr\u00e8s le chahut, que ce soit dans la p\u00e9tition, dans le tract accompagnant la remise du Yabon Award, sur la banderole qui a \u00e9t\u00e9 d\u00e9ploy\u00e9e, dans les slogans qui ont \u00e9t\u00e9 scand\u00e9s, ou dans les nombreux \u00e9changes verbaux qui ont eu lieu pendant et apr\u00e8s le chahut. Pour nous comme pour tou-te-s les ami-e-s qui ont pris part au chahut, le droit \u00e0 la critique des religions n\u2019a pas \u00e0 \u00eatre remis en cause \u2013 mais le mot islamophobie d\u00e9signe tout autre chose\u00a0: le racisme, l\u2019injure et la discrimination \u00e0 l\u2019encontre des adeptes r\u00e9els ou suppos\u00e9s de la religion musulmane.<\/p>\n<p>Nous sommes en v\u00e9rit\u00e9 tr\u00e8s attach\u00e9s \u00e0 la libert\u00e9 d\u2019expression, mais nous ne comprenons pas en quoi celle d\u2019une Caroline Fourest, superstar de l\u2019\u00e9ditocratie multim\u00e9dias, omnipr\u00e9sente dans la grande presse et dans les grandes cha\u00eenes de radio et de t\u00e9l\u00e9vision, devrait importer plus que celle de dizaines de militant-e-s aguerri-e-s qui, chacun-e, aurait pu avantageusement occuper sa place \u00e0 la tribune. Pourquoi surtout cette expression-l\u00e0, celle d\u2019une id\u00e9ologue obs\u00e9d\u00e9e par l\u2019islam et par l\u2019exclusion des femmes voil\u00e9es (de l\u2019\u00e9cole aux terrains de sport), celle d\u2019une opposante au droit de vote des \u00e9trangers, celle d\u2019une partisane du lib\u00e9ralisme qui paup\u00e9rise nos quartiers populaires, m\u00e9riterait-elle davantage d\u2019\u00eatre entendue,\u00a0<em>a fortiori<\/em>\u00a0dans un d\u00e9bat sur la lutte contre l\u2019extr\u00eame droite, que celle des victimes du racisme et des militants antiracistes\u00a0?<\/p>\n<p>En d\u2019autres termes, le chahut a confisqu\u00e9 une petite heure de parole \u00e0 une c\u00e9l\u00e9brit\u00e9 qui a derri\u00e8re elle des centaines d\u2019heures dans les plus grands m\u00e9dias du pays, et qui en aura encore quelques centaines dans le futur\u00a0: on aimerait que ceux qui s\u2019\u00e9meuvent de cette minuscule privation se soucient avec le m\u00eame z\u00e8le de la libert\u00e9 effective qui est laiss\u00e9e aux \u201c chahuteurs \u201d pour faire entendre, dans les formes (c\u2019est-\u00e0-dire autrement que par le chahut, dans des conditions plus sereines et plus propices \u00e0 l\u2019\u00e9coute et l\u2019\u00e9change), leur v\u00e9cu de la discrimination, leurs r\u00e9sistances face au racisme, leur critique de l\u2019antiracisme officiel, leur expertise sur le Front national et les moyens de le combattre.<\/p>\n<p>Ce n\u2019est certainement pas un \u201c d\u00e9bat \u201d avec Caroline Fourest, qui plus est \u00e0 armes in\u00e9gales, qui aurait pu r\u00e9gler le probl\u00e8me\u00a0: comment peut-on critiquer, d\u00e9construire, d\u00e9masquer en trois minutes, \u201c de la salle \u201d, un discours pernicieux, lorsque ce discours a pu se d\u00e9ployer en toute tranquillit\u00e9 \u00e0 la tribune pendant plus de trente minutes, avec tous les effets d\u2019autorit\u00e9 que conf\u00e8re une invitation en tant qu\u2019expert, et lorsque ledit expert dispose pour finir d\u2019un long \u201c temps de conclusion \u201d pour avoir le dernier mot\u00a0? Comment est-ce possible, notamment, face \u00e0 des sophistes comme Caroline Fourest, dont le discours, satur\u00e9 de mensonges et de proc\u00e9d\u00e9s de manipulation, n\u00e9cessite une analyse longue et minutieuse?<\/p>\n<p>Comment, enfin, peut-on imposer \u00e0 des gens qui subissent le racisme, et pour qui la question de la lutte antiraciste a quelque chose de vital et d\u2019urgent, cette vertueuse patience\u00a0: \u00ab\u00a0prenez le temps de discuter avec une raciste \u00a0\u2013 et faites-le poliment\u00a0\u00bb\u00a0?<\/p>\n<p>L\u2019urgence antiraciste<\/p>\n<p><img decoding=\"async\" alt=\"cleardot.gif\" src=\"https:\/\/mail.google.com\/mail\/images\/cleardot.gif\" \/>Tout, au fond, n\u2019est qu\u2019une question de temporalit\u00e9\u00a0: ce n\u2019est pas en soi et dans l\u2019absolu que nous sommes contre le fait d\u2019entendre une Caroline Fourest, ou contre le fait de la critiquer de mani\u00e8re argument\u00e9e \u2013 ce que nous refusons est l\u2019obligation d\u2019avoir encore \u00e0 le faire aujourd\u2019hui, en septembre 2012, alors que nous l\u2019avons d\u00e9j\u00e0 \u00e9cout\u00e9e, que nous l\u2019\u00e9coutons depuis des ann\u00e9es, qu\u2019on nous force \u00e0 l\u2019\u00e9couter \u00e0 peu pr\u00e8s partout, que nous n\u2019avons cess\u00e9, au fil de ces ann\u00e9es, de critiquer et contre-argumenter, que nous avons patiemment analys\u00e9, expliqu\u00e9, largement assez pour qu\u2019il soit d\u00e9sormais acquis que Caroline Fourest est une ennemie, pour la simple raison qu\u2019elle contribue, de mani\u00e8re particuli\u00e8rement efficace, \u00e0 attiser le racisme.<\/p>\n<p>Au bout de dix ann\u00e9es d\u2019\u00e9coute, d\u2019analyse, de d\u00e9bats, nous le savons\u00a0: demander \u00e0 Caroline Fourest comment lutter contre le racisme est aussi d\u00e9raisonnable et odieux que demander \u00e0 Christine Boutin comment lutter contre l\u2019homophobie \u2013 moyennant quoi le chahut qui a fait taire l\u2019\u00e9ditocrate\u00a0samedi dernier\u00a0est aussi l\u00e9gitime, aussi salutaire que les \u201c zaps \u201d d\u2019Act-Up et quelques autres qui ont pu, dans le pass\u00e9, faire taire Boutin ou ses semblables. Nous sommes en droit, aujourd\u2019hui, de refuser la perte de temps et l\u2019affront, l\u2019humiliation, l\u2019injure que constitue,\u00a0<em>a fortiori<\/em>\u00a0pour des antiracistes,\u00a0<em>a fortiori<\/em>\u00a0lorsqu\u2019ils sont noirs, arabes ou musulmans, un n-i\u00e8me sermon de Caroline Fourest.<\/p>\n<p>Que cette derni\u00e8re continue, si elle le souhaite et si ses employeurs sont contents d\u2019elle, de parler de presque tout presque partout, qu\u2019elle continue sur Radio France, sur France T\u00e9l\u00e9visions, sur Canal Plus et dans les colonnes du Huffington Post, d\u2019expliquer\u00a0<a href=\"http:\/\/lmsi.net\/Oui-certes-mais-les-Grecs-sont\" target=\"_blank\" rel=\"_blank\">aux Grecs<\/a>\u00a0qu\u2019ils doivent se serrer la ceinture, d\u2019expliquer\u00a0<a href=\"http:\/\/lmsi.net\/Le-collectif-Les-mots-sont,1063\" target=\"_blank\" rel=\"_blank\">aux footballeurs<\/a>\u00a0qu\u2019ils doivent vibrer en \u00e9coutant la Marseillaise, d\u2019expliquer\u00a0<a href=\"http:\/\/lmsi.net\/La-Terre-qui-elle-ne-ment-pas-n\" target=\"_blank\" rel=\"_blank\">\u00e0 Eva Joly<\/a>\u00a0qu\u2019elle doit respecter les c\u00e9r\u00e9monies militaires du 14-Juillet, d\u2019expliquer\u00a0<a href=\"http:\/\/lmsi.net\/La-Terre-qui-elle-ne-ment-pas-n\" target=\"_blank\" rel=\"_blank\">aux socialistes<\/a>\u00a0qu\u2019il ne faut pas accorder le droit de vote aux \u00e9trangers, d\u2019expliquer\u00a0<a href=\"http:\/\/lmsi.net\/La-nouvelle-croisade-de-Caroline\" target=\"_blank\" rel=\"_blank\">aux Tunisiens<\/a>\u00a0qu\u2019ils ne sont pas assez s\u00e9cularis\u00e9s pour vraiment m\u00e9riter la d\u00e9mocratie, d\u2019expliquer aux musulmans qu\u2019ils doivent \u00eatre fourestiens, d\u2019expliquer enfin\u00a0<a href=\"http:\/\/www.youtube.com\/watch?v=gtbyTxNxpOo\" target=\"_blank\" rel=\"_blank\">\u00e0 la terre enti\u00e8re<\/a>\u00a0que les \u00ab\u00a0pri\u00e8res de rue\u00a0\u00bb sont un grave probl\u00e8me et qu\u2019une fille voil\u00e9e ne doit\u00a0<a href=\"http:\/\/lmsi.net\/Eclaircissements-Premiere-partie\" target=\"_blank\" rel=\"_blank\">ni aller \u00e0 l\u2019\u00e9cole<\/a>, ni\u00a0<a href=\"http:\/\/carolinefourest.wordpress.com\/2010\/02\/09\/npa-nouveau-parti-antifeministe\/\" target=\"_blank\" rel=\"_blank\">repr\u00e9senter un parti de gauche aux \u00e9lections<\/a>, ni\u00a0<a href=\"http:\/\/lmsi.net\/L-angoisse-du-gardien-de-l-ordre\" target=\"_blank\" rel=\"_blank\">participer \u00e0 des comp\u00e9titions de foot<\/a>\u00a0ou de\u00a0<a href=\"http:\/\/lmsi.net\/Une-rockstar-au-PS\" target=\"_blank\" rel=\"_blank\">basket ball<\/a>. Qu\u2019elle continue tant qu\u2019elle veut, mais nous n\u2019avons pas besoin d\u2019elle, \u00e0 la F\u00eate de l\u2019Humanit\u00e9, pour nous expliquer comment lutter contre l\u2019extr\u00eame droite.\u00a0<em>\u00ab\u00a0Je suis pr\u00eat \u00e0 exp\u00e9rimenter tous les plats qu\u2019on voudra\u00a0\u00bb<\/em>, disait Jean-Pierre Vernant, le grand historien, r\u00e9sistant, militant communiste et anticolonialiste,\u00a0<em>\u00ab\u00a0mais on ne discute pas recettes de cuisine avec des anthropophages.\u00a0\u00bb<\/em><\/p>\n<p>(1) En d\u00e9pit de sa longueur, nous citons la liste des \u00a0signataires de cette lettre ouverte qui illustre leur diversit\u00e9\u00a0:\u00a0<strong>Mogniss H. Abdallah,\u00a0<\/strong>journaliste;<strong>\u00a0Gamal Abina,\u00a0<\/strong><a href=\"http:\/\/www.amal-50.org\/amal\/\" target=\"_blank\" rel=\"_blank\">Association pour la M\u00e9moire Alg\u00e9rienne<\/a>\u00a0(AMAL);<strong>\u00a0<\/strong><strong>Nadjib Achour<\/strong><strong>,\u00a0<\/strong>historien;<strong>\u00a0Nadine Acoury<\/strong><strong>,\u00a0<\/strong>juriste;<strong>\u00a0<\/strong><strong>Khalid Amajah<\/strong><strong>,\u00a0<\/strong>entrepreneur;<strong>\u00a0<\/strong><strong>Zahra Ali<\/strong><strong>,\u00a0<\/strong>sociologue;<strong>\u00a0<\/strong><strong>Mustapha Bahmane<\/strong><strong>,\u00a0<\/strong>traducteur;<strong>\u00a0<\/strong><strong>Zora Benali<\/strong><strong>,\u00a0<\/strong>militante associative;<strong>\u00a0<\/strong><strong>Farida Benmerabet,<\/strong><strong>\u00a0<\/strong>Collectif Pour le Droit et le Respect des Parents d\u2019\u00c9l\u00e8ves;<strong>\u00a0<\/strong><strong>Nadia Ben Othmane<\/strong><strong>,\u00a0<\/strong>juriste;<strong>\u00a0<\/strong><strong>Sa\u00efd Bouamama<\/strong><strong>,\u00a0<\/strong>sociologue;<strong>\u00a0<\/strong><strong>Redouane Bouchane<\/strong><strong>,\u00a0<\/strong>entrepreneur;<strong>\u00a0<\/strong><strong>Mourad Boudabbouz<\/strong><strong>,\u00a0<\/strong>entrepreneur et militant associatif;<strong>\u00a0<\/strong><strong>Na\u00efma Bouteldja<\/strong><strong>,\u00a0<\/strong>journaliste;<strong>\u00a0Abdelaziz Chaambi,<\/strong>\u00a0pr\u00e9sident de\u00a0la\u00a0<a href=\"http:\/\/www.crifrance.com\/\" target=\"_blank\" rel=\"_blank\">Coordination contre le Racisme et l\u2019Islamophobie<\/a>\u00a0(CRI);\u00a0<strong>Souhail Chichah<\/strong><strong>,\u00a0<\/strong>chercheur Universit\u00e9 Libre de Bruxelles (ULB);\u00a0<strong>Fran\u00e7oise Duthu<\/strong><strong>,\u00a0<\/strong>ancienne d\u00e9put\u00e9e au Parlement Europ\u00e9en (groupe Verts\/ALE);\u00a0<strong>Jamel El Hamri,<\/strong>\u00a0enseignant;\u00a0<strong>Youssef El Hassani<\/strong><strong>,<\/strong>\u00a0consultant en management;\u00a0<strong>Nabil Ennasri<\/strong><strong>,\u00a0<\/strong>pr\u00e9sident\u00a0du\u00a0<a href=\"http:\/\/www.lecmf.org\/\" target=\"_blank\" rel=\"_blank\">Collectif des Musulmans de France<\/a>\u00a0(CMF);<strong>\u00a0<\/strong><strong>Driss Ettazaoui<\/strong><strong>,\u00a0<\/strong>porte-parole Modem Eure (27);\u00a0<strong>Nawel Gafsia<\/strong><strong>,\u00a0<\/strong>avocate;<strong>\u00a0<\/strong><strong>Youssef Girard<\/strong><strong>,\u00a0<\/strong>historien;\u00a0<strong>Abdellatif Hedda<\/strong><strong>,\u00a0<\/strong>militant associatif;\u00a0<strong>Horia Iboudraren<\/strong><strong>,\u00a0<\/strong>\u00e9tudiante en droit;<strong>\u00a0<\/strong><strong>Rachid Id Yassine<\/strong><strong>,\u00a0<\/strong>sociologue anthropologue;<strong>\u00a0<\/strong><strong>Souad Khaldi<\/strong><strong>,\u00a0<\/strong>traductrice;<strong>\u00a0<\/strong><strong>Johara Lahssini<\/strong><strong>,\u00a0<\/strong>\u00e9tudiante;<strong>\u00a0<\/strong><strong>Bader Lejmi<\/strong><strong>,\u00a0<\/strong>membre\u00a0du\u00a0<a href=\"http:\/\/www.indigenes-republique.fr\/\" target=\"_blank\" rel=\"_blank\">PIR<\/a>\u00a0et des\u00a0<a href=\"http:\/\/lesindivisibles.fr\/\" target=\"_blank\" rel=\"_blank\">Indivisibles<\/a>;<strong>\u00a0\u00a0<\/strong><strong>Foued Medjabri<\/strong><strong>,\u00a0<\/strong>militant associatif;<strong>\u00a0<\/strong><strong>Mireille Rumeau<\/strong><strong>,\u00a0<\/strong>militante politique;<strong>\u00a0<\/strong><strong>El Yamine Settoul<\/strong><strong>,\u00a0<\/strong>sociologue;<strong>\u00a0<\/strong><strong>El Yamine Soum<\/strong><strong>,\u00a0<\/strong>auteur de \u00ab\u00a0La France\u00a0que nous voulons\u00a0\u00bb;\u00a0<strong>Farid Taalba<\/strong><strong>,\u00a0<\/strong>militant politique;<strong>\u00a0<\/strong><strong>Pierre Tevanian<\/strong><strong>,\u00a0<\/strong>professeur de philosophie;<strong>\u00a0<\/strong><strong>Leila Touati<\/strong><strong>,\u00a0<\/strong>ing\u00e9nieur;<strong>\u00a0<\/strong><strong>Abderrazzak\u00a0<\/strong><strong>Yacine<\/strong><strong>,<\/strong>\u00a0enseignant;\u00a0<strong>Aida Youcef<\/strong><strong>,\u00a0<\/strong>chercheuse en \u00e9conomie sociale et solidaire;\u00a0<strong>Sihem Zakia<\/strong><strong>,\u00a0<\/strong>consultante ressources humaines;\u00a0<strong>Faudil Ziani<\/strong><strong>,<\/strong>\u00a0pr\u00e9sident de Bouge qui Bouge, association\u00a0<strong><a href=\"http:\/\/www.barakalesite.com\/\" target=\"_blank\" rel=\"_blank\">Baraka<\/a><\/strong>,\u00a0<strong><a href=\"http:\/\/www.ism-france.org\/\" target=\"_blank\" rel=\"_blank\">ISM<\/a>&#8211;<\/strong><strong>France<\/strong><strong>,\u00a0<\/strong><strong>Marwan Muhammad<\/strong><strong>,<\/strong>\u00a0porte parole du CCIF;\u00a0<strong>Georges Gumpel<\/strong><strong>,<\/strong>\u00a0l\u2019Union Juive Fran\u00e7aise pour la Paix;\u00a0<strong>Fran\u00e7ois\u00a0\u00a0Burgat<\/strong><strong>,<\/strong>\u00a0politologue;<strong>\u00a0<\/strong><strong>Zineb Guedionni<\/strong>, fondatrice de l\u2019association Actions TERRE DU MONDE;\u00a0<strong>Jean-Claude Amara<\/strong>,\u00a0porte parole de Droits devant!<\/p>\n<p>(2) Pour ne citer que quelques exemples\u00a0: Pascal Boniface,\u00a0<em>Les intellectuels faussaires<\/em>, Editions Jean-Claude Gawsewitch, Paris, 2011\u00a0; Sadri Khiari,\u00a0<em>Sainte Caroline, contre Tariq Ramadan, Editions LaRevanche,\u00a0<\/em>Paris,\u00a0<em>\u00a0<\/em>2011\u00a0; et la rubrique Etude de cas, sous-rubrique \u00ab\u00a0<a href=\"http:\/\/lmsi.net\/-Soeur-Caroline-Fourest-et-ses-ami-\" target=\"_blank\" rel=\"_blank\">Soeur Caroline et ses amis<\/a>, sur le site Les Mots Sont Important (<a href=\"http:\/\/lmsi.net\/\" target=\"_blank\" rel=\"_blank\">lmsi.net<\/a>).<\/p>\n<p>(3) Les Yabon Awards annuels \u201c r\u00e9compensent \u201d les d\u00e9rapages ponctuels ou r\u00e9currents \u00e0 caract\u00e8re x\u00e9nophobe, raciste ou colonialiste. Le jury 2012 de ce prix \u00e9tait pr\u00e9sid\u00e9 par Gilles Sokoudjou (Les Indivisibles), et \u00e9tait compos\u00e9 de\u00a0: Florence Aubenas (journaliste),\u00a0<a title=\"Lire son billet sur ce prix 2012\" href=\"http:\/\/blogs.mediapart.fr\/blog\/jean-bauberot\/260312\/pourquoi-je-soutiens-les-indivisibles\">Jean Baub\u00e9rot<\/a>\u00a0(sociologue), Abdelkrim Branine (journaliste), S\u00e9bastien Fontenelle (journaliste), Faiza Guene (romanci\u00e8re\/r\u00e9alisatrice), Nacira Guenif (sociologue),\u00a0<a title=\"Voir son blog sur Mediapart\" href=\"http:\/\/blogs.mediapart.fr\/blog\/olivier-le-cour-grandmaison\">Olivier Le Cour Grandmaison<\/a>\u00a0(historien), Jalil Lespert (com\u00e9dien\/r\u00e9alisateur), Alain Mabanckou (romancier), A\u00efssa Ma\u00efga (com\u00e9dienne), Mokob\u00e9 (rappeur), Maboula Soumahoro (civilisationniste), Youssoupha (rappeur).<\/p>\n<\/div>\n<p><iframe src=\"\/\/www.youtube.com\/embed\/JsJvhWeEJOE\" height=\"315\" width=\"560\" allowfullscreen=\"\" frameborder=\"0\"><\/iframe><\/p>\n<p>Lire aussi :<a title=\"Permanent Link to Caroline Breivik vs Libert\u00e9 d\u2019expression\" href=\"http:\/\/www.egalite.be\/?p=3178\" rel=\"bookmark\"> Caroline Breivik vs Libert\u00e9 d\u2019expression<\/a><\/p>\n<address><a title=\"Permanent Link to D\u00e9sacraliser l\u2019Universit\u00e9 Libre de Bruxelles\" href=\"http:\/\/www.egalite.be\/?p=1892\" rel=\"bookmark\">\u00a0\u00a0\u00a0\u00a0\u00a0\u00a0\u00a0\u00a0\u00a0\u00a0\u00a0\u00a0\u00a0\u00a0\u00a0\u00a0\u00a0\u00a0\u00a0\u00a0\u00a0\u00a0 D\u00e9sacraliser l\u2019Universit\u00e9 Libre de Bruxelles<\/a><\/address>\n<h3><img decoding=\"async\" class=\"aligncenter\" alt=\"http:\/\/www.ism-france.org\/photos\/fourest-070912.jpg\" src=\"http:\/\/www.ism-france.org\/photos\/fourest-070912.jpg\" \/><\/h3>\n<h3 style=\"text-align: center;\"><a href=\"http:\/\/www.egalite.be\/wp-content\/uploads\/2012\/09\/TEE_shirt_tshirt_super_menteur_super_menteuse_supermenteur_jacques_chirac_guignols_de_linfo_2.png\"><img decoding=\"async\" class=\"aligncenter size-full wp-image-4316\" title=\"TEE_shirt_tshirt_super_menteur_super_menteuse_supermenteur_jacques_chirac_guignols_de_linfo_2\" alt=\"\" src=\"http:\/\/www.egalite.be\/wp-content\/uploads\/2012\/09\/TEE_shirt_tshirt_super_menteur_super_menteuse_supermenteur_jacques_chirac_guignols_de_linfo_2.png\" width=\"612\" height=\"793\" \/><\/a><\/h3>\n<h3 style=\"text-align: justify;\"><\/h3>\n<p><a href=\"http:\/\/www.egalite.be\/wp-content\/uploads\/2012\/06\/burka1.jpg\"><img decoding=\"async\" title=\"burka\" alt=\"\" src=\"http:\/\/www.egalite.be\/wp-content\/uploads\/2012\/06\/burka1.jpg\" width=\"784\" height=\"65\" \/><\/a><\/p>\n<h3>Enfin Disponible<\/h3>\n<p><a href=\"http:\/\/www.dailymotion.com\/video\/xonngs_burka-blabla-je-suis-dangereux_news\" target=\"_blank\">Burka Blabla \u2013 Je suis dangereux!<\/a> <em>par <a href=\"http:\/\/www.dailymotion.com\/Nicolas_Ingargiola\" target=\"_blank\">Nicolas_Ingargiola<\/a><\/em><\/p>\n<p><a href=\"http:\/\/www.egalite.be\/wp-content\/uploads\/2012\/06\/burka.jpg\"><img decoding=\"async\" title=\"burka\" alt=\"\" src=\"http:\/\/www.egalite.be\/wp-content\/uploads\/2012\/06\/burka.jpg\" width=\"784\" height=\"405\" \/><\/a><\/p>\n<p><a href=\"http:\/\/www.egalite.be\/wp-content\/uploads\/2012\/06\/burka2.jpg\"><img decoding=\"async\" title=\"burka\" alt=\"\" src=\"http:\/\/www.egalite.be\/wp-content\/uploads\/2012\/06\/burka2.jpg\" width=\"520\" height=\"58\" \/><\/a><\/p>\n<p><a href=\"http:\/\/www.egalite.be\/wp-content\/uploads\/2012\/06\/burka3.jpg\"><img decoding=\"async\" title=\"burka\" alt=\"\" src=\"http:\/\/www.egalite.be\/wp-content\/uploads\/2012\/06\/burka3.jpg\" width=\"113\" height=\"59\" \/><\/a><\/p>\n<p><img decoding=\"async\" alt=\"https:\/\/fbcdn-sphotos-a.akamaihd.net\/hphotos-ak-ash3\/s480x480\/527815_10150911404958425_1357267824_n.jpg\" src=\"https:\/\/fbcdn-sphotos-a.akamaihd.net\/hphotos-ak-ash3\/s480x480\/527815_10150911404958425_1357267824_n.jpg\" \/><\/p>\n<p>N\u2019y a-t-il pas eu, dans le chef des m\u00e9dias et commentateurs en tout genre, la construction d\u2019une \u00ab storytelling \u00bb, un r\u00e9cit imag\u00e9 et st\u00e9r\u00e9otyp\u00e9 qui a cristallis\u00e9 des r\u00e9actions de rejet, voire d\u2019horreur, face \u00e0 ce qui s\u2019est pass\u00e9 cette soir\u00e9e du 7 f\u00e9vrier ? Comment expliquer que partout, sur internet et dans les r\u00e9seaux sociaux, sur les campus et dans les discussions, cette storytelling a pris le pas sur les autres interpr\u00e9tations ? Et, au fond, a-t-on pris le temps d\u2019\u00e9couter les revendications et les motivations des participants de la \u00ab Burqa Pride \u00bb ? Le temps de comprendre ce que signifiait leur slogan : \u00ab BURQA-BLA-BLA ! \u00bb ? Ce slogan que beaucoup ont agit\u00e9 comme la preuve du danger et de l\u2019int\u00e9grisme larv\u00e9s de cette action, mais que peu ont pris le temps de d\u00e9cortiquer ?<\/p>\n<p>Face \u00e0 ce flot \u00ab d\u2019informations \u00bb, plusieurs personnes, participants ou pas de cette \u00ab Burqa Pride \u00bb, ont pris conscience qu\u2019il \u00e9tait urgent d\u2019articuler un contre-r\u00e9cit. La publication de cet ouvrage est un acte politique. Il propose aux lecteurs une s\u00e9rie de textes parus \u00ab \u00e0 chaud \u00bb, dans les jours qui suivirent cette soir\u00e9e du 7 f\u00e9vrier, ce \u00ab mardi noir \u00bb tels que certains ont pu l\u2019appeler. Il revient sur les faits pr\u00e9cis, sur les \u00e9v\u00e8nements tels qu\u2019ils se sont d\u00e9roul\u00e9s, aborde les enjeux et les modalit\u00e9s de ce d\u00e9bat, analyse les objectifs et les buts de ce chahut.<\/p>\n","protected":false},"excerpt":{"rendered":"<p>Caroline Fourest, l\u2019incendiaire qui crie \u00ab au feu! \u00bb 18 septembre 2012 Par Les invit\u00e9s de Mediapart Sa\u00efd Bouamama,\u00a0sociologue, et\u00a0Pierre Tevanian, philosophe, pris \u00e0 partie par Caroline Fourest apr\u00e8s l\u2019annulation d\u2019un d\u00e9bat, samedi 16 septembre \u00e0 la F\u00eate de l\u2019Humanit\u00e9, lui r\u00e9pondent:\u00a0\u00abAu-del\u00e0 de nos deux personnes, dans la version des faits de Fourest et du &#8230; <a title=\"Caroline Fourest, l\u2019incendiaire qui crie \u00ab au feu! \u00bb\" class=\"read-more\" href=\"https:\/\/bruxelles-pantheres.be\/?p=805\" aria-label=\"En savoir plus sur Caroline Fourest, l\u2019incendiaire qui crie \u00ab au feu! \u00bb\">Lire la suite<\/a><\/p>\n","protected":false},"author":1,"featured_media":222,"comment_status":"open","ping_status":"open","sticky":false,"template":"","format":"standard","meta":{"footnotes":""},"categories":[36,4,18,28,17],"tags":[13],"class_list":["post-805","post","type-post","status-publish","format-standard","has-post-thumbnail","hentry","category-europe","category-islamophobie","category-resistance-bruxelles","category-racismes","category-video","tag-nordine-saidi"],"_links":{"self":[{"href":"https:\/\/bruxelles-pantheres.be\/index.php?rest_route=\/wp\/v2\/posts\/805","targetHints":{"allow":["GET"]}}],"collection":[{"href":"https:\/\/bruxelles-pantheres.be\/index.php?rest_route=\/wp\/v2\/posts"}],"about":[{"href":"https:\/\/bruxelles-pantheres.be\/index.php?rest_route=\/wp\/v2\/types\/post"}],"author":[{"embeddable":true,"href":"https:\/\/bruxelles-pantheres.be\/index.php?rest_route=\/wp\/v2\/users\/1"}],"replies":[{"embeddable":true,"href":"https:\/\/bruxelles-pantheres.be\/index.php?rest_route=%2Fwp%2Fv2%2Fcomments&post=805"}],"version-history":[{"count":1,"href":"https:\/\/bruxelles-pantheres.be\/index.php?rest_route=\/wp\/v2\/posts\/805\/revisions"}],"predecessor-version":[{"id":806,"href":"https:\/\/bruxelles-pantheres.be\/index.php?rest_route=\/wp\/v2\/posts\/805\/revisions\/806"}],"wp:featuredmedia":[{"embeddable":true,"href":"https:\/\/bruxelles-pantheres.be\/index.php?rest_route=\/wp\/v2\/media\/222"}],"wp:attachment":[{"href":"https:\/\/bruxelles-pantheres.be\/index.php?rest_route=%2Fwp%2Fv2%2Fmedia&parent=805"}],"wp:term":[{"taxonomy":"category","embeddable":true,"href":"https:\/\/bruxelles-pantheres.be\/index.php?rest_route=%2Fwp%2Fv2%2Fcategories&post=805"},{"taxonomy":"post_tag","embeddable":true,"href":"https:\/\/bruxelles-pantheres.be\/index.php?rest_route=%2Fwp%2Fv2%2Ftags&post=805"}],"curies":[{"name":"wp","href":"https:\/\/api.w.org\/{rel}","templated":true}]}}