{"id":807,"date":"2013-09-18T18:49:05","date_gmt":"2013-09-18T17:49:05","guid":{"rendered":"https:\/\/bruxelles-pantheres.be\/?p=807"},"modified":"2013-11-11T18:51:36","modified_gmt":"2013-11-11T17:51:36","slug":"communique-de-presse-la-chanteuse-cubaine-gladys-hernandez-a-ete-expulsee","status":"publish","type":"post","link":"https:\/\/bruxelles-pantheres.be\/?p=807","title":{"rendered":"Communiqu\u00e9 de presse : La chanteuse cubaine Gladys Hernandez a \u00e9t\u00e9 expuls\u00e9e !"},"content":{"rendered":"<h6 data-ft=\"{&quot;type&quot;:1,&quot;tn&quot;:&quot;K&quot;}\"><img decoding=\"async\" alt=\"http:\/\/ds3.ds.static.rtbf.be\/article\/big_info\/2\/0\/4\/624_341_613933792c21e424098dca79b3a4735b-1347623120.jpg\" src=\"http:\/\/ds3.ds.static.rtbf.be\/article\/big_info\/2\/0\/4\/624_341_613933792c21e424098dca79b3a4735b-1347623120.jpg\" \/><\/h6>\n<h6 data-ft=\"{&quot;type&quot;:1,&quot;tn&quot;:&quot;K&quot;}\">Communiqu\u00e9 de presse<br \/>\n18 septembre 2012<\/h6>\n<p>La chanteuse cubaine Gladys Hernandez, apr\u00e8s plus de trois semaines d\u2019enfermement, a \u00e9t\u00e9 expuls\u00e9e ce matin par le vol Jetairfly 207 Bruxelles pour Varadero.<!--more--><\/p>\n<p>Nous d\u00e9non\u00e7ons cette expulsion \u00e0 la veille de l\u2019audience de la Chambre du Conseil pr\u00e9vue le 19 septembre pour d\u00e9cider de son sort et qui devient sans objet.Nous d\u00e9non\u00e7ons le silence tonitruant du gouvernement sur cette affaire qui fait la honte internationale de la Belgique.<br \/>\nAlors qu\u2019il en disposait pourtant, le gouvernement a pr\u00e9f\u00e9r\u00e9 ignorer tous les documents et autorisations qui \u00e9tablissaient que Gladys Hernandez \u00e9tait parfaitement en r\u00e8gle.Nous d\u00e9non\u00e7ons la fa\u00e7on dont le gouvernement a laiss\u00e9 l\u2019Office des \u00c9trangers pers\u00e9v\u00e9rer dans la gestion \u00e0 la fois ubuesque et inhumaine de ce dossier.Nous d\u00e9non\u00e7ons la complaisance complice et l\u2019exc\u00e8s de z\u00e8le vis-\u00e0-vis des passagers susceptibles de s\u2019y opposer que Jetairfly a manifest\u00e9s dans le traitement de cette expulsion.<\/p>\n<p>Nous r\u00e9clamons de l\u2019\u00c9tat belge qu\u2019il pr\u00e9sente des excuses officielles et publiques \u00e0 Gladys Hernandez, qu\u2019il la d\u00e9dommage pour les pr\u00e9judices et le traitement d\u00e9gradant qu\u2019elle a subi lors de cette incarc\u00e9ration sans fondement, et son expulsion \u00e0 la sauvette.<\/p>\n<address>\u00a0Comit\u00e9 de soutien \u00e0 Gladys Hernandez<\/address>\n<address><strong>Une chanteuse cubaine, en ordre de visa, bloqu\u00e9e \u00e0 Zaventem<\/strong><\/address>\n<p><a href=\"http:\/\/www.rtbf.be\/info\/regions\">REGIONS<\/a> | mercredi 12 septembre 2012 \u00e0 8h50<\/p>\n<article>\n<aside>\n<div>\n<h3><a href=\"http:\/\/www.rtbf.be\/info\/regions\/detail_une-chanteuse-cubaine-en-ordre-de-visa-bloquee-au-centre-ferme-de-l-aeroport-de-zaventem?id=7837261#newsImagesPane\"> Images <\/a><\/h3>\n<p><a href=\"http:\/\/www.rtbf.be\/info\/regions\/detail_une-chanteuse-cubaine-en-ordre-de-visa-bloquee-au-centre-ferme-de-l-aeroport-de-zaventem?id=7837261#newsImagesPane\"><img decoding=\"async\" title=\"Une chanteuse cubaine avec un visa pourtant en r\u00e8gle n'a pas pu entrer sur le territoire belge\" alt=\"Une chanteuse cubaine avec un visa pourtant en r\u00e8gle n'a pas pu entrer sur le territoire belge\" src=\"http:\/\/ds2.ds.static.rtbf.be\/article\/square200\/8\/f\/d\/200_200_f3de63bcc58f6843027c17ca2d89c6f6-1347432540.jpg\" \/><\/a><\/p>\n<p>Une chanteuse cubaine avec un visa pourtant en r\u00e8gle n\u2019a pas pu entrer sur le territoire belge<\/p>\n<\/div>\n<div>\n<h3><a href=\"http:\/\/www.rtbf.be\/info\/regions\/detail_une-chanteuse-cubaine-en-ordre-de-visa-bloquee-au-centre-ferme-de-l-aeroport-de-zaventem?id=7837261#newsVideosPane\"> Vid\u00e9os <\/a><\/h3>\n<div id=\"MediaEmbedFront_1347983140028\"><img decoding=\"async\" title=\"Cliquez pour visionner\" alt=\"\" src=\"http:\/\/ds.static.rtbf.be\/media\/video\/thumbnails\/175\/837\/0\/2ec098f81b27e82f092c450ef079dd48\/small-medium.jpg\" \/><\/div>\n<p>Chanteuse cubaine retenue depuis 15 jours en Centre ferm\u00e9<\/p>\n<\/div>\n<\/aside>\n<header>Elle se souviendra de son s\u00e9jour en Belgique. Une chanteuse cubaine venue participer \u00e0 plusieurs concerts, avec son groupe la \u00ab\u00a0Sonora cubana\u00a0\u00bb, est d\u00e9tenue depuis deux semaines au centre ferm\u00e9 de l\u2019a\u00e9roport de Zaventem. Elle n\u2019a pas pu entrer sur le territoire, alors que ses compagnons musiciens ont, quant \u00e0 eux, \u00e9t\u00e9 accept\u00e9s en Belgique.<\/header>\n<div>\n<p>Cette chanteuse pr\u00e9sentait pourtant un visa en r\u00e8gle, un ticket retour, elle avait 600 euros en poche et une lettre d\u2019invitation de l\u2019organisateur des concerts. Son avocate, Selma Benkhelifa, d\u00e9clare :<em> \u00ab\u00a0Elle avait tous les documents requis mais il y a un policier qui a d\u00e9cid\u00e9 de l\u2019interroger sur ce qu\u2019elle allait faire exactement ici, peut-\u00eatre qu\u2019il avait des soup\u00e7ons. Elle a un visa en r\u00e8gle et elle pensait qu\u2019elle allait venir ici pour chanter et tout d\u2019un coup, on l\u2019arr\u00eate et elle ne comprend pas du tout ce qu\u2019on lui reproche. Ses compagnons disent qu\u2019ils avaient exactement les m\u00eames documents que ce qu\u2019elle a pr\u00e9sent\u00e9 lors du contr\u00f4le.\u00a0\u00bb<\/em><\/p>\n<p>L\u2019Office des \u00e9trangers explique cependant que cette personne pr\u00e9sentait moins d\u2019arguments que ses compagnons musiciens pour \u00eatre re\u00e7ue en Belgique. Dominique Ernould, porte-parole, souligne : <em>\u00ab\u00a0Un visa seul ne suffit pas. Pour obtenir un visa, il y a des conditions qu\u2019il faut remplir mais au moment de l\u2019arriv\u00e9e sur le sol belge, les conditions sont v\u00e9rifi\u00e9es et dans ce cas-ci, cette chanteuse cubaine ne remplissait pas toutes les conditions : le motif de son voyage n\u2019\u00e9tait pas clair, les moyens de subsistance faisaient d\u00e9faut, il manquait une r\u00e9servation d\u2019h\u00f4tel et donc pour nous, les conditions n\u2019\u00e9taient pas enti\u00e8rement remplies.\u00a0\u00bb<\/em><\/p>\n<p>Un recours en extr\u00eame urgence contre la d\u00e9cision d\u2019expulsion a \u00e9t\u00e9 d\u00e9bout\u00e9, la chanteuse n\u2019\u00e9tant pas menac\u00e9e \u00e0 Cuba. L\u2019avocate tente encore une action devant les tribunaux pour demander sa lib\u00e9ration, en invoquant une faute de l\u2019\u00c9tat belge, \u00e0 savoir la faute du policier qui a refus\u00e9 le visa ou de l\u2019ambassade qui l\u2019a accord\u00e9. Mais il faut cinq jours pour qu\u2019une d\u00e9cision de justice soit prise. D\u2019ici l\u00e0, la cubaine pourrait \u00eatre renvoy\u00e9e dans son pays, sans avoir vu ni la Belgique ni son public.<\/p>\n<p><strong>Myriam Baele<\/strong><\/p>\n<\/div>\n<\/article>\n","protected":false},"excerpt":{"rendered":"<p>Communiqu\u00e9 de presse 18 septembre 2012 La chanteuse cubaine Gladys Hernandez, apr\u00e8s plus de trois semaines d\u2019enfermement, a \u00e9t\u00e9 expuls\u00e9e ce matin par le vol Jetairfly 207 Bruxelles pour Varadero.<\/p>\n","protected":false},"author":1,"featured_media":272,"comment_status":"open","ping_status":"open","sticky":false,"template":"","format":"standard","meta":{"footnotes":""},"categories":[35,28,39,5],"tags":[],"class_list":["post-807","post","type-post","status-publish","format-standard","has-post-thumbnail","hentry","category-amerique-du-sud","category-racismes","category-sans-papier","category-violence-policiere"],"_links":{"self":[{"href":"https:\/\/bruxelles-pantheres.be\/index.php?rest_route=\/wp\/v2\/posts\/807","targetHints":{"allow":["GET"]}}],"collection":[{"href":"https:\/\/bruxelles-pantheres.be\/index.php?rest_route=\/wp\/v2\/posts"}],"about":[{"href":"https:\/\/bruxelles-pantheres.be\/index.php?rest_route=\/wp\/v2\/types\/post"}],"author":[{"embeddable":true,"href":"https:\/\/bruxelles-pantheres.be\/index.php?rest_route=\/wp\/v2\/users\/1"}],"replies":[{"embeddable":true,"href":"https:\/\/bruxelles-pantheres.be\/index.php?rest_route=%2Fwp%2Fv2%2Fcomments&post=807"}],"version-history":[{"count":1,"href":"https:\/\/bruxelles-pantheres.be\/index.php?rest_route=\/wp\/v2\/posts\/807\/revisions"}],"predecessor-version":[{"id":808,"href":"https:\/\/bruxelles-pantheres.be\/index.php?rest_route=\/wp\/v2\/posts\/807\/revisions\/808"}],"wp:featuredmedia":[{"embeddable":true,"href":"https:\/\/bruxelles-pantheres.be\/index.php?rest_route=\/wp\/v2\/media\/272"}],"wp:attachment":[{"href":"https:\/\/bruxelles-pantheres.be\/index.php?rest_route=%2Fwp%2Fv2%2Fmedia&parent=807"}],"wp:term":[{"taxonomy":"category","embeddable":true,"href":"https:\/\/bruxelles-pantheres.be\/index.php?rest_route=%2Fwp%2Fv2%2Fcategories&post=807"},{"taxonomy":"post_tag","embeddable":true,"href":"https:\/\/bruxelles-pantheres.be\/index.php?rest_route=%2Fwp%2Fv2%2Ftags&post=807"}],"curies":[{"name":"wp","href":"https:\/\/api.w.org\/{rel}","templated":true}]}}