{"id":809,"date":"2012-09-16T18:53:13","date_gmt":"2012-09-16T17:53:13","guid":{"rendered":"https:\/\/bruxelles-pantheres.be\/?p=809"},"modified":"2013-11-11T18:56:29","modified_gmt":"2013-11-11T17:56:29","slug":"non-aux-expulsions-et-a-l-enfermement","status":"publish","type":"post","link":"https:\/\/bruxelles-pantheres.be\/?p=809","title":{"rendered":"Non aux expulsions et a l&rsquo; enfermement"},"content":{"rendered":"<p><iframe src=\"\/\/www.youtube.com\/embed\/vllbSrDVKdM\" height=\"315\" width=\"560\" allowfullscreen=\"\" frameborder=\"0\"><\/iframe><\/p>\n<p>Fouad Laajily est membre de l\u2019Association Marocaine des Droits de l\u2019Homme et du Collectif Sanspapiers Belgique.<!--more--><\/p>\n<p>&nbsp;<\/p>\n<h3>Non \u00e0 son expulsion et enfermement<br \/>\n<span style=\"color: #ff0000;\">LUNDI 17 SEPTEMBRE<\/span><br \/>\n<span style=\"color: #008000;\">RASSEMBLEMENT DE SOUTIEN<\/span><br \/>\nOFFICE DES ETRANGERS<br \/>\n59 CH. D\u2019ANVERS<br \/>\n1000 BXL<\/h3>\n<p>&nbsp;<\/p>\n<p>INFO: www.spbelgique.wordpress.com\/2012\/09\/09\/solidarite-contre-lexpulsion-de-fouad\/<\/p>\n<p>&nbsp;<\/p>\n<p>&nbsp;<\/p>\n<p style=\"text-align: center;\">\n<header>\n<h1>Ecrivons \u00e0\u00a0Fouad<\/h1>\n<div><a title=\"Septembre 13 2012\" href=\"http:\/\/spbelgique.wordpress.com\/2012\/09\/13\/ecrivons-a-fouad\/\"> <time datetime=\"2012-09-13T22:27:45+00:00\">sept<strong>13<\/strong><\/time> <\/a> by <a title=\"Afficher tous les articles par spbelgique\" href=\"http:\/\/spbelgique.wordpress.com\/author\/spbelgique\/\">spbelgique<\/a><\/div>\n<\/header>\n<p>&nbsp;<\/p>\n<p>&nbsp;<\/p>\n<p>&nbsp;<\/p>\n<p><a href=\"http:\/\/spbelgique.files.wordpress.com\/2012\/09\/affichefouad.jpg\"><img decoding=\"async\" title=\"affichefouad\" alt=\"\" src=\"http:\/\/spbelgique.files.wordpress.com\/2012\/09\/affichefouad.jpg?w=212&amp;h=300\" width=\"212\" height=\"300\" \/><\/a><\/p>\n<p>&nbsp;<\/p>\n<p>Dans un des derniers r\u00e9sum\u00e9s sur la situation de Fouad, \u00e9tait \u00e9crit cette phrase:\u00a0<strong>Si Fouad s\u2019accroche toujours c\u2019est en partie gr\u00e2ce \u00e0 la solidarit\u00e9.<\/strong><br \/>\nNe laissons pas vide cette phrase. Continuons \u00e0 partager notre solidarit\u00e9 avec lui (et pourquoi pas non plus avec les autres personnes dans le centre ferm\u00e9).<br \/>\nCe lundi nous envoyons une grande enveloppe \u00e0 Fouad remlis de mots qui lui peuvent encourager. (C est possible d`envoyer des lettres au personnes dans les centres ferm\u00e9s, sachant que toute lettre passe par les mains du service social du centre).<\/p>\n<p>&nbsp;<\/p>\n<p><strong>Concret:<\/strong><br \/>\ntoute lettre, carte, mots, image, photo, dessin, po\u00e8me ou autre qui peut encourager Fouad est la bienvenue dans la boite au lettres ,Rue Marcq 17, 1000 Bruxelles (pr\u00e8s de la salle Anker) avant lundi midi 17 septembre.<br \/>\nPas possible de venir d\u00e9poser quelque chose? Envoyer-le lui individuellement sur l\u2019 adresse:<\/p>\n<p>&nbsp;<\/p>\n<p>Centrum voor mensen zonder papieren te Merksplas (CIM)<br \/>\nA l\u00e1ttention de Fouad Laajily<br \/>\nSteenweg op Wortel 1A,<br \/>\n2330 Merksplas<\/p>\n<p>&nbsp;<\/p>\n<p>On reprendra cette d\u00e9marche si l\u2019 enfermement dure.<\/p>\n<p>&nbsp;<\/p>\n<p>En attendant d\u2019autres actions encore plus concr\u00e8tes.<\/p>\n<p>&nbsp;<\/p>\n<p style=\"text-align: center;\"><a href=\"http:\/\/www.egalite.be\/wp-content\/uploads\/2012\/09\/affichefouad.jpg\"><img decoding=\"async\" class=\"aligncenter  wp-image-4259\" title=\"affichefouad\" alt=\"\" src=\"http:\/\/www.egalite.be\/wp-content\/uploads\/2012\/09\/affichefouad.jpg\" width=\"729\" height=\"1031\" \/><\/a><\/p>\n<p>&nbsp;<\/p>\n<footer class=\"entry-meta\"><\/footer>\n<p>&nbsp;<\/p>\n","protected":false},"excerpt":{"rendered":"<p>Fouad Laajily est membre de l\u2019Association Marocaine des Droits de l\u2019Homme et du Collectif Sanspapiers Belgique.<\/p>\n","protected":false},"author":1,"featured_media":810,"comment_status":"open","ping_status":"open","sticky":false,"template":"","format":"standard","meta":{"footnotes":""},"categories":[24,28,39,17,5],"tags":[],"class_list":["post-809","post","type-post","status-publish","format-standard","has-post-thumbnail","hentry","category-belgique-maroc","category-racismes","category-sans-papier","category-video","category-violence-policiere"],"_links":{"self":[{"href":"https:\/\/bruxelles-pantheres.be\/index.php?rest_route=\/wp\/v2\/posts\/809","targetHints":{"allow":["GET"]}}],"collection":[{"href":"https:\/\/bruxelles-pantheres.be\/index.php?rest_route=\/wp\/v2\/posts"}],"about":[{"href":"https:\/\/bruxelles-pantheres.be\/index.php?rest_route=\/wp\/v2\/types\/post"}],"author":[{"embeddable":true,"href":"https:\/\/bruxelles-pantheres.be\/index.php?rest_route=\/wp\/v2\/users\/1"}],"replies":[{"embeddable":true,"href":"https:\/\/bruxelles-pantheres.be\/index.php?rest_route=%2Fwp%2Fv2%2Fcomments&post=809"}],"version-history":[{"count":1,"href":"https:\/\/bruxelles-pantheres.be\/index.php?rest_route=\/wp\/v2\/posts\/809\/revisions"}],"predecessor-version":[{"id":811,"href":"https:\/\/bruxelles-pantheres.be\/index.php?rest_route=\/wp\/v2\/posts\/809\/revisions\/811"}],"wp:featuredmedia":[{"embeddable":true,"href":"https:\/\/bruxelles-pantheres.be\/index.php?rest_route=\/wp\/v2\/media\/810"}],"wp:attachment":[{"href":"https:\/\/bruxelles-pantheres.be\/index.php?rest_route=%2Fwp%2Fv2%2Fmedia&parent=809"}],"wp:term":[{"taxonomy":"category","embeddable":true,"href":"https:\/\/bruxelles-pantheres.be\/index.php?rest_route=%2Fwp%2Fv2%2Fcategories&post=809"},{"taxonomy":"post_tag","embeddable":true,"href":"https:\/\/bruxelles-pantheres.be\/index.php?rest_route=%2Fwp%2Fv2%2Ftags&post=809"}],"curies":[{"name":"wp","href":"https:\/\/api.w.org\/{rel}","templated":true}]}}