{"id":821,"date":"2012-09-11T19:13:26","date_gmt":"2012-09-11T18:13:26","guid":{"rendered":"https:\/\/bruxelles-pantheres.be\/?p=821"},"modified":"2013-11-11T19:14:54","modified_gmt":"2013-11-11T18:14:54","slug":"la-future-prison-de-haren-suscite-les-protestations-dhabitants","status":"publish","type":"post","link":"https:\/\/bruxelles-pantheres.be\/?p=821","title":{"rendered":"La future prison de Haren suscite les protestations d\u2019habitants"},"content":{"rendered":"<p><img decoding=\"async\" alt=\"\" src=\"http:\/\/static2.7sur7.be\/static\/photo\/2012\/3\/0\/5\/20120910210156\/media_xll_5148110.jpg\" width=\"510\" \/>\u00a9 belga.<\/p>\n<p><strong>Le comit\u00e9 d\u2019habitants de Haren a protest\u00e9 lundi soir au conseil communal de la Ville de Bruxelles contre la construction d\u2019une prison dans cette localit\u00e9 d\u00e9pendant de la Ville, situ\u00e9e au nord de la capitale. Dans une interpellation publique, il s\u2019est demand\u00e9 comment la Ville serait en mesure de garantir la qualit\u00e9 de vie aux riverains sit\u00f4t la prison construite sur une superficie de 18 hectares.<!--more--><\/strong><\/p>\n<p>La cr\u00e9ation de cette prison d\u2019une capacit\u00e9 de 1.200 places suscite l\u2019inqui\u00e9tude parmi les 4.500 habitants de Haren qui s\u2019interrogent sur l\u2019impact de cette infrastructure en termes de trafic de transit et de s\u00e9curit\u00e9.<\/p>\n<p>Selon le bourgmestre Freddy Thielemans, la nouvelle prison n\u2019engendrera pas de criminalit\u00e9, pas plus que celles de Saint-Gilles et de Forest n\u2019en ont engendr\u00e9.<\/p>\n<p>Le comit\u00e9 d\u2019habitants a par ailleurs d\u00e9plor\u00e9 que la Ville de Bruxelles ne pr\u00e9sentait pas de plan coh\u00e9rent et concret pour garantir la qualit\u00e9 de vie \u00e0 l\u2019avenir dans cet ancien village situ\u00e9 aux portes de Bruxelles.<\/p>\n<p><a href=\"http:\/\/www.7sur7.be\/7s7\/fr\/1502\/Belgique\/article\/detail\/1498755\/2012\/09\/10\/La-future-prison-de-Haren-suscite-les-protestations-d-habitants.dhtml\">Source\u00a0 <\/a><a href=\"http:\/\/www.7sur7.be\/7s7\/fr\/1502\/Belgique\/article\/detail\/1498755\/2012\/09\/10\/La-future-prison-de-Haren-suscite-les-protestations-d-habitants.dhtml\">Par: r\u00e9daction <\/a><br \/>\n10\/09\/12 \u2013 21h03\u00a0\u00a0Source: belga.be<\/p>\n","protected":false},"excerpt":{"rendered":"<p>\u00a9 belga. Le comit\u00e9 d\u2019habitants de Haren a protest\u00e9 lundi soir au conseil communal de la Ville de Bruxelles contre la construction d\u2019une prison dans cette localit\u00e9 d\u00e9pendant de la Ville, situ\u00e9e au nord de la capitale. Dans une interpellation publique, il s\u2019est demand\u00e9 comment la Ville serait en mesure de garantir la qualit\u00e9 de &#8230; <a title=\"La future prison de Haren suscite les protestations d\u2019habitants\" class=\"read-more\" href=\"https:\/\/bruxelles-pantheres.be\/?p=821\" aria-label=\"En savoir plus sur La future prison de Haren suscite les protestations d\u2019habitants\">Lire la suite<\/a><\/p>\n","protected":false},"author":1,"featured_media":368,"comment_status":"open","ping_status":"open","sticky":false,"template":"","format":"standard","meta":{"footnotes":""},"categories":[8],"tags":[14],"class_list":["post-821","post","type-post","status-publish","format-standard","has-post-thumbnail","hentry","category-prisons","tag-bruxelles"],"_links":{"self":[{"href":"https:\/\/bruxelles-pantheres.be\/index.php?rest_route=\/wp\/v2\/posts\/821","targetHints":{"allow":["GET"]}}],"collection":[{"href":"https:\/\/bruxelles-pantheres.be\/index.php?rest_route=\/wp\/v2\/posts"}],"about":[{"href":"https:\/\/bruxelles-pantheres.be\/index.php?rest_route=\/wp\/v2\/types\/post"}],"author":[{"embeddable":true,"href":"https:\/\/bruxelles-pantheres.be\/index.php?rest_route=\/wp\/v2\/users\/1"}],"replies":[{"embeddable":true,"href":"https:\/\/bruxelles-pantheres.be\/index.php?rest_route=%2Fwp%2Fv2%2Fcomments&post=821"}],"version-history":[{"count":1,"href":"https:\/\/bruxelles-pantheres.be\/index.php?rest_route=\/wp\/v2\/posts\/821\/revisions"}],"predecessor-version":[{"id":822,"href":"https:\/\/bruxelles-pantheres.be\/index.php?rest_route=\/wp\/v2\/posts\/821\/revisions\/822"}],"wp:featuredmedia":[{"embeddable":true,"href":"https:\/\/bruxelles-pantheres.be\/index.php?rest_route=\/wp\/v2\/media\/368"}],"wp:attachment":[{"href":"https:\/\/bruxelles-pantheres.be\/index.php?rest_route=%2Fwp%2Fv2%2Fmedia&parent=821"}],"wp:term":[{"taxonomy":"category","embeddable":true,"href":"https:\/\/bruxelles-pantheres.be\/index.php?rest_route=%2Fwp%2Fv2%2Fcategories&post=821"},{"taxonomy":"post_tag","embeddable":true,"href":"https:\/\/bruxelles-pantheres.be\/index.php?rest_route=%2Fwp%2Fv2%2Ftags&post=821"}],"curies":[{"name":"wp","href":"https:\/\/api.w.org\/{rel}","templated":true}]}}