{"id":823,"date":"2012-09-11T19:15:04","date_gmt":"2012-09-11T18:15:04","guid":{"rendered":"https:\/\/bruxelles-pantheres.be\/?p=823"},"modified":"2013-11-11T19:19:38","modified_gmt":"2013-11-11T18:19:38","slug":"le-parti-egalite-present-dans-huit-communes-bruxelloises","status":"publish","type":"post","link":"https:\/\/bruxelles-pantheres.be\/?p=823","title":{"rendered":"Le parti \u00c9galit\u00e9 pr\u00e9sent dans huit communes bruxelloises"},"content":{"rendered":"<p><a href=\"http:\/\/www.rtbf.be\/info\/regions\">REGIONS<\/a> | mardi 11 septembre 2012 \u00e0 10h03<\/p>\n<p><img decoding=\"async\" id=\"t1\" title=\"Le programme d'\u00c9galit\u00e9 est proche de celui des partis d'extr\u00eame-gauche.\" alt=\"Le programme d'\u00c9galit\u00e9 est proche de celui des partis d'extr\u00eame-gauche.\" src=\"http:\/\/ds4.ds.static.rtbf.be\/article\/square200\/b\/7\/6\/200_200_1bb87d41d15fe27b500a4bfcde01bb0e-1347350493.png\" \/><\/p>\n<article>\n<aside>\n<div>\n<p>Le programme d\u2019\u00c9galit\u00e9 est proche de celui des partis d\u2019extr\u00eame-gauche.<\/p>\n<\/div>\n<div>\n<h3><a href=\"http:\/\/www.rtbf.be\/info\/regions\/detail_le-parti-egalite-present-dans-huit-communes-bruxelloises?id=7836608#newsAudiosPane\"> Audios <\/a><\/h3>\n<ul>\n<li><a href=\"http:\/\/www.rtbf.be\/info\/regions\/detail_le-parti-egalite-present-dans-huit-communes-bruxelloises?id=7836608#newsAudiosPane\" rel=\"1757952\">\u00c9coutez Nordine Sa\u00efdi, la t\u00eate de liste du parti, qui r\u00e9pond aux adversaires du parti qui le voient comme un parti <!--more--><\/a><\/li>\n<\/ul>\n<\/div>\n<\/aside>\n<header>Le parti \u00c9galit\u00e9 pr\u00e9sentera des listes \u2013 incompl\u00e8tes \u2013 dans huit communes bruxelloises, le 14 octobre prochain. \u00c9galit\u00e9 voulait surtout \u00eatre pr\u00e9sent dans les six communes les plus pauvres de la capitale. Le mouvement se pr\u00e9sente comme un mouvement de r\u00e9sistance, avec des candidats des quartiers populaires, en lutte contre le racisme, l\u2019islamophobie et la violence polici\u00e8re.<\/header>\n<div>\n<p>Le programme d\u2019\u00c9galit\u00e9 est proche de celui des partis d\u2019extr\u00eame-gauche. Mais il inclut une dimension suppl\u00e9mentaire : la d\u00e9nonciation de l\u2019islamophobie et du racisme y occupe une place centrale. \u00c9galit\u00e9 affiche \u00e9galement sa solidarit\u00e9 avec le peuple palestinien, une th\u00e9matique qu\u2019il veut imposer dans le d\u00e9bat communal. Souvent pr\u00e9sent\u00e9 comme \u00ab\u00a0islamo-gauchiste\u00a0\u00bb, \u00c9galit\u00e9 r\u00e9fute cette \u00e9tiquette. Il n\u2019est pas un parti religieux mais s\u2019oppose \u00e0 toute forme de discrimination sur la base de l\u2019appartenance religieuse. Sur les listes d\u2019\u00c9galit\u00e9, on trouve des femmes portant le foulard islamique et d\u2019autres ne le portant pas. On y trouve des candidats inspir\u00e9s par les valeurs de l\u2019islam et d\u2019autres par le marxisme ou l\u2019anarchisme.<\/p>\n<p>\u00c0 premi\u00e8re vue, rien ne distingue le programme d\u2019Egalit\u00e9 de celui du PTB, un parti d\u2019extr\u00eame gauche bien implant\u00e9 dans les milieux populaires. Mais \u00c9galit\u00e9 conteste cette parent\u00e9. Pour le PTB, \u00e0 Bruxelles, Dirk et Mohamed connaissent les m\u00eames probl\u00e8mes : ch\u00f4mage, logement, pauvret\u00e9. Pour \u00c9galit\u00e9, Mohamed souffre en plus de la discrimination, du racisme, de l\u2019islamophobie et des contr\u00f4les policiers \u00a0\u00bb au faci\u00e8s\u00a0\u00bb. Cr\u00e9\u00e9 en 2009, \u00c9galit\u00e9 prend date en se pr\u00e9sentant pour la premi\u00e8re fois aux \u00e9lections communales, avec le scrutin de 2018 dans le viseur.<\/p>\n<p>Les huit communes dans lesquelles se pr\u00e9sentera le parti \u00c9galit\u00e9 sont Anderlecht, Bruxelles, Ixelles, Koekelberg, Molenbeek, Saint-Gilles, Saint-Josse et Schaerbeek.<\/p>\n<p><strong>Philippe Carlot<\/strong><\/p>\n<p><a href=\"http:\/\/www.rtbf.be\/info\/regions\/detail_le-parti-egalite-present-dans-huit-communes-bruxelloises?id=7836608\">SOURCE<\/a><\/p>\n<p><a href=\"https:\/\/bruxelles-pantheres.be\/wp-content\/uploads\/2013\/11\/nordine3.jpg\"><img decoding=\"async\" class=\"alignnone size-full wp-image-824\" alt=\"nordine3\" src=\"https:\/\/bruxelles-pantheres.be\/wp-content\/uploads\/2013\/11\/nordine3.jpg\" width=\"960\" height=\"640\" srcset=\"https:\/\/bruxelles-pantheres.be\/wp-content\/uploads\/2013\/11\/nordine3.jpg 960w, https:\/\/bruxelles-pantheres.be\/wp-content\/uploads\/2013\/11\/nordine3-300x200.jpg 300w, https:\/\/bruxelles-pantheres.be\/wp-content\/uploads\/2013\/11\/nordine3-768x512.jpg 768w\" sizes=\"(max-width: 960px) 100vw, 960px\" \/><\/a><\/p>\n<div class=\"entry-content\">\n<h1 align=\"center\"><span style=\"color: #c60000; font-size: medium;\">Liste \u00ab\u00a0Egalit\u00e9\u00a0\u00bb\u00a0: les pieds dans le plat\u2026 pays<\/span><\/h1>\n<hr \/>\n<div align=\"justify\">\n<p>A l\u2019occasion des \u00e9lections communales \u00e0 Bruxelles, la liste du parti \u00ab\u00a0Egalit\u00e9\u00a0\u00bb apporte une vraie bouff\u00e9e d\u2019oxyg\u00e8ne, n\u2019en d\u00e9plaise aux sites isra\u00e9liens qui s\u2019\u00e9tranglent\u00a0: \u00ab\u00a0tant de musulmans candidats, quel culot\u00a0!\u00a0\u00bb<\/p>\n<\/div>\n<div align=\"justify\">\n<p><em>\u00ab\u00a0Mouvement de r\u00e9sistance des quartiers populaires, Egalit\u00e9 s\u2019\u00e9crit avec les couleurs de la Palestine. Nous sommes des activistes qui changeons les choses. Nous luttons contre l\u2019injustice et les in\u00e9galit\u00e9s sociales, dans le monde et ici. Nous r\u00e9sistons dans nos quartiers, nos \u00e9coles, au travail, contre le racisme d\u2019\u00c9tat, l\u2019islamophobie, les violences polici\u00e8res, la logique du \u00ab\u00a0tous en prison\u00a0\u00bb. Nous nous mobilisons pour les mal-log\u00e9s et les sans-papiers.<\/em><\/p>\n<p>Nous, \u00e9galitaires, sommes entr\u00e9s ensemble en r\u00e9sistance depuis l\u2019op\u00e9ration Plomb Durci contre Gaza, en 2008. Nous ne nous retrouvons pas dans la gauche actuelle, grande ou petite. Nous nous imposons dans les d\u00e9bats politiques. Il faut d\u00e9passer l\u2019action associative et passer \u00e0 une vitesse sup\u00e9rieure.<\/p>\n<p><em>\u00c9galit\u00e9, c\u2019est un vent nouveau\u00a0: le peuple se prend en main et s\u2019empare de la politique. Au lieu de subir, nous nous unissons pour agir.\u00a0\u00bb <\/em><\/p>\n<p>Une belle profession de foi.<\/p>\n<p>Pour amplifier et faire conna\u00eetre ses luttes contre les discriminations, Egalit\u00e9, qui regroupe des militants de toutes origines et confessions s\u2019est pr\u00e9sent\u00e9 aux \u00e9lections r\u00e9gionales en juin 2009 (4 289 \u00e9lecteurs), puis aux l\u00e9gislatives f\u00e9d\u00e9rales en 2010, \u00e0 Bruxelles-Hal-Vilvorde (5 670 \u00e9lecteurs)<\/p>\n<p>Le programme d\u2019\u00e9galit\u00e9 comprend notamment\u00a0:<\/p>\n<p><img decoding=\"async\" alt=\"-\" src=\"http:\/\/www.europalestine.com\/local\/cache-vignettes\/L8xH11\/puce-32883.gif\" width=\"8\" height=\"11\" \/>\u00a0Emploi des jeunes\u00a0: plan anti-discrimination, emplois ouverts \u00e0 toutes et \u00e0 tous<\/p>\n<p><img decoding=\"async\" alt=\"-\" src=\"http:\/\/www.europalestine.com\/local\/cache-vignettes\/L8xH11\/puce-32883.gif\" width=\"8\" height=\"11\" \/>\u00a0Gaza jumel\u00e9 avec notre commune. Une commune qui boycotte les produits isra\u00e9liens.<\/p>\n<p><img decoding=\"async\" alt=\"-\" src=\"http:\/\/www.europalestine.com\/local\/cache-vignettes\/L8xH11\/puce-32883.gif\" width=\"8\" height=\"11\" \/>\u00a0Avenir \u00e9galitaire pour la jeunesse\u00a0: non aux violences et aux insultes racistes venant de policiers. Pour des solutions positives \u00e0 la violence urbaine.<\/p>\n<p><img decoding=\"async\" alt=\"-\" src=\"http:\/\/www.europalestine.com\/local\/cache-vignettes\/L8xH11\/puce-32883.gif\" width=\"8\" height=\"11\" \/>\u00a0Logement orient\u00e9 socialement\u00a0; priorit\u00e9 aux personnes avec des revenus faibles ou pr\u00e9caires<\/p>\n<p><img decoding=\"async\" alt=\"-\" src=\"http:\/\/www.europalestine.com\/local\/cache-vignettes\/L8xH11\/puce-32883.gif\" width=\"8\" height=\"11\" \/>\u00a0Incarc\u00e9ration\u00a0: arr\u00eatons la spirale de la prison. Un enseignement et un emploi de qualit\u00e9 stopperont la d\u00e9linquance\u00a0!<\/p>\n<p><img decoding=\"async\" alt=\"-\" src=\"http:\/\/www.europalestine.com\/local\/cache-vignettes\/L8xH11\/puce-32883.gif\" width=\"8\" height=\"11\" \/>\u00a0Transports\u00a0: gratuit\u00e9 de la STIB pour les Bruxellois<\/p>\n<p><img decoding=\"async\" alt=\"-\" src=\"http:\/\/www.europalestine.com\/local\/cache-vignettes\/L8xH11\/puce-32883.gif\" width=\"8\" height=\"11\" \/>\u00a0Enseignement\u00a0: aucune discrimination sociale, culturelle, philosophique ou religieuse\u00a0!Stop \u00e0 la guerre scolaire contre le foulard\u00a0! Soutien communal \u00e0 la cr\u00e9ation de cr\u00e8ches, d\u2019\u00e9coles maternelles, primaires et secondaires ouvertes \u00e0 toutes et tous\u00a0!<\/p>\n<p>Depuis le 1er juin 2011, \u00c9GALIT\u00c9 dispose de son propre local, situ\u00e9 aux num\u00e9ros 4 et 8 de la rue du Chevreuil \u00e0 1000 Bruxelles. \u00c9GALIT\u00c9 a mis sur pied l\u2019asbl ESG (Egalit\u00e9 Sans Guillemets), qui partage le local au num\u00e9ro 8.<\/p>\n<p>L\u00e0 se retrouvent les jeunes et moins jeunes qui ont envie d\u2019agir\u00a0:<\/p>\n<p><img decoding=\"async\" alt=\"-\" src=\"http:\/\/www.europalestine.com\/local\/cache-vignettes\/L8xH11\/puce-32883.gif\" width=\"8\" height=\"11\" \/>\u00a0interpellation du conseil communal d\u2019Anderlecht pour s\u2019opposer \u00e0 l\u2019application de la \u00ab\u00a0tol\u00e9rance z\u00e9ro\u00a0\u00bb, avec des mesures positives au probl\u00e8me de la violence urbaine.<\/p>\n<p><img decoding=\"async\" alt=\"-\" src=\"http:\/\/www.europalestine.com\/local\/cache-vignettes\/L8xH11\/puce-32883.gif\" width=\"8\" height=\"11\" \/>\u00a0soutien \u00e0 des habitants de camping \u00e0 Binche, menac\u00e9s d\u2019expulsion par la police et la justice.<\/p>\n<p><img decoding=\"async\" alt=\"-\" src=\"http:\/\/www.europalestine.com\/local\/cache-vignettes\/L8xH11\/puce-32883.gif\" width=\"8\" height=\"11\" \/>\u00a0campagne pour faire lib\u00e9rer le citoyen belge, Ali Aarrass. Tous les citoyens doivent \u00eatre trait\u00e9s de mani\u00e8re \u00e9gale par les services de police et de justice. \u00c9GALIT\u00c9 s\u2019oppose aux doubles peines et aux extraditions des bi-nationaux.<\/p>\n<p><img decoding=\"async\" alt=\"-\" src=\"http:\/\/www.europalestine.com\/local\/cache-vignettes\/L8xH11\/puce-32883.gif\" width=\"8\" height=\"11\" \/>\u00a0Le 16 ao\u00fbt 2009, \u00c9GALIT\u00c9 a organis\u00e9 une marche dans les rues de Saint-Josse contre toutes les formes de discrimination dans l\u2019enseignement. \u00c9GALIT\u00c9 a aid\u00e9 des jeunes \u00e0 r\u00e9ussir leur examen de passage en n\u00e9erlandais. De nombreux membres, en particulier des femmes, ont particip\u00e9 et contribu\u00e9 \u00e0 la r\u00e9ussite des manifestations du 11 novembre 2009 et du 27 mars 2010 contre l\u2019interdiction du foulard dans les \u00e9coles. Vu le programme scolaire sur l\u2019histoire de la colonisation, Egalit\u00e9 a particip\u00e9 \u00e0 des comm\u00e9morations sur l\u2019assassinat de Patrice Lumumba.<\/p>\n<p>Et pour rire un peu, voici un extrait de la prose sioniste \u00e0 propos d\u2019EGALIT\u00c9\u00a0:<\/p>\n<p><em>\u00ab\u00a0Ainsi \u00e0 Anderlecht, une commune qui boycotte officiellement les produits isra\u00e9liens, l\u2019antisionisme s\u2019invite jusque dans les tracts \u00e9lectoraux\u00a0!<\/em><\/p>\n<p><em> <\/em><em>La liste \u00ab\u00a0Egalit\u00e9\u00a0\u00bb n\u2019est compos\u00e9e que de musulmans tous anti-isra\u00e9liens\u2026 Isra\u00ebl est la principale cible de leur haine et de leur programme. On croit r\u00eaver\u00a0? Eh bien non, bient\u00f4t il en sera de m\u00eame dans toute l\u2019Europe.\u00a0\u00bb <\/em><\/p>\n<p>\u2026Inchallah\u00a0!<\/p>\n<p>CAPJPO-EuroPalestine<\/p>\n<\/div>\n<\/div>\n<\/div>\n<\/article>\n","protected":false},"excerpt":{"rendered":"<p>REGIONS | mardi 11 septembre 2012 \u00e0 10h03 Le programme d\u2019\u00c9galit\u00e9 est proche de celui des partis d\u2019extr\u00eame-gauche. Audios \u00c9coutez Nordine Sa\u00efdi, la t\u00eate de liste du parti, qui r\u00e9pond aux adversaires du parti qui le voient comme un parti<\/p>\n","protected":false},"author":1,"featured_media":824,"comment_status":"open","ping_status":"open","sticky":false,"template":"","format":"standard","meta":{"footnotes":""},"categories":[18],"tags":[31,14,23,13,15],"class_list":["post-823","post","type-post","status-publish","format-standard","has-post-thumbnail","hentry","category-resistance-bruxelles","tag-belgique","tag-bruxelles","tag-discrimination","tag-nordine-saidi","tag-resistance"],"_links":{"self":[{"href":"https:\/\/bruxelles-pantheres.be\/index.php?rest_route=\/wp\/v2\/posts\/823","targetHints":{"allow":["GET"]}}],"collection":[{"href":"https:\/\/bruxelles-pantheres.be\/index.php?rest_route=\/wp\/v2\/posts"}],"about":[{"href":"https:\/\/bruxelles-pantheres.be\/index.php?rest_route=\/wp\/v2\/types\/post"}],"author":[{"embeddable":true,"href":"https:\/\/bruxelles-pantheres.be\/index.php?rest_route=\/wp\/v2\/users\/1"}],"replies":[{"embeddable":true,"href":"https:\/\/bruxelles-pantheres.be\/index.php?rest_route=%2Fwp%2Fv2%2Fcomments&post=823"}],"version-history":[{"count":3,"href":"https:\/\/bruxelles-pantheres.be\/index.php?rest_route=\/wp\/v2\/posts\/823\/revisions"}],"predecessor-version":[{"id":827,"href":"https:\/\/bruxelles-pantheres.be\/index.php?rest_route=\/wp\/v2\/posts\/823\/revisions\/827"}],"wp:featuredmedia":[{"embeddable":true,"href":"https:\/\/bruxelles-pantheres.be\/index.php?rest_route=\/wp\/v2\/media\/824"}],"wp:attachment":[{"href":"https:\/\/bruxelles-pantheres.be\/index.php?rest_route=%2Fwp%2Fv2%2Fmedia&parent=823"}],"wp:term":[{"taxonomy":"category","embeddable":true,"href":"https:\/\/bruxelles-pantheres.be\/index.php?rest_route=%2Fwp%2Fv2%2Fcategories&post=823"},{"taxonomy":"post_tag","embeddable":true,"href":"https:\/\/bruxelles-pantheres.be\/index.php?rest_route=%2Fwp%2Fv2%2Ftags&post=823"}],"curies":[{"name":"wp","href":"https:\/\/api.w.org\/{rel}","templated":true}]}}