{"id":828,"date":"2012-09-11T01:20:08","date_gmt":"2012-09-11T00:20:08","guid":{"rendered":"https:\/\/bruxelles-pantheres.be\/?p=828"},"modified":"2023-08-25T16:01:20","modified_gmt":"2023-08-25T15:01:20","slug":"un-11-septembre-peut-en-cacher-un-autre","status":"publish","type":"post","link":"https:\/\/bruxelles-pantheres.be\/?p=828","title":{"rendered":"Un 11 septembre peut en cacher un autre"},"content":{"rendered":"<p>Le 11 septembre 1973, Salvador Allende, pr\u00e9sident d\u00e9mocratiquement \u00e9lu de la R\u00e9publique chilienne, fut assi\u00e9g\u00e9 dans son propre palais, la Moneda, au coeur de Santiago. Les putschistes \u00e9taient des militaires qui lui avaient jur\u00e9 ob\u00e9dience, et leur chef, Augusto Pinochet, avait \u00e9t\u00e9 nomm\u00e9 par Allende lui-m\u00eame au commandement supr\u00eame des forces arm\u00e9es.<\/p>\n<p>Depuis la veille, comme par hasard, la marine chilienne et l\u2019US Navy menaient ensemble des manoeuvres au large de Valparaiso.<!--more--><\/p>\n<p><iframe src=\"\/\/www.youtube.com\/embed\/ufHIrEEl0_o\" width=\"420\" height=\"315\" frameborder=\"0\" allowfullscreen=\"allowfullscreen\"><\/iframe><\/p>\n<p>Victor Jara, chanteur de l\u2019Unit\u00e9 populaire (parti du pr\u00e9sident Allende), tortur\u00e9 et mutil\u00e9 sur un stade avant d\u2019\u00eatre assassin\u00e9 par la milice de Pinochet au service des USA<\/p>\n<p><iframe src=\"\/\/www.youtube.com\/embed\/en8yqVxuT-U\" width=\"420\" height=\"315\" frameborder=\"0\" allowfullscreen=\"allowfullscreen\"><\/iframe><\/p>\n<p style=\"text-align: justify;\"><strong>Par Herv\u00e9 Hamon<\/strong><\/p>\n<p style=\"text-align: justify;\">Titre original: Courant d\u2019\u00e8re. L\u2019autre 11 septembre. Coup d\u2019\u00e9tat au Chili : le 11 septembre 1973<\/p>\n<div><img decoding=\"async\" class=\"aligncenter\" src=\"http:\/\/humanrightsfilmfestival.ca\/wp-content\/uploads\/2009\/01\/battle_chile_01.jpg\" alt=\"http:\/\/humanrightsfilmfestival.ca\/wp-content\/uploads\/2009\/01\/battle_chile_01.jpg\" width=\"362\" height=\"243\" \/><\/div>\n<p style=\"text-align: justify;\">Le 11 septembre 1973, Salvador Allende, pr\u00e9sident d\u00e9mocratiquement \u00e9lu de la R\u00e9publique chilienne, fut assi\u00e9g\u00e9 dans son propre palais, la Moneda, au coeur de Santiago. Les putschistes \u00e9taient des militaires qui lui avaient jur\u00e9 ob\u00e9dience, et leur chef, Augusto Pinochet, avait \u00e9t\u00e9 nomm\u00e9 par Allende lui-m\u00eame au commandement supr\u00eame des forces arm\u00e9es.<\/p>\n<div><img decoding=\"async\" class=\"aligncenter\" src=\"http:\/\/www.fromthevaultradio.org\/home\/wp-content\/images\/FTV120%20Richard%20M.%20Nixon\/salvador%20allende%20b-w.jpg\" alt=\"http:\/\/www.fromthevaultradio.org\/home\/wp-content\/images\/FTV120%20Richard%20M.%20Nixon\/salvador%20allende%20b-w.jpg\" width=\"443\" height=\"206\" \/><\/div>\n<p style=\"text-align: justify;\">Depuis la veille, comme par hasard, la marine chilienne et l\u2019US Navy menaient ensemble des manoeuvres au large de Valparaiso. Le pr\u00e9sident Nixon ne cachait pas son exasp\u00e9ration devant ce \u00abmarxiste\u00bb \u00e9lu contre toute attente dans son pr\u00e9 carr\u00e9, et le conseiller sp\u00e9cial Henry Kissinger, qui obtint le prix Nobel de la Paix, fut par la suite le seul diplomate \u2013 ou peu s\u2019en faut \u2013 qui continua d\u2019entretenir des liens \u00e9troits et amicaux avec la junte chilienne.<\/p>\n<p style=\"text-align: justify;\">Bombard\u00e9 par l\u2019aviation, encercl\u00e9 par les chars, Allende refusa de se rendre. Le num\u00e9ro deux des putschistes f\u00e9lons t\u00e9l\u00e9phona pour lui offrir un avion vers l\u2019exil (on sut plus tard que l\u2019intention des insurg\u00e9s \u00e9tait de le balancer par-dessus bord), mais le pr\u00e9sident refusa, fit sortir tous ses amis et son personnel, puis se suicida dans son propre bureau avec une arme automatique.<\/p>\n<p><img decoding=\"async\" class=\"aligncenter\" src=\"http:\/\/mikeely.files.wordpress.com\/2009\/09\/pinochet_junta_chile_coup_1973.jpg\" alt=\"http:\/\/mikeely.files.wordpress.com\/2009\/09\/pinochet_junta_chile_coup_1973.jpg\" \/><\/p>\n<p style=\"text-align: justify;\">La r\u00e9pression fut effroyable. Les stades d\u00e9bord\u00e8rent d\u2019hommes et de femmes rafl\u00e9s, dont beaucoup subirent les pires exactions et furent l\u2019objet de massacres collectifs. Toutes les libert\u00e9s, tous les partis, tous les syndicats, tous les journaux furent proscrits. La police politique, la terrible Dina, commen\u00e7a son travail.<\/p>\n<p style=\"text-align: justify;\">On estime \u00e0 plus de 150.000 les citoyens emprisonn\u00e9s, \u00e0 25.000 les tortur\u00e9s, \u00e0 plusieurs milliers leurs compatriotes disparus.<\/p>\n<p style=\"text-align: justify;\">Pinochet tenta d\u2019effacer les traces de ces exactions, mais les t\u00e9moins subsistent. R\u00e9cemment, un cort\u00e8ge \u00e9norme, o\u00f9 se m\u00ealaient jeunes et vieux, a port\u00e9 en terre les restes de Victor Jara, chanteur magnifique dont les mains furent coup\u00e9es au stade national, avant liquidation violente. Le devoir de m\u00e9moire ne se partage pas. Puisse le souvenir du 11septembre 2001 ne pas occulter celui du 11 septembre 1973.<\/p>\n<p style=\"text-align: justify;\"><img decoding=\"async\" src=\"http:\/\/bellaciao.org\/images\/puce.gif\" alt=\"\" \/><a href=\"http:\/\/www.letelegramme.com\/ig\/generales\/regions\/commentaires\/courant-d-ere-l-autre-11-septembre-12-09-2010-1046907.php\">http:\/\/www.letelegramme.com\/ig\/generales\/regions\/commentaires\/courant-d-ere-l-autre-11-septembre-12-09-2010-1046907.php<\/a><\/p>\n<p style=\"text-align: justify;\">Le coup de gr\u00e2ce est donn\u00e9 finalement par l\u2019arm\u00e9e chilienne. Exit le socialisme et place \u00e0 l\u2019une des dictatures les plus violentes qu\u2019ait connue l\u2019Am\u00e9rique du Sud.<\/p>\n<p><a href=\"https:\/\/bruxelles-pantheres.be\/wp-content\/uploads\/2013\/11\/september-11-in-chile.gif\"><img decoding=\"async\" class=\"size-large wp-image-829 aligncenter\" src=\"https:\/\/bruxelles-pantheres.be\/wp-content\/uploads\/2013\/11\/september-11-in-chile-1024x950.gif\" alt=\"september-11-in-chile\" width=\"604\" height=\"560\" srcset=\"https:\/\/bruxelles-pantheres.be\/wp-content\/uploads\/2013\/11\/september-11-in-chile-1024x950.gif 1024w, https:\/\/bruxelles-pantheres.be\/wp-content\/uploads\/2013\/11\/september-11-in-chile-300x278.gif 300w, https:\/\/bruxelles-pantheres.be\/wp-content\/uploads\/2013\/11\/september-11-in-chile-768x713.gif 768w, https:\/\/bruxelles-pantheres.be\/wp-content\/uploads\/2013\/11\/september-11-in-chile-1536x1426.gif 1536w, https:\/\/bruxelles-pantheres.be\/wp-content\/uploads\/2013\/11\/september-11-in-chile-2048x1901.gif 2048w, https:\/\/bruxelles-pantheres.be\/wp-content\/uploads\/2013\/11\/september-11-in-chile-1320x1225.gif 1320w\" sizes=\"(max-width: 604px) 100vw, 604px\" \/><\/a><\/p>\n<p><img decoding=\"async\" class=\"shrinkToFit decoded aligncenter\" src=\"http:\/\/media.paperblog.fr\/i\/484\/4841014\/11-septembre-date-2-histoires-L-3yYAcX.jpeg\" alt=\"http:\/\/media.paperblog.fr\/i\/484\/4841014\/11-septembre-date-2-histoires-L-3yYAcX.jpeg\" width=\"534\" height=\"763\" \/><\/p>\n","protected":false},"excerpt":{"rendered":"<p>Le 11 septembre 1973, Salvador Allende, pr\u00e9sident d\u00e9mocratiquement \u00e9lu de la R\u00e9publique chilienne, fut assi\u00e9g\u00e9 dans son propre palais, la Moneda, au coeur de Santiago. Les putschistes \u00e9taient des militaires qui lui avaient jur\u00e9 ob\u00e9dience, et leur chef, Augusto Pinochet, avait \u00e9t\u00e9 nomm\u00e9 par Allende lui-m\u00eame au commandement supr\u00eame des forces arm\u00e9es. Depuis la veille, &#8230; <a title=\"Un 11 septembre peut en cacher un autre\" class=\"read-more\" href=\"https:\/\/bruxelles-pantheres.be\/?p=828\" aria-label=\"En savoir plus sur Un 11 septembre peut en cacher un autre\">Lire la suite<\/a><\/p>\n","protected":false},"author":1,"featured_media":829,"comment_status":"open","ping_status":"open","sticky":false,"template":"","format":"standard","meta":{"footnotes":""},"categories":[35,21,17],"tags":[55,49],"class_list":["post-828","post","type-post","status-publish","format-standard","has-post-thumbnail","hentry","category-amerique-du-sud","category-anti-imperialisme","category-video","tag-salvador-allende","tag-usa"],"_links":{"self":[{"href":"https:\/\/bruxelles-pantheres.be\/index.php?rest_route=\/wp\/v2\/posts\/828","targetHints":{"allow":["GET"]}}],"collection":[{"href":"https:\/\/bruxelles-pantheres.be\/index.php?rest_route=\/wp\/v2\/posts"}],"about":[{"href":"https:\/\/bruxelles-pantheres.be\/index.php?rest_route=\/wp\/v2\/types\/post"}],"author":[{"embeddable":true,"href":"https:\/\/bruxelles-pantheres.be\/index.php?rest_route=\/wp\/v2\/users\/1"}],"replies":[{"embeddable":true,"href":"https:\/\/bruxelles-pantheres.be\/index.php?rest_route=%2Fwp%2Fv2%2Fcomments&post=828"}],"version-history":[{"count":2,"href":"https:\/\/bruxelles-pantheres.be\/index.php?rest_route=\/wp\/v2\/posts\/828\/revisions"}],"predecessor-version":[{"id":5718,"href":"https:\/\/bruxelles-pantheres.be\/index.php?rest_route=\/wp\/v2\/posts\/828\/revisions\/5718"}],"wp:featuredmedia":[{"embeddable":true,"href":"https:\/\/bruxelles-pantheres.be\/index.php?rest_route=\/wp\/v2\/media\/829"}],"wp:attachment":[{"href":"https:\/\/bruxelles-pantheres.be\/index.php?rest_route=%2Fwp%2Fv2%2Fmedia&parent=828"}],"wp:term":[{"taxonomy":"category","embeddable":true,"href":"https:\/\/bruxelles-pantheres.be\/index.php?rest_route=%2Fwp%2Fv2%2Fcategories&post=828"},{"taxonomy":"post_tag","embeddable":true,"href":"https:\/\/bruxelles-pantheres.be\/index.php?rest_route=%2Fwp%2Fv2%2Ftags&post=828"}],"curies":[{"name":"wp","href":"https:\/\/api.w.org\/{rel}","templated":true}]}}