{"id":84,"date":"2009-08-18T02:13:18","date_gmt":"2009-08-18T01:13:18","guid":{"rendered":"https:\/\/bruxelles-pantheres.be\/?p=84"},"modified":"2013-11-09T22:40:22","modified_gmt":"2013-11-09T21:40:22","slug":"lettre-aux-membres-du-conseil-de-police-danderlecht","status":"publish","type":"post","link":"https:\/\/bruxelles-pantheres.be\/?p=84","title":{"rendered":"Lettre aux membres du Conseil de police d\u2019Anderlecht ."},"content":{"rendered":"<p><img decoding=\"async\" alt=\"\" src=\"http:\/\/www.intal.be\/files\/imagecache\/NEWscalecrop420x280\/teaserimages\/featdatte.jpg?\" \/><\/p>\n<p><strong>Anderlecht<\/strong><\/p>\n<p><strong>Libert\u00e9 d\u2019expression en danger <\/strong><\/p>\n<p><strong>Ce dimanche, en fin de matin\u00e9e, devant le march\u00e9 de l\u2019Abattoir, alors qu\u2019il informait les clients et les commer\u00e7ants sur la provenance criminelle de certains produits sur les \u00e9tales, Nordine, membre d\u2019\u00c9GALIT\u00c9, s\u2019est fait arr\u00eater et conduire dans une cellule du commissariat de la commune d\u2019Anderlecht o\u00f9 il a endur\u00e9 les insultes racistes et les incitations \u00e0 la haine prof\u00e9r\u00e9s par certains agents de police. <\/strong><\/p>\n<p><strong>A sa sortie, six heures plus tard, Nordine raconte l\u2019\u00e9preuve endur\u00e9e \u2026<!--more--><\/strong><\/p>\n<p><iframe src=\"http:\/\/www.dailymotion.com\/embed\/video\/xa6mqr\" height=\"270\" width=\"480\" frameborder=\"0\"><\/iframe><br \/>\n<a href=\"http:\/\/www.dailymotion.com\/video\/xa6mqr_liberte-d-expression-en-danger_news\" target=\"_blank\">Libert\u00e9 d&rsquo;expression en danger<\/a> <i>par <a href=\"http:\/\/www.dailymotion.com\/rachid-z\" target=\"_blank\">rachid-z<\/a><\/i><\/p>\n<p><a href=\"http:\/\/www.dailymotion.com\/video\/xa6mqr_liberte-dexpression-en-danger_news\">http:\/\/www.dailymotion.com\/video\/xa6mqr_liberte-dexpression-en-danger_news<\/a><\/p>\n<h1 align=\"center\"><img decoding=\"async\" alt=\"http:\/\/yabastarougeetnoir.files.wordpress.com\/2008\/12\/police-partout-justice-nulle-part.jpg\" src=\"http:\/\/yabastarougeetnoir.files.wordpress.com\/2008\/12\/police-partout-justice-nulle-part.jpg\" \/><\/h1>\n<blockquote>\n<h1 align=\"left\">Lettre aux membres du Conseil de police d\u2019Anderlecht<\/h1>\n<\/blockquote>\n<p>Nordine Sa\u00efdi<\/p>\n<p>Mouvement Citoyen Palestine<\/p>\n<p>Anderlecht, le 17 ao\u00fbt 2009<\/p>\n<p>&nbsp;<\/p>\n<p>Monsieur le Bourgmestre d\u2019Anderlecht Ga\u00ebtan Van Goidsenhoven<\/p>\n<p>Madame la Conseill\u00e8re Anne-Marie Vanp\u00e9venage<\/p>\n<p>Monsieur le Conseiller L\u00e9opold Lapage<\/p>\n<p>&nbsp;<\/p>\n<p>Je vous \u00e9cris pour d\u00e9noncer des faits que je trouve tr\u00e8s graves et fais de ce courrier une plainte envers Monsieur Condijts, agent de police dans le commissariat de la rue D\u00e9mosth\u00e8ne \u00e0 Anderlecht.<\/p>\n<p>Je m\u2019appelle Nordine Sa\u00efdi, je vis \u00e0 Anderlecht depuis 30 ans, c\u2019est-\u00e0-dire depuis ma naissance. Jamais, je n\u2019ai eu de probl\u00e8me avec la police, ni avec personne \u00e0 Anderlecht.<\/p>\n<p>Ce dimanche 16 ao\u00fbt 2009, j\u2019ai \u00e9t\u00e9 arr\u00eat\u00e9 \u00ab administrativement \u00bb par Monsieur Condijts et son coll\u00e8gue au march\u00e9 d\u2019Anderlecht, face aux deux lions qui forment une des entr\u00e9es lat\u00e9rales aux abattoirs.<\/p>\n<p>J\u2019\u00e9tais pr\u00e9sent \u00e0 cet endroit dans le cadre d\u2019une sensibilisation au public appelant les consommateurs \u00e0 boycotter les dattes en provenance d\u2019Isra\u00ebl. Nous ne distribuions pas de tract, nous \u00e9tions simplement pr\u00e9sents avec un T-shirt vert appelant les consommateurs \u00e0 ne pas consommer de dattes venant d\u2019Isra\u00ebl, car ce pays ne respecte pas le droit international. Nous faisons cela de la m\u00eame mani\u00e8re que d\u2019autres citoyens l\u2019ont fait \u00e0 l\u2019\u00e9poque de l\u2019apartheid en Afrique du Sud.<\/p>\n<p>Lors de notre rassemblement, nous avons \u00e9t\u00e9\u00a0inform\u00e9s d\u2019une interdiction de distribution de tracts (ce que nous ne faisions pas) et du port du T-shirt vert que la plupart d\u2019entre nous portait (pas moi).<\/p>\n<p>J\u2019ai demand\u00e9 aux agents pour quelles raisons notre pr\u00e9sence n\u2019\u00e9tait pas autoris\u00e9e, Monsieur Condijts sortant un papier m\u2019a dit que c\u2019\u00e9tait une interdiction du bourgmestre pour aujourd\u2019hui et les deux dimanches suivants. J\u2019ai demand\u00e9 de pouvoir lire ce papier, afin que ce soit clair pour nous.<\/p>\n<p>Comme cela ne fut pas fait, je vous demande donc :<\/p>\n<p><strong>\u00a7\u00a0Existe-t-il une interdiction concernant la pr\u00e9sence de citoyens discutant avec les passants sans aucunement troubler l\u2019ordre public ?<br \/>\n<\/strong><\/p>\n<p><strong>\u00a7\u00a0Existe-t-il une interdiction concernant le port de t-shirt vert ?<\/strong><\/p>\n<p>&nbsp;<\/p>\n<p>J\u2019ai donc \u00e9t\u00e9 arr\u00eat\u00e9 par Monsieur Condijts, qui n\u2019a pas cess\u00e9 de m\u2019injurier en tenant des propos que je juge racistes et blessants.<\/p>\n<p>Au commissariat de la rue D\u00e9mosth\u00e8ne, les seules choses que j\u2019ai entendues de Monsieur Condijts, tout en faisant mine de les ignorer, sont que \u00ab <em>comme les autres j\u2019allais faire des braquages<\/em> \u00bb, \u00ab <em>que j\u2019allais me mettre une ceinture d\u2019explosifs<\/em> \u00bb, \u00ab <em>bougnoule<\/em> \u00bb, \u00ab <em>terroriste<\/em> \u00bb. Me regardant, il me dit : \u00ab S<em>i \u00e7a ne te plait pas ici, rentre dans ton pays foutre la merde !<\/em> \u00bb. A ce moment, j\u2019ai r\u00e9agi et lui ai dit que mon pays, c\u2019est la Belgique et que j\u2019habite Anderlecht. J\u2019ai alors demand\u00e9 aux deux autres hommes et \u00e0 la femme\u00a0 \u00ab <em>Trouvez-vous\u00a0normal que dans un commissariat de police, des propos racistes soient tenus et que nul ne r\u00e9agisse ?<\/em> \u00bb . N\u2019ayant eu comme r\u00e9ponse que le silence, je les ai interpell\u00e9s \u00e0 nouveau : \u00ab<em>Trouvez-vous normal que dans un commissariat de police des propos racistes soient tenus et que nul ne r\u00e9agisse ?<\/em> \u00bb. J\u2019ai demand\u00e9 de recevoir\u00a0le proc\u00e8s-verbal de mon arrestation, ce qui me fut refus\u00e9.<\/p>\n<p>Je consid\u00e8re mon arrestation comme une entrave \u00e0 la libert\u00e9 d\u2019expression et d\u2019opinion, alors que l\u2019article 10 de la Convention europ\u00e9enne des droits de l\u2019Homme stipule que <em>\u00ab\u00a0Toute personne a droit \u00e0 la libert\u00e9 d\u2019expression. Ce droit comprend la libert\u00e9 d\u2019opinion et la libert\u00e9 de recevoir ou de communiquer des informations ou des id\u00e9es sans qu\u2019il puisse y avoir ing\u00e9rence d\u2019autorit\u00e9s publiques et sans consid\u00e9ration de fronti\u00e8re.\u00a0\u00bb<\/em><\/p>\n<p>Monsieur le Bourgmestre, Madame la Conseill\u00e8re, Monsieur le Conseiller, membres du Conseil de police d\u2019Anderlecht, je vous demande de faire une enqu\u00eate sur les faits que je d\u00e9nonce. Je suis \u00e0 votre enti\u00e8re disposition pour r\u00e9pondre \u00e0 vos \u00e9ventuelles questions.<\/p>\n<p>Je vous informe que je porte plainte pour propos racistes contre Monsieur Condijts aupr\u00e8s du Mouvement contre le Racisme, l\u2019Antis\u00e9mitisme et la X\u00e9nophobie ainsi qu\u2019aupr\u00e8s du Centre pour l\u2019Egalit\u00e9 des chances et du comit\u00e9 P.<\/p>\n<p>J\u2019informe \u00e9galement la Ligue des Droits de l\u2019Homme et la presse que, dans la commune d\u2019Anderlecht, il n\u2019est plus permis aux habitants d\u2019exprimer publiquement une opinion.<\/p>\n<p>&nbsp;<\/p>\n<p>Dans l\u2019attente d\u2019une r\u00e9ponse de votre part, je vous prie de recevoir, Monsieur le Bourgmestre, Madame la Conseill\u00e8re, Monsieur le Conseiller, mes salutations distingu\u00e9es.<\/p>\n<p>&nbsp;<\/p>\n<p>Nordine Sa\u00efdi<\/p>\n<p>Mouvement Citoyen Palestine<\/p>\n<p>&nbsp;<\/p>\n<p>&nbsp;<\/p>\n<p><strong>Proc\u00e8s-verbal d\u2019une arrestation arbitraire et raciste<\/strong><\/p>\n<p><strong>Nordine Sa\u00efdi, Mouvement Citoyen Palestine<\/strong><\/p>\n<p><strong>\u00a0<\/strong><\/p>\n<p>Ce dimanche 16 ao\u00fbt 2009, j\u2019ai rejoint des amis et mon \u00e9pouse au march\u00e9 d\u2019Anderlecht face aux deux lions, une des entr\u00e9es lat\u00e9rales des Abattoirs, dans le cadre d\u2019une sensibilisation au public appelant les consommateurs \u00e0 boycotter les dattes en provenance d\u2019Isra\u00ebl.<\/p>\n<p>&nbsp;<\/p>\n<p>Lors de mon arriv\u00e9e, trois agents de police les informaient d\u2019une interdiction de distribution de tracts (ce qu\u2019ils ne faisaient pas) et du port du t-shirt vert portant l\u2019inscription \u00ab Boycott Isra\u00ebl \u00bb au verso et, au recto, \u00ab Palestine Vivra \u00bb. La plupart de mes amis le portaient, pas moi.<\/p>\n<p>&nbsp;<\/p>\n<p>J\u2019ai demand\u00e9 aux agents pour quelles raisons notre pr\u00e9sence n\u2019\u00e9tait pas autoris\u00e9e, lorsque je me fus entendre dire \u00ab <em>De quoi tu te m\u00eales ?<\/em> \u00bb, et l\u2019ordre de donner ma carte d\u2019identit\u00e9.<\/p>\n<p>&nbsp;<\/p>\n<p>Monsieur Condijts sortant un papier m\u2019a dit que c\u2019\u00e9tait une interdiction du bourgmestre pour aujourd\u2019hui et les deux dimanches suivants.<\/p>\n<p>&nbsp;<\/p>\n<p>J\u2019ai demand\u00e9 de pouvoir lire ce papier, afin que ce soit clair pour nous. A ce moment, j\u2019ai pris l\u2019identit\u00e9 des agents qui sont Monsieur Condijts, Monsieur Vangerven et un troisi\u00e8me qui a refus\u00e9 de donner son identit\u00e9 en enlevant le scratch de son blouson. Monsieur Condijts \u00e9tant le principal, je lui ai demand\u00e9 de ne pas me tutoyer, mais de m\u2019appeler Monsieur Saidi et \u00e0 ce moment, il m\u2019a demand\u00e9 de tendre les mains pour me passer les menottes.<\/p>\n<p>&nbsp;<\/p>\n<p>Monsieur Condijts me saisit violemment avec une clef de bras et me dirigea vers la voiture, tout en me mena\u00e7ant : \u00ab\u00a0 <em>Je te parle comme je veux<\/em> \u00bb, \u00ab <em>Je t\u2019emmerde<\/em> \u00bb.\u00a0Je lui dis qu\u2019il n\u2019y avait aucune raison de sa part d\u2019agir ainsi. Il me mit violemment dans la voiture, alors que j\u2019y entrais calmement.<\/p>\n<p>&nbsp;<\/p>\n<p>Lorsque nous sommes arriv\u00e9s au commissariat de la rue D\u00e9mosth\u00e8ne, Monsieur Condijts me demanda d\u2019avancer et \u00e0 l\u2019entr\u00e9e de la porte, il me poussa sur le c\u00f4t\u00e9 en me disant que c\u2019\u00e9tait moi qui devais le suivre.<\/p>\n<p>&nbsp;<\/p>\n<p>Nous sommes entr\u00e9s dans un bureau, dans lequel se trouvait d\u00e9j\u00e0 Madame S. de Raes. Je me suis fait fouiller et on m\u2019assit sur une chaise, face \u00e0 Monsieur Condijts qui tapait \u00e0 l\u2019ordinateur.<\/p>\n<p>&nbsp;<\/p>\n<p>Monsieur Condijts commen\u00e7a alors \u00e0 se moquer de moi face \u00e0 ses coll\u00e8ges. Durant tout le temps o\u00f9 j\u2019\u00e9tais dans le bureau, aucune question ne m\u2019a \u00e9t\u00e9 pos\u00e9e, ni sur mon identit\u00e9, ni sur autre chose.<\/p>\n<p>&nbsp;<\/p>\n<p>Les seules paroles que j\u2019ai entendues, tout en faisant mine de les ignorer, provenaient de Monsieur Condijts. Voici ses propos : \u00ab\u00a0 <em>comme les autres j\u2019allais faire des braquages<\/em> \u00bb, \u00ab\u00a0 <em>j\u2019allais me mettre une ceinture d\u2019explosifs <\/em>\u00bb, \u00ab <em>bougnoule<\/em> \u00bb, \u00ab <em>terroriste<\/em> \u00bb.\u00a0Ensuite, en me regardant, Monsieur Condijts m\u2019a dit : \u00ab <em>Si \u00e7a ne te plait pas ici, rentre dans ton pays foutre la merde !<\/em> \u00bb. A ce moment, j\u2019ai r\u00e9agi en lui disant que mon pays, c\u2019est la Belgique et que j\u2019habite Anderlecht. J\u2019ai alors demand\u00e9 aux deux autres hommes et \u00e0 la femme : \u00ab <em>Trouvez-vous\u00a0normal que dans un commissariat de police, des propos racistes soient tenus et que nul ne r\u00e9agisse ?<\/em> \u00bb .<\/p>\n<p>&nbsp;<\/p>\n<p>Monsieur Condijts r\u00e9pondit alors qu\u2019 \u00ab ici, <em>on n\u2019engage que des sourds<\/em> \u00bb, et de montrer leur oreillette, ainsi que, et c\u2019est le plus choquant pour moi, \u00ab c<em>hez nous, les femmes ont simplement le droit de fermer leur gueule<\/em> \u00bb, et encore que j\u2019avais \u00ab <em>appris mon texte par c\u0153ur en me branlant le soir<\/em> \u00bb, car \u00ab <em>vous, les Arabes, avez une bite \u00e0 la place du cerveau<\/em> \u00bb. Quand mon gsm a sonn\u00e9, Monsieur Condijts l\u2019a pris en faisant mine de r\u00e9pondre et je lui ai demand\u00e9 de l\u2019\u00e9teindre, ce qu\u2019il fit.<\/p>\n<p>&nbsp;<\/p>\n<p>A un moment, je me suis retrouv\u00e9 seul avec Madame S. de Raes dans le bureau et je l\u2019ai interpell\u00e9e en lui demandant si elle n\u2019\u00e9tait pas g\u00ean\u00e9e d\u2019entendre des propos pareils, qui la rabaissaient au rang d\u2019un \u00eatre inf\u00e9rieur. J\u2019ai senti qu\u2019elle \u00e9tait mal \u00e0 l\u2019aise quand elle m\u2019a r\u00e9pondu nerveusement de me taire.<\/p>\n<p>&nbsp;<\/p>\n<p>A son retour, Monsieur Condijts m\u2019a intim\u00e9 de le suivre ; je lui ai demand\u00e9 de voir le proc\u00e8s-verbal ainsi qu\u2019un descriptif des objets qu\u2019ils m\u2019avaient confisqu\u00e9s, ce qu\u2019il m\u2019a refus\u00e9. A la sortie du bureau, nous nous sommes retrouv\u00e9s dans un hall en pr\u00e9sence de plusieurs coll\u00e8gues. Monsieur Condijts a interpell\u00e9 l\u2019un d\u2019entre eux, en lui disant que je le regardais comme un singe, puis a ajout\u00e9 : \u00ab <em>Voil\u00e0, c\u2019est toi qu\u2019il regarde maintenant<\/em> \u00bb.<\/p>\n<p>&nbsp;<\/p>\n<p>J\u2019ai interpell\u00e9 \u00e0 voix haute un agent de couleur noire, lui disant que son coll\u00e8gue \u00e9tait raciste et lui ai demand\u00e9 s\u2019il faisait les m\u00eames blagues avec lui, vu son origine africaine. Il me r\u00e9pondit qu\u2019il \u00e9tait d\u2019origine br\u00e9silienne mais que la condition pour \u00eatre dans la police \u00e9tait d\u2019\u00eatre belge. J\u2019ai r\u00e9pondu que j\u2019\u00e9tais heureux de sa r\u00e9ponse car son coll\u00e8gue n\u2019avait manifestement pas envie de comprendre ou pas compris que j\u2019\u00e9tais Belge \u00e0 part enti\u00e8re moi aussi.<\/p>\n<p>&nbsp;<\/p>\n<p>Je suis alors descendu dans les sous-sols o\u00f9 on me demanda d\u2019enlever ma veste, mes chaussures et de prendre une couverture. Lorsque je suis rentr\u00e9 dans la cellule, Monsieur Condijts a ajout\u00e9 :\u00a0<em>\u00ab Pour la pri\u00e8re, c\u2019est l\u00e0<\/em> \u00bb, en m\u2019indiquant de la main la direction des toilettes. C\u2019est la derni\u00e8re fois que j\u2019ai vu et entendu Monsieur Condijts ce jour-l\u00e0.<\/p>\n<p>&nbsp;<\/p>\n<p>Un peu plus tard, deux agents (un homme et une femme) m\u2019ont demand\u00e9 de les suivre. Ils m\u2019ont emmen\u00e9 dans une toilette, m\u2019ont demand\u00e9 de me laver les mains et de m\u2019essuyer, ce que je fis. Ils m\u2019ont ensuite fait rentrer dans un bureau et m\u2019ont demand\u00e9 de me mettre derri\u00e8re la tablette.<\/p>\n<p>&nbsp;<\/p>\n<p>L\u2019agent appela un nom ;\u00a0je ne r\u00e9pondis pas tout de suite mais lorsque je compris qu\u2019il s\u2019adressait \u00e0 moi, je lui r\u00e9pondis que je pensais qu\u2019il \u00e9tait au t\u00e9l\u00e9phone. Je lui dis : \u00ab <em>Je m\u2019appelle Saidi Nordine<\/em> \u00bb. Il t\u00e9l\u00e9phona, me dit qu\u2019il s\u2019\u00e9tait tromp\u00e9 et me raccompagna dans la cellule.<\/p>\n<p>&nbsp;<\/p>\n<p>Je n\u2019ai aucun reproche \u00e0 \u00e9mettre \u00e0 l\u2019encontre de ces deux agents, qui m\u2019ont dit bonjour, m\u2019ont demand\u00e9 poliment de les suivre et n\u2019ont affich\u00e9 aucun pr\u00e9jug\u00e9 \u00e0 mon \u00e9gard, ni \u00e0 l\u2019\u00e9gard du monsieur dont ils devaient s\u2019occuper, que j\u2019ai vu quelques minutes apr\u00e8s.<\/p>\n<p>&nbsp;<\/p>\n<p>Vers 18h00, deux agents sont venus me dire que je pouvais partir. Ils m\u2019ont demand\u00e9 de r\u00e9cup\u00e9rer ma veste et mes chaussures. A l\u2019\u00e9tage, ils m\u2019ont rendu mes objets personnels (argent, papier, gsm,\u2026) avant de me raccompagner \u00e0 la porte o\u00f9 m\u2019attendaient mes amis.<\/p>\n<p>&nbsp;<\/p>\n<p>Nordine Sa\u00efdi<\/p>\n<p>Mouvement Citoyen Palestine<\/p>\n<p>\u00e0 lire aussi sur Parlemento.com <a href=\"http:\/\/parlemento.wordpress.com\/2009\/08\/16\/boycott-israel-face-au-boycott-des-communes-bruxelloises\/\" target=\"_blank\" rel=\"bookmark\">\u201cBoycott Isra\u00ebl\u201d face au boycott des communes bruxelloises<\/a><br \/>\net sur Observations citoyennes <a href=\"http:\/\/rachid-zz.skynetblogs.be\/\" target=\"_blank\">http:\/\/rachid-zz.skynetblogs.<wbr \/>be\/<\/a><\/p>\n<p><a href=\"http:\/\/www.lalibre.be\/actu\/belgique\/article\/522837\/policier-raciste-a-anderlecht.html\" target=\"_blank\">http:\/\/www.lalibre.be\/actu\/<wbr \/>belgique\/article\/522837\/<wbr \/>policier-raciste-a-anderlecht.<wbr \/>html<\/a><\/p>\n<p><strong>La libert\u00e9 de manifestation est un droit fondamental <\/strong><\/p>\n<p>Source : Le Soir du mardi, 18 ao\u00fbt 2009, page 7<\/p>\n<p>ENTRETIEN<br \/>\n<strong>Manuel Lambert est juriste \u00e0 la Ligue des droits de l\u2019homme.<\/strong> Il \u00e9voque l\u2019arrestation administrative de ce militant du Mouvement citoyen Palestine.<\/p>\n<p><strong>Question : Seize militants portant le m\u00eame t-shirt et invitant les passants \u00e0 boycotter des produits d\u2019Isra\u00ebl, est-ce un d\u00e9lit ? <\/strong><\/p>\n<p><strong>Manuel Lambert : Absolument pas. La libert\u00e9 de manifestation comme la libert\u00e9 d\u2019expression sont des droits fondamentaux. Ils sont inscrits dans les trait\u00e9s internationaux,comme la Convention europ\u00e9enne des droits de l\u2019homme, ainsi que dans la Constitution belge. Les citoyens ont le droit de distribuer des tracts, quel que soit le contenu de ceux-ci. Si elle est pacifique,une manifestation spontan\u00e9e ne peut pas \u00eatre interdite. <\/strong><\/p>\n<p>Les seules exceptions n\u00e9cessitant une autorisation pr\u00e9alable des autorit\u00e9s locales ou justifiant la dispersion par les forces de police, c\u2019est le cas o\u00f9 ladite manifestation trouble l\u2019ordre public ou si celle-ci constitue une entrave \u00e0 la circulation. Mais la r\u00e8gle g\u00e9n\u00e9rale, \u00e7a reste la libert\u00e9 de se rassembler et de s\u2019exprimer.<\/p>\n<p>&amp;#9632; Propos recueillis par H.Do.<\/p>\n<p>Faits divers | Bavure polici\u00e8re ?<\/p>\n<blockquote>\n<h1 align=\"justify\">Policier raciste \u00e0 Anderlecht ?<\/h1>\n<\/blockquote>\n<p>J.-C.M.<\/p>\n<p>Mis en ligne le 18\/08\/2009<\/p>\n<p>M. Nordine Sa\u00efdi, membre du \u00ab\u00a0Mouvement Citoyen Palestine\u00a0\u00bb, s\u2019est plaint aupr\u00e8s du bourgmestre d\u2019Anderlecht, Ga\u00ebtan Van Goidsenhoven, du sort que lui a r\u00e9serv\u00e9 un policier de la zone Bruxelles-Midi. Il a d\u00e9cid\u00e9 de porter plainte pour propos racistes, de saisir le MRAX (Mouvement contre le racisme, l\u2019antis\u00e9mitisme et la x\u00e9nophobie), le Centre pour l\u2019Egalit\u00e9 des chances, la Ligue des droits de l\u2019homme et le comit\u00e9 P.<\/p>\n<p>Nordine Sa\u00efdi, connu pour son activisme en faveur des immigr\u00e9s et d\u00e9fenseur actif de la cause palestinienne, est belge et vit \u00e0 Anderlecht depuis 30 ans. Sa s\u0153ur \u00e9tait sur les listes du PS aux r\u00e9centes \u00e9lections r\u00e9gionales. Dimanche, il se trouvait au march\u00e9 d\u2019Anderlecht et participait \u00e0 une manifestation appelant les consommateurs \u00e0 boycotter les dattes en provenance d\u2019Isra\u00ebl. Un policier aurait intim\u00e9 l\u2019ordre au groupe, dont il faisait partie, de se disperser. M. Sa\u00efdi lui aurait demand\u00e9 de quel droit on mettait ainsi fin \u00e0 la manifestation. Le policier l\u2019aurait alors arr\u00eat\u00e9, non sans l\u2019injurier copieusement, tenant des propos que le plaignant qualifie de racistes. Ces insultes se seraient poursuivies au commissariat de la rue D\u00e9mosth\u00e8ne. Les autres policiers semblaient tr\u00e8s emb\u00eat\u00e9s, selon M. Sa\u00efdi, mais auraient laiss\u00e9 faire leur coll\u00e8gue dont la collection d\u2019insultes est, s\u2019il faut en croire M. Sa\u00efdi, r\u00e9ellement impressionnante. Lorsqu\u2019il a cri\u00e9 \u00e0 son interlocuteur <em>\u00ab\u00a0Si \u00e7a ne te pla\u00eet pas ici, rentre dans ton pays foutre la merde !\u00a0\u00bb<\/em>, M. Sa\u00efdi dit avoir r\u00e9agi en r\u00e9pondant que <em>\u00ab\u00a0mon pays, c\u2019est la Belgique et j\u2019habite Anderlecht.\u00a0\u00bb<\/em> L\u2019int\u00e9ress\u00e9 estime que son arrestation (administrative) constitue une entrave \u00e0 la libert\u00e9 d\u2019expression et d\u2019opinion mais surtout, il se plaint du caract\u00e8re muscl\u00e9 de l\u2019intervention polici\u00e8re et plus encore du traitement qui lui a \u00e9t\u00e9 r\u00e9serv\u00e9 au commissariat.<\/p>\n<p>Du c\u00f4t\u00e9 de la police locale, on indiquait que le rassemblement d\u2019une vingtaine de personnes dont faisait partie M. Sa\u00efdi \u00e9tait interdit. Le policier incrimin\u00e9 ne s\u2019occupait cependant pas sp\u00e9cialement de ce probl\u00e8me. Pr\u00e9pos\u00e9 \u00e0 la surveillance du march\u00e9 du dimanche, il sanctionnait une infraction commise par un automobiliste quand il a \u00e9t\u00e9, selon la version polici\u00e8re, verbalement pris \u00e0 partie par le plaignant, finalement arr\u00eat\u00e9 dans le but de restaurer l\u2019ordre public que ses vocif\u00e9rations troublaient. M. Sa\u00efdi a \u00e9t\u00e9 relax\u00e9 \u00e0 17h38. Aucun incident particulier n\u2019a \u00e9t\u00e9 consign\u00e9 dans le rapport. La hi\u00e9rarchie de la police de la zone se montrera vigilante, mais elle a peine \u00e0 croire qu\u2019un de ses policiers a pris le risque des d\u00e9rapages dont il est accus\u00e9, d\u00e9rapages qui, s\u2019ils \u00e9taient av\u00e9r\u00e9s, seraient sanctionn\u00e9s.<br \/>\n<a href=\"http:\/\/www.7sur7.be\/7s7\/fr\/1502\/Belgique\/article\/detail\/973056\/2009\/08\/18\/La-police-d-Anderlecht-accusee-de-racisme.dhtml\" target=\"_blank\">http:\/\/www.7sur7.be\/7s7\/fr\/<wbr \/>1502\/Belgique\/article\/detail\/<wbr \/>973056\/2009\/08\/18\/La-police-d-<wbr \/>Anderlecht-accusee-de-racisme.<wbr \/>dhtml<\/a><\/p>\n<h1 align=\"justify\">La police d\u2019Anderlecht accus\u00e9e de racisme<\/h1>\n<p>Un Anderlechtois, interpell\u00e9 par la police d\u2019Anderlecht dimanche \u00e0 l\u2019occasion d\u2019une action interdite \u00ab\u00a0Boycott Isra\u00ebl\u00a0\u00bb, s\u2019est plaint d\u2019arrestation arbitraire et raciste, rapportent mardi <em>Le Soir<\/em> et <em>La Libre Belgique<\/em>. Le bourgmestre d\u2019Anderlecht indique que si une plainte est d\u00e9pos\u00e9e, une enqu\u00eate sera men\u00e9e.<\/p>\n<p>Nordine Sa\u00efdi a particip\u00e9 au march\u00e9 d\u2019Anderlecht \u00e0 une action appelant \u00e0 boycotter les dattes en provenance d\u2019Isra\u00ebl. La manifestation n\u2019\u00e9tait pas autoris\u00e9e par la commune. Le ton a mont\u00e9 entre les policiers et Nordin Sa\u00efdi qui a \u00e9t\u00e9 menott\u00e9 et emmen\u00e9 au commissariat.<\/p>\n<p>Il dit qu\u2019un policier l\u2019a trait\u00e9 de \u00ab\u00a0bougnoule\u00a0\u00bb, de \u00ab\u00a0terroriste\u00a0\u00bb et lui dit \u00ab\u00a0si \u00e7a ne te pla\u00eet pas ici, rentre dans ton pays foutre la merde\u00a0\u00bb. Il a d\u00e9cid\u00e9 de porter plainte pour \u00ab\u00a0arrestation arbitraire et raciste\u00a0\u00bb aupr\u00e8s du MRAX et de la Ligue des droits de l\u2019homme et a d\u00e9nonc\u00e9 les faits au conseil de police d\u2019Anderlecht.<\/p>\n<p>La police dit qu\u2019il a \u00e9t\u00e9 emmen\u00e9 au commissariat pour trouble \u00e0 l\u2019ordre public et qu\u2019il n\u2019y a aucune mention des propos racistes dans le rapport de police. Le Mouvement citoyen Palestine s\u2019interroge sur l\u2019interdiction de la manifestation qu\u2019assume le bourgmestre d\u2019Anderlecht.<\/p>\n<p>Interrog\u00e9 sur l\u2019arrestation, M. Van Goidsenhoven indique que \u00ab\u00a0si plainte est d\u00e9pos\u00e9e, une enqu\u00eate sera diligent\u00e9e. Et si les faits son av\u00e9r\u00e9s, il y aura des sanctions\u00a0\u00bb. (belga\/acx) 18\/08\/09 08h55<\/p>\n","protected":false},"excerpt":{"rendered":"<p>Anderlecht Libert\u00e9 d\u2019expression en danger Ce dimanche, en fin de matin\u00e9e, devant le march\u00e9 de l\u2019Abattoir, alors qu\u2019il informait les clients et les commer\u00e7ants sur la provenance criminelle de certains produits sur les \u00e9tales, Nordine, membre d\u2019\u00c9GALIT\u00c9, s\u2019est fait arr\u00eater et conduire dans une cellule du commissariat de la commune d\u2019Anderlecht o\u00f9 il a endur\u00e9 &#8230; <a title=\"Lettre aux membres du Conseil de police d\u2019Anderlecht .\" class=\"read-more\" href=\"https:\/\/bruxelles-pantheres.be\/?p=84\" aria-label=\"En savoir plus sur Lettre aux membres du Conseil de police d\u2019Anderlecht .\">Lire la suite<\/a><\/p>\n","protected":false},"author":1,"featured_media":85,"comment_status":"open","ping_status":"open","sticky":false,"template":"","format":"standard","meta":{"footnotes":""},"categories":[6,18,5],"tags":[13],"class_list":["post-84","post","type-post","status-publish","format-standard","has-post-thumbnail","hentry","category-palestine-moyen-orient","category-resistance-bruxelles","category-violence-policiere","tag-nordine-saidi"],"_links":{"self":[{"href":"https:\/\/bruxelles-pantheres.be\/index.php?rest_route=\/wp\/v2\/posts\/84","targetHints":{"allow":["GET"]}}],"collection":[{"href":"https:\/\/bruxelles-pantheres.be\/index.php?rest_route=\/wp\/v2\/posts"}],"about":[{"href":"https:\/\/bruxelles-pantheres.be\/index.php?rest_route=\/wp\/v2\/types\/post"}],"author":[{"embeddable":true,"href":"https:\/\/bruxelles-pantheres.be\/index.php?rest_route=\/wp\/v2\/users\/1"}],"replies":[{"embeddable":true,"href":"https:\/\/bruxelles-pantheres.be\/index.php?rest_route=%2Fwp%2Fv2%2Fcomments&post=84"}],"version-history":[{"count":10,"href":"https:\/\/bruxelles-pantheres.be\/index.php?rest_route=\/wp\/v2\/posts\/84\/revisions"}],"predecessor-version":[{"id":138,"href":"https:\/\/bruxelles-pantheres.be\/index.php?rest_route=\/wp\/v2\/posts\/84\/revisions\/138"}],"wp:featuredmedia":[{"embeddable":true,"href":"https:\/\/bruxelles-pantheres.be\/index.php?rest_route=\/wp\/v2\/media\/85"}],"wp:attachment":[{"href":"https:\/\/bruxelles-pantheres.be\/index.php?rest_route=%2Fwp%2Fv2%2Fmedia&parent=84"}],"wp:term":[{"taxonomy":"category","embeddable":true,"href":"https:\/\/bruxelles-pantheres.be\/index.php?rest_route=%2Fwp%2Fv2%2Fcategories&post=84"},{"taxonomy":"post_tag","embeddable":true,"href":"https:\/\/bruxelles-pantheres.be\/index.php?rest_route=%2Fwp%2Fv2%2Ftags&post=84"}],"curies":[{"name":"wp","href":"https:\/\/api.w.org\/{rel}","templated":true}]}}