{"id":842,"date":"2012-09-07T19:38:39","date_gmt":"2012-09-07T18:38:39","guid":{"rendered":"https:\/\/bruxelles-pantheres.be\/?p=842"},"modified":"2013-11-11T19:41:33","modified_gmt":"2013-11-11T18:41:33","slug":"caroline-fourest-la-porte-parole-de-lislamophobie-de-gauche","status":"publish","type":"post","link":"https:\/\/bruxelles-pantheres.be\/?p=842","title":{"rendered":"Caroline Fourest la \u00ab porte-parole de l\u2019islamophobie de gauche \u00bb"},"content":{"rendered":"<h3>Non \u00e0 Caroline Fourest la \u00ab porte-parole de l\u2019islamophobie de gauche \u00bb \u00e0 la f\u00eate de l\u2019Huma!<\/h3>\n<div>le <time datetime=\"2012-09-07\">7. septembre 2012 \u2013 0:18<\/time><\/div>\n<p><strong>Militants et intellectuels, une trentaine de personnalit\u00e9s lancent un appel contre l\u2019invitation fa\u00eete \u00e0 Caroline Fourest \u00e0 la F\u00eate de l\u2019Huma le samedi 15 septembre 2012. <!--more--><\/strong><\/p>\n<div>\n<p><img decoding=\"async\" title=\"\" alt=\"\" src=\"http:\/\/oumma.com\/sites\/default\/files\/imagecache\/400xY\/caroline-fourest.jpg\" width=\"565\" height=\"320\" \/><\/p>\n<\/div>\n<p>Quelle ne fut pas notre indignation et notre col\u00e8re en apprenant la pr\u00e9sence de l\u2019essayiste sulfureuse Caroline Fourest, invit\u00e9e par les communistes \u00e0 la f\u00eate de l\u2019Humanit\u00e9 pour d\u00e9battre du th\u00e8me\u00a0<a href=\"http:\/\/fete.humanite.fr\/?Comment-faire-face-au-FN\" target=\"_blank\">\u00ab\u00a0Comment faire face au FN\u00a0?\u00a0\u00bb<\/a>.<\/p>\n<p>Depuis bient\u00f4t dix ans, C. Fourest m\u00e8ne une action continue pour promouvoir et l\u00e9gitimer des id\u00e9es <a href=\"http:\/\/lmsi.net\/Retour-de-flamme\" target=\"_blank\">islamophobes et discriminatoires<\/a> au sein de la gauche fran\u00e7aise. Cette stigmatisation syst\u00e9matique des musulmans a inspir\u00e9 nombre de dirigeants politiques de droite et d\u2019extr\u00eame-droite, dont Marine Le Pen.<\/p>\n<p>De la loi interdisant le foulard dans les \u00e9tablissements scolaires publics (2004) \u00e0 l\u2019interdiction des \u00ab\u00a0pri\u00e8res de rue\u00a0\u00bb (2011) en passant par l\u2019interdiction du port du \u00ab\u00a0voile int\u00e9gral\u00a0\u00bb (2010), C. Fourest a syst\u00e9matiquement pris position en faveur de\u00a0 mesures discriminatoires visant sp\u00e9cifiquement les musulmans.<\/p>\n<p>Lasse de ses prises de positions discriminatoires, l\u2019association antiraciste <em>Les Indivisibles<\/em> lui a d\u00e9cern\u00e9 un <a href=\"http:\/\/leplus.nouvelobs.com\/contribution\/523294-y-a-bon-awards-nous-votons-caroline-fourest.html\" target=\"_blank\">\u00ab\u00a0Ya bon award\u00a0\u00bb<\/a> pour avoir d\u00e9nonc\u00e9 des <em>\u00ab\u00a0associations qui demandent des gymnases [\u2026] r\u00e9serv\u00e9s aux femmes, voil\u00e9es, pour en plus lever des fonds pour le Hamas\u00a0\u00bb.<\/em> De son c\u00f4t\u00e9, Alain Gresh n\u2019h\u00e9site pas \u00e0 la qualifier de <em><a href=\"http:\/\/blog.mondediplo.net\/2012-02-27-Caroline-Fourest-les-fours-crematoires-et-la\" target=\"_blank\">\u00ab\u00a0porte-parole de l\u2019islamophobie \u00ab\u00a0de gauche\u00a0\u00bb\u00a0<\/a>\u00bb<\/em>.<\/p>\n<p>La malhonn\u00eatet\u00e9 intellectuelle caract\u00e9ris\u00e9e de C. Fourest et les libert\u00e9s qu\u2019elle prend avec la v\u00e9rit\u00e9 ont conduit Pascal Boniface \u00e0 la qualifier de <em><a href=\"http:\/\/www.rue89.com\/2011\/07\/31\/bhl-fourest-adler-val-intellos-faussaires-de-boniface-215102\" target=\"_blank\">\u00ab\u00a0s\u00e9rial-menteuse\u00a0\u00bb<\/a>.<\/em><\/p>\n<p>Cette rh\u00e9torique discriminatoire et mensong\u00e8re est intrins\u00e8quement li\u00e9e aux positions port\u00e9es par le FN. La question des \u00ab\u00a0pri\u00e8res de rue\u00a0\u00bb a \u00e9t\u00e9 mise en avant par C. Fourest dans <a href=\"http:\/\/carolinefourest.wordpress.com\/2010\/06\/18\/prieres-et-cochonailles\/\" target=\"_blank\">le Monde<\/a> avant d\u2019\u00eatre reprise par Marine Le Pen. L\u2019islamophobie \u00e9tant un th\u00e8me porteur, la \u00ab\u00a0droite classique\u00a0\u00bb s\u2019est finalement empar\u00e9e de la question pour interdire aux seuls musulmans les dites \u00ab\u00a0pri\u00e8res de rue\u00a0\u00bb.<\/p>\n<p>Inversement, Caroline Fourest n\u2019h\u00e9site pas \u00e0 reprendre le concept d\u2019\u00ab\u00a0Eurabia\u00a0\u00bb, forg\u00e9 par <a href=\"http:\/\/fr.wikipedia.org\/wiki\/Bat_Ye%27or\" target=\"_blank\">Bat Ye\u2019or<\/a>, dansun <a href=\"http:\/\/burqablabla.wordpress.com\/2012\/03\/21\/the-war-for-eurabia-by-caroline-fourest-ainsi-que-sa-traduction-en-francais-le-texte-evoque-par-m-chichah-lorsquil-a-ete-designe-et-appele-au-devant-de-la-salle-de-conference-par-m-guy-haar\/\" target=\"_blank\">article<\/a> paru dans <a href=\"http:\/\/online.wsj.com\/article\/0,,SB110729559310242790,00.html\" target=\"_blank\">le Wall Street Journal<\/a><em>.<\/em>Cette th\u00e9orie affirme que l\u2019Europe serait en train d\u2019\u00eatre \u00ab\u00a0absorb\u00e9e\u00a0\u00bb par le\u00a0monde arabe, en raison de la trahison de ses \u00ab\u00a0\u00e9lites\u00a0\u00bb ou \u00e0 cause de l\u2019immigration\u00a0et dutaux de f\u00e9condit\u00e9\u00a0plus \u00e9lev\u00e9s desmusulmans europ\u00e9ens. Ceux-ci\u00a0deviendraient \u00e0 terme majoritaires et dominants. A cette perspective, C. Fourest ajoute le \u00ab\u00a0complot\u00a0\u00bb ourdi par une \u00ab\u00a0internationale islamiste\u00a0\u00bb guid\u00e9e par la volont\u00e9 d\u2019islamiser l\u2019Europe. La th\u00e9orie de l\u2019Eurabia a inspir\u00e9 <a href=\"http:\/\/tempspresents.wordpress.com\/2012\/03\/06\/jean-yves-camus-anders-behring-breivik-et-la-nouvelle-extreme-droite-europeenne\/\" target=\"_blank\">Anders Behring Breivik<\/a>, l\u2019auteur des\u00a0attentats de 2011 en Norv\u00e8ge, qui d\u00e9fend cette th\u00e8se dans son \u00ab\u00a0manifeste politique\u00a0\u00bb.<\/p>\n<p>Ces positions islamophobes et les accointances qu\u2019elles ont avec celles d\u2019une partie de l\u2019extr\u00eame-droite, rendent inadmissible la pr\u00e9sence de Caroline Fourest \u00e0 un d\u00e9bat visant \u00e0 lutter contre le FN. Les responsables du PCF devraient savoir que l\u2019on n\u2019invite pas \u00e0 d\u00e9battre les personnes faisant le lit de ceux que l\u2019on pr\u00e9tend combattre. Mais peut-\u00eatre que le PCF n\u2019a pas rompu avec un h\u00e9ritage colonial\u00a0d\u00e9terminant ses positions sur la question de l\u2019islamophobie\u00a0?<\/p>\n<p>Nous demandons aux organisateurs de la f\u00eate de l\u2019Humanit\u00e9 de se ressaisir en revenant sur leur d\u00e9cision d\u2019inviter C. Fourest qui n\u2019a pas sa place dans une manifestation se voulant antiraciste.<\/p>\n<p><strong>Mogniss H. Abdallah,\u00a0<\/strong>journaliste<strong>, Gamal Abina,\u00a0<\/strong><a href=\"http:\/\/www.amal-50.org\/amal\/\" target=\"_blank\">Association pour la M\u00e9moire Alg\u00e9rienne<\/a>\u00a0(AMAL),\u00a0<strong>Nadjib Achour<\/strong>, historien,<strong>\u00a0Nadine Acoury<\/strong>,\u00a0juriste,\u00a0<strong>Khalid Amajah<\/strong>, entrepreneur,\u00a0<strong>Zahra Ali<\/strong>,\u00a0sociologue,<strong>\u00a0Mustapha Bahmane<\/strong>, traducteur,\u00a0<strong>Zora Benali<\/strong>, militante associative,\u00a0<strong>Farida Benmerabet,<\/strong>\u00a0Collectif Pour le Droit et le Respect des Parents d\u2019\u00c9l\u00e8ves,\u00a0<strong>Nadia Ben Othmane<\/strong>, juriste,\u00a0<strong>Sa\u00efd Bouamama<\/strong>, sociologue,\u00a0<strong>Redouane Bouchane<\/strong>, entrepreneur,\u00a0<strong>Mourad Boudabbouz<\/strong>,\u00a0entrepreneur et militant associatif,\u00a0<strong>Na\u00efma Bouteldja<\/strong>, journaliste,<strong>\u00a0Abdelaziz Chaambi,<\/strong>\u00a0pr\u00e9sident de\u00a0la\u00a0<a href=\"http:\/\/www.crifrance.com\/\" target=\"_blank\">Coordination contre le Racisme et l\u2019Islamophobie<\/a>\u00a0(CRI),\u00a0<strong>Souhail Chichah<\/strong>, chercheur Universit\u00e9 Libre de Bruxelles (ULB),\u00a0<strong>Fran\u00e7oise Duthu<\/strong>,\u00a0\u00a0ancienne d\u00e9put\u00e9e au Parlement Europ\u00e9en (groupe Verts\/ALE),\u00a0<strong>Jamel El Hamri,<\/strong>\u00a0enseignant,\u00a0<strong>Youssef El Hassani<\/strong>, consultant en management,\u00a0<strong>Nabil Ennasri<\/strong>, pr\u00e9sident\u00a0du\u00a0<a href=\"http:\/\/www.lecmf.org\/\" target=\"_blank\">Collectif des Musulmans de France<\/a>\u00a0(CMF),\u00a0<strong>Driss Ettazaoui<\/strong>, porte-parole Modem Eure (27),\u00a0<strong>Nawel Gafsia<\/strong>, avocate,\u00a0<strong>Youssef Girard<\/strong>, historien,\u00a0<strong>Abdellatif Hedda<\/strong>, militant associatif,\u00a0<strong>Horia Iboudraren<\/strong>, \u00e9tudiante en droit,\u00a0<strong>Rachid Id Yassine<\/strong>, sociologue anthropologue,\u00a0<strong>Souad Khaldi<\/strong>, traductrice,\u00a0<strong>Johara Lahssini<\/strong>, \u00e9tudiante,\u00a0<strong>Bader Lejmi<\/strong>, membre\u00a0du\u00a0<a href=\"http:\/\/www.indigenes-republique.fr\/\" target=\"_blank\">PIR<\/a>\u00a0et des\u00a0<a href=\"http:\/\/lesindivisibles.fr\/\" target=\"_blank\">Indivisibles<\/a>,\u00a0<strong>Foued Medjabri<\/strong>,militant associatif,\u00a0<strong>Mireille Rumeau<\/strong>,\u00a0militante politique,\u00a0<strong>El Yamine Settoul<\/strong>, sociologue,\u00a0<strong>El Yamine Soum<\/strong>,\u00a0auteur de \u00ab\u00a0La France\u00a0que nous voulons\u00a0\u00bb,\u00a0<strong>Farid Taalba<\/strong>, militant politique,\u00a0<strong>Pierre Tevanian<\/strong>, professeur de philosophie,\u00a0<strong>Leila Touati<\/strong>, ing\u00e9nieur,\u00a0<strong>Abderrazzak Yacine<\/strong>, enseignant,\u00a0<strong>Aida Youcef<\/strong>, chercheuse en \u00e9conomie sociale et solidaire,\u00a0<strong>Sihem Zakia<\/strong>, consultante ressources humaines,\u00a0<strong>Faudil Ziani<\/strong>, pr\u00e9sident de Bouge qui Bouge, association\u00a0<strong><a href=\"http:\/\/www.barakalesite.com\/\" target=\"_blank\">Baraka<\/a><\/strong>,\u00a0<strong><a href=\"http:\/\/www.ism-france.org\/\" target=\"_blank\">ISM<\/a>-France<\/strong>, <strong>Marwan Muhammad<\/strong>, porte parole du CCIF, <strong>Nordine Sa\u00efdi, <\/strong>porte-parole d\u2019 \u00c9GALIT\u00c9 ( Bruxelles ).<\/p>\n<p><strong>PS\u00a0:<\/strong>Dans une vid\u00e9o reprise par de nombreux sites d\u2019extr\u00eame-droite, C. Fourest explique que des Fran\u00e7ais sont contraints de s\u2019exiler au Qu\u00e9bec en raison des \u00ab\u00a0pri\u00e8res de rue\u00a0\u00bb des musulmans. Le th\u00e8me de la \u00ab\u00a0colonisation\u00a0\u00bb de la France par l\u2019immigration et l\u2019islam est ici exploit\u00e9 par C. Fourest\u00a0:<\/p>\n<p><iframe src=\"\/\/www.youtube.com\/embed\/gtbyTxNxpOo\" height=\"315\" width=\"420\" allowfullscreen=\"\" frameborder=\"0\"><\/iframe><img decoding=\"async\" class=\"attachment-post-thumbnail wp-post-image alignright\" alt=\"527815_10150911404958425_1357267824_n\" src=\"http:\/\/www.egalite.be\/wp-content\/uploads\/2012\/09\/527815_10150911404958425_1357267824_n.jpg\" width=\"299\" height=\"480\" \/><\/p>\n","protected":false},"excerpt":{"rendered":"<p>Non \u00e0 Caroline Fourest la \u00ab porte-parole de l\u2019islamophobie de gauche \u00bb \u00e0 la f\u00eate de l\u2019Huma! le 7. septembre 2012 \u2013 0:18 Militants et intellectuels, une trentaine de personnalit\u00e9s lancent un appel contre l\u2019invitation fa\u00eete \u00e0 Caroline Fourest \u00e0 la F\u00eate de l\u2019Huma le samedi 15 septembre 2012.<\/p>\n","protected":false},"author":1,"featured_media":205,"comment_status":"open","ping_status":"open","sticky":false,"template":"","format":"standard","meta":{"footnotes":""},"categories":[4,28,17],"tags":[],"class_list":["post-842","post","type-post","status-publish","format-standard","has-post-thumbnail","hentry","category-islamophobie","category-racismes","category-video"],"_links":{"self":[{"href":"https:\/\/bruxelles-pantheres.be\/index.php?rest_route=\/wp\/v2\/posts\/842","targetHints":{"allow":["GET"]}}],"collection":[{"href":"https:\/\/bruxelles-pantheres.be\/index.php?rest_route=\/wp\/v2\/posts"}],"about":[{"href":"https:\/\/bruxelles-pantheres.be\/index.php?rest_route=\/wp\/v2\/types\/post"}],"author":[{"embeddable":true,"href":"https:\/\/bruxelles-pantheres.be\/index.php?rest_route=\/wp\/v2\/users\/1"}],"replies":[{"embeddable":true,"href":"https:\/\/bruxelles-pantheres.be\/index.php?rest_route=%2Fwp%2Fv2%2Fcomments&post=842"}],"version-history":[{"count":1,"href":"https:\/\/bruxelles-pantheres.be\/index.php?rest_route=\/wp\/v2\/posts\/842\/revisions"}],"predecessor-version":[{"id":843,"href":"https:\/\/bruxelles-pantheres.be\/index.php?rest_route=\/wp\/v2\/posts\/842\/revisions\/843"}],"wp:featuredmedia":[{"embeddable":true,"href":"https:\/\/bruxelles-pantheres.be\/index.php?rest_route=\/wp\/v2\/media\/205"}],"wp:attachment":[{"href":"https:\/\/bruxelles-pantheres.be\/index.php?rest_route=%2Fwp%2Fv2%2Fmedia&parent=842"}],"wp:term":[{"taxonomy":"category","embeddable":true,"href":"https:\/\/bruxelles-pantheres.be\/index.php?rest_route=%2Fwp%2Fv2%2Fcategories&post=842"},{"taxonomy":"post_tag","embeddable":true,"href":"https:\/\/bruxelles-pantheres.be\/index.php?rest_route=%2Fwp%2Fv2%2Ftags&post=842"}],"curies":[{"name":"wp","href":"https:\/\/api.w.org\/{rel}","templated":true}]}}