{"id":846,"date":"2012-09-05T19:45:32","date_gmt":"2012-09-05T18:45:32","guid":{"rendered":"https:\/\/bruxelles-pantheres.be\/?p=846"},"modified":"2013-11-11T19:48:15","modified_gmt":"2013-11-11T18:48:15","slug":"nordine-saidi-tete-de-liste-a-anderlecht","status":"publish","type":"post","link":"https:\/\/bruxelles-pantheres.be\/?p=846","title":{"rendered":"Nordine Sa\u00efdi, t\u00eate de liste \u00e0 Anderlecht"},"content":{"rendered":"<p><a href=\"http:\/\/www.egalite.be\/wp-content\/uploads\/2012\/09\/nordine1.jpg\"><img decoding=\"async\" title=\"nordine\" alt=\"\" src=\"http:\/\/www.egalite.be\/wp-content\/uploads\/2012\/09\/nordine1.jpg\" width=\"576\" height=\"384\" \/><\/a><\/p>\n<p>Pour \u00c9GALIT\u00c9 \u00e0 Anderlecht ou je me pr\u00e9sente je propose<!--more--><br id=\".reactRoot[15].[1][2][1]{comment225333944261507_775923}..[1]..[1]..[0].[2]..[0].[1]\" \/><br id=\".reactRoot[15].[1][2][1]{comment225333944261507_775923}..[1]..[1]..[0].[2]..[0].[2]\" \/>\u00ab il convient en particulier d\u2019\u00e9viter les contr\u00f4les d\u2019identit\u00e9 sans motif et au faci\u00e8s, les interpellations dans des lieux inappropri\u00e9s, les mesures de coercition inutiles et les violences ill\u00e9gitimes \u00bb<br id=\".reactRoot[15].[1][2][1]{comment225333944261507_775923}..[1]..[1]..[0].[2]..[3]..[1]\" \/><br id=\".reactRoot[15].[1][2][1]{comment225333944261507_775923}..[1]..[1]..[0].[2]..[3]..[2]\" \/>\u00ab les contr\u00f4les r\u00e9p\u00e9t\u00e9s sur des mineurs dont l\u2019identit\u00e9 est parfaitement connue des fonctionnaires \u2013 ce dont se plaignent fr\u00e9quemment les jeunes de certains quartiers \u2013 sont \u00e0 proscrire (\u2026) de m\u00eame que les contr\u00f4les sans motifs juridiques : par exemple, le fait de vouloir se soustraire \u00e0 la vue d\u2019un policier ne constitue pas en soi une menace \u00e0 l\u2019ordre public justifiant d\u2019effectuer une telle v\u00e9rification \u00bb<\/p>\n<p>instaurer un re\u00e7u du contr\u00f4le d\u2019identit\u00e9, qui permette \u00e0 chaque personne contr\u00f4l\u00e9e d\u2019en avoir une trace, et \u00e0 une commission ind\u00e9pendante (ex. D\u00e9fenseur des Droits) de r\u00e9pertorier les contr\u00f4les de police ainsi que d\u2019\u00e9valuer leur fr\u00e9quence et leur efficacit\u00e9 (ratio contr\u00f4le \/ prise) par officier, commissariat, ville et r\u00e9gion ; le cas \u00e9ch\u00e9ant, cet outil servira de pi\u00e8ce probatoire en cas de litige \u2013 tant pour le caract\u00e8re abusif all\u00e9gu\u00e9 \u00e0 la proc\u00e9dure que pour se d\u00e9fendre en cas d\u2019accusation erron\u00e9e de \u201ccontr\u00f4le au faci\u00e8s\u201d.<br id=\".reactRoot[15].[1][2][1]{comment225333944261507_775924}..[1]..[1]..[0].[2]..[3]..[1]\" \/>Les deux exemplaires du re\u00e7u comportent l\u2019heure, le lieu, la date, le motif l\u00e9gal, la raison du contr\u00f4le, le r\u00e9sultat du contr\u00f4le ; le respect ou non de la proc\u00e9dure (contresign\u00e9) ; l\u2019\u00e2ge, le genre, la nationalit\u00e9 de la personne contr\u00f4l\u00e9e ; le num\u00e9ro de souche du re\u00e7u, le num\u00e9ro de matricule du policier. La version du contr\u00f4l\u00e9 comporterait en plus son nom, pr\u00e9nom, et adresse ou num\u00e9ro de CNI afin qu\u2019il puisse prouver que le re\u00e7u lui appartient.<\/p>\n<p>Ces mesures s\u2019inscrivent dans une dynamique o\u00f9 le service policier est consid\u00e9r\u00e9 comme un service public, au service des citoyens. Elles permettent :<br id=\".reactRoot[15].[1][2][1]{comment225333944261507_775928}..[1]..[1]..[0].[2]..[0].[1]\" \/><br id=\".reactRoot[15].[1][2][1]{comment225333944261507_775928}..[1]..[1]..[0].[2]..[0].[2]\" \/>plus de transparence sur la mani\u00e8re dont les agents de police utilisent leur pouvoir de contr\u00f4le<br id=\".reactRoot[15].[1][2][1]{comment225333944261507_775928}..[1]..[1]..[0].[2]..[3]..[1]\" \/><br id=\".reactRoot[15].[1][2][1]{comment225333944261507_775928}..[1]..[1]..[0].[2]..[3]..[2]\" \/>une meilleure \u00e9valuation de la politique du contr\u00f4le d\u2019identit\u00e9, sur la base de ses r\u00e9sultats qualitatifs ;<br id=\".reactRoot[15].[1][2][1]{comment225333944261507_775928}..[1]..[1]..[0].[2]..[3]..[4]\" \/><br id=\".reactRoot[15].[1][2][1]{comment225333944261507_775928}..[1]..[1]..[0].[2]..[3]..[5]\" \/>un support officiel de recours en cas de litige de donner \u00e0 ceux qui subissent les contr\u00f4les un \u00e9l\u00e9ment objectif pour le prouver, et, par la m\u00eame occasion, \u00e0 la police le moyen de justifier leur contr\u00f4le en cas d\u2019accusation de contr\u00f4le discriminatoire ou abusif erron\u00e9 ; un dialogue entre police et citoyens bas\u00e9 sur des faits et non du ressenti.<br id=\".reactRoot[15].[1][2][1]{comment225333944261507_775928}..[1]..[1]..[0].[2]..[3]..[13]\" \/><br id=\".reactRoot[15].[1][2][1]{comment225333944261507_775928}..[1]..[1]..[0].[2]..[3]..[14]\" \/>Enfin, comme cela a \u00e9t\u00e9 observ\u00e9 dans les pays o\u00f9 ce dispositif existe, on peut esp\u00e9rer une nette am\u00e9lioration de l\u2019efficacit\u00e9 des contr\u00f4les d\u2019identit\u00e9 \u00e0 la suite de la mise en place du re\u00e7u du contr\u00f4le : celle-ci tend \u00e0 d\u00e9montrer que le comportement d\u2019un individu est un indice fiable, l\u00e0 o\u00f9 son apparence ne l\u2019est pas.<\/p>\n<p>En Angleterre, aux Etats-Unis, en Espagne et en Hongrie, une politique de remise de re\u00e7u du contr\u00f4le d\u2019identit\u00e9 ainsi que des commissions ind\u00e9pendantes impliquant la police et la soci\u00e9t\u00e9 civile ont fait leurs preuves.<\/p>\n<p>Lire aussi :<a title=\"Permanent Link to Concernant le concept de \u00abtol\u00e9rance z\u00e9ro\u00bb\" href=\"http:\/\/www.egalite.be\/?p=3688\" rel=\"bookmark\"> Concernant le concept de \u00abtol\u00e9rance z\u00e9ro\u00bb<\/a> par <strong>Sa\u00efdi Nordine<\/strong><\/p>\n<address><a title=\"Permanent Link to La violence polici\u00e8re en Belgique\" href=\"http:\/\/www.egalite.be\/?p=3211\" rel=\"bookmark\">La violence polici\u00e8re en Belgique<\/a><\/address>\n<address>\u00a0<\/address>\n","protected":false},"excerpt":{"rendered":"<p>Pour \u00c9GALIT\u00c9 \u00e0 Anderlecht ou je me pr\u00e9sente je propose<\/p>\n","protected":false},"author":1,"featured_media":0,"comment_status":"open","ping_status":"open","sticky":false,"template":"","format":"standard","meta":{"footnotes":""},"categories":[21,24,22,25,36,4,20,7,6,8,18,28,37,39,40,17,5],"tags":[10,31,14,41,32,34,23,44,46,26,12,38,45,30,13,19,54,15,9],"class_list":["post-846","post","type-post","status-publish","format-standard","hentry","category-anti-imperialisme","category-belgique-maroc","category-emploi","category-enseignement","category-europe","category-islamophobie","category-logement","category-negrophobie","category-palestine-moyen-orient","category-prisons","category-resistance-bruxelles","category-racismes","category-romophobie","category-sans-papier","category-transport","category-video","category-violence-policiere","tag-ecole","tag-belgique","tag-bruxelles","tag-censure","tag-culture","tag-dette","tag-discrimination","tag-ecologie","tag-esclavage","tag-extradition","tag-gaza","tag-guerre","tag-lumumba","tag-maroc","tag-nordine-saidi","tag-pauvrete","tag-police","tag-resistance","tag-voile"],"_links":{"self":[{"href":"https:\/\/bruxelles-pantheres.be\/index.php?rest_route=\/wp\/v2\/posts\/846","targetHints":{"allow":["GET"]}}],"collection":[{"href":"https:\/\/bruxelles-pantheres.be\/index.php?rest_route=\/wp\/v2\/posts"}],"about":[{"href":"https:\/\/bruxelles-pantheres.be\/index.php?rest_route=\/wp\/v2\/types\/post"}],"author":[{"embeddable":true,"href":"https:\/\/bruxelles-pantheres.be\/index.php?rest_route=\/wp\/v2\/users\/1"}],"replies":[{"embeddable":true,"href":"https:\/\/bruxelles-pantheres.be\/index.php?rest_route=%2Fwp%2Fv2%2Fcomments&post=846"}],"version-history":[{"count":1,"href":"https:\/\/bruxelles-pantheres.be\/index.php?rest_route=\/wp\/v2\/posts\/846\/revisions"}],"predecessor-version":[{"id":847,"href":"https:\/\/bruxelles-pantheres.be\/index.php?rest_route=\/wp\/v2\/posts\/846\/revisions\/847"}],"wp:attachment":[{"href":"https:\/\/bruxelles-pantheres.be\/index.php?rest_route=%2Fwp%2Fv2%2Fmedia&parent=846"}],"wp:term":[{"taxonomy":"category","embeddable":true,"href":"https:\/\/bruxelles-pantheres.be\/index.php?rest_route=%2Fwp%2Fv2%2Fcategories&post=846"},{"taxonomy":"post_tag","embeddable":true,"href":"https:\/\/bruxelles-pantheres.be\/index.php?rest_route=%2Fwp%2Fv2%2Ftags&post=846"}],"curies":[{"name":"wp","href":"https:\/\/api.w.org\/{rel}","templated":true}]}}