{"id":859,"date":"2012-08-30T20:15:03","date_gmt":"2012-08-30T19:15:03","guid":{"rendered":"https:\/\/bruxelles-pantheres.be\/?p=859"},"modified":"2015-12-04T21:22:00","modified_gmt":"2015-12-04T20:22:00","slug":"controles-au-facies-et-violence-policiere","status":"publish","type":"post","link":"https:\/\/bruxelles-pantheres.be\/?p=859","title":{"rendered":"Contr\u00f4les au faci\u00e8s et VIOLENCE Polici\u00e8re"},"content":{"rendered":"<p>27\/08\/2012 \/ 21H41 \/ VIOLENCE Polici\u00e8re 1000 Bruxelles<br \/>\n<iframe src=\"\/\/www.youtube.com\/embed\/lYihHi3u9P4\" width=\"560\" height=\"315\" frameborder=\"0\" allowfullscreen=\"allowfullscreen\"><\/iframe><!--more--><\/p>\n<div>\n<div>\n<h3><strong>Contr\u00f4les au faci\u00e8s\u00a0: la preuve scientifique<\/strong><\/h3>\n<p><strong>Police et minorit\u00e9s visibles\u00a0: les contr\u00f4les d\u2019identit\u00e9 \u00e0 Paris<\/strong><\/p>\n<p><strong>par <a href=\"http:\/\/lmsi.net\/_Fabien-Jobard_\">Fabien Jobard<\/a>, <a href=\"http:\/\/lmsi.net\/_Rene-Levy_\">Ren\u00e9 L\u00e9vy<\/a><\/strong><br \/>\n<strong> <abbr title=\"2012-08-30T11:05:00Z\">30 ao\u00fbt 2012<\/abbr><\/strong><\/p>\n<\/div>\n<div>\n<div>\n<p><strong>Le ministre du D\u00e9mant\u00e8lement de la d\u00e9linquance roumaine, Manuel White, vient \u00e0 nouveau de s\u2019illustrer en enterrant, <a href=\"http:\/\/www.lepoint.fr\/politique\/controle-d-identite-valls-n-imposera-pas-des-techniques-pas-operationnelles-25-08-2012-1499118_20.php\" rel=\"external\">au nom de la responsabilit\u00e9, de la maturit\u00e9 et de la confiance<\/a>, une promesse de la campagne Hollande\u00a0: l\u2019obligation pour les policiers de d\u00e9livrer des r\u00e9c\u00e9piss\u00e9s lorsqu\u2019ils effectuent un contr\u00f4le d\u2019identit\u00e9. \u00c0 cette mesure, permettant un contr\u00f4le de l\u2019activit\u00e9 polici\u00e8re \u2013\u00a0et de pr\u00e9venir et sanctionner les abus, notamment <a href=\"http:\/\/stoplecontroleaufacies.fr\/slcaf\/\" rel=\"external\">les contr\u00f4les au faci\u00e8s<\/a>\u00a0\u2013 le ministre a donc pr\u00e9f\u00e9r\u00e9 <em>faire confiance<\/em> \u00e0 la police pour ne pas contr\u00f4ler au faci\u00e8s. \u00c0 cette mani\u00e8re singuli\u00e8re \u2013\u00a0et \u00e0 vrai dire exceptionnelle\u00a0\u2013 de traiter la d\u00e9linquance, il nous a paru utile de r\u00e9pondre en rappelant le caract\u00e8re massif de cette <em>d\u00e9linquance polici\u00e8re<\/em>\u00a0: voici donc les r\u00e9sultats d\u2019une \u00e9tude chiffr\u00e9e, initialement publi\u00e9e en 2009 par deux chercheurs du CNRS, Fabien Jobard et Ren\u00e9 L\u00e9vy. Voici un large extrait de sa pr\u00e9sentation. Voici, en somme, <em>\u00e0 quelle police<\/em> Manuel White assure toute sa <em>confiance<\/em> \u2013\u00a0et promet donc l\u2019impunit\u00e9.<\/strong><\/p>\n<\/div>\n<div>\n<p><strong><img decoding=\"async\" src=\"http:\/\/lmsi.net\/local\/cache-vignettes\/L220xH220\/c52f1bd66cc19d05628bd8bf27af3ad6-1-8b8ec.jpg\" alt=\"\" width=\"220\" height=\"220\" \/><\/strong><\/p>\n<p><strong>Les citoyens fran\u00e7ais d\u2019origine immigr\u00e9e, et en particulier ceux d\u2019origine nord-africaine et subsaharienne, se plaignent depuis longtemps de ce que les fonctionnaires de police les soumettent \u00e0 des contr\u00f4les d\u2019identit\u00e9 injustes, discriminatoires et d\u00e9pourvus de n\u00e9cessit\u00e9. En 2007, la Open Society Justice Initiative a lanc\u00e9 une \u00e9tude pour examiner si, et dans quelle mesure, les policiers contr\u00f4lent les individus en fonction de leur apparence. Cette \u00e9tude a \u00e9t\u00e9 r\u00e9alis\u00e9e en collaboration avec Fabien Jobard et Ren\u00e9 L\u00e9vy, chercheurs au Centre National de la Recherche Scientifique, et sous la supervision technique de Lamberth Consulting. En examinant cinq sites parisiens (dans et autour de la Gare du Nord et de la station Ch\u00e2telet-Les Halles), importants points de transit du centre de Paris o\u00f9 l\u2019on observe une forte activit\u00e9 polici\u00e8re, l\u2019\u00e9tude a recueilli des donn\u00e9es sur les contr\u00f4les de police, au premier rang desquelles des donn\u00e9es sur l\u2019apparence des personnes contr\u00f4l\u00e9es (origine, \u00e2ge, sexe, style vestimentaire, types de sacs port\u00e9s). Cette \u00e9tude, qui pr\u00e9sente des donn\u00e9es uniques sur plus de 500 contr\u00f4les de police, est la seule men\u00e9e \u00e0 ce jour, propre \u00e0 d\u00e9tecter le contr\u00f4le \u00e0 faci\u00e8s en France.<\/strong><\/p>\n<p><strong>L\u2019\u00e9tude a utilis\u00e9 une m\u00e9thodologie fond\u00e9e sur la comparaison syst\u00e9matique entre les personnes contr\u00f4l\u00e9es et la population disponible sur les sites en question durant les m\u00eames tranches horaires. Tant les donn\u00e9es de r\u00e9f\u00e9rence (le benchmark) que celles sur les contr\u00f4les ont \u00e9t\u00e9s class\u00e9es en fonction de l\u2019origine per\u00e7ue, de l\u2019\u00e2ge, des v\u00eatements, et du type de sac port\u00e9. En observant les contr\u00f4les d\u2019identit\u00e9, les observateurs ont \u00e9galement relev\u00e9 le d\u00e9roulement et l\u2019issue des contr\u00f4les, et, lorsque c\u2019\u00e9tait possible, ont proc\u00e9d\u00e9 \u00e0 une br\u00e8ve entrevue avec la personne contr\u00f4l\u00e9e pour savoir \u00e0 quelle fr\u00e9quence elle disait faire l\u2019exp\u00e9rience des contr\u00f4les de police, quel jugement elle portait sur le comportement des policiers pendant le contr\u00f4le, quelle r\u00e9action \u00e9motionnelle le fait d\u2019\u00eatre contr\u00f4l\u00e9e entra\u00eenait chez elle.<\/strong><\/p>\n<p><strong>L\u2019\u00e9tude a confirm\u00e9 que les contr\u00f4les d\u2019identit\u00e9 effectu\u00e9s par les policiers se fondent principalement sur l\u2019apparence\u00a0: <em>non pas sur ce que les gens font, mais sur ce qu\u2019ils sont, ou paraissent \u00eatre<\/em>. Les r\u00e9sultats montrent que les personnes per\u00e7ues comme \u00ab\u00a0Noires\u00a0\u00bb (d\u2019origine subsaharienne ou antillaise) et les personnes per\u00e7ues comme \u00ab\u00a0Arabes\u00a0\u00bb (originaires du Maghreb ou du Machrek) ont \u00e9t\u00e9 contr\u00f4l\u00e9es de mani\u00e8re disproportionn\u00e9e par rapport aux personnes per\u00e7ues comme \u00ab\u00a0Blanches\u00a0\u00bb.<\/strong><\/p>\n<p><strong>Selon les sites d\u2019observation, <em>les Noirs couraient entre 3,3 et 11,5 fois plus de risques que les Blancs d\u2019\u00eatre contr\u00f4l\u00e9s<\/em> au regard de la part de ces deux groupes dans la population disponible \u00e0 \u00eatre contr\u00f4l\u00e9e par la police (ou la douane).<\/strong><\/p>\n<p><strong><em>Les Arabes ont \u00e9t\u00e9 g\u00e9n\u00e9ralement plus de sept fois plus susceptibles que les Blancs d\u2019\u00eatre contr\u00f4l\u00e9s<\/em>\u00a0; globalement, ils couraient quant \u00e0 eux entre 1,8 et 14,8 fois plus de risques que les Blancs d\u2019\u00eatre contr\u00f4l\u00e9s par la police (ou la douane) sur les sites retenus, \u00e9galement au regard de la composition de la population disponible. Les entretiens de suivi r\u00e9alis\u00e9s avec les personnes qui venaient d\u2019\u00eatre contr\u00f4l\u00e9es donnent \u00e0 penser que les Noirs comme les Arabes subissent d\u2019ordinaire davantage de contr\u00f4les de police que les Blancs.<\/strong><\/p>\n<p><strong>Un autre facteur d\u00e9terminant a \u00e9t\u00e9 le style de v\u00eatements port\u00e9s par les personnes contr\u00f4l\u00e9es. Bien que les personnes portant des v\u00eatements aujourd\u2019hui associ\u00e9s \u00e0 diff\u00e9rentes \u00ab\u00a0cultures jeunes\u00a0\u00bb fran\u00e7aises (\u00ab\u00a0hip-hop,\u00a0\u00bb \u00ab\u00a0tektonik,\u00a0\u00bb \u00ab\u00a0punk\u00a0\u00bb ou \u00ab\u00a0gothique\u00a0\u00bb, etc.) ne forment que 10% de la population disponible, elles constituent jusque 47% de ceux qui ont \u00e9t\u00e9 effectivement contr\u00f4l\u00e9s. Il ressort de notre \u00e9tude que <em>l\u2019apparence vestimentaire des jeunes est aussi pr\u00e9dictive du contr\u00f4le d\u2019identit\u00e9 que l\u2019apparence raciale<\/em>. L\u2019\u00e9tude montre une forte relation entre le fait d\u2019\u00eatre contr\u00f4l\u00e9 par la police, l\u2019origine apparente de la personne contr\u00f4l\u00e9e et le style de v\u00eatements port\u00e9s\u00a0: deux tiers des individus habill\u00e9s \u00ab\u00a0jeunes\u00a0\u00bb rel\u00e8vent de minorit\u00e9s visibles. Aussi, il est probable que les policiers consid\u00e8rent le fait d\u2019appartenir \u00e0 une minorit\u00e9 visible et de porter des v\u00eatements typiquement jeunes comme \u00e9troitement li\u00e9s \u00e0 une propension \u00e0 commettre des infractions ou des crimes, appelant ainsi un contr\u00f4le d\u2019identit\u00e9.<\/strong><\/p>\n<p><strong>Alors qu\u2019en r\u00e8gle g\u00e9n\u00e9rale, les personnes interrog\u00e9es ont qualifi\u00e9 de \u00ab\u00a0poli\u00a0\u00bb et de \u00ab\u00a0neutre\u00a0\u00bb le comportement des fonctionnaires qui les avaient contr\u00f4l\u00e9es, et ce quelles que soient leurs origines suppos\u00e9es, \u00e0 la question de savoir quel effet ce contr\u00f4le avait produit sur les int\u00e9ress\u00e9s, les Noirs et les Arabes interrog\u00e9s ont exprim\u00e9s des sentiments fortement n\u00e9gatifs au regard de celles exprim\u00e9es par les Blancs, contraste dont la cause possible est la plus grande fr\u00e9quence \u00e0 laquelle les membres des minorit\u00e9s visibles disent \u00eatre contr\u00f4l\u00e9s.<\/strong><\/p>\n<p><strong>(\u2026)<\/strong><\/p>\n<p><strong>Recommandations \u00e0 l\u2019intention des autorit\u00e9s politiques\u00a0:<\/strong><\/p>\n<p><strong><img decoding=\"async\" src=\"http:\/\/lmsi.net\/local\/cache-vignettes\/L298xH482\/Blog-VosPapiers-couv-69ccc.jpg\" alt=\"\" width=\"298\" height=\"482\" \/><\/strong><\/p>\n<p><strong>Les politiques actuellement adopt\u00e9es en France, si elles ont accru la sensibilit\u00e9 des organisations polici\u00e8res aux probl\u00e8mes de d\u00e9ontologie et de discrimination, semblent encore insuffisamment arm\u00e9es pour faire face au probl\u00e8me sp\u00e9cifique du contr\u00f4le au faci\u00e8s. Pour traiter cette forme particuli\u00e8re de discrimination et renouer avec l\u2019essence de l\u2019id\u00e9al r\u00e9publicain fran\u00e7ais, il faut d\u2019abord la reconna\u00eetre comme un probl\u00e8me en soi. \u00c0 cette fin, la Justice Initiative fait les recommandations suivantes\u00a0:<\/strong><\/p>\n<p><strong><img decoding=\"async\" src=\"http:\/\/lmsi.net\/local\/cache-vignettes\/L8xH11\/puce-32883.gif\" alt=\"-\" width=\"8\" height=\"11\" \/>\u00a0Reconna\u00eetre publiquement l\u2019existence d\u2019un probl\u00e8me de contr\u00f4le au faci\u00e8s dans la police fran\u00e7aise.<\/strong><\/p>\n<p><strong><img decoding=\"async\" src=\"http:\/\/lmsi.net\/local\/cache-vignettes\/L8xH11\/puce-32883.gif\" alt=\"-\" width=\"8\" height=\"11\" \/>\u00a0Encourager et financer les recherches pour d\u00e9terminer l\u2019ampleur du probl\u00e8me que constitue le profilage racial en France.<\/strong><\/p>\n<p><strong><img decoding=\"async\" src=\"http:\/\/lmsi.net\/local\/cache-vignettes\/L8xH11\/puce-32883.gif\" alt=\"-\" width=\"8\" height=\"11\" \/>\u00a0Entreprendre un examen approfondi des normes juridiques, des politiques et des pratiques qui sous-tendent les habitudes de contr\u00f4le au faci\u00e8s.<\/strong><\/p>\n<p><strong><img decoding=\"async\" src=\"http:\/\/lmsi.net\/local\/cache-vignettes\/L8xH11\/puce-32883.gif\" alt=\"-\" width=\"8\" height=\"11\" \/>\u00a0Modifier l\u2019article 78.2 du Code de proc\u00e9dure p\u00e9nale afin d\u2019interdire explicitement la discrimination raciale, de clarifier et de renforcer l\u2019existence de \u00ab\u00a0raisons plausi- bles de soup\u00e7onner\u00a0\u00bb claires et d\u00e9finies, comme seules justifications des contr\u00f4les d\u2019identit\u00e9\u00a0; et afin, \u00e9galement, de clarifier les raisons qui am\u00e8nent \u00e0 la palpation ou la fouille des int\u00e9ress\u00e9s.<\/strong><\/p>\n<p><strong><img decoding=\"async\" src=\"http:\/\/lmsi.net\/local\/cache-vignettes\/L8xH11\/puce-32883.gif\" alt=\"-\" width=\"8\" height=\"11\" \/>\u00a0Maintenir et soutenir les organes de contr\u00f4le sp\u00e9cialis\u00e9s et ind\u00e9pendants des for- ces de s\u00e9curit\u00e9, tels que la Commission nationale de la d\u00e9ontologie de la s\u00e9curit\u00e9, les doter des ressources mat\u00e9rielles et humaines suffisantes pour donner suite aux requ\u00eates dont ils sont saisis, afin de leur permettre d\u2019identifier d\u2019\u00e9ventuelles pratiques discriminatoires, y compris indirectes.<\/strong><\/p>\n<p><strong><img decoding=\"async\" src=\"http:\/\/lmsi.net\/local\/cache-vignettes\/L8xH11\/puce-32883.gif\" alt=\"-\" width=\"8\" height=\"11\" \/>\u00a0Engager un travail avec les communaut\u00e9s locales et les associations sur les probl\u00e9matiques de non-discrimination, pour discuter la nature du probl\u00e8me et \u00e9laborer des r\u00e9ponses politiques susceptibles de b\u00e9n\u00e9ficier d\u2019un consensus social r\u00e9el.<\/strong><\/p>\n<p><strong>Recommandations \u00e0 l\u2019intention des autorit\u00e9s de police fran\u00e7aises\u00a0:<\/strong><\/p>\n<p><strong><img decoding=\"async\" src=\"http:\/\/lmsi.net\/local\/cache-vignettes\/L8xH11\/puce-32883.gif\" alt=\"-\" width=\"8\" height=\"11\" \/>\u00a0Enregistrer syst\u00e9matiquement les contr\u00f4les d\u2019identit\u00e9 \u00e0 l\u2019aide d\u2019un formulaire, y compris l\u2019apparence raciale de la personne contr\u00f4l\u00e9e, le motif et le r\u00e9sultat des contr\u00f4les, afin que leur efficacit\u00e9 et leur impartialit\u00e9 puissent \u00eatre v\u00e9rifi\u00e9es. Une copie du formulaire devrait \u00eatre fournie \u00e0 la personne contr\u00f4l\u00e9e, qui pourrait ainsi attester lors d\u2019un autre contr\u00f4le \u00e9ventuel qu\u2019elle s\u2019est d\u00e9j\u00e0 faite contr\u00f4ler dans un pass\u00e9 proche. Ces donn\u00e9es devraient par ailleurs servir \u00e0 constituer des statistiques anonymes permettant de v\u00e9rifier l\u2019existence du profilage racial. Les informations statistiques sur les contr\u00f4les d\u2019identit\u00e9 devront \u00eatre analys\u00e9es au regard de populations de r\u00e9f\u00e9rence pertinentes, cod\u00e9es selon les m\u00eames variables.<\/strong><\/p>\n<p><strong><img decoding=\"async\" src=\"http:\/\/lmsi.net\/local\/cache-vignettes\/L8xH11\/puce-32883.gif\" alt=\"-\" width=\"8\" height=\"11\" \/>\u00a0Exiger que les policiers expliquent les raisons du contr\u00f4le aux personnes concern\u00e9es et leur fournissent une information concernant les droits et les responsabilit\u00e9s respectifs des policiers et des personnes contr\u00f4l\u00e9es.<\/strong><\/p>\n<p><strong><img decoding=\"async\" src=\"http:\/\/lmsi.net\/local\/cache-vignettes\/L8xH11\/puce-32883.gif\" alt=\"-\" width=\"8\" height=\"11\" \/>\u00a0Analyser de fa\u00e7on r\u00e9guli\u00e8re les donn\u00e9es issues des contr\u00f4les d\u2019identit\u00e9. Les r\u00e9sultats de ces analyses devraient \u00eatre utilis\u00e9s dans le cadre des briefings et de l\u2019encadrement des agents. Ils devraient \u00e9galement \u00eatre mobilis\u00e9s \u00e0 l\u2019occasion de la pr\u00e9paration des op\u00e9rations cibl\u00e9es, afin d\u2019assurer que les pouvoirs de contr\u00f4le seront utilis\u00e9s de mani\u00e8re efficace et impartiale.<\/strong><\/p>\n<p><strong><img decoding=\"async\" src=\"http:\/\/lmsi.net\/local\/cache-vignettes\/L8xH11\/puce-32883.gif\" alt=\"-\" width=\"8\" height=\"11\" \/>\u00a0Rendre publiques les informations statistiques concernant les contr\u00f4les d\u2019identit\u00e9 et leurs r\u00e9sultats et les employer comme instruments de discussion concernant les priorit\u00e9s et les pratiques polici\u00e8res, aussi bien au niveau local que national.<\/strong><\/p>\n<p><strong><img decoding=\"async\" src=\"http:\/\/lmsi.net\/local\/cache-vignettes\/L8xH11\/puce-32883.gif\" alt=\"-\" width=\"8\" height=\"11\" \/>\u00a0Ces donn\u00e9es devraient constituer la base d\u2019une ouverture et d\u2019un dialogue avec les citoyens des diff\u00e9rentes localit\u00e9s, pour discuter la nature et les motifs de toute surrepr\u00e9sentation constat\u00e9e, et pour rechercher des approches alternatives fond\u00e9es sur un diagnostic local de s\u00e9curit\u00e9 partag\u00e9.<\/strong><\/p>\n<p><strong><img decoding=\"async\" src=\"http:\/\/lmsi.net\/local\/cache-vignettes\/L8xH11\/puce-32883.gif\" alt=\"-\" width=\"8\" height=\"11\" \/>\u00a0Soumettre \u00e0 examen les directives op\u00e9rationnelles et les proc\u00e9dures d\u2019application des normes qui r\u00e9glementent le comportement de la police et s\u2019assurer qu\u2019elles sont conformes aux principes de non-discrimination. Offrir une formation sp\u00e9cifique aux fonctionnaires de police dans le domaine du \u00ab\u00a0profilage racial\u00a0\u00bb, en particulier sur l\u2019utilisation l\u00e9gitime ou non de l\u2019apparence raciale des individus dans le ciblage des contr\u00f4les d\u2019identit\u00e9.<\/strong><\/p>\n<p><strong><img decoding=\"async\" src=\"http:\/\/lmsi.net\/local\/cache-vignettes\/L8xH11\/puce-32883.gif\" alt=\"-\" width=\"8\" height=\"11\" \/>\u00a0\u00c9valuer et, si n\u00e9cessaire, renforcer le contr\u00f4le de la mani\u00e8re dont les agents de police utilisent les contr\u00f4les d\u2019identit\u00e9, en vue d\u2019am\u00e9liorer leur efficacit\u00e9 et leur impartialit\u00e9.<\/strong><\/p>\n<p><strong><img decoding=\"async\" src=\"http:\/\/lmsi.net\/local\/cache-vignettes\/L8xH11\/puce-32883.gif\" alt=\"-\" width=\"8\" height=\"11\" \/>\u00a0Examiner tous les cas litigieux, afin de v\u00e9rifier s\u2019ils ne traduisent pas une hostilit\u00e9 routini\u00e8re dans les contr\u00f4les men\u00e9s de la part de certains agents, unit\u00e9s ou servi- ces de la Police Nationale, de la Gendarmerie Nationale, des Douanes et des autres forces de s\u00e9curit\u00e9. Si tel est le cas, la situation doit \u00eatre corrig\u00e9e via les politiques d\u2019emploi, de formation et de r\u00e9affectation des agents, ainsi que par l\u2019action disciplinaire de l\u2019administration, selon la gravit\u00e9 du probl\u00e8me constat\u00e9.<\/strong><\/p>\n<p><strong><img decoding=\"async\" src=\"http:\/\/lmsi.net\/local\/cache-vignettes\/L8xH11\/puce-32883.gif\" alt=\"-\" width=\"8\" height=\"11\" \/>\u00a0\u00c9tablir des proc\u00e9dures permettant de recueillir les appr\u00e9ciations des citoyens sur la qualit\u00e9 des services rendus par la police afin d\u2019identifier les bonnes et les mauvaises pratiques (\u00ab\u00a0bo\u00eetes \u00e0 id\u00e9es\u00a0\u00bb, sondages, suivi qualitatif aupr\u00e8s d\u2019associations locales, etc.).<\/strong><\/p>\n<\/div>\n<\/div>\n<div>\n<h2><strong>P.-S.<\/strong><\/h2>\n<div>\n<p><strong>Ce texte est extrait du rapport <em> Police et minorit\u00e9s visibles\u00a0: les contr\u00f4les d\u2019identit\u00e9 \u00e0 Paris<\/em>, r\u00e9alis\u00e9 par Fabien Jobard et Ren\u00e9 L\u00e9vy, dont nous recommandons la lecture int\u00e9grale. L\u2019ensemble du rapport est disponible <a href=\"http:\/\/www.laurent-mucchielli.org\/public\/Les_controles_d__identite.pdf\" rel=\"external\">ici<\/a>.<\/strong><\/p>\n<p><strong><a href=\"http:\/\/lmsi.net\/Controles-au-facies-la-preuve\">Source<\/a><\/strong><\/p>\n<\/div>\n<\/div>\n<\/div>\n","protected":false},"excerpt":{"rendered":"<p>27\/08\/2012 \/ 21H41 \/ VIOLENCE Polici\u00e8re 1000 Bruxelles<\/p>\n","protected":false},"author":1,"featured_media":816,"comment_status":"open","ping_status":"open","sticky":false,"template":"","format":"standard","meta":{"footnotes":""},"categories":[18,28,17,5],"tags":[],"class_list":["post-859","post","type-post","status-publish","format-standard","has-post-thumbnail","hentry","category-resistance-bruxelles","category-racismes","category-video","category-violence-policiere"],"_links":{"self":[{"href":"https:\/\/bruxelles-pantheres.be\/index.php?rest_route=\/wp\/v2\/posts\/859","targetHints":{"allow":["GET"]}}],"collection":[{"href":"https:\/\/bruxelles-pantheres.be\/index.php?rest_route=\/wp\/v2\/posts"}],"about":[{"href":"https:\/\/bruxelles-pantheres.be\/index.php?rest_route=\/wp\/v2\/types\/post"}],"author":[{"embeddable":true,"href":"https:\/\/bruxelles-pantheres.be\/index.php?rest_route=\/wp\/v2\/users\/1"}],"replies":[{"embeddable":true,"href":"https:\/\/bruxelles-pantheres.be\/index.php?rest_route=%2Fwp%2Fv2%2Fcomments&post=859"}],"version-history":[{"count":2,"href":"https:\/\/bruxelles-pantheres.be\/index.php?rest_route=\/wp\/v2\/posts\/859\/revisions"}],"predecessor-version":[{"id":2625,"href":"https:\/\/bruxelles-pantheres.be\/index.php?rest_route=\/wp\/v2\/posts\/859\/revisions\/2625"}],"wp:featuredmedia":[{"embeddable":true,"href":"https:\/\/bruxelles-pantheres.be\/index.php?rest_route=\/wp\/v2\/media\/816"}],"wp:attachment":[{"href":"https:\/\/bruxelles-pantheres.be\/index.php?rest_route=%2Fwp%2Fv2%2Fmedia&parent=859"}],"wp:term":[{"taxonomy":"category","embeddable":true,"href":"https:\/\/bruxelles-pantheres.be\/index.php?rest_route=%2Fwp%2Fv2%2Fcategories&post=859"},{"taxonomy":"post_tag","embeddable":true,"href":"https:\/\/bruxelles-pantheres.be\/index.php?rest_route=%2Fwp%2Fv2%2Ftags&post=859"}],"curies":[{"name":"wp","href":"https:\/\/api.w.org\/{rel}","templated":true}]}}