{"id":865,"date":"2012-08-28T20:21:40","date_gmt":"2012-08-28T19:21:40","guid":{"rendered":"https:\/\/bruxelles-pantheres.be\/?p=865"},"modified":"2013-11-11T20:24:01","modified_gmt":"2013-11-11T19:24:01","slug":"la-mere-deefje-a-plus-de-courage-que-les-politiques","status":"publish","type":"post","link":"https:\/\/bruxelles-pantheres.be\/?p=865","title":{"rendered":"La m\u00e8re d\u2019Eefje a plus de courage que les politiques"},"content":{"rendered":"<header><\/header>\n<div>\n<h3>Michelle Martin : quand la m\u00e8re d\u2019Eefje a plus de courage que les politiques<\/h3>\n<p>mardi 28 ao\u00fbt 2012 \u00e0 11h16<\/p>\n<p><em>Il semble que la m\u00e8re d\u2019Eefje Lambrecks ait eu une r\u00e9action plus juste que les hommes politiques de la rue de la loi qui n\u2019ont pas os\u00e9 d\u00e9fendre ce qu\u2019ils avaient pr\u00e9alablement accord\u00e9. <!--more--><\/em><\/p>\n<\/div>\n<div><img decoding=\"async\" alt=\"\" src=\"http:\/\/images19.levif.be\/images\/resized\/400\/016\/884\/450\/9\/500_0_KEEP_RATIO_SHRINK_CENTER_FFFFFF\/image\/4000168844509.jpg\" \/><\/p>\n<div>\n<p>\u00a9 Belga<\/p>\n<\/div>\n<\/div>\n<p>Entre une opinion publique qui gronde et les tambours m\u00e9diatiques qui s\u2019acharnent sur la lib\u00e9ration de Michelle Martin, seule une voix ose la dissonance. C\u2019est celle de Rachel Vanderhoven , la m\u00e8re de Eefje Lambrechts qui, avec son amie Ann Marchal, fut enlev\u00e9e et tu\u00e9e par Marc Dutroux.<\/p>\n<p>Madame Vanderhoven n\u2019a pas fait appel contre la demande de lib\u00e9ration de Michelle Martin. Elle a expliqu\u00e9 via son avocat qu\u2019\u00ab il existe des lois pour d\u00e9fendre les droits individuels des citoyens contre les comportements de la soci\u00e9t\u00e9. H\u00e9las, certains individus en profitent alors qu\u2019il ne devrait, stricto sensu, ne pas y avoir droit. Ce n\u2019est n\u00e9anmoins pas une raison pour remettre en cause tout le syst\u00e8me. Si Martin r\u00e9pond aux conditions \u00e9tablies par la loi, il n\u2019y a aucune raison que cette m\u00eame loi ne s\u2019applique pas aussi \u00e0 son cas et c\u2019est ce que nous devrions respecter. \u00bb<\/p>\n<p>Cette d\u00e9claration qui va \u00e0 contre-courant de ce que l\u2019on entend ces derniers temps n\u2019a pourtant eu que peu d\u2019\u00e9chos dans les m\u00e9dias occup\u00e9s par les d\u00e9clarations tonitruantes des divers partis politiques sur une justice qui a perdu tous sens commun et qui s\u2019est d\u00e9connect\u00e9e de la population. Il est vrai que la lib\u00e9ration de Michelle Martin et sa possible admission dans un couvent ont suscit\u00e9 un toll\u00e9 sans pr\u00e9c\u00e9dent. Celui des parents, pour des raisons que tout le monde peut comprendre, ainsi que celui d\u2019une frange de la population qui a manifest\u00e9 son \u00e9moi jusque devant les murs du couvent de Malonne. Mais aussi parmi les politiques. Avec une ministre de la Justice qui n\u2019a pas fait preuve de la retenue n\u00e9cessaire. Une ministre encourag\u00e9e dans cette voie par Elio Di Rupo lui-m\u00eame qui veut renforcer les conditions de lib\u00e9ration. Et que dire du Vice-premier Johan Vande Lanotte ? Ce juriste et professeur d\u2019universit\u00e9 trouve, subitement, que, non d\u00e9cid\u00e9ment, 16 ans c\u2019est trop peu pour quelqu\u2019un comme Martin. Et son coll\u00e8gue Renaat Landuyt qui annonce que le jury qui condamnait Michelle Martin \u00e0 une peine de 30 ans ne savait probablement pas qu\u2019elle n\u2019en ferait que 16 ? Dans toutes les d\u00e9clarations politiques, c\u2019est bien cette derni\u00e8re qui tient le pompon. Ce juriste devrait savoir que lors de d\u00e9lib\u00e9rations le pr\u00e9sident du jury d\u2019assises est pr\u00e9sent et que ce dernier a probablement inform\u00e9 les jur\u00e9s de cette possibilit\u00e9. Et m\u00eame si ce n\u2019\u00e9tait pas le cas, lui-m\u00eame fait partie des forces dirigeantes qui ont vot\u00e9 les lois qui ont permis l\u2019introduction des Tribunaux d\u2019application des peines (TAP) pour que ce ne soit plus au ministre de la Justice de faire pencher la balance lors d\u2019une lib\u00e9ration conditionnelle .<\/p>\n<p>Au-del\u00e0 du brouhaha politico-m\u00e9diatique des derni\u00e8res semaines, il semble bien que la justice, tout comme le monde politique, ne soit en r\u00e9alit\u00e9 pas pr\u00eate \u00e0 faire face \u00e0 ce genre de cas. Et c\u2019est pourquoi c\u2019est \u00e0 un couvent de prendre le relai. \u00c0 la mani\u00e8re du 19e si\u00e8cle et ses maisons de \u00ab femmes d\u00e9chues \u00bb que l\u2019on pouvait trouver dans les livres de Charles Dickens.<\/p>\n<p><strong>Rick Van Cauwelaert<\/strong><\/p>\n<p><a href=\"http:\/\/www.levif.be\/info\/levif-blog\/vu-de-flandre\/michelle-martin-quand-la-mere-d-eefje-a-plus-de-courage-que-les-politiques\/opinie-4000168823132.htm\">Source<\/a><\/p>\n<div>\n<div id=\"null\">\n<div id=\"sectionHeader\">\n<pre>Vu de Flandre<\/pre>\n<p><img decoding=\"async\" alt=\"Rik Van Cauwelaert - Directeur de Knack\" src=\"http:\/\/images11.levif.be\/images\/resized\/119\/476\/187\/785\/1\/80_0_KEEP_RATIO_SHRINK_CENTER_FFFFFF\/image\/Rik-Van-Cauwelaert-Directeur-de-Knack.jpg\" \/><\/p>\n<pre>Directeur de Knack<\/pre>\n<\/div>\n<\/div>\n<\/div>\n","protected":false},"excerpt":{"rendered":"<p>Michelle Martin : quand la m\u00e8re d\u2019Eefje a plus de courage que les politiques mardi 28 ao\u00fbt 2012 \u00e0 11h16 Il semble que la m\u00e8re d\u2019Eefje Lambrecks ait eu une r\u00e9action plus juste que les hommes politiques de la rue de la loi qui n\u2019ont pas os\u00e9 d\u00e9fendre ce qu\u2019ils avaient pr\u00e9alablement accord\u00e9.<\/p>\n","protected":false},"author":1,"featured_media":867,"comment_status":"open","ping_status":"open","sticky":false,"template":"","format":"standard","meta":{"footnotes":""},"categories":[8],"tags":[],"class_list":["post-865","post","type-post","status-publish","format-standard","has-post-thumbnail","hentry","category-prisons"],"_links":{"self":[{"href":"https:\/\/bruxelles-pantheres.be\/index.php?rest_route=\/wp\/v2\/posts\/865","targetHints":{"allow":["GET"]}}],"collection":[{"href":"https:\/\/bruxelles-pantheres.be\/index.php?rest_route=\/wp\/v2\/posts"}],"about":[{"href":"https:\/\/bruxelles-pantheres.be\/index.php?rest_route=\/wp\/v2\/types\/post"}],"author":[{"embeddable":true,"href":"https:\/\/bruxelles-pantheres.be\/index.php?rest_route=\/wp\/v2\/users\/1"}],"replies":[{"embeddable":true,"href":"https:\/\/bruxelles-pantheres.be\/index.php?rest_route=%2Fwp%2Fv2%2Fcomments&post=865"}],"version-history":[{"count":1,"href":"https:\/\/bruxelles-pantheres.be\/index.php?rest_route=\/wp\/v2\/posts\/865\/revisions"}],"predecessor-version":[{"id":866,"href":"https:\/\/bruxelles-pantheres.be\/index.php?rest_route=\/wp\/v2\/posts\/865\/revisions\/866"}],"wp:featuredmedia":[{"embeddable":true,"href":"https:\/\/bruxelles-pantheres.be\/index.php?rest_route=\/wp\/v2\/media\/867"}],"wp:attachment":[{"href":"https:\/\/bruxelles-pantheres.be\/index.php?rest_route=%2Fwp%2Fv2%2Fmedia&parent=865"}],"wp:term":[{"taxonomy":"category","embeddable":true,"href":"https:\/\/bruxelles-pantheres.be\/index.php?rest_route=%2Fwp%2Fv2%2Fcategories&post=865"},{"taxonomy":"post_tag","embeddable":true,"href":"https:\/\/bruxelles-pantheres.be\/index.php?rest_route=%2Fwp%2Fv2%2Ftags&post=865"}],"curies":[{"name":"wp","href":"https:\/\/api.w.org\/{rel}","templated":true}]}}