{"id":868,"date":"2012-08-25T20:25:52","date_gmt":"2012-08-25T19:25:52","guid":{"rendered":"https:\/\/bruxelles-pantheres.be\/?p=868"},"modified":"2013-11-11T20:29:51","modified_gmt":"2013-11-11T19:29:51","slug":"les-pauvres-entre-mepris-et-dignite-faire-renaitre-les-cultures-populaire","status":"publish","type":"post","link":"https:\/\/bruxelles-pantheres.be\/?p=868","title":{"rendered":"Les pauvres, entre m\u00e9pris et dignit\u00e9 \u2013 Faire rena\u00eetre les cultures populaire"},"content":{"rendered":"<p>Intervention de J\u00e9r\u00e9mie Piolat, philosophe, le 25 juillet 2012. La communaut\u00e9 Emma\u00fcs-Lescar-Pau et le journal d\u2019analyse politique le Sarkophage ont co-organis\u00e9 les 24 25 26 juillet 2012 le premier Forum mondial de la pauvret\u00e9 sur le th\u00e8me \u2013 Les pauvres, entre m\u00e9pris et dignit\u00e9 \u2013 Faire rena\u00eetre les cultures populaires \u2013<!--more--><br \/>\n<iframe src=\"\/\/www.youtube.com\/embed\/6vNElO9D0vI\" height=\"315\" width=\"560\" allowfullscreen=\"\" frameborder=\"0\"><\/iframe><\/p>\n<table width=\"694\" border=\"0\" cellspacing=\"2\" cellpadding=\"2\">\n<tbody>\n<tr>\n<td>\n<div>Journ\u00e9e 1 \u2013 24 juillet 2012<\/p>\n<div><a href=\"http:\/\/www.telesudest.com\/emma_04.html\"> Gus Massiah<\/a> \u2013 du Centre de recherche &amp; d\u2019information pour le d\u00e9veloppement au Forum social mondial <a href=\"http:\/\/www.telesudest.com\/emma_04.html\"><img decoding=\"async\" title=\"Gus Massiah - du Centre de recherche &amp; d'information pour le d\u00e9veloppement au Forum social mondial\" alt=\"\" src=\"http:\/\/www.telesudest.com\/images\/emma\/vign_05.jpg\" \/><\/a><a href=\"http:\/\/www.telesudest.com\/emma_05.html\"> Florian Rochat<\/a> \u2013 ancien Directeur du Centre Europe Tiers Monde <a href=\"http:\/\/www.telesudest.com\/emma_05.html\"><img decoding=\"async\" title=\"Florian Rochat - ancien Directeur du Centre Europe Tiers Monde\" alt=\"\" src=\"http:\/\/www.telesudest.com\/images\/emma\/vign_06.jpg\" \/><\/a><a href=\"http:\/\/www.telesudest.com\/emma_06.html\"> Nicolas Sersiron<\/a> \u2013 Vice-Pr\u00e9sident du CADTM France <a href=\"http:\/\/www.telesudest.com\/emma_06.html\"><img decoding=\"async\" title=\"Nicolas Sersiron - Vice-Pr\u00e9sident du CADTM France\" alt=\"\" src=\"http:\/\/www.telesudest.com\/images\/emma\/vign_07.jpg\" \/><\/a><a href=\"http:\/\/www.telesudest.com\/emma_07.html\"> Thomas Coutrot<\/a> \u2013 Co-Pr\u00e9sident d\u2019ATTAC France <a href=\"http:\/\/www.telesudest.com\/emma_07.html\"><img decoding=\"async\" title=\"Thomas Coutrot - Co-Pr\u00e9sident d'ATTAC France\" alt=\"\" src=\"http:\/\/www.telesudest.com\/images\/emma\/vign_08.jpg\" \/><\/a><\/div>\n<\/div>\n<table border=\"0\" cellspacing=\"2\" cellpadding=\"2\">\n<tbody>\n<tr>\n<td><img decoding=\"async\" alt=\"\" src=\"http:\/\/www.telesudest.com\/images\/emma\/0000_01.jpg\" \/><\/td>\n<td><img decoding=\"async\" alt=\"\" src=\"http:\/\/www.telesudest.com\/images\/emma\/0000_05.jpg\" \/><br \/>\n<a href=\"http:\/\/www.telesudest.com\/emma_00b.html\">Plus de photos<\/a><\/td>\n<\/tr>\n<\/tbody>\n<\/table>\n<div>Journ\u00e9e 2 \u2013 25 juillet 2012<\/p>\n<div><a href=\"http:\/\/www.telesudest.com\/emma_08.html\"> Francine Mestrum<\/a> \u2013 Chercheur <a href=\"http:\/\/www.telesudest.com\/emma_08.html\"><img decoding=\"async\" title=\"Francine Mestrum - Chercheur\" alt=\"\" src=\"http:\/\/www.telesudest.com\/images\/emma\/vign_09.jpg\" \/><\/a><a href=\"http:\/\/www.telesudest.com\/emma_09.html\"> Majid Rahnema<\/a> \u2013 Diplomate, ancien ministre iranien <a href=\"http:\/\/www.telesudest.com\/emma_09.html\"><img decoding=\"async\" title=\"Majid Rahnema - Diplomate, ancien ministre iranien\" alt=\"\" src=\"http:\/\/www.telesudest.com\/images\/emma\/vign_10.jpg\" \/><\/a><a href=\"http:\/\/www.telesudest.com\/emma_10.html\"> J\u00e9r\u00e9mie Piolat<\/a> \u2013 Philosophe <a href=\"http:\/\/www.telesudest.com\/emma_10.html\"><img decoding=\"async\" title=\"J\u00e9r\u00e9mie Piolat - Philosophe\" alt=\"\" src=\"http:\/\/www.telesudest.com\/images\/emma\/vign_11.jpg\" \/><\/a><a href=\"http:\/\/www.telesudest.com\/emma_11.html\"> Claude Quemard<\/a> \u2013 du CADTM <a href=\"http:\/\/www.telesudest.com\/emma_11.html\"><img decoding=\"async\" title=\"Claude Quemard - du CADTM\" alt=\"\" src=\"http:\/\/www.telesudest.com\/images\/emma\/vign_12.jpg\" \/><\/a><a href=\"http:\/\/www.telesudest.com\/emma_12.html\"> Jean Rousseau<\/a> \u2013 Pr\u00e9sident d\u2019Emma\u00fcs international <a href=\"http:\/\/www.telesudest.com\/emma_12.html\"><img decoding=\"async\" title=\"Jean Rousseau - Pr\u00e9sident d'Emma\u00fcs international\" alt=\"\" src=\"http:\/\/www.telesudest.com\/images\/emma\/vign_13.jpg\" \/><\/a><\/p>\n<\/div>\n<\/div>\n<\/td>\n<\/tr>\n<tr>\n<td>Forum organis\u00e9 par Le Sarkophage,<img decoding=\"async\" alt=\"\" src=\"http:\/\/www.telesudest.com\/images\/emma\/0000_06.jpg\" \/>Paul Ari\u00e8s et la Communaut\u00e9 Emma\u00fcs Lescar-Pau, Germain Sarhy<a href=\"http:\/\/www.telesudest.com\/emma_00b.html\">Plus de photos<\/a><\/td>\n<td>\n<table border=\"0\" cellspacing=\"2\" cellpadding=\"2\">\n<tbody>\n<tr>\n<td><\/td>\n<td><\/td>\n<\/tr>\n<\/tbody>\n<\/table>\n<p>&nbsp;<\/td>\n<\/tr>\n<tr>\n<td>\n<table border=\"0\" cellspacing=\"2\" cellpadding=\"2\">\n<tbody>\n<tr>\n<td>Journ\u00e9e 3 \u2013 26 juillet 2012<\/p>\n<div><a href=\"http:\/\/www.telesudest.com\/emma_03a.html\"> Samir Amin<\/a> \u2013 Pr\u00e9sident du Forum mondial des alternatives <a href=\"http:\/\/www.telesudest.com\/emma_03a.html\"><img decoding=\"async\" title=\"Samir Amin - Pr\u00e9sident du Forum mondial des alternatives\" alt=\"\" src=\"http:\/\/www.telesudest.com\/images\/emma\/vign_02.jpg\" \/><\/a><a href=\"http:\/\/www.telesudest.com\/emma_03c.html\">Germain Sarhy<\/a> \u2013 Responsable de la Communaut\u00e9 Emma\u00fcs Lescar-Pau <a href=\"http:\/\/www.telesudest.com\/emma_03c.html\"><img decoding=\"async\" title=\"Germain Sarhy - Responsable de la Communaut\u00e9 Emma\u00fcs Lescar-Pau\" alt=\"\" src=\"http:\/\/www.telesudest.com\/images\/emma\/vign_04.jpg\" \/><\/a><a href=\"http:\/\/www.telesudest.com\/emma_03b.html\">Paul Ari\u00e8s<\/a> \u2013 Politologue, Directeur du Sarkophage<a href=\"http:\/\/www.telesudest.com\/emma_03b.html\"><img decoding=\"async\" title=\"Paul Ari\u00e8s - Politologue, Directeur du Sarkophage\" alt=\"\" src=\"http:\/\/www.telesudest.com\/images\/emma\/vign_03.jpg\" \/><\/a><\/div>\n<\/td>\n<\/tr>\n<\/tbody>\n<\/table>\n<\/td>\n<td><\/td>\n<\/tr>\n<tr>\n<td rowspan=\"1\" colspan=\"2\">\n<div><img decoding=\"async\" alt=\"\" src=\"http:\/\/www.telesudest.com\/images\/emma\/0000_07.jpg\" width=\"634\" height=\"312\" \/><\/div>\n<div><a href=\"http:\/\/www.telesudest.com\/emma_00b.html\">Plus de photos<\/a><\/div>\n<table border=\"0\" cellspacing=\"2\" cellpadding=\"2\">\n<tbody>\n<tr>\n<td><\/td>\n<td>\n<div><big>L<\/big><big>a Communaut\u00e9 Emmaus-Lescar-Pau<\/big><br \/>\n<big>et<\/big><br \/>\n<big>Le journal d\u2019analyse politique le Sarkophage<\/big><\/div>\n<div>ont co-organis\u00e9 les 24 25 26 juillet 2012 le premier Forum mondial de la pauvret\u00e9<br \/>\nsur le th\u00e8me\u00ab les pauvres, entre m\u00e9pris et dignit\u00e9 \u2013 Faire rena\u00eetre les cultures populaires \u00bb.<\/div>\n<\/td>\n<\/tr>\n<\/tbody>\n<\/table>\n<\/td>\n<\/tr>\n<tr>\n<td rowspan=\"1\" colspan=\"2\"><big>Pourquoi un forum mondial de la pauvret\u00e9 ?<\/big><\/p>\n<p style=\"text-align: justify;\">La France compte 8,2 millions de pauvres selon le seuil de pauvret\u00e9 de l\u2019INSEE soit 13 % de la population. Comment est-ce possible dans l\u2019un des pays les plus riches de la plan\u00e8te ? Mais que veulent dire ces chiffres fond\u00e9s sur un crit\u00e8re purement statistique ? Sont-ils suffisants ? Ne peut-on envisager la r\u00e9flexion autrement, non pas seulement en termes mon\u00e9taire, mais au regard des privations concr\u00e8tes, des manquements concrets \u00e0 des droits \u00e9l\u00e9mentaires de la personne : 7 % des m\u00e9nages ne peuvent se chauffer convenablement, des millions sont mal log\u00e9s, les in\u00e9galit\u00e9s d\u2019acc\u00e8s aux soins et en terme d\u2019esp\u00e9rance de vie augmentent entre riches et pauvres, etc. Des millions de familles subissent le mal-logement, la malnutrition, souffrent d\u2019une pauvret\u00e9 scolaire. Pauvres d\u2019aujourd\u2019hui mais aussi d\u2019autrefois : est-on si \u00e9loign\u00e9 dans la France du 21e si\u00e8cle de cette id\u00e9e du 19e si\u00e8cle que les classes populaires constitueraient des classes dangereuses ?\u2026. Pauvres d\u2019ici mais aussi d\u2019ailleurs : l\u2019oubli des pauvres du Sud est-il si \u00e9tranger \u00e0 celui des pauvres qui habitent les pays du Nord. Partout la m\u00eame invisibilit\u00e9 est savamment organis\u00e9e. Quelles images les pauvres ont-ils d\u2019eux m\u00eames ? Quelles repr\u00e9sentations en donnent les m\u00e9dias ? A quoi les pauvres attribuent-ils leur d\u00e9tresse ? Jusqu\u2019o\u00f9 pousse-t-on leur culpabilisation ? Pourquoi les pauvres votent-ils si peu ? Pourquoi votent-ils souvent contre leurs propres int\u00e9r\u00eats ? M\u00e9pris des pauvres ou dignit\u00e9 bien r\u00e9elle m\u00eame si elle est aujourd\u2019hui bafou\u00e9e ? Et si les pauvres n\u2019\u00e9taient pas seulement dans la survie \u00e9conomique mais exp\u00e9rimentaient au quotidien d\u2019autres fa\u00e7ons de vivre, d\u2019autres rapports \u00e0 soi, d\u2019autres rapports aux autres, d\u2019autre rapport au monde ? Et si les pauvres au lieu d\u2019\u00eatre toujours d\u00e9finis n\u00e9gativement \u00e9taient aussi reconnus comme porteurs de valeurs fortes, comme constituant une chance pour l\u2019humanit\u00e9 toute enti\u00e8re ? On veut bien croire \u00e0 la dignit\u00e9 des pauvres africains, asiatiques ou amerindiens\u2026mais on refuse d\u2019admettre que les naufrag\u00e9s de nos pays riches ont aussi quelque chose \u00e0 nous donner. Que reste-il aujourd\u2019hui des cultures populaires ? Comment les faire renaitre ailleurs mais aussi ici ? Comment r\u00e9aliser ce mariage des mouvements de solidarit\u00e9 avec les plus pauvres et des mouvements d\u2019\u00e9ducation populaire ? Comment cr\u00e9er ici et maintenant des alternatives ? Peut-on laisser croire que la France puisse r\u00e9ins\u00e9rer 8,2 millions de pauvres dans le cadre des modes de vie dominants ? Est-ce d\u2019ailleurs souhaitable socialement, \u00e9cologiquement, politiquement ? Que peuvent les politiques pour permettre de construire des laboratoires d\u2019autres modes de vie ?<\/p>\n<p style=\"text-align: justify;\">Germain Sarhy, Communaut\u00e9 Emma\u00fcs Lescar-Pau<\/p>\n<p style=\"text-align: justify;\">Paul Ari\u00e8s, Directeur de la r\u00e9daction le Sarkophage<\/p>\n<\/td>\n<\/tr>\n<\/tbody>\n<\/table>\n","protected":false},"excerpt":{"rendered":"<p>Intervention de J\u00e9r\u00e9mie Piolat, philosophe, le 25 juillet 2012. La communaut\u00e9 Emma\u00fcs-Lescar-Pau et le journal d\u2019analyse politique le Sarkophage ont co-organis\u00e9 les 24 25 26 juillet 2012 le premier Forum mondial de la pauvret\u00e9 sur le th\u00e8me \u2013 Les pauvres, entre m\u00e9pris et dignit\u00e9 \u2013 Faire rena\u00eetre les cultures populaires \u2013<\/p>\n","protected":false},"author":1,"featured_media":244,"comment_status":"open","ping_status":"open","sticky":false,"template":"","format":"standard","meta":{"footnotes":""},"categories":[1,35,21,22,25,36,42,4,20,7,6,8,18,28,37,39,40,17,5],"tags":[],"class_list":["post-868","post","type-post","status-publish","format-standard","has-post-thumbnail","hentry","category-non-classe","category-amerique-du-sud","category-anti-imperialisme","category-emploi","category-enseignement","category-europe","category-homophobie","category-islamophobie","category-logement","category-negrophobie","category-palestine-moyen-orient","category-prisons","category-resistance-bruxelles","category-racismes","category-romophobie","category-sans-papier","category-transport","category-video","category-violence-policiere"],"_links":{"self":[{"href":"https:\/\/bruxelles-pantheres.be\/index.php?rest_route=\/wp\/v2\/posts\/868","targetHints":{"allow":["GET"]}}],"collection":[{"href":"https:\/\/bruxelles-pantheres.be\/index.php?rest_route=\/wp\/v2\/posts"}],"about":[{"href":"https:\/\/bruxelles-pantheres.be\/index.php?rest_route=\/wp\/v2\/types\/post"}],"author":[{"embeddable":true,"href":"https:\/\/bruxelles-pantheres.be\/index.php?rest_route=\/wp\/v2\/users\/1"}],"replies":[{"embeddable":true,"href":"https:\/\/bruxelles-pantheres.be\/index.php?rest_route=%2Fwp%2Fv2%2Fcomments&post=868"}],"version-history":[{"count":2,"href":"https:\/\/bruxelles-pantheres.be\/index.php?rest_route=\/wp\/v2\/posts\/868\/revisions"}],"predecessor-version":[{"id":870,"href":"https:\/\/bruxelles-pantheres.be\/index.php?rest_route=\/wp\/v2\/posts\/868\/revisions\/870"}],"wp:featuredmedia":[{"embeddable":true,"href":"https:\/\/bruxelles-pantheres.be\/index.php?rest_route=\/wp\/v2\/media\/244"}],"wp:attachment":[{"href":"https:\/\/bruxelles-pantheres.be\/index.php?rest_route=%2Fwp%2Fv2%2Fmedia&parent=868"}],"wp:term":[{"taxonomy":"category","embeddable":true,"href":"https:\/\/bruxelles-pantheres.be\/index.php?rest_route=%2Fwp%2Fv2%2Fcategories&post=868"},{"taxonomy":"post_tag","embeddable":true,"href":"https:\/\/bruxelles-pantheres.be\/index.php?rest_route=%2Fwp%2Fv2%2Ftags&post=868"}],"curies":[{"name":"wp","href":"https:\/\/api.w.org\/{rel}","templated":true}]}}