{"id":871,"date":"2012-08-24T20:33:15","date_gmt":"2012-08-24T19:33:15","guid":{"rendered":"https:\/\/bruxelles-pantheres.be\/?p=871"},"modified":"2013-11-11T20:33:36","modified_gmt":"2013-11-11T19:33:36","slug":"belgian-police-brutality-in-action","status":"publish","type":"post","link":"https:\/\/bruxelles-pantheres.be\/?p=871","title":{"rendered":"Belgian Police brutality in action!"},"content":{"rendered":"<address data-ft=\"{&quot;type&quot;:1,&quot;tn&quot;:&quot;K&quot;}\">\u00ab <a href=\"https:\/\/www.youtube.com\/watch?v=5UnscdNhBC4\">D\u00e9j\u00e0 un avertissement pour retirer cette vid\u00e9o\u2026<\/a><br \/>\nJ\u2019en ai d\u00e9j\u00e0 donn\u00e9 une copie \u00e0 la correspondante de la BBC politique au Parlement europ\u00e9en. Si elle ne peut rien en faire, elle la transmettra \u00e0 d\u2019autres coll\u00e8gues des m\u00e9dias; Ainsi, m\u00eame si Youtube retire cette vid\u00e9o, l\u2019histoire dispara\u00eetra pas.<!--more--><br \/>\nR\u00e9veill\u00e9 de mon sommeil par des cris, j\u2019ai enregistr\u00e9 un incident qui a eu lieu devant chez moi. Il s\u2019av\u00e8re que je connais le gars et sa petite amie : nous sommes voisins. Des gens honn\u00eates et sympas. Certains des policiers impliqu\u00e9s, comment dire, \u00e0 vous qui regardez ces images de juger. Je me chargerai personnellement de montrer cette vid\u00e9o aux membres du Parlement europ\u00e9en. La Belgique accueille les institutions europ\u00e9ennes, je ne suis pas s\u00fbr que ce soit l\u2019image de Bruxelles veuille donner au monde. En tant qu\u2019ex-soldat de l\u2019ONU pour le maintien de la paix, j\u2019ai vu trop d\u2019images de ce genre \u00e0 Bruxelles: des policiers l\u00e2ches et arm\u00e9s contre des civils non arm\u00e9s et en inf\u00e9riorit\u00e9 num\u00e9rique. A vous de juger ou de commenter cette vid\u00e9o : vous avez les commandes<\/address>\n<p>I am already getting warnings to take down this video; So please mirror \u2013 in any case I have given a copy to the BBC political correspondent at the European Parliament; she said if she can\u2019t do anything with it she will pass it to other media colleagues; Thus if Youtube remove this vid, the story is not going away. Woken from my sleep by screams, I recorded an incident outside my flat; turns out I know the guy and his girlfriend from the neighourhood, nice decent folk. Some of the police involved\u2026 well you the jury of the world decide. This video will be personally shown by me to Members of the European Parliament. Belgium hosts the European institutions, I\u2019m not sure this is the image Brussels wants the world to see. As an ex UN peacekeeping soldier I have seen too much of this in Brussels; coward armed police against unarmed and outnumbered civilians. Again you are the jury of the world; and you have seen the evidence- thumbs up for justice please. Feel free to mirror.<\/p>\n<p><img decoding=\"async\" class=\"aligncenter\" id=\"il_fi\" alt=\"\" src=\"http:\/\/operationleakspin.files.wordpress.com\/2011\/10\/police-brutality-back.jpg\" width=\"403\" height=\"403\" \/><\/p>\n<h3 data-ft=\"{&quot;type&quot;:1,&quot;tn&quot;:&quot;K&quot;}\">Pour un Avenir des jeunes : pas de police raciste et violente, arr\u00eatons la spirale de la prison ! Augmentation du nombre d\u2019\u00e9coles et de jobs ! Stop a la chasse aux ch\u00f4meurs.<\/h3>\n","protected":false},"excerpt":{"rendered":"<p>\u00ab D\u00e9j\u00e0 un avertissement pour retirer cette vid\u00e9o\u2026 J\u2019en ai d\u00e9j\u00e0 donn\u00e9 une copie \u00e0 la correspondante de la BBC politique au Parlement europ\u00e9en. Si elle ne peut rien en faire, elle la transmettra \u00e0 d\u2019autres coll\u00e8gues des m\u00e9dias; Ainsi, m\u00eame si Youtube retire cette vid\u00e9o, l\u2019histoire dispara\u00eetra pas.<\/p>\n","protected":false},"author":1,"featured_media":691,"comment_status":"open","ping_status":"open","sticky":false,"template":"","format":"standard","meta":{"footnotes":""},"categories":[18,17,5],"tags":[],"class_list":["post-871","post","type-post","status-publish","format-standard","has-post-thumbnail","hentry","category-resistance-bruxelles","category-video","category-violence-policiere"],"_links":{"self":[{"href":"https:\/\/bruxelles-pantheres.be\/index.php?rest_route=\/wp\/v2\/posts\/871","targetHints":{"allow":["GET"]}}],"collection":[{"href":"https:\/\/bruxelles-pantheres.be\/index.php?rest_route=\/wp\/v2\/posts"}],"about":[{"href":"https:\/\/bruxelles-pantheres.be\/index.php?rest_route=\/wp\/v2\/types\/post"}],"author":[{"embeddable":true,"href":"https:\/\/bruxelles-pantheres.be\/index.php?rest_route=\/wp\/v2\/users\/1"}],"replies":[{"embeddable":true,"href":"https:\/\/bruxelles-pantheres.be\/index.php?rest_route=%2Fwp%2Fv2%2Fcomments&post=871"}],"version-history":[{"count":1,"href":"https:\/\/bruxelles-pantheres.be\/index.php?rest_route=\/wp\/v2\/posts\/871\/revisions"}],"predecessor-version":[{"id":872,"href":"https:\/\/bruxelles-pantheres.be\/index.php?rest_route=\/wp\/v2\/posts\/871\/revisions\/872"}],"wp:featuredmedia":[{"embeddable":true,"href":"https:\/\/bruxelles-pantheres.be\/index.php?rest_route=\/wp\/v2\/media\/691"}],"wp:attachment":[{"href":"https:\/\/bruxelles-pantheres.be\/index.php?rest_route=%2Fwp%2Fv2%2Fmedia&parent=871"}],"wp:term":[{"taxonomy":"category","embeddable":true,"href":"https:\/\/bruxelles-pantheres.be\/index.php?rest_route=%2Fwp%2Fv2%2Fcategories&post=871"},{"taxonomy":"post_tag","embeddable":true,"href":"https:\/\/bruxelles-pantheres.be\/index.php?rest_route=%2Fwp%2Fv2%2Ftags&post=871"}],"curies":[{"name":"wp","href":"https:\/\/api.w.org\/{rel}","templated":true}]}}