{"id":875,"date":"2012-08-24T20:38:51","date_gmt":"2012-08-24T19:38:51","guid":{"rendered":"https:\/\/bruxelles-pantheres.be\/?p=875"},"modified":"2013-11-11T20:47:17","modified_gmt":"2013-11-11T19:47:17","slug":"labc-de-la-dette-des-pays-du-sud","status":"publish","type":"post","link":"https:\/\/bruxelles-pantheres.be\/?p=875","title":{"rendered":"L\u2019ABC de la dette des pays du Sud"},"content":{"rendered":"<p><img decoding=\"async\" class=\"alignright\" alt=\"http:\/\/cadtm.org\/local\/cache-vignettes\/L250xH191\/arton8277-34415.png\" src=\"http:\/\/cadtm.org\/local\/cache-vignettes\/L250xH191\/arton8277-34415.png\" \/><\/p>\n<h3>L\u2019ABC de la dette des pays du Sud en 11 videos<\/h3>\n<p><small> 20 ao\u00fbt par <strong>Olivier Bonfond<\/strong>, <strong>Eric Toussaint<\/strong><\/small><\/p>\n<div>\n<p>En 11 petites vid\u00e9os, Olivier Bonfond et Eric Toussaint r\u00e9pondent \u00e0 une s\u00e9rie de questions afin de donner une vision d\u2019ensemble sur la probl\u00e9matique de la dette publique des pays du Sud<!--more--><\/p>\n<p>NB\u00a0: Ces vid\u00e9os ont \u00e9t\u00e9 r\u00e9alis\u00e9es dans le cadre de la formation infocycle de la CTB <a href=\"http:\/\/www.btcctb.org\/fr\/infocycle-quoi-qui\" rel=\"nofollow external\">http:\/\/www.btcctb.org\/fr\/infocycle-\u2026<\/a><\/p>\n<\/div>\n<h3>Video 1\u00a0: Introduction<\/h3>\n<p><iframe src=\"\/\/player.vimeo.com\/video\/8693354\" height=\"375\" width=\"500\" allowfullscreen=\"\"><\/iframe><\/p>\n<h3>Video 2\u00a0: Un autre monde est possible\u00a0!<\/h3>\n<p><iframe src=\"\/\/player.vimeo.com\/video\/8693509\" height=\"375\" width=\"500\" allowfullscreen=\"\"><\/iframe><\/p>\n<h3>Video 3\u00a0: Quel autre monde voulons-nous\u00a0?<\/h3>\n<p><iframe src=\"\/\/player.vimeo.com\/video\/8716357\" height=\"375\" width=\"500\" allowfullscreen=\"\"><\/iframe><\/p>\n<h3>Video 4\u00a0: D\u2019o\u00f9 vient la dette\u00a0?<\/h3>\n<p><iframe src=\"\/\/player.vimeo.com\/video\/8734282\" height=\"375\" width=\"500\" allowfullscreen=\"\"><\/iframe><\/p>\n<h3>Video 5\u00a0: La crise de la dette et la gestion de la crise<\/h3>\n<p><iframe src=\"\/\/player.vimeo.com\/video\/8734979\" height=\"375\" width=\"500\" allowfullscreen=\"\"><\/iframe><\/p>\n<h3>Video 6\u00a0: Quelle situation apr\u00e8s 25 ans d\u2019ajustement structurel\u00a0?<\/h3>\n<p><iframe src=\"\/\/player.vimeo.com\/video\/8736021\" height=\"375\" width=\"500\" allowfullscreen=\"\"><\/iframe><\/p>\n<h3>Video 7\u00a0: Quel est le discours officiel sur la dette\u00a0?<\/h3>\n<p><iframe src=\"\/\/player.vimeo.com\/video\/8739680\" height=\"375\" width=\"500\" allowfullscreen=\"\"><\/iframe><\/p>\n<h3>Video 8\u00a0: Quels sont les arguments en faveur de l\u2019annulation de la dette du Tiers-Monde\u00a0?<\/h3>\n<p><iframe src=\"\/\/player.vimeo.com\/video\/8758008\" height=\"375\" width=\"500\" allowfullscreen=\"\"><\/iframe><\/p>\n<h3>Video 9\u00a0: Quelles sont les initiatives alternatives et r\u00e9centes pour r\u00e9soudre le probl\u00e8me de la dette\u00a0?<\/h3>\n<p><iframe src=\"\/\/player.vimeo.com\/video\/8758438\" height=\"375\" width=\"500\" allowfullscreen=\"\"><\/iframe><\/p>\n<h3>Video 10\u00a0: Annuler la dette pour garantir les droits humains<\/h3>\n<p><iframe src=\"\/\/player.vimeo.com\/video\/8759754\" height=\"375\" width=\"500\" allowfullscreen=\"\"><\/iframe><\/p>\n<h3>Video 11\u00a0: Conclusion<\/h3>\n<p><iframe src=\"\/\/player.vimeo.com\/video\/8811501\" height=\"375\" width=\"500\" allowfullscreen=\"\"><\/iframe><\/p>\n<p><a href=\"http:\/\/cadtm.org\/L-ABC-de-la-dette-des-pays-du-Sud\">Source<\/a><\/p>\n<address><strong>Tunisie\u00a0: Lettre envoy\u00e9e aux Ministres belges<\/strong><\/address>\n<p><small> 8 ao\u00fbt par <strong>Renaud Vivien<\/strong> <\/small><\/p>\n<div>\n<p style=\"text-align: justify;\">Lettre au Vice-Premier ministre et Ministre des Finances , M.\u00a0Steven Vanackere, au Vice-Premier ministre et Ministre des Affaires \u00e9trang\u00e8res, M.\u00a0Didier Reynders et au Ministre de la Coop\u00e9ration au d\u00e9veloppement, M.\u00a0Paul Magnette, au sujet du paiement de la dette tunisienne<\/p>\n<\/div>\n<div style=\"text-align: justify;\">\n<p>Il y a un an le peuple tunisien chassait le dictateur Ben Ali et exigeait la justice sociale. Mais en 2012, la situation \u00e9conomique et sociale peine \u00e0 s\u2019am\u00e9liorer du fait notamment de la dette colossale h\u00e9rit\u00e9e de ce dictateur. En effet, la majorit\u00e9 des ressources financi\u00e8res du pays est actuellement allou\u00e9e en priorit\u00e9 au remboursement des dettes. A titre de comparaison, le budget consacr\u00e9 au remboursement de la dette publique tunisienne repr\u00e9sente 8 fois le budget des affaires sociales, 8 fois celui du d\u00e9veloppement r\u00e9gional, 3 fois celui de la sant\u00e9 et presque 6 fois celui de l\u2019emploi. La dette de la Tunisie \u00e0 l\u2019\u00e9gard de la Belgique s\u2019\u00e9levait au 30 juin 2011 \u00e0 28 millions d\u2019euros.<\/p>\n<p>Face \u00e0 cette situation, il est urgent de suspendre le remboursement de cette dette et de faciliter la r\u00e9alisation d\u2019un audit. En effet, le Pr\u00e9sident tunisien Moncef Marzouki s\u2019est publiquement prononc\u00e9 pour un audit de la dette tunisienne\u00a0|<a id=\"nh3-1\" title=\"http:\/\/www.lapresse.tn\/28062012\/519...\" href=\"http:\/\/cadtm.org\/Tunisie-Lettre-envoyee-aux#nb3-1\" rel=\"footnote\">1<\/a>|. Le 20 Juillet dernier, une proposition de loi pour un audit de la dette tunisienne a m\u00eame \u00e9t\u00e9 d\u00e9pos\u00e9e par une d\u00e9put\u00e9e de l\u2019Assembl\u00e9e nationale constituante.<\/p>\n<p>L\u2019audit permettra notamment de comprendre les circonstances entourant la conclusion de ces pr\u00eats, leur utilisation, d\u2019identifier les responsabilit\u00e9s et d\u00e9terminer la part odieuse et ill\u00e9gitime\u00a0|<a id=\"nh3-2\" title=\"Sur la dette odieuse et ill\u00e9gitime :Dette ill\u00e9gitime : l\u2019actualit\u00e9 de la dette\u00a0(...)\" href=\"http:\/\/cadtm.org\/Tunisie-Lettre-envoyee-aux#nb3-2\" rel=\"footnote\">2<\/a>|<\/p>\n<p>D\u2019autres arguments plaident en ce sens\u00a0:<\/p>\n<p>La soci\u00e9t\u00e9 civile tunisienne \u00e0 travers l\u2019association RAID (membre des r\u00e9seaux internationaux CADTM et ATTAC) a lanc\u00e9 une campagne au lendemain de la chute de Ben Ali pour exiger la suspension, l\u2019audit et l\u2019annulation de la part odieuse de la dette afin de satisfaire aux besoins essentiels de la population.<\/p>\n<p>En Europe, un appel lanc\u00e9 en 2011 par le CADTM et les euro-d\u00e9put\u00e9es Marie Christine Vergiat et Gabi Zimmer en faveur d\u2019un moratoire et d\u2019un audit des cr\u00e9ances envers la Tunisie a \u00e9t\u00e9 sign\u00e9 par plus de 120 parlementaires en Europe\u00a0|<a id=\"nh3-3\" title=\"Appel des parlementaires europ\u00e9ens et nationaux : Pour un audit des cr\u00e9ances\u00a0(...)\" href=\"http:\/\/cadtm.org\/Tunisie-Lettre-envoyee-aux#nb3-3\" rel=\"footnote\">3<\/a>|.<\/p>\n<p>Deux r\u00e9solutions parlementaires ont \u00e9galement \u00e9t\u00e9 adopt\u00e9es en 2011 reprenant les mots d\u2019ordre de la campagne tunisienne\u00a0: moratoire et audit ind\u00e9pendant de la dette tunisienne. La premi\u00e8re r\u00e9solution a \u00e9t\u00e9 prise par l\u2019Assembl\u00e9e Parlementaire Paritaire ACP-UE en mai 2011\u00a0|<a id=\"nh3-4\" title=\"http:\/\/www.europarl.europa.eu\/intco...011_lome\/pdf\/adopted_ap101.111_fr_coll\u00a0(...)\" href=\"http:\/\/cadtm.org\/Tunisie-Lettre-envoyee-aux#nb3-4\" rel=\"footnote\">4<\/a>| et la seconde adopt\u00e9e en juillet 2011 par le S\u00e9nat belge\u00a0|<a id=\"nh3-5\" title=\"http:\/\/www.senate.be\/www\/?MIval=\/pu...\" href=\"http:\/\/cadtm.org\/Tunisie-Lettre-envoyee-aux#nb3-5\" rel=\"footnote\">5<\/a>|.<\/p>\n<p>Rappelons \u00e9galement que le texte de l\u2019accord de gouvernement Di Rupo pr\u00e9cise que \u00ab\u00a0le Gouvernement r\u00e9alisera l\u2019audit des dettes et annulera en priorit\u00e9 les dettes contract\u00e9es au d\u00e9triment des populations\u00a0\u00bb.<\/p>\n<p>Enfin, le 10 mai 2012, le Parlement europ\u00e9en adoptait une r\u00e9solution sur la strat\u00e9gie de l\u2019UE en mati\u00e8re de commerce et d\u2019investissements pour le sud de la M\u00e9diterran\u00e9e apr\u00e8s les r\u00e9volutions du Printemps arabe qui \u00ab\u00a0juge odieuse la dette publique ext\u00e9rieure des pays d\u2019Afrique du Nord et du Proche-Orient sachant qu\u2019elle a \u00e9t\u00e9 accumul\u00e9e par les r\u00e9gimes dictatoriaux, par le biais principalement de l\u2019enrichissement personnel des \u00e9lites politiques et \u00e9conomiques et de l\u2019achat d\u2019armes, utilis\u00e9es souvent contre leurs propres populations\u00a0|<a id=\"nh3-6\" title=\"http:\/\/www.europarl.europa.eu\/sides...\" href=\"http:\/\/cadtm.org\/Tunisie-Lettre-envoyee-aux#nb3-6\" rel=\"footnote\">6<\/a>|\u00a0\u00bb.<\/p>\n<p>Dans ces conditions, la Belgique doit prendre ses responsabilit\u00e9s et d\u00e9cider de\u00a0:<\/p>\n<p><img decoding=\"async\" alt=\"-\" src=\"http:\/\/cadtm.org\/local\/cache-vignettes\/L8xH11\/puce-32883.gif\" width=\"8\" height=\"11\" \/>\u00a0ne plus exiger le remboursement de ses cr\u00e9ances aupr\u00e8s des autorit\u00e9s tunisiennes et refuser le paiement de la dette tunisienne \u00e0 son \u00e9gard le temps qu\u2019un audit soit r\u00e9alis\u00e9\u00a0;<\/p>\n<p><img decoding=\"async\" alt=\"-\" src=\"http:\/\/cadtm.org\/local\/cache-vignettes\/L8xH11\/puce-32883.gif\" width=\"8\" height=\"11\" \/>\u00a0faciliter un audit de cette dette en mettant \u00e0 disposition des instances tunisiennes tout document utile \u00e0 sa r\u00e9alisation.<\/p>\n<p><img decoding=\"async\" alt=\"-\" src=\"http:\/\/cadtm.org\/local\/cache-vignettes\/L8xH11\/puce-32883.gif\" width=\"8\" height=\"11\" \/>\u00a0annuler, sur base des conclusions de l\u2019audit, les cr\u00e9ances odieuses et ill\u00e9gitimes d\u00e9tenues envers la Tunisie \u00e0 l\u2019instar de la Norv\u00e8ge. C\u2019est tout \u00e0 fait possible, en effet, la Norv\u00e8ge a montr\u00e9 la voie \u00e0 suivre en 2006 en annulant unilat\u00e9ralement et sans conditions ses cr\u00e9ances ill\u00e9gitimes sur cinq pays.<\/p>\n<p><img decoding=\"async\" alt=\"-\" src=\"http:\/\/cadtm.org\/local\/cache-vignettes\/L8xH11\/puce-32883.gif\" width=\"8\" height=\"11\" \/>\u00a0intensifier, au sein des forums internationaux, son action diplomatique en vue de l\u2019annulation des dettes publiques ext\u00e9rieures consid\u00e9r\u00e9es comme \u00ab\u00a0odieuses\u00a0\u00bb d\u00e9tenues par les institutions multilat\u00e9rales \u00e0 l\u2019encontre de la Tunisie.<\/p>\n<p><img decoding=\"async\" alt=\"-\" src=\"http:\/\/cadtm.org\/local\/cache-vignettes\/L8xH11\/puce-32883.gif\" width=\"8\" height=\"11\" \/>\u00a0ne pas prendre de mesures de r\u00e9torsion contre l\u2019\u00c9tat tunisien au cas o\u00f9 il prendrait des mesures unilat\u00e9rales sur sa dette\u00a0;<\/p>\n<p><img decoding=\"async\" alt=\"-\" src=\"http:\/\/cadtm.org\/local\/cache-vignettes\/L8xH11\/puce-32883.gif\" width=\"8\" height=\"11\" \/>\u00a0ne pas prendre part \u00e0 des programmes d\u2019\u00e9change de dettes. En effet, ces \u00e9changes risquent de porter sur des dettes odieuses qui devraient donc \u00eatre annul\u00e9es sans condition. Il ne faudrait pas qu\u2019un pays cr\u00e9ancier renonce \u00e0 recouvrer une dette en \u00e9change de l\u2019engagement du pays endett\u00e9 \u00e0 rediriger le montant de la dette vers des projets d\u2019investissements conclus avec le pays pr\u00eateur. Le risque encouru serait que ces investissements servent avant tout les int\u00e9r\u00eats de l\u2019\u00c9tat pr\u00eateur et ne cadrent pas avec les plans de d\u00e9veloppement de l\u2019\u00c9tat endett\u00e9. Il est donc de la plus grande importance que l\u2019annulation des dettes tunisiennes se fasse sans conditions et que toute n\u00e9gociation avec les cr\u00e9anciers soit r\u00e9alis\u00e9e dans la plus grande transparence afin que l\u2019attention soit port\u00e9e aux besoins du d\u00e9veloppement.<\/p>\n<p>Dans l\u2019attente de votre r\u00e9ponse, veuillez recevoir l\u2019expression de nos salutations distingu\u00e9es.<\/p>\n<p>Signatures\u00a0:<\/p>\n<p><strong>Renaud Vivien<\/strong><br \/>\nJuriste au CADTM Belgique<br \/>\nComit\u00e9 pour l\u2019Annulation de la Dette du Tiers Monde<br \/>\n<a href=\"http:\/\/cadtm.org\" rel=\"nofollow\">http:\/\/cadtm.org<\/a><br \/>\nGSM\u00a0: +32 (0)\/497 04 79 99<br \/>\nE-mail\u00a0: <a>Ecrire \u00e0 Renaud, dans le domaine\u00a0: cadtm.org<\/a><\/p>\n<p><strong>Antonio Gambini<\/strong><br \/>\nCharg\u00e9 de recherche et plaidoyer financement du d\u00e9veloppement<br \/>\nCNCD-11.11.11<br \/>\n<a href=\"http:\/\/www.cncd.be\" rel=\"nofollow external\">http:\/\/www.cncd.be<\/a><br \/>\nQuai du Commerce 9<br \/>\n1000 Bruxelles<br \/>\nT\u00e9l\u00a0: +32 (0) 2 613 30 31<br \/>\nFax\u00a0: +32 (0) 2 250 12 63<br \/>\nGSM\u00a0: +32 (0) 479 48 28 78<br \/>\nE-mail\u00a0: <a>Ecrire \u00e0 Antonio Gambini, dans le domaine\u00a0: cncd.be<\/a><\/p>\n<\/div>\n<p style=\"text-align: justify;\"><strong>Notes<\/strong><\/p>\n<p style=\"text-align: justify;\">|<a id=\"nb3-1\" title=\"Notes 3-1\" href=\"http:\/\/cadtm.org\/Tunisie-Lettre-envoyee-aux#nh3-1\" rev=\"footnote\">1<\/a>| <a href=\"http:\/\/www.lapresse.tn\/28062012\/51924\/marzouki-oppose-son-veto-a-laugmentation-des-droits-de-tirage.html\" rel=\"nofollow external\">http:\/\/www.lapresse.tn\/28062012\/519\u2026<\/a><\/p>\n<p style=\"text-align: justify;\">|<a id=\"nb3-2\" title=\"Notes 3-2\" href=\"http:\/\/cadtm.org\/Tunisie-Lettre-envoyee-aux#nh3-2\" rev=\"footnote\">2<\/a>| Sur la dette odieuse et ill\u00e9gitime\u00a0:<br \/>\n<a href=\"http:\/\/cadtm.org\/Dette-illegitime-l-actualite-de-la\">Dette ill\u00e9gitime\u00a0: l\u2019actualit\u00e9 de la dette odieuse. Position du CADTM<\/a><\/p>\n<p style=\"text-align: justify;\">|<a id=\"nb3-3\" title=\"Notes 3-3\" href=\"http:\/\/cadtm.org\/Tunisie-Lettre-envoyee-aux#nh3-3\" rev=\"footnote\">3<\/a>| <a href=\"http:\/\/cadtm.org\/Appel-des-parlementaires-europeens,6560\">Appel des parlementaires europ\u00e9ens et nationaux\u00a0: Pour un audit des cr\u00e9ances europ\u00e9ennes \u00e0 l\u2019\u00e9gard de la Tunisie<\/a><\/p>\n<p style=\"text-align: justify;\">|<a id=\"nb3-4\" title=\"Notes 3-4\" href=\"http:\/\/cadtm.org\/Tunisie-Lettre-envoyee-aux#nh3-4\" rev=\"footnote\">4<\/a>| <a href=\"http:\/\/www.europarl.europa.eu\/intcoop\/acp\/2\" rel=\"nofollow external\">http:\/\/www.europarl.europa.eu\/intco\u2026<\/a>011_lome\/pdf\/adopted_ap101.111_fr_collated.pdf<\/p>\n<p style=\"text-align: justify;\">|<a id=\"nb3-5\" title=\"Notes 3-5\" href=\"http:\/\/cadtm.org\/Tunisie-Lettre-envoyee-aux#nh3-5\" rev=\"footnote\">5<\/a>| <a href=\"http:\/\/www.senate.be\/www\/?MIval=\/publications\/viewPubDoc&amp;TID=83889608&amp;LANG=FR\" rel=\"nofollow external\">http:\/\/www.senate.be\/www\/?MIval=\/pu\u2026<\/a><\/p>\n<p style=\"text-align: justify;\">|<a id=\"nb3-6\" title=\"Notes 3-6\" href=\"http:\/\/cadtm.org\/Tunisie-Lettre-envoyee-aux#nh3-6\" rev=\"footnote\">6<\/a>| <a href=\"http:\/\/www.europarl.europa.eu\/sides\/getDoc.do?type=TA&amp;reference=P7-TA-2012-0201&amp;language=FR&amp;ring=A7-2012-0104\" rel=\"nofollow external\">http:\/\/www.europarl.europa.eu\/sides\u2026<\/a><\/p>\n<p style=\"text-align: justify;\"><a href=\"http:\/\/cadtm.org\/Tunisie-Lettre-envoyee-aux\">Source<\/a><\/p>\n<h3 style=\"text-align: center;\"><span style=\"color: #ff0000;\">\u00a0\u00a0 <img decoding=\"async\" alt=\"\" src=\"http:\/\/cadtm.org\/local\/cache-vignettes\/L250xH170\/arton7837-83a04.jpg\" width=\"250\" height=\"170\" \/><\/span><\/h3>\n<h3 style=\"text-align: justify;\">Appel \u00e0 une mobilisation internationale contre la dette en hommage \u00e0 Thomas Sankara<\/h3>\n<p style=\"text-align: justify;\"><small> 12 avril <\/small><\/p>\n<div style=\"text-align: justify;\">\n<p>Le 15 Octobre 1987, le pr\u00e9sident Thomas SANKARA perdait la vie, \u00e0 la suite d\u2019un coup d\u2019\u00c9tat, apr\u00e8s quatre ann\u00e9es pass\u00e9es \u00e0 la t\u00eate du Burkina Faso. Au cours de cette p\u00e9riode Thomas SANKARA a lutt\u00e9 pour la dignit\u00e9 de son peuple et pour un nouvel \u00e9lan de lib\u00e9ration du continent africain avec une nouvelle g\u00e9n\u00e9ration de chefs d\u2019Etat, au service de leurs peuples, capables de tenir t\u00eate aux puissances imp\u00e9rialistes. Il ne fait aucun doute que Thomas SANKARA a \u00e9t\u00e9 assassin\u00e9 pour avoir lutt\u00e9 contre le n\u00e9ocolonialisme et en particulier contre l\u2019esclavagisme moderne de la dette.<\/p>\n<\/div>\n<div>\n<p style=\"text-align: justify;\">Pionnier en la mati\u00e8re, <a href=\"http:\/\/cadtm.org\/Un-front-uni-contre-la-dette\">Thomas SANKARA d\u00e9non\u00e7a<\/a> devant tous les chefs d\u2019\u00c9tats africains r\u00e9unis au sommet de l\u2019OUA (Organisation de l\u2019Unit\u00e9 Africaine) en juillet 1987 le \u00ab\u00a0syst\u00e8me dette\u00a0\u00bb mis en place par les puissances occidentales avec la complicit\u00e9 de certains dirigeants du Sud pour confisquer la souverainet\u00e9 des peuples.<\/p>\n<p style=\"text-align: justify;\">Ce nouveau syst\u00e8me d\u2019oppression des peuples africains, latino-am\u00e9ricains et asiatiques \u00e9tait notamment bas\u00e9 sur l\u2019imposition des plans d\u2019ajustement structurel (PAS) mis en place par les Institutions de Bretton Woods (FMI et Banque mondiale) avec l\u2019appui des anciennes m\u00e9tropoles et au profit des multinationales du Nord. Sachant que les grands cr\u00e9anciers internationaux s\u2019attaqueraient \u00e0 sa vie en r\u00e9ponse \u00e0 cet ultime combat, Thomas SANKARA lan\u00e7a un appel pour la cr\u00e9ation d\u2019<strong>un front uni contre la dette<\/strong>. Son appel ne fut malheureusement pas suivi \u00e0 l\u2019\u00e9poque.<\/p>\n<p style=\"text-align: justify;\">Vingt cinq ans plus tard, alors que le syst\u00e8me dette continue de confisquer la souverainet\u00e9 populaire et d\u2019appauvrir la tr\u00e8s grande majorit\u00e9 de la population africaine, les peuples du Nord sont eux aussi victimes d\u2019une crise de la dette sans pr\u00e9c\u00e9dent. L\u2019\u00e9clatement de la bulle sp\u00e9culative immobili\u00e8re et le sauvetage des banques par les \u00c9tats, sans consultation populaire \u2013 qui a encore aggrav\u00e9 le poids de la dette publique dont une large partie est ill\u00e9gitime \u2013 donnent raison \u00e0 Thomas SANKARA qui d\u00e9non\u00e7ait d\u00e9j\u00e0 l\u2019\u00e9conomie \u00ab\u00a0CASINO\u00a0\u00bb.<\/p>\n<p style=\"text-align: justify;\">Loin des flash et des cam\u00e9ras de t\u00e9l\u00e9vision, la finance s\u2019est r\u00e9solument ligu\u00e9e contre les peuples ces trente derni\u00e8res ann\u00e9es faisant des millions de morts. Autrefois r\u00e9serv\u00e9es aux pays du Sud, les conditionnalit\u00e9s et les mesures d\u2019aust\u00e9rit\u00e9 ont fini par gagner le Nord, plongeant les peuples dans un d\u00e9sarroi de plus en plus grand. La situation actuelle en Gr\u00e8ce, au Portugal ou encore en Irlande o\u00f9 le FMI intervient directement dans les affaires internes des \u00c9tats, aux cot\u00e9s de l\u2019Union europ\u00e9enne et de la Banque centrale europ\u00e9enne (BCE), ne sont pas sans rappeler la situation des pays du Sud au d\u00e9but des ann\u00e9es 80.<\/p>\n<p style=\"text-align: justify;\">Depuis trente ans les peuples au Sud ne cessent de se battre contre le diktat des cr\u00e9anciers et en particulier du FMI et de la Banque mondiale, deux institutions anti-d\u00e9mocratiques \u00e0 la solde des march\u00e9s financiers, des grandes banques priv\u00e9es et des multinationales \u00e0 l\u2019origine de la crise financi\u00e8re actuelle.<\/p>\n<p style=\"text-align: justify;\">Dans un monde en crises et face aux nombreuses attaques contre les peuples via les politiques d\u2019aust\u00e9rit\u00e9 impos\u00e9es \u00e0 l\u2019\u00e9chelle mondiale, l\u2019heure est venue pour les peuples du monde entier, au Sud comme au Nord, de r\u00e9pondre \u00e0 l\u2019appel de Thomas SANKARA en constituant <strong>un front uni contre la dette<\/strong>.<\/p>\n<p style=\"text-align: justify;\">En r\u00e9ponse \u00e0 l\u2019appel de Thomas SANKARA et en hommage \u00e0 sa lutte pionni\u00e8re, nous, organisations et mouvements sociaux du Burkina Faso, organisations et mouvements sociaux d\u2019Afrique, \u00e0 la suite de l\u2019<a href=\"http:\/\/cadtm.org\/Appel-de-Niono-Mali-pour-un-front\">appel de Niono<\/a> du 2 novembre 2011, appelons \u00e0 une rencontre internationale et \u00e0 un dialogue Sud-Nord sur la dette, \u00e0 Ouagadougou au Burkina Faso du 13 et 16 octobre 2012 et \u00e0 une c\u00e9r\u00e9monie \u00e0 la m\u00e9moire de Thomas SANKARA le 15 octobre 2012.<\/p>\n<p style=\"text-align: justify;\">Pour signer cet appel envoyer un mail \u00e0\u00a0: hommage2012sankara@yahoo.fr<\/p>\n<p style=\"text-align: justify;\">Signataires\u00a0:<\/p>\n<p style=\"text-align: justify;\">1-CADTM AFRIQUE,<br \/>\n2-ATTAC Burkina Faso,<br \/>\n3-ATTAC Togo<br \/>\n4-CADTM Belgique<br \/>\n5-ATTAC\/CADTM Maroc,<br \/>\n6-FNDP C\u00f4te d\u2019ivoire,<br \/>\n7-CADTM Lubumbashi \u2013 RDC,<br \/>\n8-RPC Mauritanie,<br \/>\n9-RNDD Niger<br \/>\n10-UFDH\/CADTM Mbujimayi,<br \/>\n11-RAID Tunisie,<br \/>\n12- APASH\/CADTM \u2013 Brazzaville (Congo)<br \/>\n13-Ecologistas en Acci\u00f3n(Espa\u00f1a),<br \/>\n14-Observatoria de la Deuda en la Globalizaci\u00f3n (Espa\u00f1a),<br \/>\n15-Patas Arriba (Valencia, Espa\u00f1a),<br \/>\n16- CADTM France<br \/>\n17-Red \u00bfQui\u00e9n debe a Qui\u00e9n\u00a0? (Espa\u00f1a),<br \/>\n18-Plataforma Auditoria Ciudadana de la Deuda, No debemos, no<br \/>\npagamos(Espa\u00f1a),<br \/>\n19-Nova \u2013 centre per a la innovacio Social (Catalunya- Espa\u00f1a),<br \/>\n20-ONG Africando (Gran Canaria \u2013 Espa\u00f1a)<\/p>\n<p style=\"text-align: justify;\"><a href=\"http:\/\/cadtm.org\/Appel-a-une-mobilisation\">Source<\/a><\/p>\n<\/div>\n<p><iframe src=\"http:\/\/www.dailymotion.com\/embed\/video\/x17idb\" height=\"270\" width=\"480\" frameborder=\"0\"><\/iframe><br \/>\n<a href=\"http:\/\/www.dailymotion.com\/video\/x17idb_discours-de-thomas-sankara-a-addis_news\" target=\"_blank\">Discours de THOMAS SANKARA a ADDIS ADEBA<\/a> <i>par <a href=\"http:\/\/www.dailymotion.com\/romsiten\" target=\"_blank\">romsiten<\/a><\/i><\/p>\n<h3>Un front uni contre la dette<\/h3>\n<p><small> 15 octobre 2011 par <strong>Thomas Sankara<\/strong> <\/small><\/p>\n<div>\n<p>A l\u2019heure o\u00f9 les indign\u00e9s se multiplient de par le monde,<br \/>\nA l\u2019heure o\u00f9 les peuples au Nord et au Sud ont r\u00e9ellement compris l\u2019effet n\u00e9faste de la finance contre les peuples<br \/>\nVoici venu l\u2019heure de r\u00e9pondre \u00e0 l\u2019appel de Thomas SANKARA pour<br \/>\n<strong>UN FRONT UNI CONTRE LA DETTE<\/strong><\/p>\n<p>29 juillet 1987, Thomas Sankara assiste \u00e0 Addis-Abeba aux travaux de la vingt-cinqui\u00e8me Conf\u00e9rence au sommet des pays membres de l\u2019OUA. Il y d\u00e9livre le discours ci-apr\u00e8s.<br \/>\nLe pr\u00e9sident de s\u00e9ance \u00e9tait Kennetg Kaunda de Zambie.<\/p>\n<\/div>\n<p>&nbsp;<\/p>\n<p>Monsieur le pr\u00e9sident,<br \/>\nMessieurs les chefs des d\u00e9l\u00e9gations,<\/p>\n<p>Je voudrais qu\u2019\u00e0 cet instant nous puissions parler de cette autre question qui nous tiraille\u00a0: la question de la dette, la question de la situation \u00e9conomique de l\u2019Afrique. Autant que la paix, elle est une condition importante de notre survie. Et c\u2019est pourquoi j\u2019ai cru devoir vous imposer quelques minutes suppl\u00e9mentaires pour que nous en parlions. Le Burkina Faso voudrait dire tout d\u2019abord sa crainte. La crainte que nous avons c\u2019est que les r\u00e9unions de l\u2019OUA se succ\u00e8dent, se ressemblent mais qu\u2019il y ait de moins en moins d\u2019int\u00e9ressement \u00e0 ce que nous faisons.<\/p>\n<p>Monsieur le pr\u00e9sident,<br \/>\nCombien sont-ils les chefs d\u2019Etat qui sont ici pr\u00e9sents alors qu\u2019ils ont d\u00fbment appel\u00e9 \u00e0 venir parler de l\u2019Afrique en Afrique\u00a0? Monsieur le pr\u00e9sident\u00a0: Combien de chefs d\u2019Etats sont pr\u00eat \u00e0 bondir \u00e0 Paris, \u00e0 Londres, \u00e0 Washington lorsque l\u00e0-bas on les appelle en r\u00e9union mais ne peuvent pas venir en r\u00e9union ici \u00e0 Addis-Abeba en Afrique\u00a0? Ceci est tr\u00e8s important.[<em>Applaudissements<\/em>] Je sais que certains ont des raisons valables de ne pas venir. C\u2019est pourquoi je voudrais proposer, Monsieur le pr\u00e9sident, que nous \u00e9tablissions un bar\u00e8me de sanctions pour les chefs d\u2019Etats qui ne r\u00e9pondent pas pr\u00e9sents \u00e0 l\u2019appel. Faisons en sorte que par un ensemble de points de bonne conduite, ceux qui viennent r\u00e9guli\u00e8rement, comme nous par exemple, [Rires] puissent \u00eatre soutenus dans certains de leurs efforts. Exemple\u00a0: les projets que nous soumettons \u00e0 la Banque africaine de d\u00e9veloppement (BAD) doivent \u00eatre affect\u00e9s d\u2019un coefficient d\u2019africanit\u00e9.[<em>Applaudissements<\/em>] Les moins africains seront p\u00e9nalis\u00e9s. Comme cela tout le monde viendra aux r\u00e9unions.<\/p>\n<p>Je voudrais vous dire, Monsieur le pr\u00e9sident, que la question de la dette est une question que nous ne saurions occulter. Vous-m\u00eame vous en savez quelque chose dans votre pays o\u00f9 vous avez d\u00fb prendre des d\u00e9cisions courageuses, t\u00e9m\u00e9raires m\u00eame. Des d\u00e9cisions qui ne semblent pas du tout \u00eatre en rapport avec votre \u00e2ge et vos cheveux blancs. [Rires] Son Excellence le pr\u00e9sident Habib Bourguiba, qui n\u2019a pas pu venir, mais qui nous a fait d\u00e9livrer un important message, donnait cet autre exemple \u00e0 l\u2019Afrique, lorsque en Tunisie, pour des raisons \u00e9conomiques, sociales et politiques, il a d\u00fb lui aussi prendre des d\u00e9cisions courageuses. Mais, Monsieur le pr\u00e9sident, allons-nous continuer \u00e0 laisser les chefs d\u2019Etats chercher individuellement des solutions au probl\u00e8me de la dette avec le risque de cr\u00e9er chez eux des conflits sociaux qui pourraient mettre en p\u00e9ril leurs stabilit\u00e9s et m\u00eame la construction de l\u2019unit\u00e9 africaine\u00a0? Ces exemples que j\u2019ai cit\u00e9s, il y en a bien d\u2019autres, m\u00e9ritent que les sommets de l\u2019OUA apportent une r\u00e9ponse s\u00e9curisante \u00e0 chacun de nous quant \u00e0 la question de la dette. Nous estimons que la dette s\u2019analyse d\u2019abord de par son origine. Les origines de la dette remontent aux origines du colonialisme. Ceux qui se sont transform\u00e9s en \u00ab\u00a0assistants techniques\u00a0\u00bb. En fait, nous devrions dire en assassins technique. Et ce sont eux qui nous ont propos\u00e9 des sources de financement, des \u00ab\u00a0bailleurs de fonds\u00a0\u00bb. Un terme que l\u2019on emploie chaque jour comme s\u2019il y avait des hommes dont le \u00ab\u00a0b\u00e2illement\u00a0\u00bb suffirait \u00e0 cr\u00e9er le d\u00e9veloppement chez d\u2019autres. Ces bailleurs de fonds nous ont \u00e9t\u00e9 conseill\u00e9s, recommand\u00e9s. On nous a pr\u00e9sent\u00e9 des dossiers et des montages financiers all\u00e9chants. Nous nous sommes endett\u00e9s pour cinquante ans, soixante ans et m\u00eame plus. C\u2019est-\u00e0-dire que l\u2019on nous \u00e0 amen\u00e9s \u00e0 compromettre nos peuples pendant cinquante ans et plus.<\/p>\n<p><img decoding=\"async\" alt=\"\" src=\"http:\/\/cadtm.org\/local\/cache-vignettes\/L510xH252\/thomas10-ff9d1.png\" width=\"510\" height=\"252\" \/><\/p>\n<p>La dette sous sa forme actuelle, est une reconqu\u00eate savamment organis\u00e9e de l\u2019Afrique, pour que sa croissance et son d\u00e9veloppement ob\u00e9issent \u00e0 des paliers, \u00e0 des normes qui nous sont totalement \u00e9trangers. Faisant en sorte que chacun de nous devienne l\u2019esclave financier, c\u2019est-\u00e0-dire l\u2019esclave tout court, de ceux qui ont eu l\u2019opportunit\u00e9, la ruse, la fourberie de placer des fonds chez nous avec l\u2019obligation de rembourser. On nous dit de rembourser la dette. Ce n\u2019est pas une question morale. Ce n\u2019est point une question de ce pr\u00e9tendu honneur que de rembourser ou de ne pas rembourser.<\/p>\n<p>Monsieur le pr\u00e9sident,<br \/>\nNous avons \u00e9cout\u00e9 et applaudi le premier ministre de Norv\u00e8ge lorsqu\u2019elle est intervenue ici m\u00eame. Elle a dit, elle qui est europ\u00e9enne, que toute la dette ne peut pas \u00eatre rembours\u00e9e. Je voudrais simplement la compl\u00e9ter et dire que la dette ne peut pas \u00eatre rembours\u00e9e. La dette ne peut pas \u00eatre rembours\u00e9e parce que d\u2019abord si nous ne payons pas, nos bailleurs de fonds ne mourront pas. Soyons-en s\u00fbrs. Par contre, si nous payons, c\u2019est nous qui allons mourir. Soyons-en s\u00fbrs \u00e9galement. Ceux qui nous ont conduits \u00e0 l\u2019endettement ont jou\u00e9 comme au casino. Tant qu\u2019ils gagnaient, il n\u2019y avait point de d\u00e9bat. Maintenant qu\u2019ils perdent au jeu, ils nous exigent le remboursement. Et on parle de crise. Non, Monsieur le pr\u00e9sident, ils ont jou\u00e9, ils ont perdu, c\u2019est la r\u00e8gle du jeu. Et la vie continue.[<em>Applaudissements<\/em>] Nous ne pouvons pas rembourser la dette parce que nous n\u2019avons pas de quoi payer. Nous ne pouvons pas rembourser la dette parce que nous ne sommes pas responsables de la dette. Nous ne pouvons pas payer la dette parce qu\u2019au contraire les autres nous doivent ce que les plus grandes richesses ne pourront jamais payer, c\u2019est-\u00e0-dire la dette de sang. C\u2019est notre sang qui a \u00e9t\u00e9 vers\u00e9. On parle du Plan Marshall qui a refait l\u2019Europe \u00e9conomique. Mais l\u2019on ne parle pas du Plan africain qui a permis \u00e0 l\u2019Europe de faire face aux hordes hitl\u00e9riennes lorsque leurs \u00e9conomies \u00e9taient menac\u00e9es, leurs stabilit\u00e9s \u00e9taient menac\u00e9es. Qui a sauv\u00e9 l\u2019Europe\u00a0? C\u2019est l\u2019Afrique. On en parle tr\u00e8s peu. On parle si peu que nous ne pouvons, nous, \u00eatre complices de ce silence ingrat. Si les autres ne peuvent pas chanter nos louanges, nous avons au moins le devoir de dire que nos p\u00e8res furent courageux et que nos anciens combattants ont sauv\u00e9 l\u2019Europe et finalement ont permis au monde de se d\u00e9barrasser du nazisme. La dette, c\u2019est aussi la cons\u00e9quence des affrontements. Lorsqu\u2019on nous parle de crise \u00e9conomique, on oublie de nous dire que la crise n\u2019est pas venue de fa\u00e7on subite. La crise existe de tout temps et elle ira en s\u2019aggravant chaque fois que les masses populaires seront de plus en plus conscientes de leurs droits face aux exploiteurs. Il y a crise aujourd\u2019hui parce que les masses refusent que les richesses soient concentr\u00e9es entre les mains de quelques individus. Il y a crise parce que quelques individus d\u00e9posent dans des banques \u00e0 l\u2019\u00e9tranger des sommes colossales qui suffiraient \u00e0 d\u00e9velopper l\u2019Afrique. Il y a crise parce que face \u00e0 ces richesses individuelles que l\u2019on peut nommer, les masses populaires refusent de vivre dans les ghettos et les bas-quartiers.<\/p>\n<p>Il y a crise parce que les peuples partout refusent d\u2019\u00eatre dans Soweto face \u00e0 Johannesburg. Il y a donc lutte et l\u2019exacerbation de cette lutte am\u00e8ne les tenants du pouvoirs financier \u00e0 s\u2019inqui\u00e9ter. On nous demande aujourd\u2019hui d\u2019\u00eatre complices de la recherche d\u2019un \u00e9quilibre. Equilibre en faveur des tenants du pouvoir financier. Equilibre au d\u00e9triment de nos masses populaires. Non\u00a0! Nous ne pouvons pas \u00eatre complices. Non\u00a0; nous ne pouvons pas accompagner ceux qui sucent le sang de nos peuples et qui vivent de la sueur de nos peuples. Nous ne pouvons pas les accompagner dans leurs d\u00e9marches assassines.<\/p>\n<p>Monsieur le pr\u00e9sident,<br \/>\nNous entendons parler de clubs \u2013 club de Rome, club de Paris, club de Partout. Nous entendons parler du Groupe des Cinq, des Sept, du Groupe des Dix, peut \u00eatre du Groupe des Cent. Que sais-je encore\u00a0? Il est normal que nous ayons aussi notre club et notre groupe. Faisons en sorte que d\u00e8s aujourd\u2019hui Addis-Abeba devienne \u00e9galement le si\u00e8ge, le centre d\u2019o\u00f9 partira le souffle nouveau du Club d\u2019Addis-Abeba contre la dette. Ce n\u2019est que de cette fa\u00e7on que nous pourrons dire aujourd\u2019hui, qu\u2019en refusant de payer, nous ne venons pas dans une d\u00e9marche belliqueuse mais au contraire dans une d\u00e9marche fraternelle pour dire ce qui est. Du reste les masses populaires en Europe ne sont pas oppos\u00e9es aux masses populaire en Afrique. Ceux qui veulent exploiter l\u2019Afrique sont les m\u00eames qui exploitent l\u2019Europe. Nous avons un ennemi commun. Donc notre club parti d\u2019Addis-Abeba devra \u00e9galement dire aux uns et aux autres que la dette ne saura \u00eatre pay\u00e9e. Quand nous disons que la dette ne saura \u00eatre pay\u00e9e ce n\u2019est point que nous sommes contre la morale, la dignit\u00e9, le respect de la parole. Nous estimons que nous n\u2019avons pas la m\u00eame morale que les autres. La Bible, le Coran, ne peuvent pas servir de la m\u00eame mani\u00e8re celui qui exploite le peuple et celui qui est exploit\u00e9. Il faudra qu\u2019il y ait deux \u00e9ditions de la Bible et deux \u00e9ditions du Coran. [<em>Applaudissements<\/em>] Nous ne pouvons pas accepter leur morale. Nous ne pouvons pas accepter que l\u2019on nous parle de dignit\u00e9. Nous ne pouvons pas accepter que l\u2019on nous parle du m\u00e9rite de ceux qui paient et de perte de confiance vis-\u00e0-vis de ceux qui ne paieraient pas. Nous devons au contraire dire que c\u2019est normal aujourd\u2019hui que l\u2019on pr\u00e9f\u00e8re reconna\u00eetre que les plus grands voleurs sont les plus riches. Un pauvre quand il vole ne commet qu\u2019un larcin, une peccadille tout juste pour survivre et par n\u00e9cessit\u00e9. Les riches, ce sont eux qui volent le fisc, les douanes. Ce sont eux qui exploitent le peuple.<\/p>\n<p>Monsieur le pr\u00e9sident,<br \/>\nMa proposition ne vise pas simplement \u00e0 provoquer ou \u00e0 faire du spectacle. Je voudrais dire ce que chacun de nous pense et souhaite. Qui, ici, ne souhaite pas que la dette soit purement et simplement effac\u00e9e\u00a0? Celui qui ne le souhaite pas peut sortir, prendre l\u2019avion et aller tout de suite \u00e0 la Banque mondiale payer. [<em>Applaudissements<\/em>] Je ne voudrais pas que l\u2019on prenne la proposition du Burkina Faso comme celle qui viendrait de la part de jeunes sans maturit\u00e9, sans exp\u00e9rience. Je ne voudrais pas non plus que l\u2019on pense qu\u2019il n\u2019y a que les r\u00e9volutionnaires \u00e0 parler de cette fa\u00e7on. Je voudrais que l\u2019on admette que c\u2019est simplement l\u2019objectivit\u00e9 et l\u2019obligation. Je peux citer dans les exemples de ceux qui ont dit de ne pas payer la dette, des r\u00e9volutionnaires comme des non-r\u00e9volutionnaires, des jeunes comme des vieux. Je citerai par exemple\u00a0: Fidel Castro, il a d\u00e9j\u00e0 dit de ne pas payer. Il n\u2019a pas mon \u00e2ge m\u00eame s\u2019il est r\u00e9volutionnaire. Egalement Fran\u00e7ois Mitterrand a dit que les pays africains ne peuvent pas payer, que les pauvres ne peuvent pas payer. Je citerai Madame le premier ministre de Norv\u00e8ge. Je ne connais pas son \u00e2ge et je m\u2019en voudrai de le lui demander.[<em>Rires et applaudissements<\/em>] Je voudrais citer \u00e9galement le pr\u00e9sident F\u00e9lix Houphouet-Boigny. Il n\u2019a pas mon \u00e2ge. Cependant il a d\u00e9clar\u00e9 officiellement et publiquement qu\u2019au moins pour ce qui concerne son pays, la dette ne pourra \u00eatre pay\u00e9e. Or, la C\u00f4te d\u2019Ivoire est class\u00e9e parmi les pays les plus ais\u00e9s d\u2019Afrique. Au moins d\u2019Afrique francophone. C\u2019est pourquoi, d\u2019ailleurs, il est normal qu\u2019elle paie plus sa contribution ici.[<em>Applaudissements<\/em>]<\/p>\n<p><img decoding=\"async\" alt=\"\" src=\"http:\/\/cadtm.org\/local\/cache-vignettes\/L511xH254\/thomas28-51640.png\" width=\"511\" height=\"254\" \/><\/p>\n<p>Monsieur le pr\u00e9sident,<br \/>\nCe n\u2019est donc pas de la provocation. Je voudrais que tr\u00e8s sagement vous nous offriez des solutions. Je voudrais que notre conf\u00e9rence adopte la n\u00e9cessit\u00e9 de dire clairement que nous ne pouvons pas payer le dette. Non pas dans un esprit belliqueux, belliciste. Ceci, pour \u00e9viter que nous allions individuellement nous faire assassiner. Si le Burkina Faso tout seul refuse de payer la dette, je ne serai pas l\u00e0 \u00e0 la prochaine conf\u00e9rence\u00a0! Par contre, avec le soutien de tous, dont j\u2019ai grand besoin, [<em>Applaudissements<\/em>] avec le soutien de tous, nous pourrons \u00e9viter de payer. Et en \u00e9vitant de payer nous pourrons consacrer nos maigres ressources \u00e0 notre d\u00e9veloppement. Et je voudrais terminer en disant que nous pouvons rassurer les pays auxquels nous disons que nous n\u2019allons pas payer la dette, que ce qui sera \u00e9conomis\u00e9 n\u2019ira pas dans les d\u00e9penses de prestige. Nous n\u2019en voulons plus. Ce qui sera \u00e9conomis\u00e9 ira dans le d\u00e9veloppement. En particulier nous \u00e9viterons d\u2019aller nous endetter pour nous armer car un pays africain qui ach\u00e8te des armes ne peut l\u2019avoir fait que contre un Africain. Ce n\u2019est pas contre un Europ\u00e9en, ce n\u2019est pas contre un pays asiatique. Par cons\u00e9quent nous devons \u00e9galement dans la lanc\u00e9e de la r\u00e9solution de la question de la dette trouver une solution au probl\u00e8me de l\u2019armement. Je suis militaire et je porte une arme. Mais Monsieur le pr\u00e9sident, je voudrais que nous nous d\u00e9sarmions. Parce que moi je porte l\u2019unique arme que je poss\u00e8de. D\u2019autres ont camoufl\u00e9 les armes qu\u2019ils ont.[<em>Rires et applaudissement<\/em>]<\/p>\n<p>Alors, chers fr\u00e8res, avec le soutien de tous, nous pourrons faire la paix chez nous. Nous pourrons \u00e9galement utiliser ses immenses potentialit\u00e9 pour d\u00e9velopper l\u2019Afrique parce que notre sol et notre sous-sol sont riches. Nous avons suffisamment de quoi faire et nous avons un march\u00e9 immense, tr\u00e8s vaste du Nord au Sud, de l\u2019Est \u00e0 l\u2019Ouest. Nous avons suffisamment de capacit\u00e9 intellectuelle pour cr\u00e9er ou tout au moins prendre la technologie et la science partout o\u00f9 nous pouvons les trouver.<\/p>\n<p>Monsieur le pr\u00e9sident,<br \/>\nFaisons en sorte que nous mettions au point ce Front uni d\u2019Addis-Abeba contre la dette. Faisons en sorte que ce soit \u00e0 partir d\u2019Addis-Abeba que nous d\u00e9cidions de limiter la course aux armements entre pays faibles et pauvres. Les gourdins et les coutelas que nous achetons sont inutiles. Faisons en sorte \u00e9galement que le march\u00e9 africain soit le march\u00e9 des Africains. Produire en Afrique, transformer en Afrique et consommer en Afrique. Produisons ce dont nous avons besoin et consommons ce que nous produisons au lieu de l\u2019importer. Le Burkina Faso est venu vous exposer ici la cotonnade, produite au Burkina Faso, tiss\u00e9e au Burkina Faso, cousue au Burkina Faso pour habiller les Burkinab\u00e9s. Ma d\u00e9l\u00e9gation et moi-m\u00eame, nous sommes habill\u00e9s par nos tisserands, nos paysans. Il n\u2019y a pas un seul fil qui vienne d\u2019Europe ou d\u2019Am\u00e9rique.[Applaudissements] Je ne fais pas un d\u00e9fil\u00e9 de mode mais je voudrais simplement dire que nous devons accepter de vivre africain. C\u2019est la seule fa\u00e7on de vivre libre et de vivre digne. Je vous remercie, Monsieur le pr\u00e9sident.<\/p>\n<p>La patrie ou la mort, nous vaincrons\u00a0! [<em>longs applaudissements<\/em>]<\/p>\n","protected":false},"excerpt":{"rendered":"<p>L\u2019ABC de la dette des pays du Sud en 11 videos 20 ao\u00fbt par Olivier Bonfond, Eric Toussaint En 11 petites vid\u00e9os, Olivier Bonfond et Eric Toussaint r\u00e9pondent \u00e0 une s\u00e9rie de questions afin de donner une vision d\u2019ensemble sur la probl\u00e9matique de la dette publique des pays du Sud<\/p>\n","protected":false},"author":1,"featured_media":682,"comment_status":"open","ping_status":"open","sticky":false,"template":"","format":"standard","meta":{"footnotes":""},"categories":[1,35,21,36],"tags":[34,57],"class_list":["post-875","post","type-post","status-publish","format-standard","has-post-thumbnail","hentry","category-non-classe","category-amerique-du-sud","category-anti-imperialisme","category-europe","tag-dette","tag-thomas-sankara"],"_links":{"self":[{"href":"https:\/\/bruxelles-pantheres.be\/index.php?rest_route=\/wp\/v2\/posts\/875","targetHints":{"allow":["GET"]}}],"collection":[{"href":"https:\/\/bruxelles-pantheres.be\/index.php?rest_route=\/wp\/v2\/posts"}],"about":[{"href":"https:\/\/bruxelles-pantheres.be\/index.php?rest_route=\/wp\/v2\/types\/post"}],"author":[{"embeddable":true,"href":"https:\/\/bruxelles-pantheres.be\/index.php?rest_route=\/wp\/v2\/users\/1"}],"replies":[{"embeddable":true,"href":"https:\/\/bruxelles-pantheres.be\/index.php?rest_route=%2Fwp%2Fv2%2Fcomments&post=875"}],"version-history":[{"count":1,"href":"https:\/\/bruxelles-pantheres.be\/index.php?rest_route=\/wp\/v2\/posts\/875\/revisions"}],"predecessor-version":[{"id":876,"href":"https:\/\/bruxelles-pantheres.be\/index.php?rest_route=\/wp\/v2\/posts\/875\/revisions\/876"}],"wp:featuredmedia":[{"embeddable":true,"href":"https:\/\/bruxelles-pantheres.be\/index.php?rest_route=\/wp\/v2\/media\/682"}],"wp:attachment":[{"href":"https:\/\/bruxelles-pantheres.be\/index.php?rest_route=%2Fwp%2Fv2%2Fmedia&parent=875"}],"wp:term":[{"taxonomy":"category","embeddable":true,"href":"https:\/\/bruxelles-pantheres.be\/index.php?rest_route=%2Fwp%2Fv2%2Fcategories&post=875"},{"taxonomy":"post_tag","embeddable":true,"href":"https:\/\/bruxelles-pantheres.be\/index.php?rest_route=%2Fwp%2Fv2%2Ftags&post=875"}],"curies":[{"name":"wp","href":"https:\/\/api.w.org\/{rel}","templated":true}]}}