{"id":877,"date":"2012-08-11T20:48:10","date_gmt":"2012-08-11T19:48:10","guid":{"rendered":"https:\/\/bruxelles-pantheres.be\/?p=877"},"modified":"2013-11-11T20:50:36","modified_gmt":"2013-11-11T19:50:36","slug":"livre-noir-du-social","status":"publish","type":"post","link":"https:\/\/bruxelles-pantheres.be\/?p=877","title":{"rendered":"Livre noir du social"},"content":{"rendered":"<div>\n<div>\n<h3>Livre noir du social: \u00ab Les laiss\u00e9s-pour-compte de Namur. La face cach\u00e9e de la capitale wallonne \u00bb<\/h3>\n<h3>Sortie du livre le 17 ao\u00fbt 2012<\/h3>\n<\/div>\n<div id=\"date\">\n<div>Vendredi 10 Ao\u00fbt 2012<!--more--><\/div>\n<\/div>\n<div><img decoding=\"async\" title=\"Livre noir du social: \u00ab Les laiss\u00e9s-pour-compte de Namur. La face cach\u00e9e de la capitale wallonne \u00bb\" alt=\"Livre noir du social: \u00ab Les laiss\u00e9s-pour-compte de Namur. La face cach\u00e9e de la capitale wallonne \u00bb\" src=\"http:\/\/www.alterinfo.net\/photo\/art\/default\/4608036-6898006.jpg?v=1344619630\" \/><\/div>\n<p>Ci-dessous (pdf, 700 ko, 2p), vous trouverez une description du livre: couverture (la Une et\u00a0le\u00a0dos), table des mati\u00e8res et infos utiles pour les \u00e9ventuelles\u00a0commandes (vivement esp\u00e9r\u00e9es <img decoding=\"async\" alt=\";-)\" src=\"http:\/\/moriame.unblog.fr\/wp-includes\/images\/smilies\/icon_wink.gif\" \/> ).<br \/>\n<a href=\"http:\/\/moriame.unblog.fr\/files\/2012\/08\/presentation0908.pdf\"><img decoding=\"async\" alt=\"fichier pdf\" src=\"http:\/\/moriame.unblog.fr\/wp-includes\/images\/pdf.png\" \/> presentation0908<\/a><\/p>\n<div>Message pour\u00a0les amis :<\/div>\n<div>Chers amis,J\u2019ai le plaisir de vous annoncer la publication du livre \u00ab\u00a0Les laiss\u00e9s-pour-compte de Namur\u00a0\u00bb, o\u00f9 je tire le bilan de huit ann\u00e9es de journalisme local, pour tout ce qui concerne le social, en pr\u00e9vision des \u00e9lections d\u2019octobre (2 pages de pr\u00e9sentation ci-jointes).<\/p>\n<\/div>\n<p>Ce livre sera disponible en librairie (au moins Papyrus et Point-virgule \u00e0 Namur) et chez nous, \u00e0 partir de vendredi prochain (17\/8). Je serais ravi de vous en r\u00e9server un exemplaire, voire de vous l\u2019apporter, si vous le souhaitez.<\/p>\n<p><strong>Pour les plus motiv\u00e9s, sachez que votre aide serait la bienvenue pour m\u2019aider \u00e0 faire conna\u00eetre le livre, puisque nous ne pouvons pas compter sur une maison d\u2019\u00e9dition pour la diffusion.<\/strong> En effet, nous publions \u00ab\u00a0\u00e0 compte d\u2019auteur\u00a0\u00bb pour plus de libert\u00e9 graphique et d\u2019efficacit\u00e9. De plus, si par erreur de calcul il y a des b\u00e9n\u00e9fices, il est convenu avec les photographes de r\u00e9investir \u00e7a dans une expo et\/ou un autre projet journalistique. Rien n\u2019est pr\u00e9vu en revanche en cas de d\u00e9ficit <img decoding=\"async\" alt=\";-)\" src=\"http:\/\/moriame.unblog.fr\/wp-includes\/images\/smilies\/icon_wink.gif\" \/><\/p>\n<p>Je vous rassure : nous avons le soutien de journalistes, de libraires et de repr\u00e9sentants du secteur associatif local.<\/p>\n<p>N\u00e9anmoins, pour vendre les premiers exemplaires achet\u00e9s \u00e0 l\u2019imprimerie Nuance 4 (et retirer, avec une maison d\u2019\u00e9dition \u00e9ventuellement), votre aide serait pr\u00e9cieuse. <strong>Je vous propose donc ces deux pages de pr\u00e9sentation, \u00e0 transmettre, imprimer et distribuer autant que vous le souhaiterez.<\/strong><\/p>\n<p>Quoi qu\u2019il en soit, je vous remercie pour votre attention.<\/p>\n<p>Heureuse fin de semaine !<\/p>\n<div>Aper\u00e7u du contenu (pour ceux qui ne sauraient pas ouvrir le pdf)\u00a0\u00a0:<\/div>\n<div><em>Selon le slogan, Namur serait \u00ab\u00a0une ville o\u00f9 il fait bon vivre\u00a0\u00bb. Mais elle ne l\u2019est pas pour tous\u00a0! Pr\u00e9sent\u00e9e comme une ville bourgeoise, Namur n\u2019en compte pas moins une frange consid\u00e9rable d\u2019habitants en situation de pauvret\u00e9. Plus de 14.000 personnes parmi ses 110.000 \u00e2mes, tout de m\u00eame\u00a0!<\/em><\/div>\n<p><em>Namur, ville accueillante\u00a0? Voyez le sort r\u00e9serv\u00e9 aux caravanes des gens du voyage ou des campings r\u00e9sidentiels, l\u2019absence d\u2019h\u00e9bergement d\u2019urgence r\u00e8glementaire pour les SDF, les quotas d\u2019\u00e9trangers dans les logements \u00ab\u00a0sociaux\u00a0\u00bb du Foyer namurois, les injures et agressions \u00e0 l\u2019\u00e9gard des manifestants sans-papiers, les cam\u00e9ras de vid\u00e9osurveillance hors-la-loi, les moyens (\u00e0 peine) d\u00e9tourn\u00e9s pour chasser les mendiants, les chantiers d\u2019exploitation des ouvriers, les malades mentaux envoy\u00e9s dans les cellules d\u2019une prison digne du XIX\u00e8me si\u00e8cle ou encore ces homes que certains a\u00een\u00e9s fuient presque \u00e0 tout prix.<\/em><br \/>\n<em>Les pr\u00e9mices d\u2019un \u00e9ventuel changement sont pourtant visibles \u00e0 qui regarde bien. L\u2019heure est venue d\u2019amener les questions sociales au c\u0153ur de la campagne \u00e9lectorale, o\u00f9 les int\u00e9r\u00eats de groupes particuliers ne manqueront pas d\u2019\u00e9touffer autant qu\u2019ils le pourront le n\u00e9cessaire d\u00e9bat de soci\u00e9t\u00e9, aux d\u00e9pens des citoyens les plus fragiles, naturellement moins mobilis\u00e9s et moins influents.<\/em><\/p>\n<p>Benjamin Moriam\u00e9 est journaliste ind\u00e9pendant et responsable \u00e9ducation au Forum universitaire pour la coop\u00e9ration internationale au d\u00e9veloppement (FUCID). Il propose ici une relecture comment\u00e9e d\u2019une s\u00e9lection de reportages publi\u00e9s, ces huit derni\u00e8res ann\u00e9es, en tant que correspondant \u00e0 Namur pour <em>Le Soir<\/em>, <em>La Libre Belgique<\/em>, <em>Le Vif\/L\u2019Express<\/em> et la <em>Fondation Roi Baudouin<\/em>.<br \/>\n\u00c0 ses c\u00f4t\u00e9s, les photojournalistes Bruno Arnold, Xavier Willot et Jean-Marc Bodson ajoutent du relief \u00e0 cette plong\u00e9e dans l\u2019envers du d\u00e9cor namurois.<\/p>\n<p>Prix : 19 euros.<br \/>\nDisponible aupr\u00e8s de l\u2019auteur\u00a0et dans toutes les librairies de Belgique, de stock ou sur commande.<\/p>\n<header><img decoding=\"async\" alt=\"ID2989654_29_pauvrete_thienpont_185_01PCZK_0.JPG\" src=\"http:\/\/www.egalite.be\/wp-content\/uploads\/2012\/08\/ID2989654_29_pauvrete_thienpont_185_01PCZK_0.JPG.jpg\" width=\"475\" height=\"300\" \/><\/p>\n<h3><img decoding=\"async\" class=\"alignright\" id=\"il_fi\" alt=\"\" src=\"http:\/\/www.rosettaflochon.com\/wp-content\/uploads\/2012\/07\/alcool-001.jpg\" width=\"678\" height=\"452\" \/><\/h3>\n<\/header>\n<\/div>\n","protected":false},"excerpt":{"rendered":"<p>Livre noir du social: \u00ab Les laiss\u00e9s-pour-compte de Namur. La face cach\u00e9e de la capitale wallonne \u00bb Sortie du livre le 17 ao\u00fbt 2012 Vendredi 10 Ao\u00fbt 2012<\/p>\n","protected":false},"author":1,"featured_media":878,"comment_status":"open","ping_status":"open","sticky":false,"template":"","format":"standard","meta":{"footnotes":""},"categories":[22,20,18,40],"tags":[19],"class_list":["post-877","post","type-post","status-publish","format-standard","has-post-thumbnail","hentry","category-emploi","category-logement","category-resistance-bruxelles","category-transport","tag-pauvrete"],"_links":{"self":[{"href":"https:\/\/bruxelles-pantheres.be\/index.php?rest_route=\/wp\/v2\/posts\/877","targetHints":{"allow":["GET"]}}],"collection":[{"href":"https:\/\/bruxelles-pantheres.be\/index.php?rest_route=\/wp\/v2\/posts"}],"about":[{"href":"https:\/\/bruxelles-pantheres.be\/index.php?rest_route=\/wp\/v2\/types\/post"}],"author":[{"embeddable":true,"href":"https:\/\/bruxelles-pantheres.be\/index.php?rest_route=\/wp\/v2\/users\/1"}],"replies":[{"embeddable":true,"href":"https:\/\/bruxelles-pantheres.be\/index.php?rest_route=%2Fwp%2Fv2%2Fcomments&post=877"}],"version-history":[{"count":1,"href":"https:\/\/bruxelles-pantheres.be\/index.php?rest_route=\/wp\/v2\/posts\/877\/revisions"}],"predecessor-version":[{"id":879,"href":"https:\/\/bruxelles-pantheres.be\/index.php?rest_route=\/wp\/v2\/posts\/877\/revisions\/879"}],"wp:featuredmedia":[{"embeddable":true,"href":"https:\/\/bruxelles-pantheres.be\/index.php?rest_route=\/wp\/v2\/media\/878"}],"wp:attachment":[{"href":"https:\/\/bruxelles-pantheres.be\/index.php?rest_route=%2Fwp%2Fv2%2Fmedia&parent=877"}],"wp:term":[{"taxonomy":"category","embeddable":true,"href":"https:\/\/bruxelles-pantheres.be\/index.php?rest_route=%2Fwp%2Fv2%2Fcategories&post=877"},{"taxonomy":"post_tag","embeddable":true,"href":"https:\/\/bruxelles-pantheres.be\/index.php?rest_route=%2Fwp%2Fv2%2Ftags&post=877"}],"curies":[{"name":"wp","href":"https:\/\/api.w.org\/{rel}","templated":true}]}}