{"id":88,"date":"2009-08-26T02:15:49","date_gmt":"2009-08-26T01:15:49","guid":{"rendered":"https:\/\/bruxelles-pantheres.be\/?p=88"},"modified":"2013-11-09T22:37:28","modified_gmt":"2013-11-09T21:37:28","slug":"les-discours-paternalistes-et-islamophobes-de-lextreme-gauche-peuvent-etre-repoussants","status":"publish","type":"post","link":"https:\/\/bruxelles-pantheres.be\/?p=88","title":{"rendered":"\u00ab Les discours paternalistes et islamophobes de l\u2019extr\u00eame gauche peuvent \u00eatre repoussants \u00bb"},"content":{"rendered":"<div><a href=\"https:\/\/bruxelles-pantheres.be\/wp-content\/uploads\/2013\/11\/546140_10200475056953373_89179117_n1.jpg\"><img decoding=\"async\" class=\"size-full wp-image-93 alignright\" alt=\"546140_10200475056953373_89179117_n\" src=\"https:\/\/bruxelles-pantheres.be\/wp-content\/uploads\/2013\/11\/546140_10200475056953373_89179117_n1.jpg\" width=\"720\" height=\"480\" srcset=\"https:\/\/bruxelles-pantheres.be\/wp-content\/uploads\/2013\/11\/546140_10200475056953373_89179117_n1.jpg 720w, https:\/\/bruxelles-pantheres.be\/wp-content\/uploads\/2013\/11\/546140_10200475056953373_89179117_n1-300x200.jpg 300w\" sizes=\"(max-width: 720px) 100vw, 720px\" \/><\/a><\/div>\n<p>INTERVIEW \u2013 Rappeur du groupe Minist\u00e8re des Affaires Populaire, Sa\u00efd t\u00e9moigne du d\u00e9bat politique qui anime les banlieues des grandes villes fran\u00e7aises et europ\u00e9ennes.<\/p>\n<p><!--more--><br \/>\nLe Minist\u00e8re des Affaires Populaires (MAP) a publi\u00e9 son deuxi\u00e8me disque Les Bronz\u00e9s font du Ch\u2019ti et a fait cet \u00e9t\u00e9 la tourn\u00e9e des festivals. Jeune groupe de Roubaix \u00e0 la popularit\u00e9 grandissante, le MAP m\u00e9lange rap, violon arabe et accord\u00e9on fran\u00e7ais. Un digne h\u00e9ritier de Zebda, qui utilise une musique festive (l\u2019ambiance des concerts en t\u00e9moigne) pour faire passer un message politique hautement pertinent. Musicalement, ses influences proviennent aussi bien de la musique arabe que du punk, de la chanson fran\u00e7aise, du reggae ou du rap. Rencontre avec Sa\u00efd, l\u2019un des deux rappeurs du groupe, pour parler un peu de musique, mais aussi de politique\u2026<\/p>\n<p>&#8211; Dans vos textes, vous utilisez des mots comme \u00abr\u00e9volution\u00bb (\u00abUn Air de r\u00e9volution\u00bb) ou \u00abcamarade\u00bb (\u00abAppelle moi camarade\u00bb, avec la rappeuse militante Keny Arkana). Des termes assez rares aujourd\u2019hui. Mais que signifie pour vous la r\u00e9volution?<\/p>\n<p>&#8211; Sa\u00efd: La r\u00e9volution, c\u2019est le changement, l\u2019\u00e9volution des mentalit\u00e9s. Est-ce qu\u2019on va rester comme des moutons, ou est-ce qu\u2019on va avoir un vrai regard lucide et critique sur la soci\u00e9t\u00e9, changer notre mani\u00e8re d\u2019\u00eatre et de vivre, avoir une vie plus saine et plus altruiste? Le probl\u00e8me, c\u2019est qu\u2019on est tous pass\u00e9s par l\u2019\u00e9cole, la \u00abfabrique \u00e0 dominants\u00bb, qui d\u00e9finit comme objectif dans la vie d\u2019\u00eatre le meilleur, de gagner de l\u2019argent et d\u2019avoir une situation. Est-il envisageable de r\u00e9fl\u00e9chir diff\u00e9remment? La r\u00e9volution pour nous, c\u2019est aussi un r\u00eave.<br \/>\nLe monde dans lequel on vit ne nous pla\u00eet pas. On sent qu\u2019il n\u2019est pas viable, avec 80% de la plan\u00e8te qui cr\u00e8ve de faim et 20% qui vit dans l\u2019exc\u00e8s. Il atteint ses limites et il est \u00e0 deux doigts d\u2019exploser. Il rend inhumain. Le plus frappant, en France, c\u2019est le traitement des sans-papiers: \u00abRetournez chez vous, on ne va pas partager avec vous ce qu\u2019on a ici, on a peur de ne pas en avoir assez, alors d\u00e9gagez!\u00bb C\u2019est abject. En plus, ces gens-l\u00e0 viennent des m\u00eames pays que nos grands-parents, alors comment peut-on accepter ce genre de choses? Je souhaite que la r\u00e9volution ait lieu \u00e0 tous les niveaux. C\u2019est s\u00fbr que le mot a \u00e9t\u00e9 ringardis\u00e9, mais je pense que la conscience de classe revient et je suis content de participer \u00e0 ce changement.<\/p>\n<p>&#8211; Vous tapez sur la droite, bien s\u00fbr, mais aussi sur BHL, le PS et m\u00eame sur Charlie Hebdo ou l\u2019extr\u00eame gauche \u00abpath\u00e9tique comme la F\u00eate de l\u2019Humanit\u00e9\u00bb (\u00abFaudra faire avec\u00bb). Mais alors, avec qui vous allez la faire, la r\u00e9volution?<\/p>\n<p>&#8211; Le changement viendra d\u2019en bas. Les gens qui m\u2019impressionnent sont les associations dans les quartiers, qui font un travail de terrain incroyable. J\u2019ai beaucoup de respect pour le Mouvement de l\u2019immigration et des banlieues, le Forum social des quartiers populaires, les Indig\u00e8nes de la R\u00e9publique, les associations qui d\u00e9noncent les violences polici\u00e8res, les discriminations etc. Eux sont en phase avec le terrain, ils sont dans l\u2019\u00e9ducation populaire, dans l\u2019\u00e9veil des consciences, la formation, la mobilisation, pas dans le baratin institutionnel.<\/p>\n<p>&#8211; Comment expliquez-vous le mal qu\u2019ont les partis de gauche \u00e0 mobiliser dans les populations issues de l\u2019immigration?<\/p>\n<p>C\u2019est compliqu\u00e9 parce que nous, issus de l\u2019immigration alg\u00e9rienne, maghr\u00e9bine ou africaine, nos valeurs, nos codes sont aussi dans notre arabo-musulmanit\u00e9: nos rapports aux parents, la convivialit\u00e9, l\u2019hospitalit\u00e9\u2026 Les mecs d\u2019extr\u00eame gauche, qui se demandent pourquoi ils ont du mal \u00e0 mobiliser dans les quartiers, ont du mal \u00e0 imaginer que parfois leurs discours paternalistes et islamophobes peuvent \u00eatre repoussants. Ils n\u2019int\u00e8grent pas les diff\u00e9rences et la sp\u00e9cificit\u00e9 des gens des quartiers. Ils voudraient qu\u2019on soit tous de culture marxiste et anticl\u00e9ricale. Mais, aussi \u00e9trange que \u00e7a puisse para\u00eetre, on peut \u00eatre musulman pratiquant sans \u00eatre croyant! Dans un monde aussi \u00e9go\u00efste que celui dans lequel on vit aujourd\u2019hui, avoir la culture musulmane \u00e0 la maison, dans le cercle priv\u00e9, franchement, c\u2019est une bouff\u00e9e d\u2019oxyg\u00e8ne. C\u2019est un moment de chaleur humaine qu\u2019on trouve de moins en moins dehors et qu\u2019on veut pr\u00e9server parce qu\u2019avec ses valeurs de g\u00e9n\u00e9rosit\u00e9 et de solidarit\u00e9, c\u2019est un v\u00e9ritable tr\u00e9sor!<\/p>\n<p>&#8211; Vous utilisez aussi des r\u00e9f\u00e9rences anarchistes (\u00abA l\u2019abordage\u00bb). Vous sentez-vous proches de ce courant?<\/p>\n<p>&#8211; Oui, je suis s\u00e9duit par l\u2019id\u00e9ologie et l\u2019esth\u00e9tique punk, la marginalit\u00e9, la r\u00e9volte contre les valeurs \u00e9tablies, la r\u00e9sistance contre la culture dominante, le refus de cette soci\u00e9t\u00e9, de ses d\u00e9rives\u2026 Le \u00abNo Future\u00bb, ce nihilisme politique, \u00e7a me pla\u00eet \u00e9norm\u00e9ment. Si en plus \u00e7a s\u2019inscrivait dans une d\u00e9marche de solidarit\u00e9 collective, \u00e7a serait l\u2019id\u00e9al!<\/p>\n<p>&#8211; Votre discours politique est riche et vous abordez des th\u00e8mes tr\u00e8s vari\u00e9s (l\u2019immigration, les sans-papiers, le racisme, la violence polici\u00e8re, mais aussi le Nord, la pauvret\u00e9, les HLM, la prison, la culture de masse\u2026). D\u2019o\u00f9 vient votre \u00e9ducation politique?<\/p>\n<p>&#8211; Notre conscience politique est d\u2019abord culturelle, transmise par nos parents, notre histoire, notre trajectoire\u2026 On est des enfants d\u2019immigr\u00e9s et d\u2019ouvriers: double raison d\u2019avoir une conscience de classe. On a la chance d\u2019avoir eu des parents qui nous ont racont\u00e9 leur immigration, leurs souffrances. Et encore, je pense que mon p\u00e8re nous cache certains d\u00e9tails sur l\u2019histoire de notre famille pendant la colonisation, pour \u00e9viter qu\u2019on soit trop en col\u00e8re contre la France. Ma m\u00e8re a connu les bavures polici\u00e8res envers les immigr\u00e9s, elle nous disait: \u00abQuand vous sortez, attention \u00e0 la police.\u00bb Et puis on est aussi dans une r\u00e9gion particuli\u00e8re, ouvri\u00e8re, syndicaliste, associative, avec une culture de protestation, une terre d\u2019immigration\u2026<\/p>\n<p>&#8211; Comment \u00e9valuez-vous la situation politique dans les quartiers?<\/p>\n<p>&#8211; Aujourd\u2019hui, on est dans une soci\u00e9t\u00e9 qui se repolitise. Elle avait \u00e9t\u00e9 d\u00e9politis\u00e9e par une strat\u00e9gie politique men\u00e9e par les partis, surtout le PS dans les ann\u00e9es 1980. Ils ont compl\u00e8tement d\u00e9politis\u00e9 la \u00abmarche pour l\u2019\u00e9galit\u00e9 et contre le racisme\u00bb qu\u2019ils avaient rebaptis\u00e9e la \u00abMarche des beurs\u00bb. On est cette g\u00e9n\u00e9ration qui a \u00e9t\u00e9 d\u00e9politis\u00e9e, pour \u00eatre manipul\u00e9e. Le 11 septembre 2001 est le tournant politique qui a chang\u00e9 la face du monde. Je pense que c\u2019est le d\u00e9but de la repolitisation des masses, en tout cas de notre g\u00e9n\u00e9ration. Surtout ceux qui sont issus de l\u2019immigration arabo-musulmane, parce qu\u2019ils ont \u00e9t\u00e9 stigmatis\u00e9s, les \u00abpotentiels terroristes\u00bb et tous les clich\u00e9s autour de \u00e7a. Ensuite il y a eu Le Pen au deuxi\u00e8me tour (2002), la r\u00e9volte des quartiers populaires (2005), Sarkozy et le Minist\u00e8re de l\u2019immigration (2007), une soci\u00e9t\u00e9 qui se durcit, de plus en plus liberticide, raciste, x\u00e9nophobe\u2026<br \/>\nNotre soci\u00e9t\u00e9 capitaliste, individualiste, \u00e9go\u00efste a atteint ses limites et elle fait ce qu\u2019elle peut pour \u00e9touffer la r\u00e9volte\u2026 Elle est de plus en plus r\u00e9ac\u2019 parce qu\u2019elle n\u2019a pas le choix: elle s\u2019autod\u00e9fend. Elle essaye de discr\u00e9diter les luttes, de ringardiser les discours, pour casser toute forme de r\u00e9sistance. On passe pour des adolescents attard\u00e9s ou de dangereux gamins nihilistes. Mais je pense qu\u2019il y a une lucidit\u00e9 dans les quartiers, sur la conscience de classe. M\u00eame dans les actes les plus nihilistes, il y a une vraie analyse politique, sur les rapports de domination. Les mecs des quartiers savent de quel c\u00f4t\u00e9 de la barri\u00e8re ils sont\u2026<\/p>\n<p>&#8211; Vous rendez hommage au courage de ceux qui ont fait le voyage, les souffrances qu\u2019ils ont d\u00fb affronter, mais vous c\u00e9l\u00e9brez aussi leur culture, leurs chansons (dans \u00abChouffou ma sar\u00bb, de El Hachemi Guerrouabi). Qu\u2019est-ce que cela repr\u00e9sente pour vous?<\/p>\n<p>&#8211; On est des enfants de l\u2019\u00e9cole de la R\u00e9publique, qui est cens\u00e9e former ses citoyens, les \u00e9duquer, les cultiver. Mais elle a oubli\u00e9 une partie de notre culture et, plus que \u00e7a, elle l\u2019a ni\u00e9e. Pour \u00eatre sinc\u00e8re, je me suis senti insult\u00e9 par l\u2019\u00e9cole de la R\u00e9publique. On m\u2019a dit \u00abla culture de tes parents, ce n\u2019est pas la n\u00f4tre, elle n\u2019est pas assez int\u00e9ressante\u00bb. Si l\u2019\u00e9cole de la R\u00e9publique ne t\u2019aide pas \u00e0 te cultiver, tu es oblig\u00e9 d\u2019aller chercher toi-m\u00eame. Donc on a cherch\u00e9. C\u2019est un acte de r\u00e9sistance culturelle, contre le Minist\u00e8re de l\u2019identit\u00e9 nationale. Parce qu\u2019on nous a dit que s\u2019int\u00e9grer c\u2019\u00e9tait chanter la Marseillaise, bouffer du cassoulet et, aujourd\u2019hui, avoir une Rolex! Mais les richesses de ce pays, c\u2019est aussi l\u2019histoire des gens de ce pays. Donc on va chercher dans notre patrimoine culturel, et il est tr\u00e8s large: il va du nord de la France jusqu\u2019au sud de l\u2019Alg\u00e9rie!<\/p>\n<p>&#8211; Vous vous int\u00e9ressez aussi beaucoup \u00e0 la Palestine, qui est le titre d\u2019une de vos chansons\u2026<\/p>\n<p>&#8211; Nos parents nous ont parl\u00e9 des Palestiniens. Ils ont connu la colonisation et l\u2019occupation de l\u2019arm\u00e9e fran\u00e7aise en Alg\u00e9rie. Ils vivaient dans un d\u00e9partement fran\u00e7ais, mais ils n\u2019avaient pas les m\u00eames droits, ils avaient un statut d\u2019indig\u00e8nes, ils ont \u00e9t\u00e9 martyris\u00e9s, clochardis\u00e9s, spoli\u00e9s, humili\u00e9s\u2026 Cette horreur de la colonisation, nos parents la connaissent, la trouvent inadmissible, injuste, r\u00e9voltante et, \u00e9videmment, ils ne la souhaitent \u00e0 personne. Sachant que les Palestiniens vivent ce qu\u2019ils ont v\u00e9cu, ils trouvent \u00e7a horrible et se sentent solidaires. Nous sommes solidaires avec tous les gens qui souffrent, pas seulement les Palestiniens.<br \/>\nEt puis, pour ce deuxi\u00e8me disque, on est entr\u00e9s en studio quinze jours apr\u00e8s notre retour de tourn\u00e9e en Palestine. On a \u00e9t\u00e9 boulevers\u00e9s par ce qu\u2019on a pu voir et entendre. On a \u00e9t\u00e9 choqu\u00e9s par la violence de la colonisation, le Mur, les check-points\u2026 Mais on a aussi d\u00e9couvert comment s\u2019organise la r\u00e9sistance, culturellement. Parce que c\u2019est la r\u00e9sistance d\u2019un peuple qui lutte pour exister, pour pr\u00e9server et transmettre sa culture, pas seulement en se battant, mais en vivant, en \u00e9tant Palestiniens. C\u2019est s\u00fbr que \u00e7a nous a impr\u00e9gn\u00e9s et inspir\u00e9s\u2026 Et puis il y a un contrat de conscience avec les Palestiniens: quand tu vas en Palestine, ils te demandent de ne pas les oublier et de raconter au monde ce que tu as vu. On tient notre promesse\u2026<\/p>\n<p>Propos recueillis par DROR<br \/>\n25.08.09<\/p>\n<p>Note :<br \/>\nMinist\u00e8re des Affaires Populaires, Les Bronz\u00e9s font du Ch\u2019ti, CD PIAS France, www.map site.fr<\/p>\n","protected":false},"excerpt":{"rendered":"<p>INTERVIEW \u2013 Rappeur du groupe Minist\u00e8re des Affaires Populaire, Sa\u00efd t\u00e9moigne du d\u00e9bat politique qui anime les banlieues des grandes villes fran\u00e7aises et europ\u00e9ennes.<\/p>\n","protected":false},"author":1,"featured_media":19,"comment_status":"open","ping_status":"open","sticky":false,"template":"","format":"standard","meta":{"footnotes":""},"categories":[4,18],"tags":[],"class_list":["post-88","post","type-post","status-publish","format-standard","has-post-thumbnail","hentry","category-islamophobie","category-resistance-bruxelles"],"_links":{"self":[{"href":"https:\/\/bruxelles-pantheres.be\/index.php?rest_route=\/wp\/v2\/posts\/88","targetHints":{"allow":["GET"]}}],"collection":[{"href":"https:\/\/bruxelles-pantheres.be\/index.php?rest_route=\/wp\/v2\/posts"}],"about":[{"href":"https:\/\/bruxelles-pantheres.be\/index.php?rest_route=\/wp\/v2\/types\/post"}],"author":[{"embeddable":true,"href":"https:\/\/bruxelles-pantheres.be\/index.php?rest_route=\/wp\/v2\/users\/1"}],"replies":[{"embeddable":true,"href":"https:\/\/bruxelles-pantheres.be\/index.php?rest_route=%2Fwp%2Fv2%2Fcomments&post=88"}],"version-history":[{"count":5,"href":"https:\/\/bruxelles-pantheres.be\/index.php?rest_route=\/wp\/v2\/posts\/88\/revisions"}],"predecessor-version":[{"id":95,"href":"https:\/\/bruxelles-pantheres.be\/index.php?rest_route=\/wp\/v2\/posts\/88\/revisions\/95"}],"wp:featuredmedia":[{"embeddable":true,"href":"https:\/\/bruxelles-pantheres.be\/index.php?rest_route=\/wp\/v2\/media\/19"}],"wp:attachment":[{"href":"https:\/\/bruxelles-pantheres.be\/index.php?rest_route=%2Fwp%2Fv2%2Fmedia&parent=88"}],"wp:term":[{"taxonomy":"category","embeddable":true,"href":"https:\/\/bruxelles-pantheres.be\/index.php?rest_route=%2Fwp%2Fv2%2Fcategories&post=88"},{"taxonomy":"post_tag","embeddable":true,"href":"https:\/\/bruxelles-pantheres.be\/index.php?rest_route=%2Fwp%2Fv2%2Ftags&post=88"}],"curies":[{"name":"wp","href":"https:\/\/api.w.org\/{rel}","templated":true}]}}