{"id":883,"date":"2012-08-22T20:53:38","date_gmt":"2012-08-22T19:53:38","guid":{"rendered":"https:\/\/bruxelles-pantheres.be\/?p=883"},"modified":"2013-11-11T20:56:17","modified_gmt":"2013-11-11T19:56:17","slug":"un-belge-torture-a-mort-au-maroc-emission-sur-ali-aarrass-a-ne-pas-manquer","status":"publish","type":"post","link":"https:\/\/bruxelles-pantheres.be\/?p=883","title":{"rendered":"Un Belge tortur\u00e9 \u00e0 mort au Maroc.Emission sur Ali Aarrass a ne pas manquer!!"},"content":{"rendered":"<p><iframe src=\"http:\/\/www.rtl.be\/rtltvi\/page\/rtl-video-en-embed\/640.aspx?VideoID=279514\" height=\"338\" width=\"600\" frameborder=\"0\"><\/iframe><br \/>\n<a href=\"http:\/\/www.rtl.be\/rtltvi\/video\/279514.aspx\" target=\"_blank\">Un Belge tortur\u00e9 \u00e0 mort au Maroc ?<\/a><!--more--><\/p>\n<h3 data-ft=\"{&quot;type&quot;:1,&quot;tn&quot;:&quot;K&quot;}\">Diffusez un max!<\/h3>\n<h3 data-ft=\"{&quot;type&quot;:1,&quot;tn&quot;:&quot;K&quot;}\">FREE ALI AARRASS NOW!<\/h3>\n<p style=\"text-align: center;\"><a href=\"http:\/\/www.egalite.be\/wp-content\/uploads\/2012\/08\/alinow1.jpg\"><img decoding=\"async\" class=\"aligncenter size-full wp-image-3881\" title=\"alinow\" alt=\"\" src=\"http:\/\/www.egalite.be\/wp-content\/uploads\/2012\/08\/alinow1.jpg\" width=\"450\" height=\"432\" \/><\/a><\/p>\n<h3 style=\"text-align: center;\">Un Belge tortur\u00e9 \u00e0 mort au Maroc.<\/h3>\n<h3 style=\"text-align: center;\">Mercredi 22 Ao\u00fbt sur RTL TVI \u00e0 19h45<\/h3>\n<div>\n<div><a href=\"http:\/\/www.rtl.be\/rtltvi\/emission\/indices\/19.aspx\" target=\"_blank\"><img decoding=\"async\" class=\"aligncenter\" alt=\"\" src=\"http:\/\/rtltvi.rtl.be\/rtltvi\/GED_vp\/02440000\/2441600\/2441633.jpg\" width=\"187\" height=\"102\" \/><\/a><\/div>\n<\/div>\n<h3><a href=\"http:\/\/www.rtl.be\/rtltvi\/emission\/indices\/19.aspx\" target=\"_blank\">INDICES<\/a><\/h3>\n<p>Emission\u00a0\u00b7\u00a0Un Belge tortur\u00e9 \u00e0 mort au Maroc. Ali Aarrass, un ressortissant belgo-marocain, soup\u00e7onn\u00e9 de terrorisme, vient d\u2019\u00eatre extrad\u00e9 de l\u2019Espagne vers le Maroc. Ses proches crient \u00e0 l\u2019injustice et d\u00e9noncent les tortures. Selon ses proches, Ali est accus\u00e9 \u00e0 tort et ils reprochent aux autorit\u00e9s belges d\u2019avoir sacrifi\u00e9 Ali. \u2018Ali est belge et il est en danger de mort !\u2019 d\u00e9noncent ses avocats. Un reportage de Georges Huercano.<\/p>\n<p>Pr\u00e9sentation : Georges Huercano<\/p>\n<p style=\"text-align: center;\"><a href=\"http:\/\/www.egalite.be\/wp-content\/uploads\/2012\/08\/Ali-et-sa-fille-II.jpg\"><img decoding=\"async\" class=\"aligncenter size-full wp-image-3882\" title=\"Ali-et-sa-fille-II\" alt=\"\" src=\"http:\/\/www.egalite.be\/wp-content\/uploads\/2012\/08\/Ali-et-sa-fille-II.jpg\" width=\"749\" height=\"1156\" \/><\/a><\/p>\n","protected":false},"excerpt":{"rendered":"<p>Un Belge tortur\u00e9 \u00e0 mort au Maroc ?<\/p>\n","protected":false},"author":1,"featured_media":884,"comment_status":"open","ping_status":"open","sticky":false,"template":"","format":"standard","meta":{"footnotes":""},"categories":[24,4,8,28,17],"tags":[53,31,30,15,29],"class_list":["post-883","post","type-post","status-publish","format-standard","has-post-thumbnail","hentry","category-belgique-maroc","category-islamophobie","category-prisons","category-racismes","category-video","tag-ali-aarrass","tag-belgique","tag-maroc","tag-resistance","tag-torture"],"_links":{"self":[{"href":"https:\/\/bruxelles-pantheres.be\/index.php?rest_route=\/wp\/v2\/posts\/883","targetHints":{"allow":["GET"]}}],"collection":[{"href":"https:\/\/bruxelles-pantheres.be\/index.php?rest_route=\/wp\/v2\/posts"}],"about":[{"href":"https:\/\/bruxelles-pantheres.be\/index.php?rest_route=\/wp\/v2\/types\/post"}],"author":[{"embeddable":true,"href":"https:\/\/bruxelles-pantheres.be\/index.php?rest_route=\/wp\/v2\/users\/1"}],"replies":[{"embeddable":true,"href":"https:\/\/bruxelles-pantheres.be\/index.php?rest_route=%2Fwp%2Fv2%2Fcomments&post=883"}],"version-history":[{"count":1,"href":"https:\/\/bruxelles-pantheres.be\/index.php?rest_route=\/wp\/v2\/posts\/883\/revisions"}],"predecessor-version":[{"id":885,"href":"https:\/\/bruxelles-pantheres.be\/index.php?rest_route=\/wp\/v2\/posts\/883\/revisions\/885"}],"wp:featuredmedia":[{"embeddable":true,"href":"https:\/\/bruxelles-pantheres.be\/index.php?rest_route=\/wp\/v2\/media\/884"}],"wp:attachment":[{"href":"https:\/\/bruxelles-pantheres.be\/index.php?rest_route=%2Fwp%2Fv2%2Fmedia&parent=883"}],"wp:term":[{"taxonomy":"category","embeddable":true,"href":"https:\/\/bruxelles-pantheres.be\/index.php?rest_route=%2Fwp%2Fv2%2Fcategories&post=883"},{"taxonomy":"post_tag","embeddable":true,"href":"https:\/\/bruxelles-pantheres.be\/index.php?rest_route=%2Fwp%2Fv2%2Ftags&post=883"}],"curies":[{"name":"wp","href":"https:\/\/api.w.org\/{rel}","templated":true}]}}