{"id":898,"date":"2012-08-13T21:11:18","date_gmt":"2012-08-13T20:11:18","guid":{"rendered":"https:\/\/bruxelles-pantheres.be\/?p=898"},"modified":"2013-11-11T21:12:36","modified_gmt":"2013-11-11T20:12:36","slug":"il-faut-proteger-la-cause-palestinenne-de-ses-amis","status":"publish","type":"post","link":"https:\/\/bruxelles-pantheres.be\/?p=898","title":{"rendered":"Il faut prot\u00e9ger la cause palestinenne de ses \u00abamis \u00bb !"},"content":{"rendered":"<div>\n<h3><img decoding=\"async\" alt=\"http:\/\/ziomania.com\/latuff\/carlos-latuff-657.jpg\" src=\"http:\/\/ziomania.com\/latuff\/carlos-latuff-657.jpg\" \/><\/h3>\n<h3>Il faut prot\u00e9ger la cause palestinenne de ses \u00abamis \u00bb !<\/h3>\n<div>Par <a href=\"http:\/\/oumma.com\/Francois-Burgat\" rel=\"foaf:publications\">Fran\u00e7ois Burgat<\/a> | le <time datetime=\"2012-08-09\">9. ao\u00fbt 2012 \u2013 14:33<\/time><\/div>\n<p><strong>La r\u00e9volte syrienne est elle influenc\u00e9e de l\u2019ext\u00e9rieur ? Oui, sans doute. Mais dans quelle proportion ? Toute la question est l\u00e0 ! Comment ne pas voir que quatre-vingt dix pour cent du soul\u00e8vement en cours n\u2019a pas grand chose \u00e0 voir avec les vis\u00e9s de l\u2019Emir du Qatar et de ses alli\u00e9s (\u2026)<!--more--><\/strong><\/p>\n<p>Qu\u2019ils soient na\u00effs ou pervers, tout le mal que l\u2019on peut souhaiter aux adeptes d\u00e9solants d\u2019un anti-imp\u00e9rialisme litt\u00e9raliste, compl\u00e8tement d\u00e9voy\u00e9 de son sens, qui r\u00e9duit les opposants syriens en armes \u00e0 des mercenaires r\u00e9tribu\u00e9s par le camp occidental et ses alli\u00e9s arabes, est d\u2019avoir \u00e0 visiter demain Homs, Hama, Alep ou n\u2019importe quelle ville de Syrie (sans oublier, \u00e0 Damas, le camp palestinien de Yarmouk) avec, sous le bras, leurs plaidoyers enflamm\u00e9s contre \u00ab\u00a0les\u00a0milices qataris et saoudiennes venues s\u2019en prendre \u00e0 l\u2019axe de la r\u00e9sistance palestinienne\u00a0\u00bb\u00a0; et de devoir, au milieu des d\u00e9combres, exposer leur \u00e9trange rh\u00e9torique\u00a0:\u00a0 \u00ab\u00a0Chers amis syriens\u2026, chers Palestiniens de Yarmouk! \u00ab Cessez donc d\u2019ob\u00e9ir aux ordres de Fran\u00e7ois Hollande, de l\u2019\u00e9mir du Qatar et du roi d\u2019Arabie Saoudite \u00bb ! \u00ab Arr\u00eatez de ne pas vous laisser massacrer !\u00bb \u00ab Soyez raisonnables !\u2026. \u00ab\u00a0Vous aurait-il \u00e9chapp\u00e9 que celui qui vous fait torturer\u2026 soutient la cause palestinienne ?!\u00a0\u00bb \u00ab\u00a0Et qu\u2019il est alli\u00e9 avec l\u2019Iran r\u00e9volutionnaire\u00a0\u00bb.<\/p>\n<p>Ont-ils conscience de l\u2019\u00e9tranget\u00e9 du cadeau qu\u2019ils font l\u00e0 \u2013 tous ces anti-imp\u00e9rialistes en chambre qui veulent \u00e9crire l\u2019histoire en se passant de l\u2019avis des populations concern\u00e9es \u2013 \u00e0 la cause palestinienne ou anti-imp\u00e9rialiste dont ils pr\u00e9tendent \u00eatre\u00a0 les d\u00e9fenseurs ? La cruelle erreur qui plombe mortellement leur posture r\u00e9sulte (sauf bien s\u00fbr pour les membres omni pr\u00e9sents de \u00ab l\u2019arm\u00e9e \u00e9lectronique \u00bb de Bachar al-Assad) de leur coupure flagrante avec la r\u00e9alit\u00e9 de la r\u00e9volte syrienne.<\/p>\n<p>Elle les conduit \u00e0 croire que parce que des forces \u00e9trang\u00e8res (quand bien m\u00eame comprendraient elles \u00ab le clan de BHL \u00bb et ses alli\u00e9s) effectivement bien peu l\u00e9gitimes \u00e0 d\u00e9fendre soudainement la d\u00e9mocratie en Syrie, soutiennent l\u2019opposition syrienne, celle-ci devient ipso facto r\u00e9actionnaire; et que le despote dont elle cherche \u00e0 d\u00e9barrasser la Syrie doit par cons\u00e9quent \u00eatre prot\u00e9g\u00e9.<\/p>\n<p>Personne n\u2019a pourtant jamais ni\u00e9 que la coalition \u00e9trang\u00e8re qui soutient (ou plut\u00f4t qui dit soutenir, car, alors qu\u2019\u00e0 Alep aujourd\u2019hui, les h\u00e9licopt\u00e8res russes sont \u00e0 l\u2019abri des pannes et que les canons du r\u00e9gime regorgent des munitions envoy\u00e9es par monsieur Poutine, chez les opposants, les armes \u00ab saoudiennes \u00bb, \u00ab qataris \u00bb ou \u00ab occidentales \u00bb se font encore cruellement attendre\u2026!) a un agenda bien \u00e9loign\u00e9 de son humanisme affich\u00e9.<\/p>\n<p>Sur la base de quel magister, du haut de quelle\u00a0 exp\u00e9rience, au vu de quelle r\u00e9alit\u00e9\u00a0 (hormis peut \u00eatre les quelques maladroites d\u00e9clarations de Borhan Ghalioun, d\u00e9menties depuis lors) s\u2019arrogent-ils le droit d\u2019affirmer que les forces qui entendent succ\u00e9der \u00e0 Bachar al-Assad\u00a0 ont pour objectif de se jeter\u00a0 dans les bras de l\u2019Etat h\u00e9breu pour lui offrir le Golan et la Cisjordanie ? Les dirigeants \u00e9gyptiens nouvellement \u00e9lus ont-ils opt\u00e9 pour cette option ? Leurs homologues libyens pourtant \u00ab alli\u00e9s de l\u2019OTAN \u00bb, ou leurs voisins tunisiens ont-ils pris ce chemin ?<\/p>\n<p>La r\u00e9volte syrienne est elle influenc\u00e9e de l\u2019ext\u00e9rieur ? Oui, sans doute. Mais dans quelle proportion ? Toute la question est l\u00e0 ! Comment ne pas voir que quatre-vingt dix pour cent du soul\u00e8vement en cours n\u2019a pas grand chose\u00a0 \u00e0 voir avec les vis\u00e9s de l\u2019Emir du Qatar et de ses alli\u00e9s\u00a0; et qu\u2019elle est avant toute chose l\u2019expression d\u2019une magnifique mobilisation populaire syro syrienne ! Puissent donc les g\u00e9n\u00e9reux pourfendeurs des imp\u00e9ralistes manipulateurs venir faire une petite visite en Turquie ou en Jordanie dans les camps de r\u00e9fugi\u00e9s syriens. Et les plus courageux d\u2019entre eux s\u2019avancer vers les faubourgs d\u2019Alep ou de Damas. Ils cesseraient bien vite, comme tant d\u2019autres avant eux, de distiller cette prose dont on pourrait se contenter de dire qu\u2019elle est dogmatique et stupide si elle n\u2019\u00e9tait pas, accessoirement, mortif\u00e8re.<\/p>\n<p><img decoding=\"async\" alt=\"carlos_latuff_cartoon_bashar_al_assad_attempts_to_hide_syrian_body_count\" src=\"http:\/\/www.egalite.be\/wp-content\/uploads\/2012\/08\/carlos_latuff_cartoon_bashar_al_assad_attempts_to_hide_syrian_body_count.png\" width=\"624\" height=\"471\" \/><\/p>\n<\/div>\n","protected":false},"excerpt":{"rendered":"<p>Il faut prot\u00e9ger la cause palestinenne de ses \u00abamis \u00bb ! Par Fran\u00e7ois Burgat | le 9. ao\u00fbt 2012 \u2013 14:33 La r\u00e9volte syrienne est elle influenc\u00e9e de l\u2019ext\u00e9rieur ? Oui, sans doute. Mais dans quelle proportion ? Toute la question est l\u00e0 ! Comment ne pas voir que quatre-vingt dix pour cent du soul\u00e8vement &#8230; <a title=\"Il faut prot\u00e9ger la cause palestinenne de ses \u00abamis \u00bb !\" class=\"read-more\" href=\"https:\/\/bruxelles-pantheres.be\/?p=898\" aria-label=\"En savoir plus sur Il faut prot\u00e9ger la cause palestinenne de ses \u00abamis \u00bb !\">Lire la suite<\/a><\/p>\n","protected":false},"author":1,"featured_media":639,"comment_status":"open","ping_status":"open","sticky":false,"template":"","format":"standard","meta":{"footnotes":""},"categories":[21,6],"tags":[],"class_list":["post-898","post","type-post","status-publish","format-standard","has-post-thumbnail","hentry","category-anti-imperialisme","category-palestine-moyen-orient"],"_links":{"self":[{"href":"https:\/\/bruxelles-pantheres.be\/index.php?rest_route=\/wp\/v2\/posts\/898","targetHints":{"allow":["GET"]}}],"collection":[{"href":"https:\/\/bruxelles-pantheres.be\/index.php?rest_route=\/wp\/v2\/posts"}],"about":[{"href":"https:\/\/bruxelles-pantheres.be\/index.php?rest_route=\/wp\/v2\/types\/post"}],"author":[{"embeddable":true,"href":"https:\/\/bruxelles-pantheres.be\/index.php?rest_route=\/wp\/v2\/users\/1"}],"replies":[{"embeddable":true,"href":"https:\/\/bruxelles-pantheres.be\/index.php?rest_route=%2Fwp%2Fv2%2Fcomments&post=898"}],"version-history":[{"count":1,"href":"https:\/\/bruxelles-pantheres.be\/index.php?rest_route=\/wp\/v2\/posts\/898\/revisions"}],"predecessor-version":[{"id":899,"href":"https:\/\/bruxelles-pantheres.be\/index.php?rest_route=\/wp\/v2\/posts\/898\/revisions\/899"}],"wp:featuredmedia":[{"embeddable":true,"href":"https:\/\/bruxelles-pantheres.be\/index.php?rest_route=\/wp\/v2\/media\/639"}],"wp:attachment":[{"href":"https:\/\/bruxelles-pantheres.be\/index.php?rest_route=%2Fwp%2Fv2%2Fmedia&parent=898"}],"wp:term":[{"taxonomy":"category","embeddable":true,"href":"https:\/\/bruxelles-pantheres.be\/index.php?rest_route=%2Fwp%2Fv2%2Fcategories&post=898"},{"taxonomy":"post_tag","embeddable":true,"href":"https:\/\/bruxelles-pantheres.be\/index.php?rest_route=%2Fwp%2Fv2%2Ftags&post=898"}],"curies":[{"name":"wp","href":"https:\/\/api.w.org\/{rel}","templated":true}]}}