{"id":906,"date":"2012-08-10T21:20:01","date_gmt":"2012-08-10T20:20:01","guid":{"rendered":"https:\/\/bruxelles-pantheres.be\/?p=906"},"modified":"2013-11-11T21:21:24","modified_gmt":"2013-11-11T20:21:24","slug":"un-frere-de-lutte-est-parti","status":"publish","type":"post","link":"https:\/\/bruxelles-pantheres.be\/?p=906","title":{"rendered":"Un fr\u00e8re de lutte est parti !"},"content":{"rendered":"<header><img decoding=\"async\" alt=\"4197607\" src=\"http:\/\/www.egalite.be\/wp-content\/uploads\/2012\/08\/4197607.jpg\" width=\"624\" height=\"309\" \/><\/header>\n<div>\n<blockquote><p>\u00ab\u00a0Les obs\u00e8ques de notre fr\u00e8re Mouloud Aounit auront lieu jeudi 16 ao\u00fbt \u00e0 15h15 au cimeti\u00e8re d Aubervilliers 52 rue Charles Tillon.<\/p>\n<p>Merci de faire tourner et de venir nombreux pour lui rendre hommage.\u00a0\u00bb<!--more--><\/p><\/blockquote>\n<p><img decoding=\"async\" alt=\"http:\/\/www.mouloudaounit-lefilm.com\/wp-content\/gallery\/tournage\/visu3.jpg\" src=\"http:\/\/www.mouloudaounit-lefilm.com\/wp-content\/gallery\/tournage\/visu3.jpg\" \/><\/p>\n<p>Notre fr\u00e8re Mouloud Aounit militant\u00a0 infatigable contre tous les racismes et l\u2019islamophobie,\u00a0 Pr\u00e9sident d\u2019honneur du MRAP vient de nous quitter\u00a0 emmen\u00e9 par une longue et terrible maladie contre laquelle il lutta de toutes ses forces avec dignit\u00e9.<\/p>\n<p>Combattant de la premi\u00e8re heure contre toutes les formes d\u2019injustices, connu pour sa grande humilit\u00e9 et son infini courage, Mouloud Aounit, l\u2019enfant de Timezrit, n\u00e9 en 1953 dans l\u2019Alg\u00e9rie fran\u00e7aise, devenu homme politique fran\u00e7ais, puis pr\u00e9sident du Mouvement contre le racisme et l\u2019amiti\u00e9 entre les peuples (MRAP), restera \u00e0 jamais un exemple pour toutes les g\u00e9n\u00e9rations, pass\u00e9es et nouvelles, issues de l\u2019immigration post-coloniale.<\/p>\n<p>Pr\u00e9sident du Mrap de 2004 \u00e0 2008, il avait \u00e9t\u00e9 contest\u00e9\u00a0 \u00e0 cause de son engagement dans <a href=\"http:\/\/www.youtube.com\/watch?v=HiU0417AGjY&amp;feature=youtu.be\">la lutte contre l\u2019islamophobie<\/a>.<\/p>\n<p>Le cin\u00e9aste Jean-Michel Riera et Vincent Geisser avait commenc\u00e9 \u00e0 r\u00e9aliser un documentaire sur cette grande figure de l\u2019anti-racisme.<\/p>\n<p>vous pouvez soutenir\u00a0 ce film sur <a href=\"http:\/\/www.mouloudaounit-lefilm.com\/comment-soutenir-le-film\">Mouloud Aounit ici<\/a>.<\/p>\n<p>Que sa famille accepte mes condol\u00e9ances les plus \u00e9mues.<br \/>\nAllah yerahmou ! inna ileihi oua ileihi rajioun<br \/>\n\u00ab Nous appartenons \u00e0 Allah et \u00e0 Lui nous retournerons \u00bb\u2026<\/p>\n<p><strong>Nordine Sa\u00efdi <\/strong><br \/>\n<strong><\/strong><\/p>\n<h5 data-ft=\"{&quot;type&quot;:1,&quot;tn&quot;:&quot;K&quot;}\">\u00c9couter l\u2019\u00e9mission hommage \u00e0 Mouloud Aounit qui a eu lieu en direct hier sur Beur FM, voici le lien.\u00a0\u00a0\u00a0\u00a0\u00a0\u00a0\u00a0\u00a0\u00a0\u00a0\u00a0\u00a0\u00a0\u00a0 Plusieurs personnes qui l\u2019ont bien connu nous apportent des t\u00e9moignages magnifiques : Vincent Geisser, Mentalecheta Chafia, Laurent L\u00e9vy, Youssef Boussoumah, Esther Benbassa, Nordine Nabili, Abdelmalik Abdel-Malik Djermoune, Kamel Meziti.<\/h5>\n<h5 data-ft=\"{&quot;type&quot;:1,&quot;tn&quot;:&quot;K&quot;}\"><a href=\"http:\/\/www.facebook.com\/l.php?u=http%3A%2F%2Fwww.beurfm.net%2FIMG%2Fmp3%2FPAD_Rediff_Forum_Debat_Hommage_a_Mouloud_Aounit_10_08_12.mp3&amp;h=bAQF3yRwNAQFVeGKkGMTbEsm1Ijh0Ds7Q-XXTkejY672XZw\" target=\"_blank\" rel=\"nofollow nofollow\">http:\/\/www.beurfm.net\/IMG\/mp3\/<wbr \/>PAD_Rediff_Forum_Debat_Hommage_<wbr \/>a_Mouloud_Aounit_10_08_12.mp3<\/a><\/h5>\n<\/div>\n","protected":false},"excerpt":{"rendered":"<p>\u00ab\u00a0Les obs\u00e8ques de notre fr\u00e8re Mouloud Aounit auront lieu jeudi 16 ao\u00fbt \u00e0 15h15 au cimeti\u00e8re d Aubervilliers 52 rue Charles Tillon. Merci de faire tourner et de venir nombreux pour lui rendre hommage.\u00a0\u00bb<\/p>\n","protected":false},"author":1,"featured_media":5,"comment_status":"open","ping_status":"open","sticky":false,"template":"","format":"standard","meta":{"footnotes":""},"categories":[4,28],"tags":[],"class_list":["post-906","post","type-post","status-publish","format-standard","has-post-thumbnail","hentry","category-islamophobie","category-racismes"],"_links":{"self":[{"href":"https:\/\/bruxelles-pantheres.be\/index.php?rest_route=\/wp\/v2\/posts\/906","targetHints":{"allow":["GET"]}}],"collection":[{"href":"https:\/\/bruxelles-pantheres.be\/index.php?rest_route=\/wp\/v2\/posts"}],"about":[{"href":"https:\/\/bruxelles-pantheres.be\/index.php?rest_route=\/wp\/v2\/types\/post"}],"author":[{"embeddable":true,"href":"https:\/\/bruxelles-pantheres.be\/index.php?rest_route=\/wp\/v2\/users\/1"}],"replies":[{"embeddable":true,"href":"https:\/\/bruxelles-pantheres.be\/index.php?rest_route=%2Fwp%2Fv2%2Fcomments&post=906"}],"version-history":[{"count":1,"href":"https:\/\/bruxelles-pantheres.be\/index.php?rest_route=\/wp\/v2\/posts\/906\/revisions"}],"predecessor-version":[{"id":907,"href":"https:\/\/bruxelles-pantheres.be\/index.php?rest_route=\/wp\/v2\/posts\/906\/revisions\/907"}],"wp:featuredmedia":[{"embeddable":true,"href":"https:\/\/bruxelles-pantheres.be\/index.php?rest_route=\/wp\/v2\/media\/5"}],"wp:attachment":[{"href":"https:\/\/bruxelles-pantheres.be\/index.php?rest_route=%2Fwp%2Fv2%2Fmedia&parent=906"}],"wp:term":[{"taxonomy":"category","embeddable":true,"href":"https:\/\/bruxelles-pantheres.be\/index.php?rest_route=%2Fwp%2Fv2%2Fcategories&post=906"},{"taxonomy":"post_tag","embeddable":true,"href":"https:\/\/bruxelles-pantheres.be\/index.php?rest_route=%2Fwp%2Fv2%2Ftags&post=906"}],"curies":[{"name":"wp","href":"https:\/\/api.w.org\/{rel}","templated":true}]}}