{"id":908,"date":"2012-08-09T21:21:59","date_gmt":"2012-08-09T20:21:59","guid":{"rendered":"https:\/\/bruxelles-pantheres.be\/?p=908"},"modified":"2013-11-11T21:23:09","modified_gmt":"2013-11-11T20:23:09","slug":"belliraj-racontee-par-sa-femme","status":"publish","type":"post","link":"https:\/\/bruxelles-pantheres.be\/?p=908","title":{"rendered":"Belliraj racont\u00e9e par sa femme."},"content":{"rendered":"<div>\n<div>\n<h3><img decoding=\"async\" alt=\"http:\/\/www.lesoir-echos.com\/wp-content\/uploads\/Bellirej.jpg\" src=\"http:\/\/www.lesoir-echos.com\/wp-content\/uploads\/Bellirej.jpg\" \/><\/h3>\n<h3><strong>L\u2019histoire de Belliraj racont\u00e9e par sa femme.<!--more--><\/strong><\/h3>\n<\/div>\n<div>\n<div>par <a href=\"https:\/\/www.facebook.com\/said.chleuh.5\" target=\"_blank\">Said Chleuh<\/a>, jeudi 9 ao\u00fbt 2012, 05:03 \u00b7<\/div>\n<\/div>\n<div>Je m\u2019appelle Rachida Belliraj, \u00e9pouse de Abdelkader Belliraj, je suis actuellement au Maroc pour visiter mon mari en prison. Je suis m\u00e8re de 3 enfants : Anas, Oussama, Yassine. Mon mari est d\u00e9tenu maintenant depuis presque 5 ans. Je vis avec mes enfants en Belgique, \u00e0 Gand, et nous vivons comme une famille s\u00e9par\u00e9e. C\u2019est certainement tr\u00e8s difficile pour les enfants. Quand Abdelkader a quitt\u00e9 notre maison pour la derni\u00e8re fois, le plus petit de nos fils avait 3 ans et demi, aujourd\u2019hui Yassine a 8 ans. Mes autres enfants sont maintenant dans l\u2019\u00e2ge de l\u2019adolescence. C\u2019est sur, ce n\u2019est pas facile sans leur p\u00e8re, ils ont besoin de lui, mais malheureusement, il n\u2019est pas l\u00e0, il est d\u00e9tenu ici. On ne peut pas le voir qu\u2019une seule fois par an, pendant les vacances scolaire et sur une dur\u00e9e d\u2019un mois.\u00a0D\u2019une fa\u00e7on g\u00e9n\u00e9rale, la vie est devenue difficile sans Abdelkader. Et cette d\u00e9tention est incompr\u00e9hensible, nous ne savons pas pourquoi, on nous fait subir cette s\u00e9paration entre un p\u00e8re et ses enfants. Le dossier judiciaire avait d\u00e9j\u00e0 \u00e9t\u00e9 trait\u00e9 avant l\u2019arriv\u00e9e du nouveau gouvernement et avant que Ramid soit devenu ministre de la justice.Ramid, avocat, \u00e9tait parmi les personnes qui d\u00e9fendaient le dossier Belliraj et ce qu\u2019on appelle ici \u00ab les six politiques \u00bb. J\u2019avais de l\u2019espoir car Ramid est parmi ceux qui connaissent le mieux le dossier, et une fois ministre de la justice, nous esp\u00e9rions qu\u2019il r\u00e8gle cette situation intol\u00e9rable.\u00a0On avait cet espoir qu\u2019avec l\u2019arriv\u00e9e de ce nouveau gouvernement, et avec Ramid comme ministre de la justice, qu\u2019il y allait avoir une am\u00e9lioration dans ce dossier.\u00a0Quand nous voyons toutes les d\u00e9clarations de Ramid, au temps de la lutte pour la lib\u00e9ration des \u00ab six politiques \u00bb, et la mani\u00e8re dont il a parl\u00e9 \u00e0 Merouani : \u00ab Attention \u00e0 ne pas oublier le groupe qui reste en prison derri\u00e8re toi. il faut tout faire pour pour que le reste des d\u00e9tenus retrouve la libert\u00e9. \u00bbCes propos, vous pouvez les retrouver sur Youtube. On a \u00e9t\u00e9 surpris \u00e0 notre arriv\u00e9e au Maroc, dans sa r\u00e9action vis-\u00e0-vis des femmes des d\u00e9tenus, que le dossier Belliraj n\u2019est pas sa priorit\u00e9 pour le moment, et qu\u2019il reportera \u00e0 l\u2019ann\u00e9e prochaine car il\u00a0 n\u2019a pas de temps libre. C\u2019est sur, on est d\u00e9sagr\u00e9ablement surpris.C\u2019\u00e9tait une d\u00e9ception, on a \u00e9t\u00e9 d\u00e9\u00e7u. On imaginait vraiment mieux, on \u00e9tait optimiste avec ce nouveau gouvernement au pouvoir. C\u2019est vrai qu\u2019au d\u00e9but nous \u00e9tions contents. Mais aujourd\u2019hui, nous sommes extr\u00eamement d\u00e9\u00e7us des d\u00e9clarations de Ramid\u2026<\/p>\n<p>Abdelkader Belliraj est affaibli physiquement, car il a entam\u00e9 une gr\u00e8ve de la faim pendant un mois, juste avant notre arriv\u00e9e au Maroc. Du point de vue de sa corpulence, il a perdu pas mal de kilos. Mais Dieu Merci, il y a eu l\u2019intervention de M. Khadija Rouissi. Elle a pu le voir en prison et le convaincre d\u2019arr\u00eater, ou du moins de suspendre sa gr\u00e8ve. J\u2019\u00e9tais contente lorsque je suis arriv\u00e9e car il ne faisait plus de gr\u00e8ve. En ce qui concerne ces 5 ans de d\u00e9tention, est-ce qu\u2019il y a eu un changement, une am\u00e9lioration dans ce dossier ?<\/p>\n<p>Tout d\u2019abord, Abdelkader \u00e0 \u00e9t\u00e9 arr\u00eat\u00e9 \u00e0 Marrakech et non \u00e0 l\u2019a\u00e9roport comme nous l\u2019avions pu entendre de la bouche des m\u00e9dias et du ministre de la justice. Abdelkader a \u00e9t\u00e9 enlev\u00e9 dans un caf\u00e9 et a disparu pendant un mois. Nous l\u2019avons cherch\u00e9 partout : dans les commissariats, dans les h\u00f4pitaux, mais en vain !\u00a0C\u2019est par les m\u00e9dias et par interm\u00e9diaire du ministre de l\u2019int\u00e9rieur que nous avons appris qu\u2019Abdelkader avait \u00e9t\u00e9 incarc\u00e9r\u00e9. Il a \u00e9t\u00e9 enlev\u00e9, puis tortur\u00e9. La famille a encaiss\u00e9 le coup, nous ne savions pas o\u00f9 \u00e9tait Abdelkader et le pourquoi de sa disparition.<\/p>\n<p>Du jour au lendemain , Abdelkader est devenu l\u2019ennemi publique num\u00e9ro 1 au Maroc , et cette affaire , l\u2019affaire du si\u00e8cle !!!\u00a0Le ministre de l\u2019int\u00e9rieur a sorti des informations , aux m\u00e9dias avant m\u00eame que Abdelkader ne soit pr\u00e9sent\u00e9 devant un juge !!! Dans une violation flagrante du secret de l\u2019instruction \u2026..puis quand une question lui a \u00e9t\u00e9 pos\u00e9e sur ce d\u00e9tail, il a simplement r\u00e9pondu que ce n\u2019\u00e9tait qu\u2019un d\u00e9tail futile et sans importance.<\/p>\n<p>Bien que dans un v\u00e9ritable \u00e9tat de droit, c\u2019est une violation flagrante des proc\u00e9dures judiciaires\u2026Avant qu\u2019Abdelkader soit pr\u00e9sent\u00e9 \u00e0 la justice, avant toute enqu\u00eate, des informations vraies et fausses se retrouvaient dans la presse. Apr\u00e8s un an de proc\u00e8s, plus d\u2019une centaine de s\u00e9ances, Abdelkader a \u00e9t\u00e9 condamn\u00e9 \u00e0 vie en premi\u00e8re instance, qui a \u00e9t\u00e9 confirm\u00e9 en appel.<\/p>\n<p>D\u00e8s ce moment, ma maison est devenue la destination pris\u00e9e des m\u00e9dias belges et marocains et parmi eux la deuxi\u00e8me chaine. J\u2019ai m\u00eame \u00e9t\u00e9 poursuivie par les m\u00e9dias en voiture lors de la conduite de mes enfants \u00e0 l\u2019\u00e9cole pour une d\u00e9claration. Ils m\u2019ont demand\u00e9 cette d\u00e9claration en face de l\u2019\u00e9cole, devant tous les parents. J\u2019ai refus\u00e9. C\u2019\u00e9tait honteux, et ils ont continu\u00e9 ! Un lynchage m\u00e9diatique sans aucun pr\u00e9c\u00e9dent !\u00a0 Vingt ann\u00e9es de vie avec Abdelkader et je n\u2019avais jamais rien vu de tel ou ressenti quelque chose qui pouvait amener \u00e0 la situation actuelle.\u00a0 Abdelkader qui a v\u00e9cu 40 ann\u00e9es en Belgique, n\u2019a aucune relation avec cette soit disant \u00ab affaire Belliraj \u00bb !<\/p>\n<p><img decoding=\"async\" alt=\"\" src=\"https:\/\/fbcdn-sphotos-a-a.akamaihd.net\/hphotos-ak-ash4\/378360_4526153437044_920251330_n.jpg\" \/><\/p>\n<div>Rachida Belliraj<\/div>\n<\/div>\n<\/div>\n","protected":false},"excerpt":{"rendered":"<p>L\u2019histoire de Belliraj racont\u00e9e par sa femme.<\/p>\n","protected":false},"author":1,"featured_media":564,"comment_status":"open","ping_status":"open","sticky":false,"template":"","format":"standard","meta":{"footnotes":""},"categories":[24,8],"tags":[31,23,26,30],"class_list":["post-908","post","type-post","status-publish","format-standard","has-post-thumbnail","hentry","category-belgique-maroc","category-prisons","tag-belgique","tag-discrimination","tag-extradition","tag-maroc"],"_links":{"self":[{"href":"https:\/\/bruxelles-pantheres.be\/index.php?rest_route=\/wp\/v2\/posts\/908","targetHints":{"allow":["GET"]}}],"collection":[{"href":"https:\/\/bruxelles-pantheres.be\/index.php?rest_route=\/wp\/v2\/posts"}],"about":[{"href":"https:\/\/bruxelles-pantheres.be\/index.php?rest_route=\/wp\/v2\/types\/post"}],"author":[{"embeddable":true,"href":"https:\/\/bruxelles-pantheres.be\/index.php?rest_route=\/wp\/v2\/users\/1"}],"replies":[{"embeddable":true,"href":"https:\/\/bruxelles-pantheres.be\/index.php?rest_route=%2Fwp%2Fv2%2Fcomments&post=908"}],"version-history":[{"count":1,"href":"https:\/\/bruxelles-pantheres.be\/index.php?rest_route=\/wp\/v2\/posts\/908\/revisions"}],"predecessor-version":[{"id":909,"href":"https:\/\/bruxelles-pantheres.be\/index.php?rest_route=\/wp\/v2\/posts\/908\/revisions\/909"}],"wp:featuredmedia":[{"embeddable":true,"href":"https:\/\/bruxelles-pantheres.be\/index.php?rest_route=\/wp\/v2\/media\/564"}],"wp:attachment":[{"href":"https:\/\/bruxelles-pantheres.be\/index.php?rest_route=%2Fwp%2Fv2%2Fmedia&parent=908"}],"wp:term":[{"taxonomy":"category","embeddable":true,"href":"https:\/\/bruxelles-pantheres.be\/index.php?rest_route=%2Fwp%2Fv2%2Fcategories&post=908"},{"taxonomy":"post_tag","embeddable":true,"href":"https:\/\/bruxelles-pantheres.be\/index.php?rest_route=%2Fwp%2Fv2%2Ftags&post=908"}],"curies":[{"name":"wp","href":"https:\/\/api.w.org\/{rel}","templated":true}]}}