{"id":918,"date":"2012-08-08T21:33:30","date_gmt":"2012-08-08T20:33:30","guid":{"rendered":"https:\/\/bruxelles-pantheres.be\/?p=918"},"modified":"2013-11-11T21:36:57","modified_gmt":"2013-11-11T20:36:57","slug":"hommage-a-tous-nos-peres","status":"publish","type":"post","link":"https:\/\/bruxelles-pantheres.be\/?p=918","title":{"rendered":"Hommage \u00e0 tous nos p\u00e8res"},"content":{"rendered":"<p><strong><img decoding=\"async\" class=\"alignright\" alt=\"https:\/\/fbcdn-sphotos-b-a.akamaihd.net\/hphotos-ak-ash4\/293282_390227451031634_74038405_n.jpg\" src=\"https:\/\/fbcdn-sphotos-b-a.akamaihd.net\/hphotos-ak-ash4\/293282_390227451031634_74038405_n.jpg\" \/><\/strong><\/p>\n<p><strong>Hommage \u00e0 tous nos p\u00e8res <\/strong><\/p>\n<p>Marcinelle 8 Aout 1956 Catastrophe du Bois du Cazier.<\/p>\n<div>La catastrophe mini\u00e8re du Bois du Cazier \u00e0 Marcinelle, en ao\u00fbt 1956, marque un tournant dans l\u2019immigration italienne. Sur les 262 victimes, 136 sont italiennes.<\/div>\n<div>L\u2019Italie revoit alors sa politique d\u2019\u00e9migration et la Belgique se tourne vers d\u2019autres pays pourvoyeurs. L\u2019immigration italienne est remplac\u00e9e par l\u2019immigration espagnole et grecque.<\/div>\n<div>En\u00a01961, plus de deux tiers des \u00e9trangers vivant en Belgique r\u00e9sident en Wallonie.<br \/>\nAu cours des ann\u00e9es 1960-1970, la Belgique s\u2019oriente vers les pays du Maghreb et la Turquie. La crise du secteur charbonnier s\u2019intensifiant, ils sont embauch\u00e9s dans d\u2019autres secteurs tels le b\u00e2timent, la m\u00e9tallurgie, les transports en commun, etc.<\/div>\n<p><strong>Il m\u2019est impossible de ne pas rendre hommage \u00e0 ces hommes qui sont venus comme mon p\u00e8re pour travailler. <\/strong><\/p>\n<p><strong>On ne peut pas oublier ces gens qui ont sacrifi\u00e9 leur vie pour celles de leur enfants.<\/strong><\/p>\n<p style=\"text-align: right;\"><strong>Nordine Sa\u00efdi <!--more--><\/strong><br \/>\n<strong><\/strong><\/p>\n<p>&nbsp;<\/p>\n<p><strong>T\u00e9moignages extraits de Travailleur d\u2019o\u00f9 viens-tu ? \u00c9quipes populaires-CARHOP, Seraing, 1993.<\/strong><\/p>\n<p><strong>La bataille du charbon<\/strong><br \/>\n\u00abUne personne ayant travaill\u00e9 de nombreuses ann\u00e9es au charbonnage, a vu d\u00e9filer un certain nombre de nationalit\u00e9s et les premi\u00e8res que nous avons vu arriver \u00e9taient les prisonniers russes. Ils logeaient dans les baraquements de fortune et travaillaient vraiment parce qu\u2019il fallait bien. Apr\u00e8s la lib\u00e9ration, juste retour des choses, diront certains, les prisonniers russes ont \u00e9t\u00e9 remplac\u00e9s par des prisonniers allemands malgr\u00e9 le retour des prisonniers de guerre.\u00bb (J.D.)<\/p>\n<div>\n<p>On le constate, les Belges, malgr\u00e9 les avantages importants accord\u00e9s aux mineurs refusent de descendre ou d\u2019envoyer leurs fils dans la mine. Pour pallier au manque de main-d\u2019\u0153uvre chronique dans les mines, le Gouvernement belge va faire appel syst\u00e9matiquement \u00e0 la main-d\u2019\u0153uvre \u00e9trang\u00e8re ; les pays de l\u2019Est, anciens lieux de recrutement \u00e9tant ferm\u00e9s, ce sera vers l\u2019Italie qu\u2019il se tournera.\u00abManque de main-d\u2019\u0153uvre ? Mais ce n\u2019est pas un probl\u00e8me pour les capitalistes. Ils ont eu recours \u00e0 une importation tr\u00e8s forte de main-d\u2019\u0153uvre venant principalement, dans cette deuxi\u00e8me phase, d\u2019Italie.\u00bb (J.D.)<\/p>\n<p>\u00abJe trouve tr\u00e8s \u00e9tonnant d\u2019entendre parfois les Belges d\u00e9clarer que nous sommes venus leur prendre le travail. Cela n\u2019est pas vrai. Pourquoi avoir alors fait appel aux \u00e9trangers pour venir travailler dans les mines? Mais voil\u00e0, ici en Wallonie comme au Limbourg, les Belges n\u2019aiment pas tellement travailler dans la mine.\u00bb (L.C.)<\/p>\n<p>\u00abL\u2019entente \u00e9tait bonne entre les mineurs italiens, belges, marocains et autres. Je n\u2019ai jamais trouv\u00e9 de diff\u00e9rences entre les \u00e9trangers et les Belges. Chacun fait son m\u00e9tier, c\u2019est le principal. Naturellement, il peut arriver que l\u2019un ou l\u2019autre soit contre les \u00e9trangers. Mais ce sont des ignorants: ils ne savent pas\u2026\u00bb (L.C.)<\/p>\n<p>\u00abEn 1956-57, les mines du Limbourg comptaient plus de travailleurs italiens que de travailleurs flamands.\u00bb (L.C.)<\/p>\n<p>\u00abIls venaient pour une p\u00e9riode tr\u00e8s courte presque comme des chercheurs d\u2019or.\u00bb (J.D.)<\/p>\n<\/div>\n<p><iframe src=\"\/\/www.youtube.com\/embed\/gzo7DyDmlKc\" height=\"315\" width=\"420\" allowfullscreen=\"\" frameborder=\"0\"><\/iframe><\/p>\n<p><strong>Le d\u00e9part<\/strong><br \/>\n\u00abJe suis parti comme \u00e7a\u2026 un peu pour trouver un autre monde, une autre ambiance, une autre civilisation. Les jeunes surtout aiment aller \u00e0 gauche et \u00e0 droite, un peu \u00e0 l\u2019aventure. Personnellement, j\u2019aimais bien le go\u00fbt de l\u2019inconnu, de l\u2019aventure\u2026\u00bb (L.C.)<\/p>\n<p><strong>Les formalit\u00e9s<\/strong><br \/>\n\u00abD\u2019abord passer devant le m\u00e9decin. Puis ma m\u00e8re a d\u00fb remplir des papiers ; c\u2019est elle qui devait le faire avec 4 t\u00e9moins parce que je n\u2019avais pas 21 ans. Apr\u00e8s avoir quitt\u00e9 Udine, je suis arriv\u00e9 \u00e0 Milan o\u00f9 j\u2019ai d\u00fb passer une nouvelle visite aupr\u00e8s du m\u00e9decin belge. Apr\u00e8s, destination: Li\u00e8ge en Belgique !\u00bb<\/p>\n<p><strong>L\u2019accueil<\/strong><br \/>\n\u00abC\u2019\u00e9tait en 53, une ann\u00e9e o\u00f9 il faisait tr\u00e8s froid\u2026 Il y avait de la neige. \u00c0 la gare, un vrai d\u00e9barquement. Les patrons \u00e9taient l\u00e0 pour faire une sorte de triage, chacun prenant les personnes qui devaient aller travailler dans sa soci\u00e9t\u00e9. Malgr\u00e9 le froid, on est rest\u00e9 l\u00e0 des heures pendant qu\u2019ils faisaient leur triage. C\u2019est eux qui paient le voyage\u2026 alors ils veulent r\u00e9cup\u00e9rer leurs travailleurs\u2026\u00bb (F.S.)<\/p>\n<p><strong>Les conditions de vie et de travail<\/strong><br \/>\n\u00abAvec tous les Italiens de mon village, nous \u00e9tions log\u00e9s \u00e0 la \u00ab\u00a0cantine\u00a0\u00bb. Pour dormir, cela allait, mais pour manger\u2026 ! On avait une petite chambre pour quatre personnes, une autre chambre en comptait 5 et une troisi\u00e8me plus grande en comptait 7.\u00bb (L.B. et M.C.)<\/p>\n<p>\u00abLes prisonniers russes logeaient dans de vieilles baraques, mises souvent sur le terril; quand les prisonniers allemands sont venus, ils ont log\u00e9 dans les m\u00eames baraquements. Les personnes d\u00e9plac\u00e9es, Polonais, Yougoslaves, personnes de l\u2019Est, ainsi que les Italiens sont arriv\u00e9s alors et ont repris les baraquements des prisonniers allemands, et puis, la CECA a fait une s\u00e9rie de cit\u00e9s pour pouvoir d\u00e9molir les \u00ab\u00a0phalanst\u00e8res\u00a0\u00bb comme on disait\u2026\u00bb (J.D.)<\/p>\n<p><iframe src=\"\/\/www.youtube.com\/embed\/IEBSU_qDIeU\" height=\"315\" width=\"420\" allowfullscreen=\"\" frameborder=\"0\"><\/iframe><\/p>\n<p><img decoding=\"async\" class=\"attachment-post-thumbnail wp-post-image alignright\" alt=\"couverture2-bienvenueweb\" src=\"http:\/\/www.egalite.be\/wp-content\/uploads\/2012\/08\/couverture2-bienvenueweb.jpg\" width=\"624\" height=\"851\" \/><\/p>\n","protected":false},"excerpt":{"rendered":"<p>Hommage \u00e0 tous nos p\u00e8res Marcinelle 8 Aout 1956 Catastrophe du Bois du Cazier. La catastrophe mini\u00e8re du Bois du Cazier \u00e0 Marcinelle, en ao\u00fbt 1956, marque un tournant dans l\u2019immigration italienne. Sur les 262 victimes, 136 sont italiennes. L\u2019Italie revoit alors sa politique d\u2019\u00e9migration et la Belgique se tourne vers d\u2019autres pays pourvoyeurs. L\u2019immigration &#8230; <a title=\"Hommage \u00e0 tous nos p\u00e8res\" class=\"read-more\" href=\"https:\/\/bruxelles-pantheres.be\/?p=918\" aria-label=\"En savoir plus sur Hommage \u00e0 tous nos p\u00e8res\">Lire la suite<\/a><\/p>\n","protected":false},"author":1,"featured_media":919,"comment_status":"open","ping_status":"open","sticky":false,"template":"","format":"standard","meta":{"footnotes":""},"categories":[24,22,36,28,17],"tags":[],"class_list":["post-918","post","type-post","status-publish","format-standard","has-post-thumbnail","hentry","category-belgique-maroc","category-emploi","category-europe","category-racismes","category-video"],"_links":{"self":[{"href":"https:\/\/bruxelles-pantheres.be\/index.php?rest_route=\/wp\/v2\/posts\/918","targetHints":{"allow":["GET"]}}],"collection":[{"href":"https:\/\/bruxelles-pantheres.be\/index.php?rest_route=\/wp\/v2\/posts"}],"about":[{"href":"https:\/\/bruxelles-pantheres.be\/index.php?rest_route=\/wp\/v2\/types\/post"}],"author":[{"embeddable":true,"href":"https:\/\/bruxelles-pantheres.be\/index.php?rest_route=\/wp\/v2\/users\/1"}],"replies":[{"embeddable":true,"href":"https:\/\/bruxelles-pantheres.be\/index.php?rest_route=%2Fwp%2Fv2%2Fcomments&post=918"}],"version-history":[{"count":1,"href":"https:\/\/bruxelles-pantheres.be\/index.php?rest_route=\/wp\/v2\/posts\/918\/revisions"}],"predecessor-version":[{"id":920,"href":"https:\/\/bruxelles-pantheres.be\/index.php?rest_route=\/wp\/v2\/posts\/918\/revisions\/920"}],"wp:featuredmedia":[{"embeddable":true,"href":"https:\/\/bruxelles-pantheres.be\/index.php?rest_route=\/wp\/v2\/media\/919"}],"wp:attachment":[{"href":"https:\/\/bruxelles-pantheres.be\/index.php?rest_route=%2Fwp%2Fv2%2Fmedia&parent=918"}],"wp:term":[{"taxonomy":"category","embeddable":true,"href":"https:\/\/bruxelles-pantheres.be\/index.php?rest_route=%2Fwp%2Fv2%2Fcategories&post=918"},{"taxonomy":"post_tag","embeddable":true,"href":"https:\/\/bruxelles-pantheres.be\/index.php?rest_route=%2Fwp%2Fv2%2Ftags&post=918"}],"curies":[{"name":"wp","href":"https:\/\/api.w.org\/{rel}","templated":true}]}}