{"id":924,"date":"2012-08-06T21:39:29","date_gmt":"2012-08-06T20:39:29","guid":{"rendered":"https:\/\/bruxelles-pantheres.be\/?p=924"},"modified":"2013-11-11T21:42:01","modified_gmt":"2013-11-11T20:42:01","slug":"la-rafle-de-stalingrad-une-nouvelle-guerre-contre-les-precarises","status":"publish","type":"post","link":"https:\/\/bruxelles-pantheres.be\/?p=924","title":{"rendered":"La Rafle de Stalingrad : une nouvelle guerre contre les pr\u00e9caris\u00e9s"},"content":{"rendered":"<header><\/header>\n<div>\n<p><img decoding=\"async\" alt=\"https:\/\/fbcdn-sphotos-g-a.akamaihd.net\/hphotos-ak-ash3\/564583_385548641499515_309260935_n.jpg\" src=\"https:\/\/fbcdn-sphotos-g-a.akamaihd.net\/hphotos-ak-ash3\/564583_385548641499515_309260935_n.jpg\" \/><\/p>\n<p><strong>La Rafle de Stalingrad : une nouvelle guerre contre les pr\u00e9caris\u00e9s <strong>&#8211;<\/strong> <a href=\"http:\/\/www.petitionenligne.fr\/petition\/la-rafle-de-stalingrad-une-nouvelle-guerre-contre-les-precarises\/2816#signnow\">signer\u00a0maintenant<\/a><br \/>\n<\/strong><\/p>\n<p>Mardi 24 Juillet 2012, une armada de policiers en civil, d\u2019agents de la police f\u00e9d\u00e9rale et de la police anti\u00e9meute appuy\u00e9e par des patrouilles d\u00e9barque dans le quartier du midi en fin d\u2019apr\u00e8s midi. Vers18h, une centaine d\u2019agents bloquent toutes les entr\u00e9es et les sorties du Boulevard. En quelques minutes seulement, le quartier se transforme en grand centre de d\u00e9tention en plein air : arrestation, fouille, intimidation\u2026.<!--more--><\/p>\n<p>Quelques heures plus tard, des bus de police quittent les lieux. R\u00e9sultat : 150 personnes d\u2019origines \u00e9trang\u00e8res arr\u00eat\u00e9es et mises en d\u00e9tention dans les casernes d\u2019Etterbeek. Ceux qui ont pu d\u00e9montrer la validit\u00e9 de leur s\u00e9jour ont \u00e9t\u00e9 rel\u00e2ch\u00e9s mardi tard dans la nuit.Les autres ont du attendre 24h avant de pouvoir partir avec un ordre de quitter le territoire et 6 personnes ont \u00e9t\u00e9 enferm\u00e9 dans des centres de d\u00e9tention par l\u2019office des \u00e9trangers.<\/p>\n<p>Quelques militants ont men\u00e9 Mercredi une action de protestation sur les lieux de la rafle malgr\u00e9 les intimidations polici\u00e8res. Quelques sans papiers ont \u00e9t\u00e9 emp\u00each\u00e9s de rejoindre le lieu du rassemblement, et les patrouilles de police n\u2019ont pas cess\u00e9 de tourner dans le quartier.<\/p>\n<p>L\u2019appel avait \u00e9t\u00e9 lanc\u00e9 en urgence et la mobilisation n\u2019a pas v\u00e9ritablement eu l\u2019occasion de s\u2019organiser. Le but \u00e9tait avant tout sensibiliser les gens du quartier sur la gravit\u00e9 de ce qui s\u2019est pass\u00e9 sous leurs yeux.<\/p>\n<p>La police a justifi\u00e9 son intervention par les plaintes des commer\u00e7ants. Depuis quelques semaines un petit march\u00e9 improvis\u00e9 s\u2019\u00e9tait install\u00e9 entre les deux all\u00e9es du Boulevard. Un espace de survie pour une dizaine de personnes qui ne cherchent qu\u2019une seule chose : survivre dans une soci\u00e9t\u00e9 qui fait tout pour les exclure avant de les punir.<\/p>\n<p>Encore une bataille contre les pr\u00e9caris\u00e9s. Une politique perdue d\u2019avance car ceux qui la cautionnent se trompent d\u2019ennemi. Ce sont les injustices qu\u2019il faut combattre.<\/p>\n<p>Le sans papiers, par son statut administratif,est exclu de tous les droits fondamentaux. La peur de l\u2019enferment le pousse \u00e0 la clandestinit\u00e9. Une situation d\u2019extr\u00eame pr\u00e9carit\u00e9s dont profitent plusieurs parties.Seul la r\u00e9gularisation garanti un minimum d\u2019\u00e9galit\u00e9 et de dignit\u00e9 pour ces personnes.<\/p>\n<p>Quelques soient les raisons, quelque soit l\u2019issue de cette op\u00e9ration, les personnes qui l\u2019ont subie ont \u00e9t\u00e9 toutes victimes d\u2019un contr\u00f4le au faci\u00e8s. Un acte discriminatoire qui survient dans une p\u00e9riode de surench\u00e8re pour le durcissement des politiques d\u2019immigration. Encore une occasion de stigmatiser une cat\u00e9gorie d\u00e9j\u00e0 assez humili\u00e9e.<\/p>\n<p>La mobilisation continue contre ce genre de pratiques devenues banales, en attendant de voir la r\u00e9action de ceux qui pr\u00e9tendent d\u00e9fendre la justice sociale, la libert\u00e9 et l\u2019\u00e9galit\u00e9.<\/p>\n<p>Pour Sans-Papiers Belgique<\/p>\n<h2><a href=\"http:\/\/www.petitionenligne.fr\/petition\/la-rafle-de-stalingrad-une-nouvelle-guerre-contre-les-precarises\/2816#signnow\">signez la p\u00e9tition<\/a><\/h2>\n<header><img decoding=\"async\" class=\"alignright\" alt=\"logosp\" src=\"http:\/\/www.egalite.be\/wp-content\/uploads\/2012\/08\/logosp.png\" width=\"300\" height=\"252\" \/><\/header>\n<\/div>\n","protected":false},"excerpt":{"rendered":"<p>La Rafle de Stalingrad : une nouvelle guerre contre les pr\u00e9caris\u00e9s &#8211; signer\u00a0maintenant Mardi 24 Juillet 2012, une armada de policiers en civil, d\u2019agents de la police f\u00e9d\u00e9rale et de la police anti\u00e9meute appuy\u00e9e par des patrouilles d\u00e9barque dans le quartier du midi en fin d\u2019apr\u00e8s midi. Vers18h, une centaine d\u2019agents bloquent toutes les entr\u00e9es &#8230; <a title=\"La Rafle de Stalingrad : une nouvelle guerre contre les pr\u00e9caris\u00e9s\" class=\"read-more\" href=\"https:\/\/bruxelles-pantheres.be\/?p=924\" aria-label=\"En savoir plus sur La Rafle de Stalingrad : une nouvelle guerre contre les pr\u00e9caris\u00e9s\">Lire la suite<\/a><\/p>\n","protected":false},"author":1,"featured_media":816,"comment_status":"open","ping_status":"open","sticky":false,"template":"","format":"standard","meta":{"footnotes":""},"categories":[24,8,28,39,5],"tags":[],"class_list":["post-924","post","type-post","status-publish","format-standard","has-post-thumbnail","hentry","category-belgique-maroc","category-prisons","category-racismes","category-sans-papier","category-violence-policiere"],"_links":{"self":[{"href":"https:\/\/bruxelles-pantheres.be\/index.php?rest_route=\/wp\/v2\/posts\/924","targetHints":{"allow":["GET"]}}],"collection":[{"href":"https:\/\/bruxelles-pantheres.be\/index.php?rest_route=\/wp\/v2\/posts"}],"about":[{"href":"https:\/\/bruxelles-pantheres.be\/index.php?rest_route=\/wp\/v2\/types\/post"}],"author":[{"embeddable":true,"href":"https:\/\/bruxelles-pantheres.be\/index.php?rest_route=\/wp\/v2\/users\/1"}],"replies":[{"embeddable":true,"href":"https:\/\/bruxelles-pantheres.be\/index.php?rest_route=%2Fwp%2Fv2%2Fcomments&post=924"}],"version-history":[{"count":1,"href":"https:\/\/bruxelles-pantheres.be\/index.php?rest_route=\/wp\/v2\/posts\/924\/revisions"}],"predecessor-version":[{"id":925,"href":"https:\/\/bruxelles-pantheres.be\/index.php?rest_route=\/wp\/v2\/posts\/924\/revisions\/925"}],"wp:featuredmedia":[{"embeddable":true,"href":"https:\/\/bruxelles-pantheres.be\/index.php?rest_route=\/wp\/v2\/media\/816"}],"wp:attachment":[{"href":"https:\/\/bruxelles-pantheres.be\/index.php?rest_route=%2Fwp%2Fv2%2Fmedia&parent=924"}],"wp:term":[{"taxonomy":"category","embeddable":true,"href":"https:\/\/bruxelles-pantheres.be\/index.php?rest_route=%2Fwp%2Fv2%2Fcategories&post=924"},{"taxonomy":"post_tag","embeddable":true,"href":"https:\/\/bruxelles-pantheres.be\/index.php?rest_route=%2Fwp%2Fv2%2Ftags&post=924"}],"curies":[{"name":"wp","href":"https:\/\/api.w.org\/{rel}","templated":true}]}}