{"id":926,"date":"2012-08-06T21:42:10","date_gmt":"2012-08-06T20:42:10","guid":{"rendered":"https:\/\/bruxelles-pantheres.be\/?p=926"},"modified":"2013-11-11T21:44:02","modified_gmt":"2013-11-11T20:44:02","slug":"iftar-de-la-fraternite-a-gennevilliers","status":"publish","type":"post","link":"https:\/\/bruxelles-pantheres.be\/?p=926","title":{"rendered":"Iftar de la Fraternit\u00e9 \u00e0 Gennevilliers"},"content":{"rendered":"<p style=\"text-align: justify;\">Voici une vid\u00e9o de 4 min 30 sur l\u2019Iftar de la Fraternit\u00e9 qui a eu lieu \u00e0 Gennevilliers le samedi 4 aout 2012.<br \/>\nPlus de 300 personnes ont r\u00e9pondu pr\u00e9sent \u00e0 l\u2019appel du Collectif de Citoyens.<\/p>\n<p>L\u2019objectif \u00e9tait de rassembler des citoyens de tous horizons afin de partager un moment convivial et de solidarit\u00e9. Cet \u00e9v\u00e8nement nous a permis d\u2019exprimer notre refus de toutes formes de discriminations et de rappeler aux hommes politiques que l\u2019islamophobie ne passera plus.<!--more--><iframe src=\"\/\/www.youtube.com\/embed\/kL7XsqogLRI\" height=\"315\" width=\"560\" allowfullscreen=\"\" frameborder=\"0\"><\/iframe><\/p>\n<p>Premiers signataires : Collectif des Musulmans de France, Havre De Savoir, Collectif de lutte contre l\u2019Islamophobie en France, Parti des Indig\u00e8nes de la R\u00e9publique, Les Indivisibles, Banlieue Plus, Oxyjeunes, Comit\u00e9 15 Mars et Libert\u00e9s, Actions Terres du Monde, Don\u2019t Panik, Tiers Monde (artiste), Proof (beatmaker), M\u00e9dine (artiste), Brav (artiste), Horizon Design, Muslim United, Coordination contre le Racisme et l\u2019Islamophobie, l\u2019association des m\u00e9diateurs d\u2019\u00eele de France (MIFA), le cercle des musulmans de Gennevilliers, Suhail Najmi (artiste), <strong>Nordine Saidi (\u00c9galit\u00e9, Bruxelles)<\/strong>, collectif citoyens 2014, MJC iqp, Mouvement de l\u2019Immigration et des Banlieues, Nouveau Parti Anticapitaliste, Association Ni Proxo Ni Macho.<\/p>\n<p>www.havredesavoir.fr<br \/>\nFacebook : <a dir=\"ltr\" title=\"http:\/\/www.facebook.com\/HAVREDESAVOIR\" href=\"http:\/\/www.facebook.com\/HAVREDESAVOIR\" target=\"_blank\" rel=\"nofollow\">http:\/\/www.facebook.com\/HAVREDESAVOIR<\/a><br \/>\nYouTube : <a dir=\"ltr\" title=\"http:\/\/www.youtube.com\/HavreDeSavoir\" href=\"http:\/\/www.youtube.com\/HavreDeSavoir\" target=\"_blank\" rel=\"nofollow\">http:\/\/www.youtube.com\/HavreDeSavoir<\/a><br \/>\nTwitter : <a dir=\"ltr\" title=\"https:\/\/twitter.com\/HavreDeSavoir\" href=\"https:\/\/twitter.com\/HavreDeSavoir\" target=\"_blank\" rel=\"nofollow\">https:\/\/twitter.com\/HavreDeSavoir<\/a><\/p>\n<p>Vid\u00e9o R\u00e9alis\u00e9 par : HorizonDesign<br \/>\nwww.horizondesign.fr<\/p>\n","protected":false},"excerpt":{"rendered":"<p>Voici une vid\u00e9o de 4 min 30 sur l\u2019Iftar de la Fraternit\u00e9 qui a eu lieu \u00e0 Gennevilliers le samedi 4 aout 2012. Plus de 300 personnes ont r\u00e9pondu pr\u00e9sent \u00e0 l\u2019appel du Collectif de Citoyens. L\u2019objectif \u00e9tait de rassembler des citoyens de tous horizons afin de partager un moment convivial et de solidarit\u00e9. Cet &#8230; <a title=\"Iftar de la Fraternit\u00e9 \u00e0 Gennevilliers\" class=\"read-more\" href=\"https:\/\/bruxelles-pantheres.be\/?p=926\" aria-label=\"En savoir plus sur Iftar de la Fraternit\u00e9 \u00e0 Gennevilliers\">Lire la suite<\/a><\/p>\n","protected":false},"author":1,"featured_media":742,"comment_status":"open","ping_status":"open","sticky":false,"template":"","format":"standard","meta":{"footnotes":""},"categories":[4,18,28,17],"tags":[13],"class_list":["post-926","post","type-post","status-publish","format-standard","has-post-thumbnail","hentry","category-islamophobie","category-resistance-bruxelles","category-racismes","category-video","tag-nordine-saidi"],"_links":{"self":[{"href":"https:\/\/bruxelles-pantheres.be\/index.php?rest_route=\/wp\/v2\/posts\/926","targetHints":{"allow":["GET"]}}],"collection":[{"href":"https:\/\/bruxelles-pantheres.be\/index.php?rest_route=\/wp\/v2\/posts"}],"about":[{"href":"https:\/\/bruxelles-pantheres.be\/index.php?rest_route=\/wp\/v2\/types\/post"}],"author":[{"embeddable":true,"href":"https:\/\/bruxelles-pantheres.be\/index.php?rest_route=\/wp\/v2\/users\/1"}],"replies":[{"embeddable":true,"href":"https:\/\/bruxelles-pantheres.be\/index.php?rest_route=%2Fwp%2Fv2%2Fcomments&post=926"}],"version-history":[{"count":1,"href":"https:\/\/bruxelles-pantheres.be\/index.php?rest_route=\/wp\/v2\/posts\/926\/revisions"}],"predecessor-version":[{"id":927,"href":"https:\/\/bruxelles-pantheres.be\/index.php?rest_route=\/wp\/v2\/posts\/926\/revisions\/927"}],"wp:featuredmedia":[{"embeddable":true,"href":"https:\/\/bruxelles-pantheres.be\/index.php?rest_route=\/wp\/v2\/media\/742"}],"wp:attachment":[{"href":"https:\/\/bruxelles-pantheres.be\/index.php?rest_route=%2Fwp%2Fv2%2Fmedia&parent=926"}],"wp:term":[{"taxonomy":"category","embeddable":true,"href":"https:\/\/bruxelles-pantheres.be\/index.php?rest_route=%2Fwp%2Fv2%2Fcategories&post=926"},{"taxonomy":"post_tag","embeddable":true,"href":"https:\/\/bruxelles-pantheres.be\/index.php?rest_route=%2Fwp%2Fv2%2Ftags&post=926"}],"curies":[{"name":"wp","href":"https:\/\/api.w.org\/{rel}","templated":true}]}}