{"id":928,"date":"2012-08-05T21:44:30","date_gmt":"2012-08-05T20:44:30","guid":{"rendered":"https:\/\/bruxelles-pantheres.be\/?p=928"},"modified":"2013-11-11T21:46:56","modified_gmt":"2013-11-11T20:46:56","slug":"une-chercheuse-refuse-sa-legion-dhonneur","status":"publish","type":"post","link":"https:\/\/bruxelles-pantheres.be\/?p=928","title":{"rendered":"Une chercheuse refuse sa L\u00e9gion d\u2019honneur"},"content":{"rendered":"<h3>Pour d\u00e9noncer \u00ab\u00a0l\u2019impunit\u00e9\u00a0\u00bb li\u00e9e aux \u00ab\u00a0crimes industriels\u00a0\u00bb,<\/h3>\n<h3>une chercheuse refuse sa L\u00e9gion d\u2019honneur<\/h3>\n<pre><strong>le Dimanche 5 Ao\u00fbt 2012 \u00e0 08:27<\/strong><\/pre>\n<address>Annie Th\u00e9baud-Mony, directrice de recherche honoraire \u00e0 l\u2019Inserm, figurait sur la liste des trente promus s\u00e9lectionn\u00e9s par C\u00e9cile Duflot, la ministre du Logement. Elle lui a \u00e9crit hier pour refuser sa L\u00e9gion d\u2019honneur.Un geste destin\u00e9 \u00e0 attirer l\u2019attention sur \u00ab\u00a0l\u2019impunit\u00e9 qui, jusqu\u2019\u00e0 ce jour, prot\u00e8ge les responsables de crimes industriels\u00a0\u00bb.<!--more--><\/address>\n<div><img decoding=\"async\" class=\"alignright\" alt=\"\" src=\"http:\/\/www.franceinfo.fr\/sites\/default\/files\/imagecache\/462_ressource\/2012\/08\/05\/698037\/images\/ressource\/chercheuse.jpg\" \/><\/div>\n<p>Annie Th\u00e9baud-Mony \u00a9 A.T-M<\/p>\n<p>\u00bb<em>Ma d\u00e9marche se veut un appel \u00e0 la mobilisation citoyenne, mais aussi parlementaire et gouvernementale, pour le respect des droits fondamentaux \u00e0 la vie, \u00e0 la sant\u00e9, \u00e0 la dignit\u00e9. Nous voulons \u00eatre pris au s\u00e9rieux lorsque nous donnons \u00e0 voir cette d\u00e9gradation des conditions de travail, le drame des accidents du travail et maladies professionnelles, mais aussi l\u2019accumulation des impasses environnementales, en mati\u00e8re d\u2019amiante, de pesticides, de d\u00e9chets nucl\u00e9aires et chimiques.<\/em>..\u00a0\u00bb<\/p>\n<p>Sp\u00e9cialiste des cancers professionnels, et porte-parole de <a href=\"http:\/\/www.ban-asbestos-france.com\/\" target=\"_blank\">Ban Asbestos France<\/a>, une association de lutte contre l\u2019amiante, <a href=\"http:\/\/iris.ehess.fr\/document.php?id=115\" target=\"_blank\">Annie\u00a0 Th\u00e9baud-Mony<\/a> \u00e9voque \u00e9galement\u00a0 \u00ab\u00a0<em>la sous-traitance et le transfert des risques vers des populations tr\u00e8s pr\u00e9caris\u00e9es (maintenance, nettoyages, gestion des d\u00e9chets)\u00a0\u00bb . <\/em><\/p>\n<p><a href=\"http:\/\/lectures.revues.org\/510\" target=\"_blank\">La chercheuse<\/a> dont la carri\u00e8re a \u00e9t\u00e9 \u00ab\u00a0<em>bloqu\u00e9e pendant dix ans<\/em>\u00ab\u00a0, plaide enfin pour que la recherche sur l\u2019exposition aux canc\u00e9rog\u00e8nes au travail soit dot\u00e9e des moyens financiers publics n\u00e9cessaires et que les jeunes chercheurs qui s\u2019y adonnent cessent d\u2019\u00eatre maintenus dans un statut pr\u00e9caire.<iframe src=\"http:\/\/www.franceinfo.fr\/player\/export-reecouter?content=698155\" height=\"139\" width=\"481\" frameborder=\"0\" scrolling=\"no\"><\/iframe><\/p>\n<p style=\"text-align: right;\"><a href=\"http:\/\/www.franceinfo.fr\/politique\/pour-denoncer-l-impunite-liee-aux-crimes-industriels-une-chercheuse-refu-697927-2012-08-05\">Source<\/a><\/p>\n<h3>Annie Th\u00e9baud-Mony, sociologue de la sant\u00e9, refuse la l\u00e9gion d\u2019honneur<\/h3>\n<div>\n<p style=\"text-align: justify;\"><img decoding=\"async\" alt=\"\" src=\"http:\/\/www.psychomedia.qc.ca\/media\/articles\/2012-08\/image7505.jpg\" align=\"left\" hspace=\"15\" vspace=\"2\" \/><\/p>\n<p style=\"text-align: justify;\">La sociologue de la sant\u00e9, sp\u00e9cialiste des cancers professionnels, Annie Th\u00e9baud-Mony a refus\u00e9 la <cite>L\u00e9gion d\u2019honneur<\/cite> d\u00e9cern\u00e9e par la ministre du Logement C\u00e9cile Duflot pour d\u00e9noncer l\u2019indiff\u00e9rence qui entoure les questions li\u00e9es \u00e0 la sant\u00e9 au travail et les crimes industriels.<\/p>\n<p style=\"text-align: justify;\">Annie Th\u00e9baud-Mony est directrice de recherche honoraire \u00e0 l\u2019Inserm, pr\u00e9sidente de l\u2019<a href=\"http:\/\/www.asso-henri-pezerat.org\" target=\"_blank\">Association Henri P\u00e9zerat<\/a> (sant\u00e9, travail, environnement) et porte-parole de <cite>Ban Asbestos France<\/cite>.<\/p>\n<p style=\"text-align: justify;\">Dans une lettre adress\u00e9e \u00e0 la ministre, transmise \u00e0 la presse le 4 ao\u00fbt, elle appelle \u00e0 agir pour \u00ab\u00a0<q>la remise en cause de l\u2019impunit\u00e9 qui jusqu\u2019\u00e0 ce jour prot\u00e8ge les responsables de crimes industriels<\/q>\u00ab\u00a0. Elle d\u00e9plore que la crise \u00e9conomique occulte la d\u00e9gradation des conditions de travail ainsi que \u00ab\u00a0<q>l\u2019accumulation des impasses environnementales, en mati\u00e8re d\u2019amiante, de pesticides, de d\u00e9chets nucl\u00e9aires et chimique<\/q>\u00ab\u00a0.<\/p>\n<\/div>\n<p style=\"text-align: justify;\">\u00ab\u00a0<q>Cessons les vraies fausses controverses sur les faibles doses. Des politiques publiques doivent devenir le rempart \u00e0 la mise en danger d\u00e9lib\u00e9r\u00e9e d\u2019autrui, y compris en mati\u00e8re p\u00e9nale<\/q>\u00ab\u00a0, \u00e9crit-elle.<\/p>\n<p style=\"text-align: justify;\">Annie Th\u00e9baud-Mony a notamment publi\u00e9 \u00ab\u00a0<q><cite>L\u2019industrie nucl\u00e9aire : sous-traitance et servitude<\/cite><\/q>\u00a0\u00bb (2000) et \u00ab\u00a0<q><cite>Travailler peut nuire gravement \u00e0 votre sant\u00e9. Sous-traitance des risques, Mise en danger d\u2019autrui, Atteintes \u00e0 la dignit\u00e9, Violences physiques et morales, Cancers professionnels<\/cite><\/q>\u00a0\u00bb (2007) pour lequel elle a re\u00e7u le <cite>Prix de la revue Prescrire et de l\u2019Association des journalistes de la presse m\u00e9dicale<\/cite>. Voyez le <a href=\"http:\/\/lectures.revues.org\/510\" target=\"_blank\">compte-rendu<\/a> de Igor Martinache dans <cite>Lectures<\/cite><\/p>\n<p style=\"text-align: justify;\">Les travaux scientifiques de la chercheuse, indiquait la revue <cite>Sant\u00e9 et Travail<\/cite> en avril dernier, \u00ab\u00a0<q>ont toujours poursuivi un double objectif : mettre en visibilit\u00e9 les atteintes \u00e0 la sant\u00e9 dues au travail et aider les victimes \u00e0 obtenir r\u00e9paration<\/q>\u00ab\u00a0.<\/p>\n<p style=\"text-align: justify;\"><a href=\"http:\/\/www.bastamag.net\/article1225.html\" target=\"_blank\">Interview : Sous-traitance nucl\u00e9aire : vers \u00ab une relation de ma\u00eetre \u00e0 esclave \u00bb ? (par Basta!)<\/a> (La sous-traitance a notamment pour fonction de ventiler les doses de radioactivit\u00e9 re\u00e7ues par le personnel. Certains travailleurs sous-traitants, pour ne pas perdre leur emploi, laissent leur dosim\u00e8tre en zone prot\u00e9g\u00e9e\u2026). L\u2019association <a href=\"http:\/\/www.ban-asbestos-france.com\/\" target=\"_blank\">Ban Asbestos France<\/a> dont la chercheuse est porte-parole d\u00e9nonce aussi \u00ab\u00a0<q>la sous-traitance et le transfert des risques vers des populations tr\u00e8s pr\u00e9caris\u00e9es (maintenance, nettoyages, gestion des d\u00e9chets)<\/q>\u00ab\u00a0.<\/p>\n<p style=\"text-align: justify;\"><a href=\"http:\/\/iris.ehess.fr\/document.php?id=115\" target=\"_blank\">Page de la chercheuse (\u00c9cole des hautes \u00e9tudes en sciences sociales)<\/a><\/p>\n<p style=\"text-align: right;\"><a href=\"http:\/\/www.psychomedia.qc.ca\/societe\/2012-08-05\/legion-d-honneur-annie-thebaud-mony\">Source<\/a><\/p>\n<p style=\"text-align: left;\"><a href=\"https:\/\/bruxelles-pantheres.be\/wp-content\/uploads\/2013\/11\/h-4-2193697-1282642808.jpg\"><img decoding=\"async\" class=\"alignnone size-full wp-image-929\" alt=\"h-4-2193697-1282642808\" src=\"https:\/\/bruxelles-pantheres.be\/wp-content\/uploads\/2013\/11\/h-4-2193697-1282642808.jpg\" width=\"800\" height=\"531\" srcset=\"https:\/\/bruxelles-pantheres.be\/wp-content\/uploads\/2013\/11\/h-4-2193697-1282642808.jpg 800w, https:\/\/bruxelles-pantheres.be\/wp-content\/uploads\/2013\/11\/h-4-2193697-1282642808-300x199.jpg 300w, https:\/\/bruxelles-pantheres.be\/wp-content\/uploads\/2013\/11\/h-4-2193697-1282642808-768x510.jpg 768w\" sizes=\"(max-width: 800px) 100vw, 800px\" \/><\/a><\/p>\n","protected":false},"excerpt":{"rendered":"<p>Pour d\u00e9noncer \u00ab\u00a0l\u2019impunit\u00e9\u00a0\u00bb li\u00e9e aux \u00ab\u00a0crimes industriels\u00a0\u00bb, une chercheuse refuse sa L\u00e9gion d\u2019honneur le Dimanche 5 Ao\u00fbt 2012 \u00e0 08:27 Annie Th\u00e9baud-Mony, directrice de recherche honoraire \u00e0 l\u2019Inserm, figurait sur la liste des trente promus s\u00e9lectionn\u00e9s par C\u00e9cile Duflot, la ministre du Logement. Elle lui a \u00e9crit hier pour refuser sa L\u00e9gion d\u2019honneur.Un geste destin\u00e9 &#8230; <a title=\"Une chercheuse refuse sa L\u00e9gion d\u2019honneur\" class=\"read-more\" href=\"https:\/\/bruxelles-pantheres.be\/?p=928\" aria-label=\"En savoir plus sur Une chercheuse refuse sa L\u00e9gion d\u2019honneur\">Lire la suite<\/a><\/p>\n","protected":false},"author":1,"featured_media":929,"comment_status":"open","ping_status":"open","sticky":false,"template":"","format":"standard","meta":{"footnotes":""},"categories":[21],"tags":[],"class_list":["post-928","post","type-post","status-publish","format-standard","has-post-thumbnail","hentry","category-anti-imperialisme"],"_links":{"self":[{"href":"https:\/\/bruxelles-pantheres.be\/index.php?rest_route=\/wp\/v2\/posts\/928","targetHints":{"allow":["GET"]}}],"collection":[{"href":"https:\/\/bruxelles-pantheres.be\/index.php?rest_route=\/wp\/v2\/posts"}],"about":[{"href":"https:\/\/bruxelles-pantheres.be\/index.php?rest_route=\/wp\/v2\/types\/post"}],"author":[{"embeddable":true,"href":"https:\/\/bruxelles-pantheres.be\/index.php?rest_route=\/wp\/v2\/users\/1"}],"replies":[{"embeddable":true,"href":"https:\/\/bruxelles-pantheres.be\/index.php?rest_route=%2Fwp%2Fv2%2Fcomments&post=928"}],"version-history":[{"count":1,"href":"https:\/\/bruxelles-pantheres.be\/index.php?rest_route=\/wp\/v2\/posts\/928\/revisions"}],"predecessor-version":[{"id":930,"href":"https:\/\/bruxelles-pantheres.be\/index.php?rest_route=\/wp\/v2\/posts\/928\/revisions\/930"}],"wp:featuredmedia":[{"embeddable":true,"href":"https:\/\/bruxelles-pantheres.be\/index.php?rest_route=\/wp\/v2\/media\/929"}],"wp:attachment":[{"href":"https:\/\/bruxelles-pantheres.be\/index.php?rest_route=%2Fwp%2Fv2%2Fmedia&parent=928"}],"wp:term":[{"taxonomy":"category","embeddable":true,"href":"https:\/\/bruxelles-pantheres.be\/index.php?rest_route=%2Fwp%2Fv2%2Fcategories&post=928"},{"taxonomy":"post_tag","embeddable":true,"href":"https:\/\/bruxelles-pantheres.be\/index.php?rest_route=%2Fwp%2Fv2%2Ftags&post=928"}],"curies":[{"name":"wp","href":"https:\/\/api.w.org\/{rel}","templated":true}]}}