{"id":934,"date":"2012-08-05T21:52:33","date_gmt":"2012-08-05T20:52:33","guid":{"rendered":"https:\/\/bruxelles-pantheres.be\/?p=934"},"modified":"2013-11-11T21:55:25","modified_gmt":"2013-11-11T20:55:25","slug":"une-pensee-pour-tous-les-enfants-disparus","status":"publish","type":"post","link":"https:\/\/bruxelles-pantheres.be\/?p=934","title":{"rendered":"Une pens\u00e9e pour tous les enfants disparus\u2026"},"content":{"rendered":"<div class=\"entry-content\">\n<p style=\"text-align: left;\"><em><strong><em><strong><img decoding=\"async\" class=\"aligncenter\" alt=\"\" src=\"http:\/\/www.lecimetiere.net\/images_site\/2010\/963606imageslcv841.jpg\" width=\"150\" height=\"196\" \/><\/strong><\/em><\/strong><\/em><\/p>\n<p style=\"text-align: left;\"><em><strong>Le 5 ao\u00fbt 1992 disparaissait Loubna Bena\u00efssa, une jeune fille de neuf ans, \u00e0 Ixelles. Plusieurs ann\u00e9es se sont \u00e9coul\u00e9es sans aucun \u00e9claircissement pour la famille. L\u2019enqu\u00eate fut entach\u00e9e d\u2019erreurs. L\u2019affaire a seulement pris de l\u2019ampleur dans la foul\u00e9e de l\u2019affaire Dutroux. Le 5 mars 1997, le corps de la jeune fille \u00e9tait retrouv\u00e9 dans la cave du pompiste Patrick Derochette.<!--more--><\/strong><\/em><\/p>\n<p><img decoding=\"async\" class=\"aligncenter\" alt=\"http:\/\/www.jean-michel-folon.eu\/friendsclub\/\/templates\/rhuk_solarflare_ii\/images\/header_short.jpg\" src=\"http:\/\/www.jean-michel-folon.eu\/friendsclub\/\/templates\/rhuk_solarflare_ii\/images\/header_short.jpg\" \/><\/p>\n<p><span style=\"font-size: large;\">5 ao\u00fbt 2012 :\u00a0<\/span><\/p>\n<p><span style=\"font-size: large;\">Une pens\u00e9e pour Loubna Benaissa (enlev\u00e9e et assassin\u00e9e il y a juste vingt ans) et pour Kim &amp; Ken, Julie &amp; Melissa, Ann &amp; Eefje, Elisabeth et tous les autres enfants assassin\u00e9s.\u00a0<\/span><\/p>\n<p><span style=\"font-size: large;\">Une pens\u00e9e pour tous les enfants, victimes des guerres et de la pauvret\u00e9, petits\u00a0r\u00e9fugi\u00e9s\u00a0dans ce monde injuste.<\/span><\/p>\n<p><span style=\"font-size: large;\">Pour tous ces enfants et leurs proches nous publions \u00ab\u00a0Le Chant de la Nuit\u00a0\u00bb des Indiens Navajos, un texte que les Indiens lisaient lors des c\u00e9r\u00e9monies de gu\u00e9rison.\u00a0<\/span><\/p>\n<p><span style=\"font-size: large;\">Ce texte a \u00e9t\u00e9 lu \u00e0 l\u2019\u00e9glise\u00a0lors des fun\u00e9railles de sa fille\u00a0par la maman d\u2019Elisabeth Brichet, une fille de 12 ans, enlev\u00e9e et assassin\u00e9e en 1989 et retrouv\u00e9e morte en 2004.<\/span><\/p>\n<div>\n<div align=\"left\">\n<blockquote><p>Extrait de c\u00e9r\u00e9monie de gu\u00e9rison Navajo en Tsegihi<\/p><\/blockquote>\n<p>Dans la maison faite d\u2019aurore<br \/>\nDans la maison faite de cr\u00e9puscule<br \/>\nDans la maison faite de sombres nuages<br \/>\nDans la maison faite de pluie m\u00e2le<br \/>\nDans la maison faite de sombre brouillard<br \/>\nDans la maison faite de pluie femelle<br \/>\nDans la maison faite de pollen<br \/>\nDans la maison faite de sauterelles<\/p>\n<p>Quand le sombre brouillard barre la porte<br \/>\nLe chemin pour le traverser se trouve dans l\u2019arc-en-ciel<br \/>\nQuand les \u00e9clairs zigzaguent sur le fa\u00eete<br \/>\nQuand la violente pluie bat les cimes<br \/>\nOh, m\u00e2le divinit\u00e9 !<\/p>\n<p>Avec tes mocassins de nuage sombre, viens \u00e0 nous<br \/>\nAvec tes jambi\u00e8res de nuage sombre, viens \u00e0 nous<br \/>\nAvec ta chemise de nuage sombre, viens \u00e0 nous<br \/>\nAvec ta coiffe de nuage sombre, viens \u00e0 nous<br \/>\nAvec ton esprit envelopp\u00e9 de nuage sombre, viens \u00e0 nous<br \/>\nAvec le sombre tonnerre au-dessus de toi, \u00e9lance-toi vers nous<br \/>\nAvec les nuages fa\u00e7onn\u00e9s \u00e0 tes pieds, \u00e9lance-toi vers nous<br \/>\nAvec l\u2019obscurit\u00e9 lointaine faite de sombres nuages au-dessus de ta t\u00eate, \u00e9lance-toi vers nous<\/p>\n<p>Avec l\u2019obscurit\u00e9 lointaine faite de pluie m\u00e2le au-dessus de ta t\u00eate, \u00e9lance-toi vers nous<br \/>\nAvec l\u2019obscurit\u00e9 lointaine faite de pluie femelle, \u00e9lance-toi vers nous<br \/>\nAvec les \u00e9clairs sur le fa\u00eete, au-dessus de ta t\u00eate, \u00e9lance-toi vers nous<br \/>\nAvec l\u2019arc-en-ciel accroch\u00e9 \u00e0 la vo\u00fbte au-dessus de ta t\u00eate, \u00e9lance-toi vers nous<br \/>\nAvec l\u2019obscurit\u00e9 lointaine faite de sombres nuages au bout de tes ailes, \u00e9lance-toi vers nous<br \/>\nAvec l\u2019obscurit\u00e9 de la terre, viens \u00e0 nous<\/p>\n<p>Je t\u2019ai offert le sacrifice rituel<br \/>\nJ\u2019ai pr\u00e9par\u00e9 le pollen pour toi.<\/p>\n<p>Fasse que mes pieds se r\u00e9tablissent<br \/>\nFasse que mes membres se r\u00e9tablissent<br \/>\nFasse que mon corps se r\u00e9tablisse<br \/>\nFasse que mon esprit se r\u00e9tablisse<br \/>\nFasse que ma voix se r\u00e9tablisse<\/p>\n<p>Maintenant, arrache ce sortil\u00e8ge de moi<br \/>\nAujourd\u2019hui, emporte ce sortil\u00e8ge pour moi.<\/p>\n<p>Loin de moi, tu l\u2019as tra\u00een\u00e9<br \/>\nLoin de moi, il s\u2019en est all\u00e9<br \/>\nTu as fait cela.<\/p>\n<p>Avec joie, je me r\u00e9tablis<br \/>\nAvec joie, mon int\u00e9rieur s\u2019apaise<br \/>\nAvec joie, mes membres retrouvent leur force<br \/>\nAvec joie, ma t\u00eate devient calme<br \/>\nAvec joie, j\u2019entends \u00e0 nouveau<br \/>\nAvec joie, je marche<\/p>\n<p>Insensible \u00e0 la douleur, je marche<br \/>\nLa lumi\u00e8re en moi, je marche<br \/>\nSentant la vie, je marche.<\/p>\n<p>Avec joie, les enfants te regarderont<br \/>\nAvec joie, les a\u00een\u00e9s te regarderont<br \/>\nAvec joie, dispers\u00e9s dans diff\u00e9rentes directions, ils te regarderont<br \/>\nAvec joie, comme ils s\u2019approcheront de leurs maisons, ils te regarderont<br \/>\nAvec joie, puissent-ils tous rentrer.<\/p>\n<p>Dans la beaut\u00e9, je marche<br \/>\nAvec la beaut\u00e9 devant moi, je marche<br \/>\nAvec la beaut\u00e9 derri\u00e8re moi, je marche<br \/>\nAvec la beaut\u00e9 au-dessus de moi, je marche<br \/>\nAvec la beaut\u00e9 au-dessous de moi, je marche<br \/>\nAvec la beaut\u00e9 tout autour de moi, je marche<\/p>\n<p>Tout est fini dans la pl\u00e9nitude<br \/>\nTout est fini dans la pl\u00e9nitude<\/p>\n<\/div>\n<h4 align=\"left\"><em><span style=\"font-family: Arial;\">Source: C\u00e9r\u00e9monie de gu\u00e9rison Navajo<\/span><\/em><span style=\"font-family: Arial;\">..<em>.<a href=\"http:\/\/www.lespasseurs.com\/\" target=\"_blank\">www.lespasseurs.com<\/a><\/em><\/span><\/h4>\n<p><a href=\"http:\/\/bp0.blogger.com\/_XJbH0XrE-9g\/SJXjr7pOelI\/AAAAAAAAAC4\/8kXn8RcPqBo\/s1600-h\/kimken.jpeg\"><img decoding=\"async\" class=\"alignright\" id=\"BLOGGER_PHOTO_ID_5230336886145186386\" alt=\"\" src=\"http:\/\/bp0.blogger.com\/_XJbH0XrE-9g\/SJXjr7pOelI\/AAAAAAAAAC4\/8kXn8RcPqBo\/s320\/kimken.jpeg\" border=\"0\" \/><\/a><strong><em>Kim et Ken, mes enfants disparus<br \/>\n<\/em><\/strong>Editions Luc Pire<\/p>\n<p>Dire adieu \u00e0 ses enfants, qui ne f\u00eateront plus jamais leur anniversaire, fait partie du quotidien de Tinny Mast depuis douze ans. Elle avait vingt-huit ans, le 24 janvier 1994, quand Kim, sa fille, et Ken, son jeune gar\u00e7on ont disparu. Un mois plus tard, Kim sera retrouv\u00e9e dans les eaux de l\u2019Asiadock \u00e0 Anvers, viol\u00e9e et assassin\u00e9e. Aujourd\u2019hui encore, Tinny ne sait pas ce qu\u2019il est advenu de son fils. Kim et Ken, mes enfants disparus nous plonge au c\u0153ur de la souffrance d\u2019une maman avec ses espoirs, ses doutes, ses interrogations, ses peurs\u2026 Parfois de mani\u00e8re po\u00e9tique, parfois de mani\u00e8re philosophique, mais toujours avec une simplicit\u00e9 sans d\u00e9tour, Tinny Mast a \u00e9crit une couronne de perles de vingt-six mots qui sert d\u2019adieu \u00e0 Kim et Ken.Consid\u00e9r\u00e9e comme \u00ab marginale \u00bb, ni la cour ni la police judiciaire ne la crurent. Elle fut humili\u00e9e. Tinny Mast fut, avec les familles Russo, Brichet, Marchal, Ben A\u00efssa et Lejeune, l\u2019une des figures de proue, il y a dix ans, de la marche blanche. \u00ab De la peine na\u00eet l\u2019espoir \u00bb, \u00e9crit-elle. Son \u00e9mouvant plaidoyer pour l\u2019amour et une nouvelle solidarit\u00e9 est une r\u00e9f\u00e9rence pour tous ceux qui vivent un drame personnel. Tinny Mast s\u2019oppose \u00e0 l\u2019intol\u00e9rance croissante de la soci\u00e9t\u00e9 et au discours politique actuel. Pour que la vie de ceux qui ne f\u00eateront plus jamais leur anniversaire ait encore un sens. Luc Vervaet a accompagn\u00e9 l\u2019\u00e9criture de ce livre et Carine Russo a \u00e9crit la pr\u00e9face.<br \/>\nPr\u00e9face : Carine Russo<br \/>\nTexte : Tinny Mast<br \/>\nParution Belgique: 18\/10\/2006<\/p>\n<p>Vous trouverez ce livre <a href=\"http:\/\/www.pagesdor.be\/search\/librairie.html\" target=\"_blank\">chez votre libraire<\/a><br \/>\nPrix : 17,00 euros<\/p>\n<\/div>\n<div><span style=\"font-family: Arial;\"><span style=\"font-family: Arial;\"><em><strong>Tinny Mast Alfabet voor Kim en Ken <\/strong><\/em><br \/>\nAltijd op zoek Het alfabet van de moeder van Kim en Ken<br \/>\nPrijs: \u20ac 14,90 oktober 2006<br \/>\nSamengevat:<br \/>\nAfscheid nemen van kinderen die nooit meer zullen verjaren, is sinds twaalf jaar een van de <a href=\"http:\/\/bp3.blogger.com\/_XJbH0XrE-9g\/SJYjLwOAYNI\/AAAAAAAAADA\/iwoLjUJCcIY\/s1600-h\/mast-altijd-op-zoek.jpg\"><img decoding=\"async\" class=\"alignleft\" id=\"BLOGGER_PHOTO_ID_5230406702066589906\" alt=\"\" src=\"http:\/\/bp3.blogger.com\/_XJbH0XrE-9g\/SJYjLwOAYNI\/AAAAAAAAADA\/iwoLjUJCcIY\/s320\/mast-altijd-op-zoek.jpg\" border=\"0\" \/><\/a>rituelen van Tinny Mast. Tinny was 28 toen op 4 januari 1994 Kim, haar dochtertje van 11, en Ken, haar zoontje van 8, verdwenen. Kim werd een maand na de verdwijning teruggevonden in het Asiadok te Antwerpen, vermoord en verkracht. Van Ken is tot vandaag nog altijd geen spoor. Altijd op Zoek leidt de lezer binnen in het verminkte hart van de moeder die achterblijft. Nu eens po\u00ebtisch, dan filosofisch, altijd in een eenvoud zonder omhaal, schreef Tinny Mast een parelkrans van 26 woorden, een alfabet van A tot Z, als afscheid aan Kim en Ken. Niet geloofd en vernederd als \u2018marginaal\u2019 door gerecht en gerechtelijke politie, werd Tinny Mast met de familie Russo, Brichet, Marchal, Ben A\u00efssa en Lejeune een van de boegbeelden van de Witte Mars van tien jaar geleden. De grootste naoorlogse mars die ooit door Brussel trok. Uit pijn ontstaat hoop, schrijft ze. Haar aangrijpend pleidooi voor liefde en een nieuwe solidariteit is een houvast voor ieder mens die een persoonlijk drama moet verwerken.<br \/>\nTinny Mast gaat ook regelrecht in de clinch met de toenemende intolerantie in de maatschappij en met het huidige politieke discours. Om het leven van hen die nooit meer zullen verjaren alsnog een betekenis te geven. Luk Vervaet bewerkte de teksten en kinderpsychiater Peter Adriaenssen schreef het voorwoord.<\/span><\/span><\/div>\n<\/div>\n","protected":false},"excerpt":{"rendered":"<p>Le 5 ao\u00fbt 1992 disparaissait Loubna Bena\u00efssa, une jeune fille de neuf ans, \u00e0 Ixelles. Plusieurs ann\u00e9es se sont \u00e9coul\u00e9es sans aucun \u00e9claircissement pour la famille. L\u2019enqu\u00eate fut entach\u00e9e d\u2019erreurs. L\u2019affaire a seulement pris de l\u2019ampleur dans la foul\u00e9e de l\u2019affaire Dutroux. Le 5 mars 1997, le corps de la jeune fille \u00e9tait retrouv\u00e9 dans &#8230; <a title=\"Une pens\u00e9e pour tous les enfants disparus\u2026\" class=\"read-more\" href=\"https:\/\/bruxelles-pantheres.be\/?p=934\" aria-label=\"En savoir plus sur Une pens\u00e9e pour tous les enfants disparus\u2026\">Lire la suite<\/a><\/p>\n","protected":false},"author":1,"featured_media":935,"comment_status":"open","ping_status":"open","sticky":false,"template":"","format":"standard","meta":{"footnotes":""},"categories":[24,18],"tags":[13],"class_list":["post-934","post","type-post","status-publish","format-standard","has-post-thumbnail","hentry","category-belgique-maroc","category-resistance-bruxelles","tag-nordine-saidi"],"_links":{"self":[{"href":"https:\/\/bruxelles-pantheres.be\/index.php?rest_route=\/wp\/v2\/posts\/934","targetHints":{"allow":["GET"]}}],"collection":[{"href":"https:\/\/bruxelles-pantheres.be\/index.php?rest_route=\/wp\/v2\/posts"}],"about":[{"href":"https:\/\/bruxelles-pantheres.be\/index.php?rest_route=\/wp\/v2\/types\/post"}],"author":[{"embeddable":true,"href":"https:\/\/bruxelles-pantheres.be\/index.php?rest_route=\/wp\/v2\/users\/1"}],"replies":[{"embeddable":true,"href":"https:\/\/bruxelles-pantheres.be\/index.php?rest_route=%2Fwp%2Fv2%2Fcomments&post=934"}],"version-history":[{"count":1,"href":"https:\/\/bruxelles-pantheres.be\/index.php?rest_route=\/wp\/v2\/posts\/934\/revisions"}],"predecessor-version":[{"id":936,"href":"https:\/\/bruxelles-pantheres.be\/index.php?rest_route=\/wp\/v2\/posts\/934\/revisions\/936"}],"wp:featuredmedia":[{"embeddable":true,"href":"https:\/\/bruxelles-pantheres.be\/index.php?rest_route=\/wp\/v2\/media\/935"}],"wp:attachment":[{"href":"https:\/\/bruxelles-pantheres.be\/index.php?rest_route=%2Fwp%2Fv2%2Fmedia&parent=934"}],"wp:term":[{"taxonomy":"category","embeddable":true,"href":"https:\/\/bruxelles-pantheres.be\/index.php?rest_route=%2Fwp%2Fv2%2Fcategories&post=934"},{"taxonomy":"post_tag","embeddable":true,"href":"https:\/\/bruxelles-pantheres.be\/index.php?rest_route=%2Fwp%2Fv2%2Ftags&post=934"}],"curies":[{"name":"wp","href":"https:\/\/api.w.org\/{rel}","templated":true}]}}