{"id":937,"date":"2012-08-02T21:56:23","date_gmt":"2012-08-02T20:56:23","guid":{"rendered":"https:\/\/bruxelles-pantheres.be\/?p=937"},"modified":"2013-11-11T22:03:29","modified_gmt":"2013-11-11T21:03:29","slug":"lheure-de-la-depenalisation-a-sonne","status":"publish","type":"post","link":"https:\/\/bruxelles-pantheres.be\/?p=937","title":{"rendered":"L\u2019heure de la d\u00e9p\u00e9nalisation a sonn\u00e9"},"content":{"rendered":"<h3><img decoding=\"async\" class=\"decoded alignright\" alt=\"http:\/\/www.la-croix.com\/var\/bayard\/storage\/images\/lacroix\/actualite\/s-informer\/france\/la-legalisation-controlee-du-cannabis-a-t-elle-un-sens-_np_-2011-06-16-642948\/20013402-3-fre-FR\/La-legalisation-controlee-du-cannabis-a-t-elle-un-sens_article_main.jpg\" src=\"http:\/\/www.la-croix.com\/var\/bayard\/storage\/images\/lacroix\/actualite\/s-informer\/france\/la-legalisation-controlee-du-cannabis-a-t-elle-un-sens-_np_-2011-06-16-642948\/20013402-3-fre-FR\/La-legalisation-controlee-du-cannabis-a-t-elle-un-sens_article_main.jpg\" \/><\/h3>\n<p id=\"writer\" style=\"text-align: justify;\">Jean-Marie DERMAGNE<\/p>\n<p id=\"publicationDate\" style=\"text-align: justify;\">Mis en ligne le 02\/08\/2012<\/p>\n<div id=\"articleHat\" style=\"text-align: justify;\">Plus de 30% des d\u00e9tenus sont en prison pour des faits li\u00e9s \u00e0 la drogue. La prohibition reste une \u00e9vidence, mais son \u00e9chec est cuisant.<\/div>\n<div id=\"articleText\">Roosevelt l\u2019a fait avec l\u2019alcool. Faisons-le avec les autres drogues. Gardiens de prison, policiers, assistants de justice, magistrats : tous hurlent au sous-effectif. Pas \u00e9tonnant : on n\u2019arr\u00eate pas d\u2019engraisser le code p\u00e9nal et de faire de la tol\u00e9rance z\u00e9ro tous azimuts ! Para\u00eet que l\u2019\u00e9lecteur moyen en r\u00e9clame toujours plus. Du coup, les arrestations, les gardes \u00e0 vue, les d\u00e9tentions pr\u00e9ventives, les peines de prison \u00e0 rallonge explosent !<!--more--><\/p>\n<p style=\"text-align: justify;\">\n<p style=\"text-align: justify;\">On n\u2019a plus vu \u00e7a depuis des lustres : Ravachol, la bande \u00e0 Bonnot, et les tueurs du Brabant r\u00e9unis n\u2019ont pas r\u00e9ussi \u00e0 durcir le r\u00e9gime r\u00e9pressif, ni \u00e0 gonfler le mammouth policier comme on le fait maintenant. D\u00e9sormais, il suffit d\u2019un un barbu vindicatif, d\u2019une insoumise en Burqa ou de d\u00e9bordements de jeunes mal dans leur peau pour que des ministres annoncent illico des moyens suppl\u00e9mentaires ou des lois plus dures. Et tout cela, remarquez, malgr\u00e9 la disette budg\u00e9taire et le spectre grec ou espagnol.<\/p>\n<p style=\"text-align: justify;\">Cons\u00e9quences de ce raz-de-mar\u00e9e s\u00e9curitaire et du tout-\u00e0-l\u2019\u00e9gout r\u00e9pressif : des prisons transform\u00e9es en goulags, avec leur cort\u00e8ge de mutineries, de prises d\u2019otage, et de r\u00e9cidives ! Des gardiens au bord de la crise de nerfs, des juges d\u00e9prim\u00e9s et des policiers tant\u00f4t en \u00ab\u00a0burn out\u00a0\u00bb et d\u00e9mobilis\u00e9s, tant\u00f4t dress\u00e9s fa\u00e7on \u00ab\u00a0full metal jacket\u00a0\u00bb et capables de faire que l\u2019ordre r\u00e8gne \u00e0 Bruxelles comme \u00e0 Santiago en 1973.<\/p>\n<p style=\"text-align: justify;\">Comment desserrer l\u2019\u00e9tau, d\u00e9l\u00e9t\u00e8re pour les libert\u00e9s, mais aussi carnassier pour les finances publiques ? N\u2019y allons pas par quatre chemins : il faut d\u00e9p\u00e9naliser tout ce qui peut l\u2019\u00eatre. R\u00e9server la prison \u00e0 ceux qui ne respectent pas la dignit\u00e9, l\u2019int\u00e9grit\u00e9 et la vie des autres. Et r\u00e9guler la vie en soci\u00e9t\u00e9, par la p\u00e9dagogie, quand c\u2019est possible, et par la fiscalit\u00e9 quand ce ne l\u2019est pas.<\/p>\n<p style=\"text-align: justify;\">La prison, elle, a d\u2019ores et d\u00e9j\u00e0 prouv\u00e9 ses limites : elle se nourrit en fabriquant la r\u00e9cidive. Quasi 60 % des gens qui passent derri\u00e8re les barreaux y retournent. Cela en dit long sur l\u2019efficacit\u00e9 du syst\u00e8me Et pour donner de l\u2019oxyg\u00e8ne aux gardiens, aux policiers et aux juges, d\u00e9barrassons-nous d\u2019abord de ce rocher de Sisyphe qu\u2019est le traitement p\u00e9nal des drogues.<\/p>\n<p style=\"text-align: justify;\">Cela fait 50 ans qu\u2019on croit pouvoir \u00e9radiquer ce fl\u00e9au en stigmatisant les consommateurs et en faisant une guerre sans merci aux producteurs et aux trafiquants. L\u2019\u00e9chec est cuisant : non seulement la consommation a cr\u00fb (et, paradoxe, davantage dans les pays prohibitionnistes comme la France ou la Belgique, que chez les tol\u00e9rants comme la Hollande, le Portugal ou l\u2019Espagne !), mais les trafiquants de tous acabits, principalement les mafias, n\u2019ont cess\u00e9 de prosp\u00e9rer, et cette prosp\u00e9rit\u00e9 obsc\u00e8ne s\u2019est accompagn\u00e9e d\u2019une hausse d\u00e9vastatrice de la criminalit\u00e9, avec des dizaines de milliers de morts violentes \u00e0 la cl\u00e9.<\/p>\n<p style=\"text-align: justify;\">A une \u00e9poque o\u00f9 l\u2019alcool faisait autant de ravages que la coca\u00efne ou l\u2019h\u00e9ro\u00efne aujourd\u2019hui, les Etats-Unis ont tent\u00e9 la prohibition. C\u2019\u00e9tait en 1919. En moins de 15 ans, ce fut la b\u00e9r\u00e9zina. Malgr\u00e9 des prisons pleines \u00e0 craquer, la consommation d\u2019alcool n\u2019avait pas baiss\u00e9 d\u2019un iota. La prohibition avait engraiss\u00e9 les gangs et fait prosp\u00e9rer les mafias (relisez \u00ab\u00a0Tintin en Am\u00e9rique\u00a0\u00bb). Et cela, sans parler de la corruption : si certains policiers comme Eliott Ness ont \u00e9t\u00e9 qualifi\u00e9s d\u2019\u00a0\u00bbincorruptibles\u00a0\u00bb, cela en dit long sur la gangr\u00e8ne de leurs coll\u00e8gues .<\/p>\n<p style=\"text-align: justify;\">L\u2019alcool est demeur\u00e9 un fl\u00e9au. Mais l\u2019abandon de la prohibition, d\u00e9cid\u00e9 par Roosevelt d\u00e8s apr\u00e8s son \u00e9lection en 1933, a provoqu\u00e9 \u00e0 la fois une baisse spectaculaire de la criminalit\u00e9 et une diminution de la vente des alcools frelat\u00e9s particuli\u00e8rement nocifs et il fut, gr\u00e2ce aux taxes incluses dans les prix et aux imp\u00f4ts pay\u00e9s par les producteurs et les distributeurs, une mine d\u2019or pour les finances publiques an\u00e9anties par le krach de 1929 et la grande crise.<\/p>\n<p style=\"text-align: justify;\">Tout le monde clame que les drogu\u00e9s n\u2019ont rien \u00e0 faire en prison et pourtant les juges continuent \u00e0 les y envoyer \u00e0 tour de bras ! Plus de 30 % des d\u00e9tenus sont en prison pour des faits li\u00e9s \u00e0 la drogue. Des kyrielles d\u2019adolescents ou de jeunes adultes sont transform\u00e9s en voyous ou en parias \u00e0 cause de l\u2019\u00e9tiquette \u00ab\u00a0drogu\u00e9\u00a0\u00bb ou \u00ab\u00a0dealer\u00a0\u00bb que le syst\u00e8me r\u00e9pressif leur colle. Des vies sont bris\u00e9es. Des familles d\u00e9chir\u00e9es. Le traitement p\u00e9nal des toxicomanies est un chol\u00e9ra social !<\/p>\n<p style=\"text-align: justify;\">Pas question, bien s\u00fbr, d\u2019abandonner les toxicomanes \u00e0 leur sort : comme pour les alcooliques ou les fumeurs inv\u00e9t\u00e9r\u00e9s, un traitement m\u00e9dical et un accompagnement s\u2019imposent, une fois la chasse p\u00e9nale stopp\u00e9e. Mais cela co\u00fbtera dix fois moins, le calcul a \u00e9t\u00e9 fait en Gr\u00e8ce r\u00e9cemment. L\u2019Uruguay vient de prendre la d\u00e9cision de l\u00e9galiser. Le Portugal a d\u00e9p\u00e9nalis\u00e9 la consommation depuis belle lurette. L\u2019usage th\u00e9rapeutique du cannabis est devenu familier en Californie. La voie semble trac\u00e9e.<\/p>\n<p style=\"text-align: justify;\">Pour la plupart des Belges et des Fran\u00e7ais, la prohibition reste une \u00e9vidence. Une sorte d\u2019atavisme. Ou un r\u00e9flexe de Pavlov enracin\u00e9 dans l\u2019enfance : qui n\u2019a pas m\u00e9pris\u00e9 l\u2019immonde Rastapopoulos, pour revenir \u00e0 Tintin, tirant les ficelles du trafic d\u2019opium dans le Lotus bleu ? Et le r\u00e9gime actuel a des d\u00e9fenseurs sournois : les mafias qui prosp\u00e8rent gr\u00e2ce \u00e0 lui et qui, \u00e0 l\u2019annonce d\u2019un projet de l\u00e9galisation, financent ipso facto des tas d\u2019\u00e9tudes et d\u2019articles de presse annon\u00e7ant l\u2019apocalypse.<\/p>\n<p style=\"text-align: justify;\">L\u2019histoire l\u2019a pourtant d\u00e9montr\u00e9, c\u2019est Roosevelt qui a eu raison en 1933 avec l\u2019alcool. Pas les ligues de temp\u00e9rance qui lui ont promis l\u2019enfer.<\/p>\n<p style=\"text-align: right;\"><a href=\"http:\/\/www.lalibre.be\/debats\/opinions\/article\/753136\/l-heure-de-la-depenalisation-a-sonne.html\">Source<\/a><\/p>\n<\/div>\n","protected":false},"excerpt":{"rendered":"<p>Jean-Marie DERMAGNE Mis en ligne le 02\/08\/2012 Plus de 30% des d\u00e9tenus sont en prison pour des faits li\u00e9s \u00e0 la drogue. La prohibition reste une \u00e9vidence, mais son \u00e9chec est cuisant. Roosevelt l\u2019a fait avec l\u2019alcool. Faisons-le avec les autres drogues. Gardiens de prison, policiers, assistants de justice, magistrats : tous hurlent au sous-effectif. &#8230; <a title=\"L\u2019heure de la d\u00e9p\u00e9nalisation a sonn\u00e9\" class=\"read-more\" href=\"https:\/\/bruxelles-pantheres.be\/?p=937\" aria-label=\"En savoir plus sur L\u2019heure de la d\u00e9p\u00e9nalisation a sonn\u00e9\">Lire la suite<\/a><\/p>\n","protected":false},"author":1,"featured_media":938,"comment_status":"open","ping_status":"open","sticky":false,"template":"","format":"standard","meta":{"footnotes":""},"categories":[36,8,18,5],"tags":[59],"class_list":["post-937","post","type-post","status-publish","format-standard","has-post-thumbnail","hentry","category-europe","category-prisons","category-resistance-bruxelles","category-violence-policiere","tag-jean-marie-dermagne"],"_links":{"self":[{"href":"https:\/\/bruxelles-pantheres.be\/index.php?rest_route=\/wp\/v2\/posts\/937","targetHints":{"allow":["GET"]}}],"collection":[{"href":"https:\/\/bruxelles-pantheres.be\/index.php?rest_route=\/wp\/v2\/posts"}],"about":[{"href":"https:\/\/bruxelles-pantheres.be\/index.php?rest_route=\/wp\/v2\/types\/post"}],"author":[{"embeddable":true,"href":"https:\/\/bruxelles-pantheres.be\/index.php?rest_route=\/wp\/v2\/users\/1"}],"replies":[{"embeddable":true,"href":"https:\/\/bruxelles-pantheres.be\/index.php?rest_route=%2Fwp%2Fv2%2Fcomments&post=937"}],"version-history":[{"count":1,"href":"https:\/\/bruxelles-pantheres.be\/index.php?rest_route=\/wp\/v2\/posts\/937\/revisions"}],"predecessor-version":[{"id":939,"href":"https:\/\/bruxelles-pantheres.be\/index.php?rest_route=\/wp\/v2\/posts\/937\/revisions\/939"}],"wp:featuredmedia":[{"embeddable":true,"href":"https:\/\/bruxelles-pantheres.be\/index.php?rest_route=\/wp\/v2\/media\/938"}],"wp:attachment":[{"href":"https:\/\/bruxelles-pantheres.be\/index.php?rest_route=%2Fwp%2Fv2%2Fmedia&parent=937"}],"wp:term":[{"taxonomy":"category","embeddable":true,"href":"https:\/\/bruxelles-pantheres.be\/index.php?rest_route=%2Fwp%2Fv2%2Fcategories&post=937"},{"taxonomy":"post_tag","embeddable":true,"href":"https:\/\/bruxelles-pantheres.be\/index.php?rest_route=%2Fwp%2Fv2%2Ftags&post=937"}],"curies":[{"name":"wp","href":"https:\/\/api.w.org\/{rel}","templated":true}]}}