{"id":940,"date":"2012-08-01T22:04:32","date_gmt":"2012-08-01T21:04:32","guid":{"rendered":"https:\/\/bruxelles-pantheres.be\/?p=940"},"modified":"2013-11-11T22:07:46","modified_gmt":"2013-11-11T21:07:46","slug":"lintegration-ou-lhorizon-inaccessible","status":"publish","type":"post","link":"https:\/\/bruxelles-pantheres.be\/?p=940","title":{"rendered":"L&rsquo;int\u00e9gration ou l&rsquo;horizon inaccessible"},"content":{"rendered":"<div id=\"main-content\">\n<div>\n<p>Aurore Van Opstal<\/p>\n<p>mercredi 01 ao\u00fbt 2012, 16:42<\/p>\n<h4>Aurore Van Opstal, co-auteur d&rsquo;\u201dIsra\u00ebl, parlons-en\u201d et r\u00e9alisatrice de\u00a0: \u201cDSK, Hollande, etc.\u201d<\/h4>\n<\/div>\n<div id=\"story_body\">\n<p>Interview\u00e9e dans Le Soir du 28 juillet, la ministre de la culture a d\u00e9clar\u00e9 : \u201c <a href=\"http:\/\/www.lesoir.be\/actualite\/belgique\/2012-07-28\/chapitre-1-le-maroc-reynders-le-parcours-d-integration-929142.php\" target=\"_self\">Les personnes qui arrivent sur le territoire et veulent y vivre, doivent se pr\u00e9senter \u00e0 un bureau d&rsquo;accueil o\u00f9 on \u00e9value leur connaissance du fran\u00e7ais, leur potentiel d&rsquo;int\u00e9gration, leur profil socio \u00e9conomique : c&rsquo;est important. Il faut m\u00eame aller plus loin : cette personne doit pouvoir s&rsquo;exprimer dans une des langues nationales mais doit aussi conna\u00eetre nos r\u00e8gles et nos valeurs <\/a>\u201c. Fadila Laanan, comme d&rsquo;autres enfants issus de l&rsquo;immigration amen\u00e9s \u00e0 travailler pour la pi\u00e8ce-ma\u00eetresse de la particratie belge, tient un discours relatif aux id\u00e9es d&rsquo;int\u00e9gration et de naturalisation. Ce qui la conduit \u00e0 \u00e9voquer \u201c les valeurs et les r\u00e8gles \u201c de la Belgique que \u201c ces gens \u201c souhaitant vivre ici doivent int\u00e9grer.<!--more--><\/p>\n<p><img decoding=\"async\" class=\"decoded\" alt=\"http:\/\/www.egalite.be\/wp-content\/uploads\/2012\/08\/5595162031.jpg\" src=\"http:\/\/www.egalite.be\/wp-content\/uploads\/2012\/08\/5595162031.jpg\" \/><\/p>\n<p>&nbsp;<\/p>\n<p>On ne peut qu&rsquo;\u00eatre surpris de voir des descendants de l&rsquo;immigration maghr\u00e9bine, se revendiquant socialistes, participer de ce discours souvent r\u00e9v\u00e9lateur d&rsquo;un racisme politiquement correct. En effet, \u201c l&rsquo;int\u00e9gration \u201c est un concept empreint de grande symbolique et de sous-entendus tacites qui ne reconna\u00eet \u00e0 l&rsquo;immigr\u00e9 qu&rsquo;un statut passif dans la soci\u00e9t\u00e9 d&rsquo;accueil. Ainsi, comme l&rsquo;a mis en \u00e9vidence le sociologue Abdelmalek Sayad : \u201c Le discours sur l&rsquo;int\u00e9gration est un discours fond\u00e9 sur la croyance (et le pr\u00e9jug\u00e9)\u201d.<\/p>\n<p>Qui sont ces \u201c gens \u201c dont Madame Laanan parlent ? Dans l&rsquo;inconscient populaire, il s&rsquo;agit \u00e9videmment de celles et ceux qu&rsquo;on appelle commun\u00e9ment \u201c les arabes \u201c. Ceux qui sont stigmatis\u00e9s parce qu&rsquo;ils ont le m\u00eame faci\u00e8s que Madame Laanan, la m\u00eame origine. D&rsquo;ailleurs, elle en parle de ce racisme : \u201c J&rsquo;allais au bureau des \u00e9trangers chercher les papiers pour les administrations ou l&rsquo;\u00e9cole : il y avait une file monstrueuse, sous la pluie, dehors. Cela me r\u00e9voltait compl\u00e8tement. Nous \u00e9tions consid\u00e9r\u00e9s comme des citoyens de seconde zone. C&rsquo;\u00e9tait insupportable et \u00e7a me rendait folle \u201c. D\u00e8s lors, comment peut-elle aujourd&rsquo;hui admonester ces \u201c gens \u201c ? Ceux qui, on le suppose, d\u00e9tiennent des r\u00e8gles et des valeurs qui ne sont pas bonnes, pas empreintes de l&rsquo;id\u00e9e de d\u00e9mocratie, pas occidentales. Ceux qui doivent apprendre \u00e0 devenir des \u201c personnes civilis\u00e9es \u201c dans notre pays par le biais de la connaissance de \u201c nos r\u00e8gles et nos valeurs \u201c. Comment, Fadila Laanan, peut-elle les renvoyer \u00e0 l&rsquo;injonction \u00e0 d\u00e9montrer un \u201c potentiel d&rsquo;int\u00e9gration \u201c ? N&rsquo;est-on pas l\u00e0 face \u00e0 une consid\u00e9ration inf\u00e9riorisante de ces citoyens dont elle a fait partie ? A n&rsquo;en pas douter : il s&rsquo;agit bien l\u00e0 d&rsquo;un discours post-colonialiste \u00e0 peine d\u00e9guis\u00e9.<\/p>\n<p>Mais la ministre de la culture va plus loin : \u201c C&rsquo;est crucial notamment pour les femmes qui arrivent dans le cadre du regroupement familial et sont sous la pression de leur mari, emp\u00each\u00e9es de sortir, ne pouvant d\u00e8s lors absolument pas s&rsquo;int\u00e9grer. \u201c. Karima, insoumise, d\u00e9voil\u00e9e et menac\u00e9e est de retour !<\/p>\n<p>Pour \u00eatre naturalis\u00e9 belge, l&rsquo;homme arabe, machiste et violent par nature, doit apprendre \u00e0 se conduire de mani\u00e8re correcte envers son \u00e9pouse et celle-ci \u00e0 s&rsquo;affranchir du pouvoir structurant de son \u00e9poux. N&rsquo;est-on pas l\u00e0 au coeur m\u00eame du pr\u00e9jug\u00e9 ? De plus, s&rsquo;il s&rsquo;agit, pour l&rsquo;immigr\u00e9 et l&rsquo;immigr\u00e9e, d&rsquo;int\u00e9grer le rapport homme-femme \u00e0 la belge. Qui peut s\u00e9rieusement parler d&rsquo;un rapport d&rsquo;\u00e9gal \u00e0 \u00e9gal ? En Belgique, dans 62 % des entreprises cot\u00e9es en bourse, on ne trouve aucune femme dans le conseil d&rsquo;administration ; il existe peu de repr\u00e9sentation f\u00e9minine dans les Ordres des professions lib\u00e9rales ; les r\u00e9dactions restent essentiellement un monde masculin, sauf pour les magazines f\u00e9minins ; le sommet de la magistrature semble toujours domin\u00e9 par les hommes ; enfin, en d\u00e9pit d&rsquo;une longue sensibilisation et malgr\u00e9 les quotas concernant la composition des listes \u00e9lectorales, la proportion de femmes dot\u00e9es de mandats politiques aux diff\u00e9rents niveaux de pouvoir n&rsquo;augmente pas de mani\u00e8re significative .<\/p>\n<p>Constats qui nous renvoient effectivement \u00e0 nos valeurs jud\u00e9o-chr\u00e9tiennes par l&rsquo;entremise de ce sermon christique : \u201c Pourquoi vois-tu la paille qui est dans l&rsquo;\u0153il de ton fr\u00e8re, et n&rsquo;aper\u00e7ois-tu pas la poutre qui est dans ton \u0153il ? Ou comment peux-tu dire \u00e0 ton fr\u00e8re : Laisse-moi \u00f4ter une paille de ton \u0153il, toi qui as une poutre dans le tien ? Hypocrite, \u00f4te premi\u00e8rement la poutre de ton \u0153il, et alors tu verras comment \u00f4ter la paille de l&rsquo;\u0153il de ton fr\u00e8re \u201c.<\/p>\n<p>Il est n\u00e9cessaire de d\u00e9construire ces mots, argumentaires et concepts utilis\u00e9s de mani\u00e8re r\u00e9currente dans le paysage politique pour \u00e9voquer le \u201c probl\u00e8me \u201c de l&rsquo;immigration. Selon le discours ambiant, l&rsquo;immigr\u00e9 doit faire davantage que s&rsquo;int\u00e9grer en r\u00e9alisant une adaptation socio\u00e9conomique sans pour autant renoncer \u00e0 ses sp\u00e9cificit\u00e9s culturelles. Il doit s&rsquo;incorporer \u00e0 la soci\u00e9t\u00e9 d&rsquo;accueil, voire pire : s&rsquo;y assimiler. Id\u00e9e qui implique une acculturation totale et qui passe par le renoncement presque complet \u00e0 sa religion. Au sujet du port du voile, la ministre d\u00e9clare : \u201c Je suis tr\u00e8s respectueuse des croyances et des religions mais je suis une la\u00efque. J&rsquo;estime que la religion doit se vivre int\u00e9rieurement, on n&rsquo;a pas besoin de l&rsquo;exprimer comme un \u00e9tendard, comme s&rsquo;il n&rsquo;y avait que cela de bien \u201c. Il serait bon de rappeler que la la\u00efcit\u00e9 n&rsquo;implique pas l&rsquo;absence du fait religieux dans la sph\u00e8re publique et que, par ailleurs, cela est anticonstitutionnel.<\/p>\n<p>Il en va de ce d\u00e9bat comme d&rsquo;une vieille m\u00e9lodie populaire, le terme int\u00e9gration \u00e9pouse syst\u00e9matiquement les mots : \u201c immigr\u00e9s \u201c et \u201c \u00e9trangers \u201c. Qui n&rsquo;a jamais entendu dire : \u201c Les immigr\u00e9s ne sont pas int\u00e9gr\u00e9s \u201c ? Or, l&rsquo;int\u00e9gration demeure une sommation \u00e9ternellement rab\u00e2ch\u00e9e, car \u00e0 aucun moment enti\u00e8rement accomplie, car en aucune circonstance applicable ; pour celui et celle qui doit s&rsquo;y astreindre : elle est en d\u00e9finitive un horizon inaccessible. La cr\u00e9ation d&rsquo;une limite entre \u201c eux \u201c et \u201c nous \u201c qui, de fait, g\u00e9n\u00e8re un proc\u00e9d\u00e9 de discrimination.<\/p>\n<p>Au vu de l&rsquo;histoire coloniale, le terme \u201c assimilation \u201c, devenu ill\u00e9gitime, a \u00e9t\u00e9 remplac\u00e9 par celui d&rsquo; \u201c int\u00e9gration \u201c. Pour autant, cette nouveaut\u00e9 terminologique n&rsquo;a pas engendr\u00e9 une modification de la logique groupe minoritaire vs groupe majoritaire. L&#8217;emploi du concept d&rsquo;int\u00e9gration se r\u00e9alise toujours \u00e0 travers le raisonnement postulant que c&rsquo;est \u00e0 l&rsquo;individu minoritaire ou au groupe minoritaire de \u201c s&rsquo;int\u00e9grer \u201c au groupe majoritaire. Jamais aux politiques d&rsquo;apporter des r\u00e9ponses adapt\u00e9es \u00e0 la globalisation \u00e9conomique et culturelle comme aux flux incessants qu&rsquo;implique cette derni\u00e8re ni aux probl\u00e8mes de marginalisation \u00e9ducative, socio\u00e9conomique et professionnelle que subissent les Belges issus de l&rsquo;immigration ainsi que les immigr\u00e9s eux-m\u00eames.<\/p>\n<p>R\u00e9sultat d&rsquo;une \u00e9tude r\u00e9alis\u00e9e par l&rsquo;Institut pour l&rsquo;\u00e9galit\u00e9 des femmes et des hommes (IEFH) sur la pr\u00e9sence des femmes dans les organes d\u00e9cisionnels, men\u00e9e en 2008 par l&rsquo;Universit\u00e9 d&rsquo;Hasselt, en collaboration avec l&rsquo;Universit\u00e9 catholique de Louvain.<\/p>\n<p><a href=\"http:\/\/www.lesoir.be\/debats\/cartes_blanches\/2012-08-01\/l-integration-ou-l-horizon-inaccessible-929930.php\">Source<\/a><\/p>\n<\/div>\n<\/div>\n<p><iframe src=\"\/\/www.youtube.com\/embed\/sBtrXpF5GSk\" height=\"315\" width=\"560\" allowfullscreen=\"\" frameborder=\"0\"><\/iframe><\/p>\n<p>On t\u2019as donn\u00e9 une bonne place t\u2019as oubli\u00e9 ta vie t\u2019as oubli\u00e9 ta race<br \/>\nRegarde toi dans la glace t\u2019auras toujours le m\u00eame ras<br \/>\nRegarde bien tes fafs t\u2019auras toujours le m\u00eame blaze<br \/>\nPetit rappel car tu sembles avoir oubli\u00e9<br \/>\nD\u2019o\u00f9 tu viens comment tu t\u2019appelles, dans le mod\u00e8le d\u2019int\u00e9gration<br \/>\nTu fais des lapsus, tu excelles dans l\u2019inflation<br \/>\nTu nous a fauss\u00e9, le beauf de base prends peur<br \/>\nDeux trois pantins pour illustrer ta France black blanc beur<\/p>\n","protected":false},"excerpt":{"rendered":"<p>Aurore Van Opstal mercredi 01 ao\u00fbt 2012, 16:42 Aurore Van Opstal, co-auteur d&rsquo;\u201dIsra\u00ebl, parlons-en\u201d et r\u00e9alisatrice de\u00a0: \u201cDSK, Hollande, etc.\u201d Interview\u00e9e dans Le Soir du 28 juillet, la ministre de la culture a d\u00e9clar\u00e9 : \u201c Les personnes qui arrivent sur le territoire et veulent y vivre, doivent se pr\u00e9senter \u00e0 un bureau d&rsquo;accueil o\u00f9 &#8230; <a title=\"L&rsquo;int\u00e9gration ou l&rsquo;horizon inaccessible\" class=\"read-more\" href=\"https:\/\/bruxelles-pantheres.be\/?p=940\" aria-label=\"En savoir plus sur L&rsquo;int\u00e9gration ou l&rsquo;horizon inaccessible\">Lire la suite<\/a><\/p>\n","protected":false},"author":1,"featured_media":941,"comment_status":"open","ping_status":"open","sticky":false,"template":"","format":"standard","meta":{"footnotes":""},"categories":[24,4,18,28],"tags":[],"class_list":["post-940","post","type-post","status-publish","format-standard","has-post-thumbnail","hentry","category-belgique-maroc","category-islamophobie","category-resistance-bruxelles","category-racismes"],"_links":{"self":[{"href":"https:\/\/bruxelles-pantheres.be\/index.php?rest_route=\/wp\/v2\/posts\/940","targetHints":{"allow":["GET"]}}],"collection":[{"href":"https:\/\/bruxelles-pantheres.be\/index.php?rest_route=\/wp\/v2\/posts"}],"about":[{"href":"https:\/\/bruxelles-pantheres.be\/index.php?rest_route=\/wp\/v2\/types\/post"}],"author":[{"embeddable":true,"href":"https:\/\/bruxelles-pantheres.be\/index.php?rest_route=\/wp\/v2\/users\/1"}],"replies":[{"embeddable":true,"href":"https:\/\/bruxelles-pantheres.be\/index.php?rest_route=%2Fwp%2Fv2%2Fcomments&post=940"}],"version-history":[{"count":1,"href":"https:\/\/bruxelles-pantheres.be\/index.php?rest_route=\/wp\/v2\/posts\/940\/revisions"}],"predecessor-version":[{"id":942,"href":"https:\/\/bruxelles-pantheres.be\/index.php?rest_route=\/wp\/v2\/posts\/940\/revisions\/942"}],"wp:featuredmedia":[{"embeddable":true,"href":"https:\/\/bruxelles-pantheres.be\/index.php?rest_route=\/wp\/v2\/media\/941"}],"wp:attachment":[{"href":"https:\/\/bruxelles-pantheres.be\/index.php?rest_route=%2Fwp%2Fv2%2Fmedia&parent=940"}],"wp:term":[{"taxonomy":"category","embeddable":true,"href":"https:\/\/bruxelles-pantheres.be\/index.php?rest_route=%2Fwp%2Fv2%2Fcategories&post=940"},{"taxonomy":"post_tag","embeddable":true,"href":"https:\/\/bruxelles-pantheres.be\/index.php?rest_route=%2Fwp%2Fv2%2Ftags&post=940"}],"curies":[{"name":"wp","href":"https:\/\/api.w.org\/{rel}","templated":true}]}}