{"id":943,"date":"2012-08-01T22:08:16","date_gmt":"2012-08-01T21:08:16","guid":{"rendered":"https:\/\/bruxelles-pantheres.be\/?p=943"},"modified":"2013-11-11T22:10:32","modified_gmt":"2013-11-11T21:10:32","slug":"liberez-georges-abdallah","status":"publish","type":"post","link":"https:\/\/bruxelles-pantheres.be\/?p=943","title":{"rendered":"Lib\u00e9rez Georges Abdallah"},"content":{"rendered":"<div id=\"content\">\n<div>\n<div id=\"23495224\">\n<p><img decoding=\"async\" class=\"aligncenter\" alt=\"\" src=\"http:\/\/storage.canalblog.com\/26\/09\/217331\/72742809.png\" \/><\/p>\n<\/div>\n<\/div>\n<\/div>\n<h3>Lib\u00e9rez Georges Abdallah: Beyrouth, 14 juillet 2012<!--more--><\/h3>\n<p><iframe src=\"\/\/www.youtube.com\/embed\/EG4owo3iUu0\" height=\"315\" width=\"560\" allowfullscreen=\"\" frameborder=\"0\"><\/iframe><\/p>\n<p>Beyrouth, 14 juillet 2012: rassemblement pour la lib\u00e9ration de Georges Ibrahim Abdallah, devant la r\u00e9sidence de l\u2019ambassadeur de France au Liban.<br \/>\nCommuniste r\u00e9volutionnaire, militant pour une Palestine libre et d\u00e9mocratique, Georges Ibrahim Abdallah est emprisonn\u00e9 en France depuis 1984. Il est lib\u00e9rable depuis 1999.<br \/>\nDur\u00e9e\u00a0: 3\u201900<\/p>\n<p>R\u00e9alisation: <strong>Chris Den Hond<\/strong><\/p>\n<div><img decoding=\"async\" alt=\"http:\/\/profile.ak.fbcdn.net\/hprofile-ak-ash2\/41759_613310946_1434_n.jpg\" src=\"https:\/\/fbcdn-profile-a.akamaihd.net\/hprofile-ak-ash2\/41759_613310946_1434_n.jpg\" \/><\/div>\n","protected":false},"excerpt":{"rendered":"<p>Lib\u00e9rez Georges Abdallah: Beyrouth, 14 juillet 2012<\/p>\n","protected":false},"author":1,"featured_media":944,"comment_status":"open","ping_status":"open","sticky":false,"template":"","format":"standard","meta":{"footnotes":""},"categories":[21,6,8,28,17],"tags":[],"class_list":["post-943","post","type-post","status-publish","format-standard","has-post-thumbnail","hentry","category-anti-imperialisme","category-palestine-moyen-orient","category-prisons","category-racismes","category-video"],"_links":{"self":[{"href":"https:\/\/bruxelles-pantheres.be\/index.php?rest_route=\/wp\/v2\/posts\/943","targetHints":{"allow":["GET"]}}],"collection":[{"href":"https:\/\/bruxelles-pantheres.be\/index.php?rest_route=\/wp\/v2\/posts"}],"about":[{"href":"https:\/\/bruxelles-pantheres.be\/index.php?rest_route=\/wp\/v2\/types\/post"}],"author":[{"embeddable":true,"href":"https:\/\/bruxelles-pantheres.be\/index.php?rest_route=\/wp\/v2\/users\/1"}],"replies":[{"embeddable":true,"href":"https:\/\/bruxelles-pantheres.be\/index.php?rest_route=%2Fwp%2Fv2%2Fcomments&post=943"}],"version-history":[{"count":1,"href":"https:\/\/bruxelles-pantheres.be\/index.php?rest_route=\/wp\/v2\/posts\/943\/revisions"}],"predecessor-version":[{"id":945,"href":"https:\/\/bruxelles-pantheres.be\/index.php?rest_route=\/wp\/v2\/posts\/943\/revisions\/945"}],"wp:featuredmedia":[{"embeddable":true,"href":"https:\/\/bruxelles-pantheres.be\/index.php?rest_route=\/wp\/v2\/media\/944"}],"wp:attachment":[{"href":"https:\/\/bruxelles-pantheres.be\/index.php?rest_route=%2Fwp%2Fv2%2Fmedia&parent=943"}],"wp:term":[{"taxonomy":"category","embeddable":true,"href":"https:\/\/bruxelles-pantheres.be\/index.php?rest_route=%2Fwp%2Fv2%2Fcategories&post=943"},{"taxonomy":"post_tag","embeddable":true,"href":"https:\/\/bruxelles-pantheres.be\/index.php?rest_route=%2Fwp%2Fv2%2Ftags&post=943"}],"curies":[{"name":"wp","href":"https:\/\/api.w.org\/{rel}","templated":true}]}}