{"id":946,"date":"2012-08-01T22:11:03","date_gmt":"2012-08-01T21:11:03","guid":{"rendered":"https:\/\/bruxelles-pantheres.be\/?p=946"},"modified":"2013-11-11T22:13:32","modified_gmt":"2013-11-11T21:13:32","slug":"ali-abdelkader-hicham-mais-aussi-oussama-on-noublie-pas","status":"publish","type":"post","link":"https:\/\/bruxelles-pantheres.be\/?p=946","title":{"rendered":"Ali, Abdelkader, Hicham,  mais aussi  Oussama on n\u2019oublie pas"},"content":{"rendered":"<p>Une pens\u00e9e aux Belgo-marocains d\u00e9tenus au Maroc<\/p>\n<p>qui vivent leur Ramadan derri\u00e8re les barreaux<br \/>\n<iframe src=\"\/\/www.youtube.com\/embed\/cE1PSYkBgV0\" height=\"315\" width=\"420\" allowfullscreen=\"\" frameborder=\"0\"><\/iframe><\/p>\n","protected":false},"excerpt":{"rendered":"<p>Une pens\u00e9e aux Belgo-marocains d\u00e9tenus au Maroc qui vivent leur Ramadan derri\u00e8re les barreaux<\/p>\n","protected":false},"author":1,"featured_media":564,"comment_status":"open","ping_status":"open","sticky":false,"template":"","format":"standard","meta":{"footnotes":""},"categories":[21,24,36,4,6,8,18,28,17],"tags":[],"class_list":["post-946","post","type-post","status-publish","format-standard","has-post-thumbnail","hentry","category-anti-imperialisme","category-belgique-maroc","category-europe","category-islamophobie","category-palestine-moyen-orient","category-prisons","category-resistance-bruxelles","category-racismes","category-video"],"_links":{"self":[{"href":"https:\/\/bruxelles-pantheres.be\/index.php?rest_route=\/wp\/v2\/posts\/946","targetHints":{"allow":["GET"]}}],"collection":[{"href":"https:\/\/bruxelles-pantheres.be\/index.php?rest_route=\/wp\/v2\/posts"}],"about":[{"href":"https:\/\/bruxelles-pantheres.be\/index.php?rest_route=\/wp\/v2\/types\/post"}],"author":[{"embeddable":true,"href":"https:\/\/bruxelles-pantheres.be\/index.php?rest_route=\/wp\/v2\/users\/1"}],"replies":[{"embeddable":true,"href":"https:\/\/bruxelles-pantheres.be\/index.php?rest_route=%2Fwp%2Fv2%2Fcomments&post=946"}],"version-history":[{"count":1,"href":"https:\/\/bruxelles-pantheres.be\/index.php?rest_route=\/wp\/v2\/posts\/946\/revisions"}],"predecessor-version":[{"id":947,"href":"https:\/\/bruxelles-pantheres.be\/index.php?rest_route=\/wp\/v2\/posts\/946\/revisions\/947"}],"wp:featuredmedia":[{"embeddable":true,"href":"https:\/\/bruxelles-pantheres.be\/index.php?rest_route=\/wp\/v2\/media\/564"}],"wp:attachment":[{"href":"https:\/\/bruxelles-pantheres.be\/index.php?rest_route=%2Fwp%2Fv2%2Fmedia&parent=946"}],"wp:term":[{"taxonomy":"category","embeddable":true,"href":"https:\/\/bruxelles-pantheres.be\/index.php?rest_route=%2Fwp%2Fv2%2Fcategories&post=946"},{"taxonomy":"post_tag","embeddable":true,"href":"https:\/\/bruxelles-pantheres.be\/index.php?rest_route=%2Fwp%2Fv2%2Ftags&post=946"}],"curies":[{"name":"wp","href":"https:\/\/api.w.org\/{rel}","templated":true}]}}