{"id":950,"date":"2012-07-31T22:17:43","date_gmt":"2012-07-31T21:17:43","guid":{"rendered":"https:\/\/bruxelles-pantheres.be\/?p=950"},"modified":"2013-11-11T22:28:30","modified_gmt":"2013-11-11T21:28:30","slug":"insultes-sexistes-a-annessens","status":"publish","type":"post","link":"https:\/\/bruxelles-pantheres.be\/?p=950","title":{"rendered":"Insultes Sexistes \u00e0 Annessens"},"content":{"rendered":"<div class=\"entry-content\">\n<h3 style=\"text-align: center;\"><img decoding=\"async\" alt=\"http:\/\/www.lesitedelevenementiel.com\/wp-content\/uploads\/damien-saez-jaccuse-mondino.jpg\" src=\"http:\/\/www.lesitedelevenementiel.com\/wp-content\/uploads\/damien-saez-jaccuse-mondino.jpg\" \/><\/h3>\n<h3 style=\"text-align: center;\">Insultes Sexistes \u00e0 Annessens :<\/h3>\n<h3 style=\"text-align: center;\">une petite heure sur les sites d\u2019information .<\/h3>\n<p style=\"text-align: justify;\">J\u2019ai fait un petit tour rapide dans la presse du 31 juillet 2012 pour me tenir inform\u00e9 et voil\u00e0 entre autres ce qu\u2019on y trouve :<\/p>\n<p style=\"text-align: justify;\">Sur le site internet du Soir un article titr\u00e9 : \u00ab Une grosse bouff\u00e9e de chaleur ce 1er ao\u00fbt mais \u00e9ph\u00e9m\u00e8re \u00bb un article qui parle des temp\u00e9ratures estivales actuelles et en-dessous une photo en zoom sur une fille en bikini, mince et bronz\u00e9e. Rien \u00e0 voir avec un st\u00e9r\u00e9otype et une pression impos\u00e9e aux femmes d\u2019aujourd\u2019hui. Non, une photo se trouvant dans les archives d\u2019un journaliste s\u00fbrement. Le Figaro a aussi fait un article proche du sujet \u00ab Ce dont il faut se m\u00e9fier quand on s\u2019expose au soleil \u00bb. Co\u00efncidence la photo qui accompagne l\u2019article: 3 jeunes filles en bikini, minces et bronz\u00e9es. C\u2019est s\u00fbrement d\u00fb \u00e0 un manque d\u2019imagination. <!--more-->L\u2019article date d\u2019 il y a une semaine mais est toujours sur la premi\u00e8re page du site. La premi\u00e8re page du Figaro est pleine de st\u00e9r\u00e9otypes: sous le titre \u00ab Ob\u00e9sit\u00e9 : quelle prise en charge des traitements ? \u00bb, la photo d\u2019une fille d\u00e9nud\u00e9e, mince et bronz\u00e9e. Revenons\u00a0 \u00e0 la presse Belge.. un petit tour sur la premi\u00e8re page de RTL info, un article s\u00e9rieux intitul\u00e9 \u00ab Sant\u00e9: de nombreux centres de bronzage non conformes \u00e0 la loi \u00bb. Devinez quelle photo l\u2019accompagne? Celle d\u2019une fille en bikini, mince et bronz\u00e9e. Cela ne ressemble ni \u00e0 un st\u00e9r\u00e9otype, ni \u00e0 une pression de la soci\u00e9t\u00e9, juste un manque de chance je vous dis.<\/p>\n<p style=\"text-align: justify;\">Haaa enfin,sur la premi\u00e8re page du site de la Derni\u00e8re Heure, aucun article accompagn\u00e9 de fille en bikini, mince et bronz\u00e9e. Ils ont donc mis en \u00e9vidence sur la premi\u00e8re page une fille en bikini \u00e0 quatre pattes, mince et bronz\u00e9e sous le titre \u00ab\u00a0la Babe du jour\u00a0\u00bb. Dans la Derni\u00e8re Heure, plus besoin de trouver un article s\u00e9rieux pour pouvoir imposer un st\u00e9r\u00e9otype, on a cr\u00e9\u00e9 une rubrique pour cela. Ne cliquez pas sur le lien, s\u2019afficheront la photo babe du jour, des derni\u00e8res et des dizaines de photos de femmes nues, en bikini, sous v\u00eatements, toujours minces et bronz\u00e9es. Par contre la DH a fait un effort de titre pour les photos \u00ab Maria Sharapova mouille le maillot\u00a0\u00bb, \u00ab\u00a0Le beach volley r\u00e9gale les JO \u00ab\u00a0, \u00ab\u00a0Micaela Schaefer chauffe Cannes \u00ab\u00a0, ou encore \u00ab\u00a0Rihanna sans soutif \u00ab\u00a0. Pour le site d\u2019information 7 sur 7 ont a aussi sur la premi\u00e8re page une cat\u00e9gorie \u00ab\u00a0babe\u00a0\u00bb reprenant les m\u00eames photos sexistes mais inclues dans un dossier avec des photos du jour plus traditionnelles. Par contre, 7 sur 7 a fait un vrai travail de journalisme et d\u2019investigation en premi\u00e8re page: \u00ab\u00a0Bataille de d\u00e9collet\u00e9s entre Kat et Katy\u00a0\u00bb avec un article de fond et des photos. Le journal Lacapitale.be atteint aussi des sommets avec des articles riches comme : \u00ab\u00a0Kate Upton joue une nonne tr\u00e8s tr\u00e8s sexy\u00a0\u00bb avec une video cadeau ou encore un striptease de secret story avec la video.\u00a0\u00bbUne actrice indienne pose nue pour Playboy\u00a0\u00bb avec cette fois-ci les photos en cadeau. Le groupe facebook de la chaine radio Twizz diffuse une photo d\u2019une blonde en bikini, mince et bronz\u00e9e sous le titre \u00ab\u00a0Cette jeune demoiselle participe actuellement aux JO ! Mais dans quelle discipline ??? \u00ab\u00a0.<\/p>\n<p style=\"text-align: justify;\">Le plus mignon pour la fin sur la premi\u00e8re page du site du journal gratuit metro une pub pour le journal lui-m\u00eame avec un gar\u00e7on en bleu et une fille dans un univers bien rose.<\/p>\n<p style=\"text-align: justify;\">La question ici n\u2019est pas d\u2019affirmer qu\u2019il faut accepter les insultes sexistes dans les rues bruxelloises, bien au contraire, mais de r\u00e9fl\u00e9chir de mani\u00e8re plus globale. Dans cette soci\u00e9t\u00e9 capitaliste qui ne cesse d\u2019exploiter la femme pour vendre des produits. Dans cette soci\u00e9t\u00e9 o\u00f9 la femme est un objet qu\u2019on expose sur les panneaux publicitaires dans le m\u00e9tro, les bus, les autoroutes, nos sites d\u2019informations souvent retouch\u00e9s imposant \u00e0 toutes les jeunes filles l\u2019id\u00e9al. Voil\u00e0 \u00e0 quoi vous devez ressembler et voil\u00e0 finalement ce qui nous int\u00e9resse chez vous. Ou encore chez les mecs voila l\u2019id\u00e9al: r\u00eaver qu\u2019en achetant une BMW vous aurez la blonde qui va avec. Pour une fille si vous n\u2019arrivez pas \u00e0 \u00eatre comme cela et que vous devez faire un r\u00e9gime, achetez des produits de beaut\u00e9s et des habits H&amp;M.<\/p>\n<p style=\"text-align: justify;\">Avant de l\u00e9gif\u00e9rer ou stigmatiser une partie de la population, attaquons nous d\u2019abord au vrai probl\u00e8me qu\u2019est le sexisme qui frappe notre soci\u00e9t\u00e9 toute enti\u00e8re et, pour faire un exemple, d\u2019abord aux personnes qui sont au pouvoir: les publicit\u00e9s, les films, la presse, les multinationales qui sont les premi\u00e8res personnes \u00e0 diffuser ces str\u00e9r\u00e9otypes. Plut\u00f4t que de commencer par s\u2019attaquer aux jeunes d\u2019Annessens qui sont d\u00e9j\u00e0 dans les \u00e9coles poubelles, les logements pourris, les emplois pr\u00e9caires\u2026.<\/p>\n<p style=\"text-align: justify;\">Il est plus facile de diviser la population que de s\u2019attaquer \u00e0 ceux qui fa\u00e7onnent vraiment nos vies et notre jeunesse par une pens\u00e9e unique et permanente.<\/p>\n<p style=\"text-align: justify;\">Jalil Bourhidane<\/p>\n<p style=\"text-align: justify;\">JOC Bruxelles<\/p>\n<header class=\"entry-header\"><img decoding=\"async\" class=\"attachment-post-thumbnail wp-post-image alignright\" alt=\"403x227_video-femme-objet-de-pub_pf\" src=\"http:\/\/www.egalite.be\/wp-content\/uploads\/2012\/07\/403x227_video-femme-objet-de-pub_pf.jpg\" width=\"403\" height=\"208\" \/><\/header>\n<div class=\"entry-content\">\n<h3 style=\"text-align: justify;\">Sexisme: au-del\u00e0 des tabous et des\u00a0clich\u00e9s<\/h3>\n<p><em><a href=\"http:\/\/blerilleshi.files.wordpress.com\/2012\/07\/blerilleshi4_6002.jpeg\"><img decoding=\"async\" class=\"alignright\" title=\"blerilleshi4_600\" alt=\"\" src=\"http:\/\/blerilleshi.files.wordpress.com\/2012\/07\/blerilleshi4_6002.jpeg?w=300&amp;h=200\" width=\"300\" height=\"200\" \/><\/a><\/em><\/p>\n<p style=\"text-align: justify;\"><em>La Belgique est \u00ab\u00a0un d\u00e9bat\u00a0\u00bb plus riche. Hasard ou non, on parle \u00e0 nouveau de l\u2019Islam et des jeunes \u00e0 Bruxelles.<\/em><\/p>\n<p style=\"text-align: justify;\">Je tiens d\u2019abord \u00e0 affirmer clairement que je condamne fermement le \u00a0comportement des hommes que l\u2019on peut voir dans le reportage de l\u2019\u00e9tudiante de l\u2019\u00e9cole Rits, Sofie Peeters <em>(De Standaard, 25 juillet)<\/em>. Cela devrait aller de soi pour tout le monde. De tels comportements sont inacceptables, o\u00f9 que ce soit ou par qui que ce soit.<\/p>\n<p style=\"text-align: justify;\">Selon moi, le sexisme n\u2019est pas un probl\u00e8me mineur et c\u2019est la raison pour laquelle j\u2019accorde de l\u2019importance \u00e0 la fa\u00e7on dont on en d\u00e9bat. On ne prend pas l\u2019affaire au s\u00e9rieux. Sinon, on se poserait davantage de questions et on en poserait d\u2019autres aussi. On laisserait aussi s\u2019exprimer les bonnes personnes.<\/p>\n<p style=\"text-align: justify;\">Au sujet du reportage, l\u2019analyse de Kathleen Cools dans <em>Terzake<\/em> (VRT) \u00e9tait claire. Ce ne sont pas simplement des hommes qui font des remarques sexistes, mais des hommes d\u2019origine \u00e9trang\u00e8re. S\u2019adressant \u00e0 la r\u00e9alisatrice de <em>Femme de la rue<\/em>, elle dit<em>\u00a0<\/em>: \u2018Vous rapportez quelque chose. Les faits tels qu\u2019ils sont. Le risque est de stigmatiser toute une partie de la population\u00a0: les hommes d\u2019origine \u00e9trang\u00e8re \u00e0 coup s\u00fbr\u2019. Sofie Peeters r\u00e9pond\u00a0: \u2018c\u2019est seulement la r\u00e9alit\u00e9, comme vous dites. A Bruxelles, neuf fois sur dix, c\u2019est un homme d\u2019origine \u00e9trang\u00e8re qui fait ce genre de remarques\u2019.<\/p>\n<p style=\"text-align: justify;\">Dans le m\u00eame ordre d\u2019id\u00e9es, Bart Somers, bourgmestre de Malines, va encore un pas plus loin. Bien que dans le reportage, aucune phrase ne mentionne l\u2019Islam, il fait quand m\u00eame directement le lien avec les musulmans. Il nuance soi-disant ses propos, car il conna\u00eet aussi \u2018des musulmans qui respectent leur femme\u2019. Ce qu\u2019il veut comprendre, c\u2019est pourquoi ces jeunes hommes sont \u00e9duqu\u00e9s avec une vision de la femme inf\u00e9rieure. Ce questionnement est celui d\u2019un homme qui estime que \u2018le sexisme est aussi grave que le racisme\u2019. Son nom a \u00e9t\u00e9 retenu, pour avoir exig\u00e9 des \u2018mesures r\u00e9pressives\u2019 et la \u2018tol\u00e9rance z\u00e9ro\u2019.<\/p>\n<p style=\"text-align: justify;\"><strong>Elite \u00e9clair\u00e9e<\/strong><\/p>\n<p style=\"text-align: justify;\">Ce genre de d\u00e9bat suscite aussi toujours la voix des repr\u00e9sentants auto-d\u00e9clar\u00e9s de la communaut\u00e9. Quand il s\u2019agit d\u2019agression homophobe ou de probl\u00e8mes avec des musulmans, l\u2019\u00e9lite \u00e9clair\u00e9e prend syst\u00e9matiquement la parole pour briser les tabous. Hier, Yamila Idrissi n\u2019\u00e9tait pas disponible pour <em>Terzake<\/em> car elle \u00e9tait en train de discuter du reportage \u00e0 Bruxelles. Heureusement, Hicham El Mzairh, \u00e9galement du SP.A et travaillant pour la ville d\u2019Anvers, a r\u00e9agi via Facebook\u00a0: \u2018La communaut\u00e9 musulmane de Bruxelles devrait avoir honte cette nuit de Ramadan, apr\u00e8s le reportage de <em>Terzake<\/em> sur les femmes \u00e0 Bruxelles.\u2019<\/p>\n<p style=\"text-align: justify;\">Le sexisme devient alors un \u2018probl\u00e8me d\u2019\u00e9trangers\u2019 et un \u2018probl\u00e8me musulman\u2019.<\/p>\n<p style=\"text-align: justify;\"><strong>Les sanctions administratives communales arrivent\u00a0!<\/strong><\/p>\n<p style=\"text-align: justify;\">La solution du politique: les sanctions administratives communales ! A partir du 1<sup>er<\/sup> septembre, la ville de Bruxelles pourra donner des SAC aux hommes qui harc\u00e8lent les femmes dans la rue. Pensent-ils vraiment qu\u2019\u00e0 partir de maintenant, quelqu\u2019un ira au bureau de police r\u00e9p\u00e9ter ce qu\u2019on vient de lui dire en rue\u00a0?<\/p>\n<p style=\"text-align: justify;\">Pourrait-on relever le niveau du d\u00e9bat ?<\/p>\n<p style=\"text-align: justify;\">Le comportement de ces hommes n\u2019est pas \u00e0 associer \u00e0 une religion. Cela n\u2019a rien \u00e0 voir avec l\u2019Islam. Ces comportements machos concernent des hommes h\u00e9las, quelle que soit leur religion ou leur culture, qu\u2019ils vivent dans une grande ville ou dans un village de campagne.<\/p>\n<p style=\"text-align: justify;\">L\u2019\u00e9ducation joue ici un r\u00f4le central, mais pas parce qu\u2019on apprend \u00e0 ces jeunes de tels comportements ou un tel langage \u00e0 la maison. Il faut renforcer l\u2019\u00e9ducation de ces jeunes pour qu\u2019ils n\u2019adoptent pas les comportements de leurs amis. Faire face \u00e0 la pression sociale et leur apprendre \u00e0 respecter les limites, pour qu\u2019ils puissent \u00eatre des exemples pour d\u2019autres et pour qu\u2019ils osent parler \u00e0 ceux qui ne se comportent pas bien.<\/p>\n<p style=\"text-align: justify;\">Le reportage concerne le quartier Anneessens, que je connais. Beaucoup de jeunes de ce quartier sont frustr\u00e9s et n\u2019ont aucune perspective. Il y a une grande pauvret\u00e9, beaucoup d\u2019\u00e9chec scolaire, on y vit dans de mauvaises conditions. Pour les jeunes, peu ou presque rien n\u2019existe\u00a0: un petit parc o\u00f9 ils peuvent passer leur temps. Si l\u2019on veut s\u2019attaquer aux probl\u00e8mes de comportements, il faut \u00e9galement s\u2019attaquer aux probl\u00e8mes sociaux et \u00e9conomiques du quartier.<\/p>\n<p style=\"text-align: justify;\">Aussi, \u00e0 quand un enseignement de qualit\u00e9 o\u00f9 ils apprennent \u00e0 composer avec la diversit\u00e9 dans une ville multiculturelle comme Bruxelles\u00a0? O\u00f9 sont les emplois et la possibilit\u00e9 de travailler au lieu de tra\u00eener dans la rue\u00a0? Ou les r\u00e9elles possibilit\u00e9s de loisirs pour qu\u2019ils ne doivent pas toujours rester dans de petites cours ou le long du Boulevard Anspach\u00a0? Tout cela pourrait aider. Mais ni les responsables politiques ni les \u2018repr\u00e9sentants\u2019 de la commune ne se sont pas prononc\u00e9s \u00e0 ce sujet. Une fois encore, la Belgique\u00a0se d\u00e9marque n\u00e9gativement par rapport \u00e0 l\u2019in\u00e9galit\u00e9 dans l\u2019enseignement et sur le march\u00e9 de l\u2019emploi.<\/p>\n<p style=\"text-align: justify;\"><strong>Poup\u00e9e-objet<\/strong><\/p>\n<p style=\"text-align: justify;\">Il s\u2019agit aussi de l\u2019image de la femme dans notre soci\u00e9t\u00e9 occidentale. \u2018Comment pouvons-nous nous faire respecter en tant que femme alors que nous sommes constamment repr\u00e9sent\u00e9es comme des poup\u00e9es-objets\u00a0?\u2019, se demande l\u2019\u00e9tudiante dans son reportage. Pourquoi n\u2019entend-on personne se plaindre de cela\u00a0? Selon moi, l\u2019image de la femme dans la publicit\u00e9 est un probl\u00e8me beaucoup trop sous-estim\u00e9. Et il n\u2019y a aucune limite. Comme on peut le lire dans ce journal\u00a0: \u2018Le nouvel objet sexuel est un homme\u2019 <em>(De Standaard, 25 juillet)<\/em>.<\/p>\n<p style=\"text-align: justify;\">Bref, je souhaite un d\u00e9bat sans tabous, mais aussi et surtout sans clich\u00e9s ni st\u00e9r\u00e9otypes, posant les questions fondamentales et de fa\u00e7on critique. Pour qu\u2019on puisse combattre le sexisme au sein de notre soci\u00e9t\u00e9.<\/p>\n<p style=\"text-align: justify;\"><strong>Bleri Lleshi<\/strong> est philosophe politique<\/p>\n<p style=\"text-align: justify;\">Source: De Standaard, 28\/07\/2012<\/p>\n<p style=\"text-align: justify;\">Traduction du n\u00e9erlandais par<strong>\u00a0Emmanuelle\u00a0De Caluw\u00e9<\/strong><\/p>\n<p style=\"text-align: justify;\"><a href=\"http:\/\/blerilleshi.wordpress.com\/\">http:\/\/blerilleshi.wordpress.com<\/a><\/p>\n<p style=\"text-align: justify;\"><a href=\"https:\/\/www.facebook.com\/Bleri.Lleshi\" target=\"_blank\">https:\/\/www.facebook.com\/Bleri.Lleshi<\/a><\/p>\n<p style=\"text-align: justify;\">Twitter @blerilleshi<\/p>\n<\/div>\n<\/div>\n","protected":false},"excerpt":{"rendered":"<p>Insultes Sexistes \u00e0 Annessens : une petite heure sur les sites d\u2019information . J\u2019ai fait un petit tour rapide dans la presse du 31 juillet 2012 pour me tenir inform\u00e9 et voil\u00e0 entre autres ce qu\u2019on y trouve : Sur le site internet du Soir un article titr\u00e9 : \u00ab Une grosse bouff\u00e9e de chaleur &#8230; <a title=\"Insultes Sexistes \u00e0 Annessens\" class=\"read-more\" href=\"https:\/\/bruxelles-pantheres.be\/?p=950\" aria-label=\"En savoir plus sur Insultes Sexistes \u00e0 Annessens\">Lire la suite<\/a><\/p>\n","protected":false},"author":1,"featured_media":951,"comment_status":"open","ping_status":"open","sticky":false,"template":"","format":"standard","meta":{"footnotes":""},"categories":[18,28],"tags":[31,14],"class_list":["post-950","post","type-post","status-publish","format-standard","has-post-thumbnail","hentry","category-resistance-bruxelles","category-racismes","tag-belgique","tag-bruxelles"],"_links":{"self":[{"href":"https:\/\/bruxelles-pantheres.be\/index.php?rest_route=\/wp\/v2\/posts\/950","targetHints":{"allow":["GET"]}}],"collection":[{"href":"https:\/\/bruxelles-pantheres.be\/index.php?rest_route=\/wp\/v2\/posts"}],"about":[{"href":"https:\/\/bruxelles-pantheres.be\/index.php?rest_route=\/wp\/v2\/types\/post"}],"author":[{"embeddable":true,"href":"https:\/\/bruxelles-pantheres.be\/index.php?rest_route=\/wp\/v2\/users\/1"}],"replies":[{"embeddable":true,"href":"https:\/\/bruxelles-pantheres.be\/index.php?rest_route=%2Fwp%2Fv2%2Fcomments&post=950"}],"version-history":[{"count":2,"href":"https:\/\/bruxelles-pantheres.be\/index.php?rest_route=\/wp\/v2\/posts\/950\/revisions"}],"predecessor-version":[{"id":958,"href":"https:\/\/bruxelles-pantheres.be\/index.php?rest_route=\/wp\/v2\/posts\/950\/revisions\/958"}],"wp:featuredmedia":[{"embeddable":true,"href":"https:\/\/bruxelles-pantheres.be\/index.php?rest_route=\/wp\/v2\/media\/951"}],"wp:attachment":[{"href":"https:\/\/bruxelles-pantheres.be\/index.php?rest_route=%2Fwp%2Fv2%2Fmedia&parent=950"}],"wp:term":[{"taxonomy":"category","embeddable":true,"href":"https:\/\/bruxelles-pantheres.be\/index.php?rest_route=%2Fwp%2Fv2%2Fcategories&post=950"},{"taxonomy":"post_tag","embeddable":true,"href":"https:\/\/bruxelles-pantheres.be\/index.php?rest_route=%2Fwp%2Fv2%2Ftags&post=950"}],"curies":[{"name":"wp","href":"https:\/\/api.w.org\/{rel}","templated":true}]}}