{"id":956,"date":"2012-07-29T22:23:59","date_gmt":"2012-07-29T21:23:59","guid":{"rendered":"https:\/\/bruxelles-pantheres.be\/?p=956"},"modified":"2013-11-11T22:26:46","modified_gmt":"2013-11-11T21:26:46","slug":"le-courage-dune-femme-rachida-belliraj","status":"publish","type":"post","link":"https:\/\/bruxelles-pantheres.be\/?p=956","title":{"rendered":"Le courage d\u2019une femme : Rachida Belliraj"},"content":{"rendered":"<h1>\u0631\u0634\u064a\u062f\u0629 \u0628\u0644\u064a\u0631\u062c: \u0645\u0644\u0641 \u0632\u0648\u062c\u064a \u0633\u064a\u0627\u0633\u064a.. \u0648\u0645\u0648\u0642\u0641 \u0627\u0644\u0631\u0645\u064a\u062f \u0641\u0627\u062c\u0623\u0646\u064a..<\/h1>\n<div><img decoding=\"async\" alt=\"\u0631\u0634\u064a\u062f\u0629 \u0628\u0644\u064a\u0631\u062c: \u0645\u0644\u0641 \u0632\u0648\u062c\u064a \u0633\u064a\u0627\u0633\u064a.. \u0648\u0645\u0648\u0642\u0641 \u0627\u0644\u0631\u0645\u064a\u062f \u0641\u0627\u062c\u0623\u0646\u064a..\" src=\"http:\/\/t1.hespress.com\/cache\/thumbnail\/article_medium\/rachida_bellirej_870315778.jpg\" \/><!--more--><\/div>\n<div id=\"article_body\">\n<div>\u0647\u0633\u0628\u0631\u064a\u0633 \u2013 \u0637\u0627\u0631\u0642 \u0628\u0646\u0647\u062f\u0627<\/div>\n<div>\u0627\u0644\u062b\u0644\u0627\u062b\u0627\u0621 24 \u064a\u0648\u0644\u064a\u0648\u0632 2012 \u2013 17:55<\/div>\n<div>\u0642\u0627\u0644\u062a \u0631\u0634\u064a\u062f\u0629 \u0628\u0644\u064a\u0631\u062c\u060c \u0632\u0648\u062c\u0629 \u0639\u0628\u062f \u0627\u0644\u0642\u0627\u062f\u0631 \u0628\u0644\u064a\u0631\u062c \u0627\u0644\u0645\u062d\u0643\u0648\u0645 \u0628\u0627\u0644\u0645\u0624\u0628\u0651\u062f \u0628\u0639\u062f \u0645\u062a\u0627\u0628\u0639\u0629 \u062a\u062d\u062a \u0637\u0627\u0626\u0644\u0629 \u00ab\u00a0\u0642\u0627\u0646\u0648\u0646 \u0645\u0643\u0627\u0641\u062d\u0629 \u0627\u0644\u0625\u0631\u0647\u0627\u0628\u00a0\u00bb\u060c \u0625\u0646\u0647\u0627 \u062a\u0633\u062a\u0645\u0631 \u0641\u064a \u0627\u0644\u0639\u064a\u0634 \u0631\u0641\u0642\u0629 \u0623\u0628\u0646\u0627\u0626\u0647\u0627 \u0627\u0644\u062b\u0644\u0627\u062b\u0629 \u0641\u064a \u0648\u0636\u0639\u064a\u0629 \u0635\u0639\u0628\u0629\u060c \u0648\u0630\u0644\u0643 \u00ab\u00a0\u0628\u0639\u062f \u0645\u0631\u0648\u0631 \u0642\u0631\u0627\u0628\u0629 \u0627\u0644\u0640 5 \u0633\u0646\u0648\u0627\u062a \u0639\u0646 \u0627\u0639\u062a\u0642\u0627\u0644 \u0639\u0628\u062f \u0627\u0644\u0642\u0627\u062f\u0631 \u0627\u0644\u0630\u064a \u0642\u062f\u0651\u0645 \u0644\u0644\u0631\u0623\u064a \u0627\u0644\u0639\u0627\u0645 \u0643\u0632\u0639\u064a\u0645 \u0644\u0623\u062e\u0637\u0631 \u0639\u0635\u0627\u0628\u0629 \u0625\u0631\u0647\u0627\u0628\u064a\u0629 \u0628\u0627\u0644\u0645\u063a\u0631\u0628\u00a0\u00bb\u060c \u0648\u0632\u0627\u062f\u062a \u0631\u0634\u064a\u062f\u0629 \u0623\u0646\u0651\u0647\u0627 \u062a\u0645\u0643\u0646\u062a\u060c \u0631\u0641\u0642\u0629 \u0623\u0628\u0646\u0627\u0626\u0647\u0627\u060c \u0645\u0646 \u0644\u0642\u0627\u0621 \u0632\u0648\u062c\u0647\u0627 \u0627\u0644\u0645\u0639\u062a\u0642\u0644 \u0628\u0633\u062c\u0646 \u0633\u0644\u06272 \u0644\u0645\u0631\u0651\u062a\u064a\u0646 \u0647\u0630\u0627 \u0627\u0644\u0639\u0627\u0645 \u0648\u0641\u064a \u0648\u0636\u0639 \u0645\u0631\u064a\u062d.. \u0628\u0639\u062f\u0645\u0627 \u0643\u0627\u0646\u062a \u062a\u0645\u0646\u0639 \u0645\u0646 \u0642\u0628\u0644 \u0623\u0648 \u062a\u0645\u0643\u0651\u0646 \u0645\u0646 \u0630\u0644\u0643 \u0644\u0631\u0628\u0639 \u0633\u0627\u0639\u0629 \u0648\u0633\u0637 \u0638\u0631\u0648\u0641 \u063a\u064a\u0631 \u0644\u0627\u0626\u0642\u0629.<\/div>\n<\/div>\n<div><a href=\"http:\/\/hespress.com\/societe\/58951.html\">http:\/\/hespress.com\/societe\/58951.html<\/a><\/div>\n<div>\n<h3 id=\"watch-headline-title\">Rachida Belliraj, Mustapha Ramid et \u00ab\u00a0l\u2019affaire Belliraj\u00a0\u00bb 7\/12\/2012<\/h3>\n<\/div>\n<p><iframe src=\"\/\/www.youtube.com\/embed\/fi0WA8YhwUk\" height=\"315\" width=\"560\" allowfullscreen=\"\" frameborder=\"0\"><\/iframe><\/p>\n<h6 data-ft=\"{&quot;type&quot;:1,&quot;tn&quot;:&quot;K&quot;}\">Merci \u00e0 Said Chleuh pour la traduction! Appuyez sur CC pour les sous-titres!<\/h6>\n<p>Dimanche 18 septembre 2011 de 15 \u00e0 18 heures, Bruxelles La\u00efque\u2026<br \/>\nLa \u00ab Campagne Free Ali Aarrass \u00bb a organis\u00e9 : \u00ab Ali, on ne t\u2019oublie pas \u00bb<\/p>\n<p>Programme:<br \/>\n&#8211; T\u00e9moignage de la d\u00e9l\u00e9gation belge \u00e0 la derni\u00e8re session du proc\u00e8s d\u2019Ali Aarrass le 15 septembre \u00e0 Sal\u00e9 (Maroc)<br \/>\n&#8211; Pr\u00e9sentation du projet de livre sur Ali Aarrass par Abdellah Boudami et Nicolas Ingargiola<br \/>\n&#8211; Prisonniers au Maroc : souffrance et r\u00e9sistance des familles par Farida et Rachida.<br \/>\n&#8211; Ali Aarrass et la double nationalit\u00e9 belgo-marocaine : les binationaux sont-ils des citoyens de seconde zone en Belgique ?<\/p>\n<p><iframe src=\"\/\/www.youtube.com\/embed\/rgLhp49vzTU\" height=\"315\" width=\"560\" allowfullscreen=\"\" frameborder=\"0\"><\/iframe><\/p>\n<p>source : <a dir=\"ltr\" title=\"http:\/\/www.freeali.eu\/2011\/09\/09\/meeting-1809-%C2%AB-ali-on-ne-toublie-pas-%C2%BB\/\" href=\"http:\/\/www.freeali.eu\/2011\/09\/09\/meeting-1809-%C2%AB-ali-on-ne-toublie-pas-%C2%BB\/\" target=\"_blank\" rel=\"nofollow\">http:\/\/www.freeali.eu\/2011\/09\/09\/meeting-1809-%C2%AB-ali-on-ne-toublie-pas-%C\u2026<\/a><\/p>\n","protected":false},"excerpt":{"rendered":"<p>\u0631\u0634\u064a\u062f\u0629 \u0628\u0644\u064a\u0631\u062c: \u0645\u0644\u0641 \u0632\u0648\u062c\u064a \u0633\u064a\u0627\u0633\u064a.. \u0648\u0645\u0648\u0642\u0641 \u0627\u0644\u0631\u0645\u064a\u062f \u0641\u0627\u062c\u0623\u0646\u064a..<\/p>\n","protected":false},"author":1,"featured_media":564,"comment_status":"open","ping_status":"open","sticky":false,"template":"","format":"standard","meta":{"footnotes":""},"categories":[24,8],"tags":[53,31,30,29],"class_list":["post-956","post","type-post","status-publish","format-standard","has-post-thumbnail","hentry","category-belgique-maroc","category-prisons","tag-ali-aarrass","tag-belgique","tag-maroc","tag-torture"],"_links":{"self":[{"href":"https:\/\/bruxelles-pantheres.be\/index.php?rest_route=\/wp\/v2\/posts\/956","targetHints":{"allow":["GET"]}}],"collection":[{"href":"https:\/\/bruxelles-pantheres.be\/index.php?rest_route=\/wp\/v2\/posts"}],"about":[{"href":"https:\/\/bruxelles-pantheres.be\/index.php?rest_route=\/wp\/v2\/types\/post"}],"author":[{"embeddable":true,"href":"https:\/\/bruxelles-pantheres.be\/index.php?rest_route=\/wp\/v2\/users\/1"}],"replies":[{"embeddable":true,"href":"https:\/\/bruxelles-pantheres.be\/index.php?rest_route=%2Fwp%2Fv2%2Fcomments&post=956"}],"version-history":[{"count":1,"href":"https:\/\/bruxelles-pantheres.be\/index.php?rest_route=\/wp\/v2\/posts\/956\/revisions"}],"predecessor-version":[{"id":957,"href":"https:\/\/bruxelles-pantheres.be\/index.php?rest_route=\/wp\/v2\/posts\/956\/revisions\/957"}],"wp:featuredmedia":[{"embeddable":true,"href":"https:\/\/bruxelles-pantheres.be\/index.php?rest_route=\/wp\/v2\/media\/564"}],"wp:attachment":[{"href":"https:\/\/bruxelles-pantheres.be\/index.php?rest_route=%2Fwp%2Fv2%2Fmedia&parent=956"}],"wp:term":[{"taxonomy":"category","embeddable":true,"href":"https:\/\/bruxelles-pantheres.be\/index.php?rest_route=%2Fwp%2Fv2%2Fcategories&post=956"},{"taxonomy":"post_tag","embeddable":true,"href":"https:\/\/bruxelles-pantheres.be\/index.php?rest_route=%2Fwp%2Fv2%2Ftags&post=956"}],"curies":[{"name":"wp","href":"https:\/\/api.w.org\/{rel}","templated":true}]}}