{"id":959,"date":"2012-07-29T22:35:16","date_gmt":"2012-07-29T21:35:16","guid":{"rendered":"https:\/\/bruxelles-pantheres.be\/?p=959"},"modified":"2013-11-11T22:36:58","modified_gmt":"2013-11-11T21:36:58","slug":"hicheur-jetais-le-pigeon-providentiel","status":"publish","type":"post","link":"https:\/\/bruxelles-pantheres.be\/?p=959","title":{"rendered":"Hicheur : \u201cj\u2019\u00e9tais le pigeon providentiel\u201d"},"content":{"rendered":"<div>\n<h3><img decoding=\"async\" alt=\"http:\/\/owni.fr\/files\/2011\/09\/Hicheur-sant%C3%A92-e1336154743831.jpg\" src=\"http:\/\/owni.fr\/files\/2011\/09\/Hicheur-sant%C3%A92-e1336154743831.jpg\" \/><\/h3>\n<h3>Hicheur : \u201cj\u2019\u00e9tais le pigeon providentiel\u201d<\/h3>\n<div>\n<p>Le 2 juillet 2012 <a title=\"Pierre Alonso\" href=\"http:\/\/owni.fr\/author\/pierrealonso\/\" rel=\"author\">Pierre Alonso<\/a><\/p>\n<\/div>\n<div>\n<p><strong>Physicien de haut niveau, Adl\u00e8ne Hicheur a \u00e9t\u00e9 condamn\u00e9 le 5 mai dernier \u00e0 cinq ans de prison pour terrorisme, au terme d\u2019une instruction plut\u00f4t curieuse. Il est sorti de prison le 15 mai. Dans cette premi\u00e8re interview, accord\u00e9e \u00e0 <em>Owni<\/em>, Hicheur d\u00e9nonce, non sans arguments, la construction d\u2019un dossier \u00e0 charge. <em>\u00ab\u00a0De l\u2019inquisitoire, pas du judiciaire\u00a0\u00bb<\/em> explique-t-il. <!--more--><\/strong><\/p>\n<p><img decoding=\"async\" title=\"clef-owni-cc-ssoosay-hicheur-terrorisme-anti-proces-1\" alt=\"\" src=\"http:\/\/owni.fr\/files\/2012\/06\/clef-owni-cc-ssoosay-hicheur-terrorisme-anti-proces-1.jpg\" width=\"630\" height=\"430\" \/><\/p>\n<p>Adl\u00e8ne Hicheur est sorti de prison. Le 15 mai au matin, le conseiller d\u2019insertion et de probation sugg\u00e8re que sa d\u00e9tention pourrait prendre fin <em>\u201ctr\u00e8s prochainement\u201d<\/em>. Le soir m\u00eame, il est dehors. Il aura pass\u00e9 plus de deux ans et demi \u00e0 la maison d\u2019arr\u00eat de Fresnes, maintenu en d\u00e9tention provisoire toute la dur\u00e9e de l\u2019instruction.<\/p>\n<p>Physicien au Centre europ\u00e9en de recherche en nucl\u00e9aire (Cern), ce physicien de haut niveau a \u00e9t\u00e9 arr\u00eat\u00e9 le 8 octobre 2009 au domicile de ses parents, \u00e0 Vienne dans l\u2019Is\u00e8re. Les mots-cl\u00e9s fusent alors dans la presse : physicien, nucl\u00e9aire, Al Qaida. Terrorisme. \u00c0 l\u2019issue de sa garde \u00e0 vue, Adl\u00e8ne Hicheur est mis en examen pour association de malfaiteurs en relation avec une entreprise terroriste. Ses activit\u00e9s sur Internet sont dans la ligne de mire des enqu\u00eateurs. Lui d\u00e9nonce depuis le d\u00e9but un dossier vide, instrumentalis\u00e9 \u00e0 des fins politiques.<\/p>\n<div>\n<figure><a title=\"Le parfait terroriste physicien\" href=\"http:\/\/owni.fr\/2011\/09\/05\/adlene-hicheur-cern-terrorisme\/\"> <img decoding=\"async\" alt=\"Le parfait terroriste physicien\" src=\"http:\/\/owni.fr\/ttrs\/aHR0cDovL293bmkuZnIvZmlsZXMvMjAxMS8wOS9BZGzDqG5lLUhpY2hldXIuanBn\/207\/137\/90\" \/> <\/a><\/figure>\n<h3><a title=\"Le parfait terroriste physicien\" href=\"http:\/\/owni.fr\/2011\/09\/05\/adlene-hicheur-cern-terrorisme\/\">Le parfait terroriste physicien<\/a><\/h3>\n<div>\n<p>Il y a deux ans, un physicien du Cern d\u2019origine alg\u00e9rienne, devenait le client id\u00e9al de l\u2019antiterrorisme \u00e0 la fran\u00e7aise \u2026<\/p>\n<\/div>\n<\/div>\n<p>Il a accept\u00e9 de r\u00e9pondre \u00e0 <em>Owni<\/em>, d\u2019\u00e9voquer sa d\u00e9tention, sa relation avec les enqu\u00eateurs puis les magistrats, mais aussi les curiosit\u00e9s de cette affaire, notamment l\u2019identit\u00e9 de son myst\u00e9rieux correspondant, un certain Phoenix Shadow. Les services antiterroristes en sont persuad\u00e9s : derri\u00e8re se cacherait un cadre d\u2019Al Qaida au Maghreb (Aqmi), Moustapha Debchi, mais la preuve de cette \u00e9quation n\u2019a jamais \u00e9t\u00e9 apport\u00e9e.<\/p>\n<p><a href=\"http:\/\/owni.fr\/2012\/05\/05\/hicheur-terroriste-tribunal-jugement\/\">Condamn\u00e9 le 5 mai \u00e0 cinq ans de prison<\/a>, dont un an avec sursis, il est sorti \u00e0 la faveur de remise de peine. Sans attendre, il a repris contact avec ses anciens coll\u00e8gues, pour \u00e9viter <em>\u201cde sombrer dans la d\u00e9pression\u201d<\/em>. Ultime bataille, il tente de faire rectifier sa page Wikipedia : <em>\u201cUne vie ne peut pas se r\u00e9sumer \u00e0 un fait divers\u201d<\/em>.<\/p>\n<div>Quelle a \u00e9t\u00e9 votre r\u00e9action \u00e0 l\u2019annonce du jugement ?<\/div>\n<p>Aucune surprise. J\u2019avais vu le d\u00e9roulement de l\u2019instruction, j\u2019avais vu qu\u2019on avait fait de moi une victime expiatoire d\u2019une certaine politique. C\u2019est le paradigme du bouc-\u00e9missaire : on prend une personne qu\u2019on charge du point de vue symbolique et on l\u2019immole rituellement devant la soci\u00e9t\u00e9. Je ne me faisais aucune illusion, je voulais seulement \u00eatre jug\u00e9 rapidement pour que la d\u00e9tention provisoire cesse, pour ma famille, pour moi.<\/p>\n<p>Le syst\u00e8me a tenu \u00e0 aller jusqu\u2019au bout parce qu\u2019il fallait envoyer des messages forts \u00e0 la soci\u00e9t\u00e9. Ce mode de gouvernance est tr\u00e8s dangereux. J\u2019appelle \u00e7a de l\u2019ali\u00e9nation s\u00e9curitaire. \u00c7a tue le g\u00e9nie cr\u00e9atif, l\u2019\u00e9panouissement intellectuel. Mieux vaut agiter des chim\u00e8res que faire face \u00e0 ses propres carences. Dans <a href=\"http:\/\/adlenehicheur.fr\/press\/m11_cur\/2012-04_30_LeMonde_FR.pdf\">leur tribune les gens de Tarnac<\/a> l\u2019ont tr\u00e8s bien dit : la peur est le sentiment le plus facile \u00e0 instrumentaliser.<\/p>\n<p>La peur, l\u2019inconnu, l\u2019ignorance : les trois se tiennent. Les apprentis sorciers sont incapables de r\u00e9soudre des probl\u00e8mes sur des sujets s\u00e9rieux comme le ch\u00f4mage, mais ils sont les premiers \u00e0 agiter la matraque. Mon cas met \u00e0 nu leur pr\u00e9tention de respecter les gens qui travaillent. Je suis l\u2019exemple typique de taulier au travail, de personne qui se l\u00e8ve t\u00f4t. Ma vie est bris\u00e9e pour des \u00e9l\u00e9ments qui n\u2019auraient jamais conduit \u00e0 une incarc\u00e9ration dans un autre pays. \u00c7a devrait mettre la puce \u00e0 l\u2019oreille \u00e0 tout le monde, m\u00eame des gens qui n\u2019ont pas la m\u00eame culture politique que moi. On commence par les uns et on va ensuite vers les autres. C\u2019est exactement la logique d\u2019un syst\u00e8me totalitaire.<\/p>\n<div>Le tribunal a aussi prononc\u00e9 la confiscation des saisies d\u2019argent liquide, environ 15.000 euros, et du mat\u00e9riel informatique.<\/div>\n<p>La saisie de l\u2019argent liquide c\u2019est du vol institutionnalis\u00e9, la saisie de mon mat\u00e9riel informatique un assassinat intellectuel. J\u2019avais des centaines d\u2019heures de travail dessus ! Des id\u00e9es, des articles, des cours, des donn\u00e9es scientifiques\u2026<\/p>\n<div>Vous \u00e9tiez poursuivi pour association de malfaiteurs en relation avec une entreprise terroriste, pour financement du terroriste et pour avoir diffus\u00e9 de la propagande, ce que le procureur d\u00e9signait sous l\u2019expression <em>\u201cjihad m\u00e9diatique\u201d<\/em>.<\/div>\n<p>C\u2019est vraiment de la surench\u00e8re. Je n\u2019ai pas de site, pas de blog. Je n\u2019ai int\u00e9gr\u00e9 aucun projet m\u00e9diatique contrairement \u00e0 ce qui a \u00e9t\u00e9 dit. J\u2019ai interagi en tant que <em>user<\/em> (utilisateur) sur des forums, \u00e9changeant des opinions. C\u2019est vraiment de la mauvaise foi de l\u2019accusation ! Qu\u2019est-ce qu\u2019ils appellent <a href=\"http:\/\/owni.fr\/tag\/cyberjihad\/\">jihad m\u00e9diatique<\/a> ? C\u2019est un peu vague\u2026 Ce qui peut leur poser probl\u00e8me, c\u2019est que des groupes, disons politico-militaires pour rester technique, fassent des reportages sur leurs activit\u00e9s et les publient. L\u2019expression fourre-tout, d\u2019apr\u00e8s ce que j\u2019ai compris, permet de toucher toute personne qui aurait acc\u00e8s \u00e0 un moment ou \u00e0 un autre \u00e0 des publications de ces organes m\u00e9diatiques.<\/p>\n<p>Est-ce que traduire ce genre de publications en citant la source constitue du jihad m\u00e9diatique ? C\u2019est tr\u00e8s vicieux de rechercher des actes positifs qui constituent des incriminations, surtout au vue des cons\u00e9quences terribles ! N\u2019importe quel journaliste peut \u00eatre amen\u00e9 \u00e0 faire ce genre de travail sans pour autant faire partie de l\u2019organe m\u00e9diatique ou approuver ce qu\u2019il traduit. Pour en arriver l\u00e0, il faut vraiment qu\u2019il n\u2019y ait rien dans le dossier. C\u2019est grotesque et ridicule. Ils ont essay\u00e9 de m\u2019avoir <em>a minima<\/em>.<\/p>\n<div>Vos d\u00e9fenseurs avaient d\u00e9nonc\u00e9 une instruction \u00e0 charge, mais \u00e0 la veille du proc\u00e8s, Me Baudouin, votre avocat, s\u2019en remettait \u00e0 l\u2019ind\u00e9pendance de la Cour et au regard nouveau qu\u2019elle poserait sur votre dossier.<\/div>\n<p>La 14e chambre correctionnelle du TGI de Paris ne juge pas, elle condamne.<\/p>\n<div>\n<figure><a title=\"Hicheur bon terroriste confirm\u00e9\" href=\"http:\/\/owni.fr\/2012\/03\/31\/adlene-hicheur-terroriste-confirme\/\"> <img decoding=\"async\" alt=\"Hicheur bon terroriste confirm\u00e9\" src=\"http:\/\/owni.fr\/ttrs\/aHR0cDovL293bmkuZnIvZmlsZXMvMjAxMi8wMy9QYWxhaXMtZGUtanVzdGljZS1kZS1QYXJpcy3CqS1MYXVyZW50LVZhdXRyaW4tTGUtQ2FydG9uLVBpY3R1cmV0YW5rLTEtb3duaS1hcnRpY2xlLXByb2Nlcy1oaWNoZXVyLmpwZw==\/207\/137\/90\" \/> <\/a><\/figure>\n<h3><a title=\"Hicheur bon terroriste confirm\u00e9\" href=\"http:\/\/owni.fr\/2012\/03\/31\/adlene-hicheur-terroriste-confirme\/\">Hicheur bon terroriste confirm\u00e9<\/a><\/h3>\n<div>\n<p>Le physicien du Cern accus\u00e9 d\u2019activit\u00e9s terroristes, Adl\u00e8ne Hicheur, a comparu jeudi et vendredi devant le tribunal \u2026<\/p>\n<\/div>\n<\/div>\n<div>Il avait \u00e9galement point\u00e9 la fa\u00e7on dont la pr\u00e9sident, Mme Rebeyrotte, menait la s\u00e9ance.<\/div>\n<p>Il n\u2019y a pas eu de questions sur des points pr\u00e9cis, pas de d\u00e9bat contradictoire. Ce n\u2019\u00e9tait pas un proc\u00e8s mais un rouleau compresseur visant \u00e0 asphyxier la d\u00e9fense. Plusieurs griefs \u00e9taient lus pendant 20 ou 30 minutes et je n\u2019avais pas le temps de r\u00e9pondre. Pour moi, la condamnation n\u2019a pas \u00e9t\u00e9 prononc\u00e9e par la justice mais par la police. La police me voulait, me voulait condamn\u00e9.<\/p>\n<p>Dans les institutions d\u2019un \u00c9tat qui se respecte, il existe des contre-pouvoirs qui peuvent arr\u00eater ce genre de b\u00eatises. Le grand public retient des mots-cl\u00e9s : \u201cmusulman\u201d, \u201cphysicien\u201d, \u201cAl Qaida\u201d. \u00c7a rel\u00e8ve de la psychologie de masse.<\/p>\n<div>Quelles relations aviez-vous avec le juge d\u2019instruction, Christophe Teissier ? Dans un <a href=\"http:\/\/www.mediapart.fr\/journal\/france\/200911\/adlene-hicheur-il-faut-mesurer-la-violence-de-larbitraire\">entretien accord\u00e9 \u00e0 <em>Mediapart<\/em><\/a>, vous \u00e9voquiez une audition <em>\u201cst\u00e9rile et sans int\u00e9r\u00eat\u201d<\/em>.<\/div>\n<p>Les m\u00eames \u00e9l\u00e9ments revenaient sans arr\u00eat. Au d\u00e9but, j\u2019\u00e9tais na\u00eff. Je pensais qu\u2019au moins un ou deux magistrats constateraient le vide du dossier et d\u00e9cideraient d\u2019arr\u00eater. Petit \u00e0 petit j\u2019ai d\u00e9couvert la justice fran\u00e7aise, la chape de plomb qui vous tombe dessus. La mauvaise volont\u00e9 se m\u00eale \u00e0 la mauvaise foi. Et l\u00e0 on comprend qu\u2019on est entre de tr\u00e8s mauvaises mains.<\/p>\n<p>J\u2019avais en t\u00eate que le magistrat n\u2019\u00e9tait pas un flic, m\u00eame si la r\u00e9putation du p\u00f4le antiterroriste n\u2019est plus \u00e0 faire\u2026 J\u2019avais espoir qu\u2019on revienne \u00e0 un peu de sagesse ou \u00e0 d\u00e9faut d\u2019\u00e9quit\u00e9 : quand il n\u2019y a rien, il n\u2019y a rien. Il a jou\u00e9 le r\u00f4le d\u2019un flic main dans la main avec le procureur.<\/p>\n<h2><em>\u201cEt ils s\u2019acharnent, ils s\u2019acharnent\u201d<\/em><\/h2>\n<div>Comment se sont pass\u00e9s les interrogatoires pendant votre garde \u00e0 vue ?<\/div>\n<p>Mal. Le rapport voyous-braves gens \u00e9tait invers\u00e9 : les voyous c\u2019\u00e9tait eux ! Parfois, les insultes fusaient. Les policiers utilisaient mon fr\u00e8re, la sant\u00e9 de ma m\u00e8re pour faire pression sur moi pendant ma garde \u00e0 vue. Ils ressemblent \u00e0 des psychopathes hyst\u00e9riques tout excit\u00e9s. Peut-\u00eatre parce qu\u2019ils sont toute l\u2019ann\u00e9e dans un bureau \u00e0 se croiser les doigts\u2026 D\u00e8s qu\u2019ils peuvent avoir un os \u00e0 ronger, toutes les frustrations de leur quotidien \u2013 pas terrible d\u2019ailleurs \u2013 se d\u00e9chargent sur vous.<\/p>\n<p>Les gens de Tarnac l\u2019ont bien compris. Ils sont pass\u00e9s par la machine. Ils ont souffert de la m\u00eame chose que moi : l\u2019acharnement policier. Il en faut peu. Deux ou trois officiers se montent la t\u00eate, au bout d\u2019un moment c\u2019est comme si vous leur apparteniez, et ils s\u2019acharnent, ils s\u2019acharnent. Et puis, des carri\u00e8res sont en jeu\u2026 Dans mon affaire, il y a eu au moins une promotion av\u00e9r\u00e9e : les grades changent entre les PV de d\u00e9but et de fin. Utiliser les moyens de l\u2019\u00c9tat pour faire du mal \u00e0 quelqu\u2019un est d\u2019une l\u00e2chet\u00e9 sans nom.<\/p>\n<div>Sous quelle forme avez-vous ressenti ce \u201cd\u00e9chargement\u201d ?<\/div>\n<p>Le ton, l\u2019excitation. En garde \u00e0 vue, on m\u2019a dit : <em>\u201cvous allez perdre votre boulot, vous ne serez plus physicien, vous ne serez plus au Cern\u201d<\/em>. C\u2019est d\u2019un cynisme total ! Les gars sont assur\u00e9s de leurs pleins pouvoirs. Il y avait un plaisir \u00e0 me faire perdre un certain statut social, l\u2019un des chenapans l\u2019a exprim\u00e9 ouvertement. \u00c7a tranche avec le comportement des deux enqu\u00eateurs suisses qui sont venus m\u2019interroger en septembre 2010. C\u2019\u00e9tait des gens tr\u00e8s pos\u00e9s, tr\u00e8s carr\u00e9s. Ils ont fait leur boulot sans tout ce cin\u00e9ma.<\/p>\n<p>Des d\u00e9tails tr\u00e8s t\u00e9nus sont mont\u00e9s en \u00e9pingle : le plus choquant est sans doute les questions sur la pratique religieuse. Pourquoi on me demande si je prie ou si je je\u00fbne dans le cadre d\u2019une enqu\u00eate judiciaire ? On \u00e9voque la vie et la culture familiales. Je r\u00e9ponds que nous sommes proches de la religion musulmane tout en \u00e9tant ouverts. Ensuite les questions d\u00e9vient sur des situations politiques, en Irak en Afghanistan. Jamais j\u2019aurais pens\u00e9 \u00e0 ce moment-l\u00e0 que mes r\u00e9ponses seraient utilis\u00e9es dans le r\u00e9quisitoire. C\u2019est de l\u2019inquisitoire, pas du judiciaire.<\/p>\n<div>Lorsque le procureur vous avait demand\u00e9 si vous \u00e9tiez salafiste, lors du proc\u00e8s, vous lui avez r\u00e9pondu qu\u2019il faudrait une th\u00e8se de doctorat pour en parler.<\/div>\n<p>Je trouve \u00e9tonnant qu\u2019un tribunal charg\u00e9 de caract\u00e9riser une infraction p\u00e9nale parle de salafisme. On balance les slogans, des chim\u00e8res, des sorci\u00e8res. Je peux parler en d\u00e9tails des tendances et mouvances dans le monde musulman. J\u2019ai beaucoup lu et c\u2019est frustrant d\u2019avoir affaire \u00e0 des gens qui ne sont pas tr\u00e8s au fait mais utilisent \u00e7a comme outil de guerre psychologique. C\u2019est chasser toute rationalit\u00e9 \u00e0 l\u2019affaire pour garder l\u2019irrationnel qui excite les cordes de l\u2019opinion publique.<\/p>\n<p>Il y a des raccourcis un peu simplistes du genre \u201csalafisme = activit\u00e9 arm\u00e9e\u201d. Les Fr\u00e8res musulmans ne sont pas salafistes mais ont des branches arm\u00e9es dans diff\u00e9rents pays. Les Taliban n\u2019ont rien \u00e0 voir avec les salafistes. C\u2019est beaucoup plus compliqu\u00e9 que le simplisme pr\u00e9sent\u00e9 au public.<\/p>\n<div>Vous \u00e9tiez interrog\u00e9 par des agents de la Direction centrale du renseignement int\u00e9rieur (DCRI) ?<\/div>\n<p>Par deux bin\u00f4mes d\u2019agents de la DCRI. Un de jour, un de nuit. J\u2019avais l\u2019impression qu\u2019ils avaient d\u00e9couvert un filon : le filon Internet. Avec Internet, il n\u2019y a pas de filature, de planques avec le thermos\u2026 Sur Internet, les ing\u00e9nieurs se bloquent sur l\u2019IP et interceptent le flux. En parall\u00e8le, les policiers peuvent m\u00eame jouer aux jeux vid\u00e9o dans un bureau \u00e0 c\u00f4t\u00e9 \u00e0 Levallois.<\/p>\n<h2>Ivan Colonna dans la cellule \u00e0 c\u00f4t\u00e9<\/h2>\n<div>Comment s\u2019est pass\u00e9e votre d\u00e9tention \u00e0 Fresnes ?<\/div>\n<p>L\u2019administration est stricte, z\u00e9l\u00e9e m\u00eame. Les cours de promenade sont minuscules, 40m2. Personne ne peut s\u2019imaginer les affres de la d\u00e9tention : ce sont des familles bris\u00e9es, des couples d\u00e9sunis, des \u00e9pouses qui pleurent dans les parloirs, des mamans qui ne mangent plus. C\u2019est contre-productif comme disait Me Baudouin. Plus une politique s\u00e9curitaire est coercitive, plus elle cr\u00e9e de la violence et de l\u2019instabilit\u00e9.<\/p>\n<div>Dans quel quartier \u00e9tiez-vous \u00e0 Fresnes ?<\/div>\n<p>Au d\u00e9but, j\u2019\u00e9tais \u00e0 l\u2019h\u00f4pital p\u00e9nitentiaire en raison de mon \u00e9tat de sant\u00e9. J\u2019y suis rest\u00e9 quatre mois. Puis j\u2019ai \u00e9t\u00e9 transf\u00e9r\u00e9 en 3e division du quartier principal.<\/p>\n<div>Vos cod\u00e9tenus \u00e9taient des mis en examen ou des condamn\u00e9s dans des affaires similaires ?<\/div>\n<p>Apr\u00e8s l\u2019h\u00f4pital p\u00e9nitentiaire, j\u2019\u00e9tais dans la 3e division Sud, au rez-de-chauss\u00e9e avec tous les malades : 90% sont des cas psychiatriques, dont certains tr\u00e8s graves. J\u2019y suis rest\u00e9 presque un an. Je n\u2019ai jamais vu autant de mis\u00e8re humaine de ma vie. J\u2019avais le r\u00f4le de Jack Nicholson dans <em>Vol au-dessus d\u2019un nid de coucous<\/em>.<br \/>\nEnsuite j\u2019ai \u00e9t\u00e9 transf\u00e9r\u00e9 au Nord, toujours au rez-de-chauss\u00e9e. J\u2019ai crois\u00e9 diff\u00e9rents types de profils, essentiellement du banditisme et un seul cas politique, c\u2019\u00e9tait Ivan Colonna. Il \u00e9tait dans la cellule \u00e0 c\u00f4t\u00e9.<\/p>\n<div>Pas d\u2019autres personnes impliqu\u00e9es dans des affaires terroristes ?<\/div>\n<p>Dans les autres activit\u00e9s, comme le terrain de sport, j\u2019ai crois\u00e9 des Basques et d\u2019autres Corses.<\/p>\n<div>Quel genre de relations aviez-vous avec eux ?<\/div>\n<p>Un esprit de camaraderie de prison. J\u2019ai aussi ressenti beaucoup de compassion. Personne n\u2019est dupe en prison, tout le monde conna\u00eet bien le syst\u00e8me, ils savent d\u00e9coder l\u2019actualit\u00e9. J\u2019ai senti de la r\u00e9volte aussi, des droits communs notamment. Le discours : <em>\u201csi vous aviez fait des \u00e9tudes, vous ne seriez pas l\u00e0\u201d<\/em> \u00e9tait faux. Eux se retrouvaient avec plus de droits que moi, qui ai pourtant fait beaucoup d\u2019\u00e9tudes !<\/p>\n<div>Avez-vous fait appel \u00e0 une solidarit\u00e9 confessionnelle pour \u201ccantiner\u201d ou autre ?<\/div>\n<p>J\u2019interagis avec les gens selon un seul crit\u00e8re : qu\u2019ils soient r\u00e9glos. J\u2019ai partag\u00e9 de bons moments avec des gens tr\u00e8s diff\u00e9rents de moi tant qu\u2019ils sont agr\u00e9ables et pas nuisibles. On est tous dans le p\u00e9trin ! Quand quelqu\u2019un manque d\u2019un produit, on lui donne et vice versa. C\u2019est quasiment automatique.<\/p>\n<div>Tous les d\u00e9tenus n\u2019ont pas de doctorat en physique des particules. Comment s\u2019est pass\u00e9 votre d\u00e9tention de ce point de vue ?<\/div>\n<p>J\u2019ai lu quelques bouquins, dont <em>La force de l\u2019ordre<\/em> de Didier Fassin sur la police anti-criminalit\u00e9 et <em>Les veines ouvertes de l\u2019Am\u00e9rique latine<\/em> qui m\u2019a marqu\u00e9. Des ouvrages scientifiques aussi pour m\u2019entretenir. J\u2019ai r\u00e9ussi \u00e0 tenir les 20 premiers mois, \u00e0 travailler, \u00e0 \u00eatre efficace. Ensuite, je fatiguais.<\/p>\n<p>J\u2019ai eu du mal \u00e0 m\u2019ajuster \u00e0 la mentalit\u00e9 de la prison. L\u2019administration p\u00e9nitentiaire avait elle du mal \u00e0 voir sous quel registre me g\u00e9rer. L\u2019aspect s\u00e9curitaire et disciplinaire des peines fait que les d\u00e9tenus particuli\u00e8rement surveill\u00e9s (DPS) et de la cat\u00e9gorie \u201cmouvance\u201d ont des fouilles r\u00e9guli\u00e8res des cellules et une fouille \u00e0 corps int\u00e9grale, ce qui est particuli\u00e8rement humiliant et parfaitement ill\u00e9gal. Il y a une volont\u00e9 politique de rendre la d\u00e9tention pr\u00e9ventive la plus p\u00e9nible possible pour user la personne. C\u2019est ainsi \u00e0 Fresnes en tout cas.<\/p>\n<p>La notion du ch\u00e2timent douloureux est tr\u00e8s forte en France. Certains personnels de l\u2019administration p\u00e9nitentiaire font sentir qu\u2019ils sont l\u00e0 pour \u00eatre odieux. Les surveillants sont tr\u00e8s jeunes, et tout d\u00e9pend de leur caract\u00e8re et de leur humeur. C\u2019est un jeu : celui qui s\u2019\u00e9nerve perd la partie.<\/p>\n<h2>Pigeon providentiel<\/h2>\n<div>D\u00e8s les premiers jours de votre arrestation, des articles utilisaient les mots cl\u00e9s \u201cterroriste\u201d, \u201cphysicien\u201d, \u201cnucl\u00e9aire\u201d dans leur titre. Quand avez-vous appris cette m\u00e9diatisation, tr\u00e8s forte d\u00e8s le d\u00e9but ?<\/div>\n<p>Je suis pass\u00e9 en comparution m\u00e9diatique imm\u00e9diate. Le circuit passe par la police, le minist\u00e8re de l\u2019int\u00e9rieur et la Pr\u00e9sidence, puis redescend dans les m\u00e9dias qu\u2019ils connaissent et choisissent. Mes parents sont venus \u00e0 mon premier parloir, ils m\u2019ont racont\u00e9 verbalement. J\u2019\u00e9tais coup\u00e9 du monde jusque-l\u00e0.<\/p>\n<p>Quand j\u2019ai r\u00e9alis\u00e9, j\u2019\u00e9tais d\u00e9pressif. J\u2019ai compris que s\u2019ils avaient fait ce bruit-l\u00e0, rien ne les arr\u00eaterait. J\u2019ai r\u00e9alis\u00e9 l\u2019ampleur de l\u2019entourloupe : j\u2019\u00e9tais le pigeon providentiel.<\/p>\n<p>La m\u00e9diatisation d\u2019une personne priv\u00e9e qui ne l\u2019a pas choisie est d\u2019une grande violence psychologique. L\u2019instrumentalisation des m\u00e9dias est tr\u00e8s puissante, m\u00eame un \u201cange qui marche sur terre\u201d se ferait d\u00e9truire. Je suis frapp\u00e9 du sceau des parias, pour que je ne puisse pas me refaire, pour que je sois pr\u00e9caire le restant de mes jours. On verra, je ne suis pas pr\u00eat \u00e0 baisser les bras, je veux me refaire, tant bien que mal.<\/p>\n<div>Vous avez \u00e9t\u00e9 pr\u00e9sent\u00e9 comme la figure du loup solitaire par certains responsables de la lutte antiterroriste.<\/div>\n<p>Dans le pass\u00e9, ils avaient au minimum des bandes de copains \u00e0 qui on pouvait reprocher, ou pas \u2013 je ne sais pas \u2013 une certaine forme de pros\u00e9lytisme. Il y avait des points d\u2019ancrage pour donner l\u2019illusion. Pas dans mon cas. Il y a un gars qui a \u00e9tudi\u00e9 toute sa jeunesse, qui travaille, qui vit dans un environnement rural. Jamais j\u2019aurais pens\u00e9 qu\u2019on arriverait \u00e0 de tels extr\u00eames \u00e0 partir de rien. C\u2019est une d\u00e9rive dans la d\u00e9rive.<\/p>\n<p>Ils ont \u00e9t\u00e9 oblig\u00e9s de cr\u00e9er un profil artificiel pour justifier toute la mascarade. Il n\u2019appartient pas \u00e0 un groupe ? Il vit tout seul ? Ce sera le loup solitaire par exemple. La rh\u00e9torique ancienne ne pouvait pas fonctionner.<\/p>\n<div>En s\u2019appuyant sur votre utilisation d\u2019Internet ?<\/div>\n<p>Oui, mais le plus grave c\u2019est l\u2019id\u00e9e qui se d\u00e9gage de l\u2019expression loup solitaire. On imagine quelqu\u2019un qui vit reclus. C\u2019est faux. Je travaillais dans le cadre de collaboration internationale, j\u2019avais affaire \u00e0 des centaines de personnes quasi-quotidiennement au Cern. Plusieurs milliers de physiciens de nationalit\u00e9s diff\u00e9rentes travaillent ensemble. Aucun outil de sociabilit\u00e9 n\u2019est aussi fort ! Il faut s\u2019adapter \u00e0 toutes les cultures, \u00e0 tous les temp\u00e9raments, \u00e0 toutes les personnalit\u00e9s.<\/p>\n<p>Cette partie a \u00e9t\u00e9 zapp\u00e9e dans les m\u00e9dias. La personne r\u00e9elle dispara\u00eet au profil d\u2019un clone, d\u2019un hologramme, habill\u00e9 de toutes les caract\u00e9ristiques pour vendre la justice \u00e0 l\u2019opinion publique. Il y avait une feuille blanche, immacul\u00e9e, avec un bon cursus scolaire et universitaire. C\u2019\u00e9tait un d\u00e9fi de construire une intrigue \u00e0 partir de mon v\u00e9cu ! Personne dans mon entourage familial, professionnel, de mon voisinage ne voulait me \u201csalir\u201d. Alors ils sont all\u00e9s chercher des internautes avec qui j\u2019avais interagi il y a x ann\u00e9es.<\/p>\n<div>Pourquoi acceptez-vous de parler aujourd\u2019hui ?<\/div>\n<p>Je ne parle pas \u00e0 tout le monde. Je consid\u00e8re que \u00e7a peut \u00eatre productif ou positif, mais \u00e0 dose hom\u00e9opathique. S\u2019il fallait tout dire, on pourrait noircir des pages.<\/p>\n<h2>D\u00e9sint\u00e9gration morale<\/h2>\n<div>Comment voyez-vous votre avenir maintenant ?<\/div>\n<p>Difficile. Par nature, j\u2019ai tendance \u00e0 \u00eatre prudent. Dans un premier temps, je n\u2019accepte pas qu\u2019on me d\u00e9missionne de ma passion et de mon gagne-pain par \u201cla force des mitraillettes\u201d comme dirait Louis de Fun\u00e8s. Si je devais quitter le milieu scientifique ou la physique des particules, ce serait de mon propre chef. Utiliser le s\u00e9curitaire pour me faire basculer dans la pr\u00e9carit\u00e9 d\u00e9passe une proc\u00e9dure de sanction p\u00e9nale \u2013 d\u00e9j\u00e0 injuste \u2013 pour me faire entrer dans un processus de d\u00e9sint\u00e9gration morale. Je n\u2019accepte pas que la force publique me coupe de ma passion pour laquelle j\u2019ai sacrifi\u00e9 ma jeunesse. Il faut \u00eatre r\u00e9aliste et voir comment rebondir. Je prospecte, rien n\u2019est d\u00e9fini. J\u2019ignore si la campagne a influenc\u00e9 les employeurs, je veux d\u2019abord briser cet embargo.<\/p>\n<div>Vous avez \u00e9t\u00e9 soutenu par votre milieu professionnel.<\/div>\n<p>Oui, la solidarit\u00e9 est venue des scientifiques, mais il reste le milieu administratif. Je n\u2019ai pas de visibilit\u00e9 dessus.<\/p>\n<div>Et l\u2019Alg\u00e9rie, dont vous avez \u00e9galement la nationalit\u00e9 ?<\/div>\n<p>C\u2019est un grand point d\u2019interrogation. Il est trop t\u00f4t pour le dire.<\/p>\n<div>C\u2019est en Alg\u00e9rie que vivrait Phoenix Shadow, la personne avec qui vous correspondiez. Lors du proc\u00e8s, vous avez dit qu\u2019on vous pr\u00e9sentait un pseudo et un nom, comme une \u00e9quation \u00e0 deux inconnues, et qu\u2019on vous demandait d\u2019affirmer que l\u2019un correspond \u00e0 l\u2019autre.<\/div>\n<p>D\u00e8s le d\u00e9but de l\u2019instruction, les avocats n\u2019ont eu de cesse de demander d\u2019o\u00f9 venait ce nom, Moustapha Debchi. A aucun moment, l\u2019explication n\u2019a \u00e9t\u00e9 fournie. Pour mon cas, l\u2019adresse IP renvoie \u00e0 une connexion Internet etc. En face, un nom est balanc\u00e9 sans justification, sans preuve.<\/p>\n<div>A aucun moment vous ne connaissiez l\u2019identit\u00e9 de la personne derri\u00e8re le pseudo Phoenix Shadow ?<\/div>\n<div>\n<figure><a title=\"R\u00e9ponses cl\u00e9s en main pour la DCRI\" href=\"http:\/\/owni.fr\/2011\/10\/04\/adlene-hicheur-terrorisme-cern-aqmi\/\"> <img decoding=\"async\" alt=\"R\u00e9ponses cl\u00e9s en main pour la DCRI\" src=\"http:\/\/owni.fr\/ttrs\/aHR0cDovL293bmkuZnIvZmlsZXMvMjAxMS8xMC9oaWNoZXVyLWNsZWYuanBn\/207\/137\/90\" \/> <\/a><\/figure>\n<h3><a title=\"R\u00e9ponses cl\u00e9s en main pour la DCRI\" href=\"http:\/\/owni.fr\/2011\/10\/04\/adlene-hicheur-terrorisme-cern-aqmi\/\">R\u00e9ponses cl\u00e9s en main pour la DCRI<\/a><\/h3>\n<div>\n<p>L\u2019instruction du dossier antiterroriste du physicien Adl\u00e8ne Hicheur n\u2019a pas \u00e9t\u00e9 cl\u00f4tur\u00e9e mardi. Nouvelle pi\u00e8ce au \u2026<\/p>\n<\/div>\n<\/div>\n<p>Phoenix Shadow restait Phoenix Shadow, point \u00e0 la ligne. Il n\u2019y a pas eu de connaissance, de volont\u00e9 de connaissance. C\u2019\u00e9tait une interaction contingente \u00e0 un moment donn\u00e9 utilis\u00e9e des mois plus tard. Je pense qu\u2019au d\u00e9but on voulait me coller \u00e0 l\u2019affaire des fili\u00e8res belgo-afghanes. Je l\u2019ai senti pendant la garde \u00e0 vue. Trop peu d\u2019\u00e9l\u00e9ments existaient alors que le sc\u00e9nario aurait \u00e9t\u00e9 terrible : un scientifique dans l\u2019affaire des fili\u00e8res !<\/p>\n<p>Puis, les questions ont \u00e9volu\u00e9 au fil de la garde \u00e0 vue, en fonction de l\u2019exploitation de mon disque dur. Les questions se sont r\u00e9orient\u00e9es vers Aqmi. Il n\u2019y a vraiment que dans l\u2019antiterrorisme que \u00e7a se passe ainsi. Normalement, quand une personne est plac\u00e9e en garde \u00e0 vue, il faut lui signifier le chef de mise en garde \u00e0 vue et remplir le cas d\u2019esp\u00e8ce, ce qui lui est reproch\u00e9. Moi, il n\u2019y avait rien ! Le chef de mise en garde \u00e0 vue \u00e9tait<em> \u201cpr\u00e9somption grave d\u2019association de malfaiteurs en relation avec une entreprise terroriste\u201d<\/em>, mais la suite \u00e9tait vide, blanche.<\/p>\n<p><a href=\"http:\/\/owni.fr\/2012\/07\/02\/adlene-hicheur-jetais-le-pigeon-providentiel\/\">Source<\/a><\/p>\n<\/div>\n<\/div>\n","protected":false},"excerpt":{"rendered":"<p>Hicheur : \u201cj\u2019\u00e9tais le pigeon providentiel\u201d Le 2 juillet 2012 Pierre Alonso Physicien de haut niveau, Adl\u00e8ne Hicheur a \u00e9t\u00e9 condamn\u00e9 le 5 mai dernier \u00e0 cinq ans de prison pour terrorisme, au terme d\u2019une instruction plut\u00f4t curieuse. Il est sorti de prison le 15 mai. Dans cette premi\u00e8re interview, accord\u00e9e \u00e0 Owni, Hicheur d\u00e9nonce, &#8230; <a title=\"Hicheur : \u201cj\u2019\u00e9tais le pigeon providentiel\u201d\" class=\"read-more\" href=\"https:\/\/bruxelles-pantheres.be\/?p=959\" aria-label=\"En savoir plus sur Hicheur : \u201cj\u2019\u00e9tais le pigeon providentiel\u201d\">Lire la suite<\/a><\/p>\n","protected":false},"author":1,"featured_media":443,"comment_status":"open","ping_status":"open","sticky":false,"template":"","format":"standard","meta":{"footnotes":""},"categories":[4,8,28],"tags":[23,26,29],"class_list":["post-959","post","type-post","status-publish","format-standard","has-post-thumbnail","hentry","category-islamophobie","category-prisons","category-racismes","tag-discrimination","tag-extradition","tag-torture"],"_links":{"self":[{"href":"https:\/\/bruxelles-pantheres.be\/index.php?rest_route=\/wp\/v2\/posts\/959","targetHints":{"allow":["GET"]}}],"collection":[{"href":"https:\/\/bruxelles-pantheres.be\/index.php?rest_route=\/wp\/v2\/posts"}],"about":[{"href":"https:\/\/bruxelles-pantheres.be\/index.php?rest_route=\/wp\/v2\/types\/post"}],"author":[{"embeddable":true,"href":"https:\/\/bruxelles-pantheres.be\/index.php?rest_route=\/wp\/v2\/users\/1"}],"replies":[{"embeddable":true,"href":"https:\/\/bruxelles-pantheres.be\/index.php?rest_route=%2Fwp%2Fv2%2Fcomments&post=959"}],"version-history":[{"count":1,"href":"https:\/\/bruxelles-pantheres.be\/index.php?rest_route=\/wp\/v2\/posts\/959\/revisions"}],"predecessor-version":[{"id":960,"href":"https:\/\/bruxelles-pantheres.be\/index.php?rest_route=\/wp\/v2\/posts\/959\/revisions\/960"}],"wp:featuredmedia":[{"embeddable":true,"href":"https:\/\/bruxelles-pantheres.be\/index.php?rest_route=\/wp\/v2\/media\/443"}],"wp:attachment":[{"href":"https:\/\/bruxelles-pantheres.be\/index.php?rest_route=%2Fwp%2Fv2%2Fmedia&parent=959"}],"wp:term":[{"taxonomy":"category","embeddable":true,"href":"https:\/\/bruxelles-pantheres.be\/index.php?rest_route=%2Fwp%2Fv2%2Fcategories&post=959"},{"taxonomy":"post_tag","embeddable":true,"href":"https:\/\/bruxelles-pantheres.be\/index.php?rest_route=%2Fwp%2Fv2%2Ftags&post=959"}],"curies":[{"name":"wp","href":"https:\/\/api.w.org\/{rel}","templated":true}]}}