{"id":966,"date":"2012-07-27T22:42:22","date_gmt":"2012-07-27T21:42:22","guid":{"rendered":"https:\/\/bruxelles-pantheres.be\/?p=966"},"modified":"2013-11-11T22:45:22","modified_gmt":"2013-11-11T21:45:22","slug":"le-salut-du-black-power-aux-jo-de-mexico","status":"publish","type":"post","link":"https:\/\/bruxelles-pantheres.be\/?p=966","title":{"rendered":"LE SALUT DU BLACK POWER AUX JO DE MEXICO"},"content":{"rendered":"<p><img decoding=\"async\" class=\"aligncenter\" alt=\"http:\/\/infinit8monkeys.com\/wp-content\/uploads\/2012\/07\/Top-10-Sports-Moment-Black-Power-Salute.jpg\" src=\"http:\/\/infinit8monkeys.com\/wp-content\/uploads\/2012\/07\/Top-10-Sports-Moment-Black-Power-Salute.jpg\" \/><\/p>\n<p><strong>16 OCTOBRE 1968 : LE SALUT DU BLACK POWER AUX JO DE MEXICO<!--more--><\/strong><\/p>\n<p>\u00c0 l\u2019aube des JO 2012 dont la c\u00e9r\u00e9monie d\u2019ouverture est pr\u00e9vue le 27 juillet 2012 \u00e0 Londres. NegroNews a souhait\u00e9 vous faire un petit flashback sur un \u00e9v\u00e8nement qui a marqu\u00e9 l\u2019histoire des Jeux Olympiques et celle de la communaut\u00e9 noire.<\/p>\n<p>Le 16 octobre 1968 aux JO de Mexico, apr\u00e8s la finale du 200 m\u00e8tres, Tommie Smith qui vient de remporter la course et John Carlos, troisi\u00e8me de l\u2019\u00e9preuve s\u2019approchent du podium pour recevoir leur m\u00e9daille. Pour symboliser la pauvret\u00e9 des populations noires, les deux athl\u00e8tes retirent leurs chaussures blanches et marchent en chaussettes noires sur la pelouse. \u00c0 leur cou, ils portent un foulard et un collier qui repr\u00e9sentent des symboles du lynchage des noirs<\/p>\n<p>Apr\u00e8s avoir re\u00e7u leurs m\u00e9dailles, les deux athl\u00e8tes afro-am\u00e9ricains l\u00e8vent leur poing gant\u00e9 de noir et baissent la t\u00eate au moment o\u00f9 retentit l\u2019hymne am\u00e9ricain.<br \/>\nCe geste symbolique d\u00e9nonce la discrimination raciale des noirs-am\u00e9ricains aux \u00c9tats-Unis et affiche le soutien au parti politique des Black Panthers.<\/p>\n<p>Tommie Smith explique son geste \u00ab Quand je gagne, je suis Am\u00e9ricain, pas Noir-Am\u00e9ricain. Mais si je fais quelque chose de mal, ils vont dire que je suis un N\u00e9gro. Nous sommes Noirs et nous sommes fiers de l\u2019\u00eatre. L\u2019Am\u00e9rique Noire comprendra ce que nous avons fait ce soir [\u2026] Nous ne sommes pas les braves gar\u00e7ons, ni de braves animaux que l\u2019on r\u00e9compense avec des cacahu\u00e8tes. Si les gens ne s\u2019int\u00e9ressent pas \u00e0 ce que les Noirs pensent en temps normal, qu\u2019ils ne viennent pas voir les Noirs courir en public\u2026 [\u2026] L\u2019Am\u00e9rique blanche ne nous reconna\u00eet que comme champions\u2026\u00bb<\/p>\n<p>Suite \u00e0 ce geste, Tommie Smith et John Carlos seront d\u00e9chus de leur titre acquis ce jour-l\u00e0 et exclus \u00e0 vie des Jeux Olympiques.<\/p>\n<p>Pour revoir ce moment historique en vid\u00e9o :<iframe src=\"\/\/www.youtube.com\/embed\/0biCuBy4yVg\" height=\"315\" width=\"420\" allowfullscreen=\"\" frameborder=\"0\"><\/iframe><\/p>\n<header class=\"entry-header\"><img decoding=\"async\" class=\"attachment-post-thumbnail wp-post-image alignright\" alt=\"35194848865fc87a0c59a4b9c8e00abf_1M\" src=\"http:\/\/www.egalite.be\/wp-content\/uploads\/2012\/07\/35194848865fc87a0c59a4b9c8e00abf_1M1.png\" width=\"500\" height=\"288\" \/><\/header>\n","protected":false},"excerpt":{"rendered":"<p>16 OCTOBRE 1968 : LE SALUT DU BLACK POWER AUX JO DE MEXICO<\/p>\n","protected":false},"author":1,"featured_media":967,"comment_status":"open","ping_status":"open","sticky":false,"template":"","format":"standard","meta":{"footnotes":""},"categories":[21,7,28,17],"tags":[49],"class_list":["post-966","post","type-post","status-publish","format-standard","has-post-thumbnail","hentry","category-anti-imperialisme","category-negrophobie","category-racismes","category-video","tag-usa"],"_links":{"self":[{"href":"https:\/\/bruxelles-pantheres.be\/index.php?rest_route=\/wp\/v2\/posts\/966","targetHints":{"allow":["GET"]}}],"collection":[{"href":"https:\/\/bruxelles-pantheres.be\/index.php?rest_route=\/wp\/v2\/posts"}],"about":[{"href":"https:\/\/bruxelles-pantheres.be\/index.php?rest_route=\/wp\/v2\/types\/post"}],"author":[{"embeddable":true,"href":"https:\/\/bruxelles-pantheres.be\/index.php?rest_route=\/wp\/v2\/users\/1"}],"replies":[{"embeddable":true,"href":"https:\/\/bruxelles-pantheres.be\/index.php?rest_route=%2Fwp%2Fv2%2Fcomments&post=966"}],"version-history":[{"count":1,"href":"https:\/\/bruxelles-pantheres.be\/index.php?rest_route=\/wp\/v2\/posts\/966\/revisions"}],"predecessor-version":[{"id":968,"href":"https:\/\/bruxelles-pantheres.be\/index.php?rest_route=\/wp\/v2\/posts\/966\/revisions\/968"}],"wp:featuredmedia":[{"embeddable":true,"href":"https:\/\/bruxelles-pantheres.be\/index.php?rest_route=\/wp\/v2\/media\/967"}],"wp:attachment":[{"href":"https:\/\/bruxelles-pantheres.be\/index.php?rest_route=%2Fwp%2Fv2%2Fmedia&parent=966"}],"wp:term":[{"taxonomy":"category","embeddable":true,"href":"https:\/\/bruxelles-pantheres.be\/index.php?rest_route=%2Fwp%2Fv2%2Fcategories&post=966"},{"taxonomy":"post_tag","embeddable":true,"href":"https:\/\/bruxelles-pantheres.be\/index.php?rest_route=%2Fwp%2Fv2%2Ftags&post=966"}],"curies":[{"name":"wp","href":"https:\/\/api.w.org\/{rel}","templated":true}]}}