{"id":969,"date":"2012-07-26T23:04:36","date_gmt":"2012-07-26T22:04:36","guid":{"rendered":"https:\/\/bruxelles-pantheres.be\/?p=969"},"modified":"2013-11-11T23:10:18","modified_gmt":"2013-11-11T22:10:18","slug":"declaration-de-caracas","status":"publish","type":"post","link":"https:\/\/bruxelles-pantheres.be\/?p=969","title":{"rendered":"D\u00e9claration de Caracas"},"content":{"rendered":"<div class=\"entry-content\">\n<div>\n<div><img decoding=\"async\" class=\"alignnone\" alt=\"\" src=\"http:\/\/www.medelu.org\/local\/cache-vignettes\/L640xH258\/arton1152-f9577.jpg\" width=\"640\" height=\"258\" \/><\/div>\n<div><\/div>\n<div><\/div>\n<div><\/div>\n<div>XVIIIe rencontre du Forum de Sao Paulo (FSP)<br \/>\nLes peuples du monde unis contre le n\u00e9olib\u00e9ralisme et pour la paix<\/div>\n<div style=\"text-align: justify;\"><strong>XVIIIe rencontre du Forum de Sao Paulo (FSP)<\/strong> \/<\/div>\n<p><em>mardi, 24 juillet 2012<!--more--><\/em><\/p>\n<\/div>\n<div>\n<p style=\"text-align: justify;\">1. La XVIIIe rencontre du Forum de Sao Paulo (FSP), qui s\u2019est tenue \u00e0 Caracas les 4, 5 et 6 juillet 2012, s\u2019est d\u00e9roul\u00e9e dans un contexte de crise structurelle profonde du capitalisme, conjugu\u00e9e \u00e0 une lutte pour le contr\u00f4le d\u2019espaces g\u00e9opolitiques et g\u00e9ostrat\u00e9giques, \u00e0 l\u2019\u00e9mergence de nouveaux p\u00f4les de pouvoir, \u00e0 des menaces pesant sur la paix mondiale et \u00e0 l\u2019agressivit\u00e9 militaire et interventionniste d\u2019un imp\u00e9rialisme tentant d\u2019enrayer son d\u00e9clin. A la crise \u00e9conomique s\u2019ajoute une crise environnementale, \u00e9nerg\u00e9tique et alimentaire, ainsi qu\u2019une crise des syst\u00e8mes de repr\u00e9sentation politique. Cette situation appelle une r\u00e9ponse d\u00e9termin\u00e9e de la part des peuples latino-am\u00e9ricains et carib\u00e9ens, et une action efficace des forces progressistes, populaires et de gauche.<\/p>\n<p style=\"text-align: justify;\">2. La crise \u00e9conomique mondiale est loin d\u2019\u00eatre ma\u00eetris\u00e9e. Les responsables \u00e0 la t\u00eate des institutions financi\u00e8res internationales restent embourb\u00e9s dans le dogme n\u00e9olib\u00e9ral. L\u2019effet de la r\u00e9cession aux Etats-Unis et de la paralysie du moteur europ\u00e9en est d\u00e9j\u00e0 perceptible dans de vastes r\u00e9gions, y compris en Chine, malgr\u00e9 le dynamisme de l\u2019\u00e9conomie. La zone latino-am\u00e9ricaine et carib\u00e9enne n\u2019\u00e9chappe pas aux r\u00e9percussions n\u00e9gatives du marasme mondial, m\u00eame si les politiques \u00e9conomiques et sociales d\u2019une grande partie des gouvernements de la r\u00e9gion ont permis d\u2019\u00e9viter un impact majeur.<\/p>\n<p style=\"text-align: justify;\">3. Tandis qu\u2019en Europe et aux Etats-Unis, par exemple, le n\u00e9olib\u00e9ralisme demeure le fondement id\u00e9ologique de la politique \u00e9conomique, qui se traduit par des mesures d\u2019aust\u00e9rit\u00e9 permanente et par la primaut\u00e9 du capital, en Am\u00e9rique latine, les forces progressistes et de gauche au pouvoir dans de nombreux pays prennent des initiatives qui ont permis \u2013 dans une certaine mesure \u2013 de sortir de la \u00ab\u00a0longue nuit n\u00e9olib\u00e9rale\u00a0\u00bb. Cela en lan\u00e7ant des plans sociaux de grande envergure, en obtenant des succ\u00e8s indiscutables dans la lutte contre la pauvret\u00e9 et en insufflant une dynamique sans pr\u00e9c\u00e9dent au processus d\u2019int\u00e9gration. Tout l\u2019enjeu consiste \u00e0 poursuivre ces politiques et \u00e0 approfondir ces changements dans le contexte actuel d\u2019aggravation de la crise.<\/p>\n<p style=\"text-align: justify;\">4. La droite et le camp imp\u00e9rialiste r\u00e9pondent de diverses mani\u00e8res au d\u00e9veloppement des forces d\u00e9mocratiques, populaires, progressistes et de gauche en Am\u00e9rique latine et dans les Cara\u00efbes, notamment \u00e0 travers l\u2019agression syst\u00e9matique du gouvernement des \u00c9tats-Unis, la manipulation et la criminalisation des revendications sociales dans le but de provoquer des affrontements violents et une contre-offensive putschiste.<\/p>\n<p style=\"text-align: justify;\">5. En Bolivie, on retiendra les deux tentatives de coup d\u2019Etat et celle de \u00ab\u00a0magnicide\u00a0\u00bb, ainsi que la mutinerie polici\u00e8re r\u00e9cemment mise en \u00e9chec par l\u2019intervention des mouvements sociaux. Mais d\u2019autres pays ont \u00e9galement connu des \u00e9pisodes putschistes\u00a0: en 2002, le Pr\u00e9sident Chavez a \u00e9t\u00e9 destitu\u00e9 pendant 48\u00a0heures\u00a0; en juin 2009, son homologue hondurien a \u00e9t\u00e9 chass\u00e9 du pouvoir\u00a0; en septembre 2010, c\u2019est l\u2019Equateur qui \u00e9chappe \u00e0 un coup d\u2019Etat gr\u00e2ce \u00e0 la mobilisation imm\u00e9diate du peuple \u00e9quatorien et \u00e0 l\u2019intervention rapide de la communaut\u00e9 internationale. Il y a seulement quelques semaines, Fernando Lugo, pr\u00e9sident du Paraguay, a \u00e9t\u00e9 renvers\u00e9. Cet \u00e9v\u00e9nement, \u00e0 l\u2019instar du putsch hondurien, d\u00e9montre que la droite est pr\u00eate \u00e0 user de m\u00e9thodes violentes et\/ou \u00e0 recourir \u00e0 la manipulation des voies institutionnelles pour se d\u00e9barrasser des gouvernements qui ne servent pas ses int\u00e9r\u00eats.<\/p>\n<p style=\"text-align: justify;\">6. De m\u00eame, la droite a lanc\u00e9 une vaste campagne m\u00e9diatique pilot\u00e9e \u00e0 l\u2019\u00e9chelle internationale par de puissants consortiums de communication. L\u2019attitude de ces derniers constitue un th\u00e8me r\u00e9current de l\u2019agenda politique r\u00e9gional. Les grandes corporations d\u00e9ploient des plans de d\u00e9stabilisation et agissent comme des organes de pouvoir plus influents que les gouvernements \u00e9manant du suffrage universel. Jour apr\u00e8s jour, les grandes entreprises m\u00e9diatiques d\u00e9fient la d\u00e9mocratie et ses institutions. En cons\u00e9quence, la d\u00e9mocratisation de la communication repr\u00e9sentera sans doute \u00e0 l\u2019avenir l\u2019un des principaux enjeux pour les pouvoirs de gauche.<\/p>\n<p style=\"text-align: justify;\">7. Parall\u00e8lement, des victoires \u00e9lectorales significatives ont r\u00e9cemment \u00e9t\u00e9 remport\u00e9es, comme celles de Dilma Rousseff au Br\u00e9sil, de Daniel Ortega au Nicaragua, de Cristina Fernandez de Kirchner en Argentine ou de Danilo Medina en R\u00e9publique dominicaine\u00a0: des succ\u00e8s indiscutables qui refl\u00e8tent l\u2019avanc\u00e9e des forces progressistes et de gauche.<\/p>\n<p style=\"text-align: justify;\">8. Il y a quelques jours, les pr\u00e9sidentes Dilma Rousseff et Cristina Fernandez de Kirchner et le pr\u00e9sident uruguayen Jos\u00e9 Mujica ont d\u00e9cid\u00e9 d\u2019expulser du Mercosur le gouvernement putschiste du Paraguay jusqu\u2019\u00e0 ce que la d\u00e9mocratie soit restaur\u00e9e. Ils ont approuv\u00e9, dans le m\u00eame temps, l\u2019admission du Venezuela comme membre de plein droit du principal groupement politique et \u00e9conomique de cette partie du monde.<\/p>\n<p style=\"text-align: justify;\">9. Il est probable que l\u2019Equateur int\u00e8gre le March\u00e9 commun du Sud \u00e0 plus ou moins court terme, ce qui \u00e9tablirait une r\u00e9alit\u00e9 nouvelle en offrant \u00e0 l\u2019organisation un d\u00e9bouch\u00e9 sur le Pacifique apr\u00e8s avoir assur\u00e9 l\u2019ouverture vers les Cara\u00efbes gr\u00e2ce \u00e0 l\u2019admission du Venezuela.<\/p>\n<p style=\"text-align: justify;\">10. Dans le m\u00eame temps, les chefs d\u2019Etat des pays formant la Communaut\u00e9 andine des nations (CAN) s\u2019efforcent de s\u2019engager plus avant sur la voie de l\u2019int\u00e9gration, m\u00eame s\u2019ils devront pour cela surmonter des difficult\u00e9s de taille.<\/p>\n<p style=\"text-align: justify;\">11. Par ailleurs, l\u2019Alliance bolivarienne pour les peuples de notre Am\u00e9rique (ALBA) met en place des politiques \u00e9conomiques communes telles que le SUCRE, le Fonds de r\u00e9serve et Petrocaribe. Les pr\u00e9sidents ou premiers ministres des Etats membres ont r\u00e9cemment d\u00e9cid\u00e9 de cr\u00e9er une zone \u00e9conomique ALBA, ce qui marque une nouvelle \u00e9tape dans la volont\u00e9 d\u2019int\u00e9gration d\u2019Antigua-et-Barbuda, de la Bolivie, de Cuba, de l\u2019Equateur, de La Dominique, du Nicaragua, de Saint-Vincent-et-les-Grenadines et du Venezuela.<\/p>\n<p style=\"text-align: justify;\">12. Les efforts d\u00e9ploy\u00e9s par l\u2019Union des nations sud-am\u00e9ricaines (UNASUR) sont \u00e0 la fois surprenants et encourageants. Un ensemble d\u2019initiatives d\u2019int\u00e9gration a \u00e9t\u00e9 mis en oeuvre, comme la d\u00e9finition d\u2019une politique de d\u00e9fense commune caract\u00e9ris\u00e9e, notamment, par le d\u00e9veloppement et le maintien de l\u2019Am\u00e9rique latine comme zone de paix d\u00e9pourvue d\u2019armes nucl\u00e9aires. Parall\u00e8lement, des progr\u00e8s sont r\u00e9alis\u00e9s dans la construction d\u2019une nouvelle architecture \u00e9conomique fond\u00e9e sur la compl\u00e9mentarit\u00e9, la coop\u00e9ration, le respect de la souverainet\u00e9 et la solidarit\u00e9.<\/p>\n<p style=\"text-align: justify;\">13. La r\u00e9union constitutive de la Communaut\u00e9 des Etats d\u2019Am\u00e9rique latine et des Cara\u00efbes (CELAC), qui s\u2019est tenue \u00e0 Caracas en d\u00e9cembre 2011, constitue un point d\u2019inflexion dans le processus d\u2019int\u00e9gration. L\u2019accord conclu marque le d\u00e9but d\u2019un programme de travail destin\u00e9 \u00e0 trouver des \u00e9l\u00e9ments de convergence et \u00e0 souligner la n\u00e9cessit\u00e9 de s\u2019unir, tous les Etats reconnaissant que les grands probl\u00e8mes communs ne peuvent \u00eatre r\u00e9solus que par l\u2019int\u00e9gration.<\/p>\n<p style=\"text-align: justify;\">14. Par ailleurs, face \u00e0 l\u2019\u00e9chec de la Zone de libre-\u00e9change des Am\u00e9riques (ZLEA ou ALCA en espagnol et en portugais) et au succ\u00e8s limit\u00e9e des trait\u00e9s de libre-\u00e9change bilat\u00e9raux, les puissances imp\u00e9rialistes cherchent \u00e0 affaiblir les m\u00e9canismes latinos et sud-am\u00e9ricains d\u2019int\u00e9gration en d\u00e9veloppant l\u2019Alliance du Pacifique.<\/p>\n<p style=\"text-align: justify;\">15. L\u2019int\u00e9gration, qui repose sur une base politique, r\u00e9pond \u00e0 une r\u00e9alit\u00e9 changeante et se fonde notamment sur les \u00e9l\u00e9ments mat\u00e9riels que sont les forces productives et les ressources naturelles abondantes et diverses (for\u00eats, p\u00e9trole, min\u00e9raux de tous types, terres rares, gaz, vastes surfaces consacr\u00e9es \u00e0 l\u2019agriculture et \u00e0 l\u2019\u00e9levage), mais surtout sur la diversit\u00e9 culturelle et humaine de plus de 500\u00a0millions d\u2019individus. Le processus d\u2019int\u00e9gration doit rechercher des politiques communes de gestion et d\u2019exploitation souveraines des ressources naturelles, y compris en mati\u00e8re d\u2019acc\u00e8s \u00e0 l\u2019eau, lequel doit \u00eatre reconnu comme un droit humain.<\/p>\n<p style=\"text-align: justify;\">16. La n\u00e9cessit\u00e9 de s\u2019appuyer sur une politique commune de d\u00e9veloppement durable, sur les sciences et technologies et sur le d\u00e9veloppement humain inclusif \u2013 en accordant la priorit\u00e9 aux femmes, aux enfants et aux jeunes \u2013 fera partie des th\u00e8mes centraux de l\u2019agenda du Forum de Sao Paulo.<\/p>\n<p style=\"text-align: justify;\">17. Compte tenu de la grande richesse de notre r\u00e9gion en termes de ressources naturelles renouvelables et non renouvelables, nous devons renforcer la d\u00e9fense de l\u2019environnement, entreprendre un d\u00e9veloppement industriel, technologique et scientifique de grande envergure, et faire respecter les droits des peuples autochtones, notamment celui d\u2019\u00eatre consult\u00e9s.<\/p>\n<p style=\"text-align: justify;\">18. La droite tente de faire sien, sur le plan symbolique, le discours en faveur de la d\u00e9fense de l\u2019environnement en occultant les politiques n\u00e9olib\u00e9rales pr\u00e9datrices dans ce domaine et la dette \u00e9cologique du capitalisme envers la plan\u00e8te. Il existe une lutte acharn\u00e9e pour le contr\u00f4le de ces richesses.<\/p>\n<p style=\"text-align: justify;\">19. Les partis de gauche, populaires, progressistes et d\u00e9mocratiques du FSP r\u00e9affirment leur soutien aux relations d\u2019amiti\u00e9, de fraternit\u00e9, de coop\u00e9ration solidaire, d\u2019int\u00e9gration et de respect absolu de la souverainet\u00e9 de chaque pays, telles qu\u2019elles promues par le gouvernement de la R\u00e9publique bolivarienne du Venezuela. A cet \u00e9gard, ils r\u00e9cusent fermement les accusations infond\u00e9es d\u2019interventionnisme formul\u00e9es par le gouvernement ill\u00e9gitime du Paraguay \u00e0 l\u2019encontre du ministre des affaires \u00e9trang\u00e8res Nicolas Maduro.<\/p>\n<p style=\"text-align: justify;\">20. Pour \u00eatre \u00e0 la hauteur des enjeux tactiques et strat\u00e9giques consid\u00e9rables du FSP, nous comptons sur les forces pr\u00e9sentes dans le cadre de cette XVIIIe rencontre, \u00e0 laquelle participent 800 d\u00e9l\u00e9gu\u00e9s issus de 100 partis et organisations de 50 pays r\u00e9partis sur les 5 continents.<\/p>\n<p style=\"text-align: justify;\">21. Au cours des journ\u00e9es des 4, 5 et 6 juillet, cette importante assembl\u00e9e a r\u00e9alis\u00e9 de nombreuses activit\u00e9s, parmi lesquelles on signalera\u00a0: les r\u00e9unions des secr\u00e9tariats r\u00e9gionaux du C\u00f4ne Sud, andino-amazonien, d\u2019Am\u00e9rique centrale et Cara\u00efbes\u00a0; les ateliers th\u00e9matiques des Afrodescendants\u00a0; les rencontres des autorit\u00e9s locales et infra-nationales\u00a0; celles consacr\u00e9es \u00e0 la d\u00e9fense, \u00e0 la d\u00e9mocratisation de l\u2019information et de la communication, aux fondations, \u00e9coles ou centres de formation\u00a0; celles portant sur l\u2019environnement et le changement climatique, sur les migrations, les mouvements syndicaux, les mouvements sociaux et le pouvoir populaire, les peuples autochtones, la s\u00e9curit\u00e9 agroalimentaire, la s\u00e9curit\u00e9 et narcotrafic\u00a0; celles \u00e9galement des travailleurs des arts et de la culture. A quoi il faut ajouter les travaux sur l\u2019 union et l\u2019int\u00e9gration latino am\u00e9ricaine et carib\u00e9enne, la premi\u00e8re Rencontre des femmes, le IV\u00e8me rassemblement des jeunes, le deuxi\u00e8me s\u00e9minaire sur les gouvernements progressistes et de gauche et le s\u00e9minaire sur la paix, la souverainet\u00e9 nationale et la d\u00e9colonisation.<\/p>\n<p style=\"text-align: justify;\">22. Le compte rendu de chacune de ces r\u00e9unions et activit\u00e9s, les r\u00e9solutions respectives, le document de base ainsi que les motions et la d\u00e9claration finale seront publi\u00e9s dans les Annales de cette XVIII\u00e8 Rencontre. Parmi ces r\u00e9solutions il y a quelques th\u00e8mes que nous voudrions souligner.<\/p>\n<p style=\"text-align: justify;\">23. Les partis membres du FSP, de gauche, progressistes et anti-imp\u00e9rialistes reconnaissent que la pr\u00e9sence et participation des femmes dans les diff\u00e9rents secteurs de la soci\u00e9t\u00e9, y compris dans les partis, est indispensable pour leur renforcement, leur d\u00e9veloppement et leur croissance. Il n\u2019est pas possible de construire le socialisme (ou une soci\u00e9t\u00e9 socialiste, juste et \u00e9quitable) si on ne modifie pas les r\u00f4les et sch\u00e9mas traditionnels qui ont \u00e9t\u00e9 assign\u00e9s et assum\u00e9s historiquement, de mani\u00e8res diff\u00e9rentes, par les hommes et les femmes, si on ne cr\u00e9e pas les conditions n\u00e9cessaires pour d\u00e9raciner les bases de la discrimination contre les femmes, et pour que hommes et femmes participent sur un pied d\u2019\u00e9galit\u00e9, tant \u00e0 la sph\u00e8re publique que priv\u00e9e. Un d\u00e9fi reste encore \u00e0 relever\u00a0: l\u2019incorporation d\u2019un v\u00e9ritable axe sur le genre et sur l\u2019agenda des femmes de gauche et r\u00e9volutionnaires en politique, sur les programmes et actions qui se dessinent dans la lutte contre la droite et le capitalisme d\u00e9pr\u00e9dateur et patriarcal, et sur la construction du socialisme.<\/p>\n<p style=\"text-align: justify;\">24. Depuis la naissance m\u00eame du Forum, la reconnaissance de la souverainet\u00e9 de la R\u00e9publique argentine sur les Malouines est \u00e9vidente et indiscutable. La XVIII\u00e8 Rencontre soutient la demande d\u2019ouverture de n\u00e9gociations diplomatiques entre l\u2019Argentine et le Royaume-Uni et r\u00e9it\u00e8re la protestation latino am\u00e9ricaine contre les actions entreprises par le gouvernement britannique dans une zone d\u00e9clar\u00e9e libre d\u2019armes nucl\u00e9aires. De m\u00eame, le FSP condamne la situation coloniale dans laquelle se trouvent plusieurs nations latino-am\u00e9ricaines et carib\u00e9ennes. Nous refusons \u00e9galement les tentatives de recolonisation.<\/p>\n<p style=\"text-align: justify;\">25. Le FSP soutient la revendication du peuple et du gouvernement de Bolivie pour un acc\u00e8s souverain \u00e0 l\u2019Oc\u00e9an Pacifique.<\/p>\n<p style=\"text-align: justify;\">26. Les partis et mouvements regroup\u00e9s au sein du Forum, ainsi que les autres mouvements sociaux, avons la t\u00e2che de d\u00e9ployer toutes les initiatives possibles pour que le th\u00e8me de l\u2019ind\u00e9pendance de Porto-Rico devienne un point essentiel de l\u2019agenda des Nations unies. Il est inconcevable que subsistent, au XXI\u00e8me si\u00e8cle, des enclaves coloniales dans notre espace r\u00e9gional et dans le monde. Nous nous unissons \u00e0 la demande de lib\u00e9ration du prisonnier politique portoricain Oscar L\u00f3pez Rivera, emprisonn\u00e9 dans les ge\u00f4les des \u00c9tats-Unis depuis plus de 31 ans, pour le seul \u00ab\u00a0d\u00e9lit\u00a0\u00bb de lutter pour l\u2019ind\u00e9pendance de sa patrie.<\/p>\n<p style=\"text-align: justify;\">27. Cette Rencontre doit entreprendre de nouvelles t\u00e2ches et mettre en place un plan d\u2019action commun contre l\u2019embargo nord-am\u00e9ricain de Cuba et pour la lib\u00e9ration des cinq h\u00e9ros, embl\u00e8me commun de toutes et tous.<\/p>\n<p style=\"text-align: justify;\">28. Le FSP exprime son soutien au peuple du Nicaragua et \u00e0 son gouvernement face \u00e0 la menace d\u2019embargo financier que repr\u00e9senterait le refus, par le gouvernement des Etats-Unis, de la dispense qu\u2019il accorde ou non chaque ann\u00e9e, et qui constitue un instrument de chantage arbitraire, par l\u2019utilisation de son droit de veto dans les organismes multilat\u00e9raux.Il s\u2019agit l\u00e0 d\u2019une pr\u00e9tention nord-am\u00e9ricaine visant \u00e0 imposer des d\u00e9cisions politiques qui sont de la comp\u00e9tence exclusive des Nicaraguayens dans l\u2019exercice de leur souverainet\u00e9.<\/p>\n<p style=\"text-align: justify;\">29. Le Forum exprime son soutien au peuple bolivien et \u00e0 son pr\u00e9sident et camarade Evo Morales Ayma, dans la d\u00e9fense de la d\u00e9mocratie et le profond processus de changement qu\u2019il m\u00e8ne aux c\u00f4t\u00e9s des mouvements sociaux et des secteurs populaires.<\/p>\n<p style=\"text-align: justify;\">30. Le FSP exprime son soutien et sa solidarit\u00e9 active au peuple paraguayen, au Front Guas\u00fa et au Front pour la d\u00e9fense de la d\u00e9mocratie, ainsi qu\u2019au mouvement paysan mobilis\u00e9, en refusant de reconna\u00eetre le gouvernement de fait dirig\u00e9 par le putschiste Federico Franco. Il et annonce des actions au niveau du continent en faveur de la d\u00e9mocratie, du respect de la volont\u00e9 populaire exprim\u00e9e en avril 2008 et pour l\u2019unit\u00e9 et l\u2019int\u00e9gration des peuples et gouvernements d\u2019Am\u00e9rique latine et des Cara\u00efbes.<\/p>\n<p style=\"text-align: justify;\">31. Le FSP exprime sa solidarit\u00e9 avec le peuple ha\u00eftien, dans sa lutte pour la reconqu\u00eate de sa dignit\u00e9 et de sa souverainet\u00e9 nationale. Seule la consolidation de ses structures \u00e9tatiques permettra \u00e0 Ha\u00efti de surmonter la crise qu\u2019elle est en train de vivre. Le succ\u00e8s de ce processus exige l\u2019appui des gouvernements de gauche et des peuples latino am\u00e9ricains et des Cara\u00efbes, comme le retrait programm\u00e9 des forces \u00e9trang\u00e8res du territoire ha\u00eftien. Le d\u00e9passement de cette situation de crise que vit Ha\u00efti exige notre appui technologique, humanitaire et mat\u00e9riel.<\/p>\n<p style=\"text-align: justify;\">32. Le Forum exprime son soutien au processus de paix en Colombie, o\u00f9 reste d\u2019actualit\u00e9 la lutte pour une solution politique au conflit arm\u00e9, la paix avec la justice sociale et pour un nouveau mod\u00e8le \u00e9conomique et social qui garantisse le respect des droits de l\u2019Homme et la protection de la nature. Il d\u00e9cide de former une commission repr\u00e9sentative des mouvements et partis politiques du Forum de Sao Paulo, et qui, en accord avec les partis et mouvements colombiens, visitera le pays et proposera un agenda d\u2019\u00e9tude, de contacts et d\u2019appui pour des propositions unitaires.<\/p>\n<p style=\"text-align: justify;\">33. Le FSP manifeste sa solidarit\u00e9 avec le Frente Amplio du Guatemala en tant que r\u00e9f\u00e9rence de la gauche guat\u00e9malt\u00e8que, et salue la vomont\u00e9 des partis membres \u2013 WINAQ, ANN y URNG- de continuer \u00e0 travailler pour l\u2019unit\u00e9 de la gauche guat\u00e9malt\u00e8que et pour la recherche d\u2019alliance avec les forces d\u00e9mocratiques et progressistes. Par ailleurs, le Forum condamne l\u2019usage de la force r\u00e9pressive de la part du gouvernement guat\u00e9malt\u00e8que contre les secteurs populaires.<\/p>\n<p style=\"text-align: justify;\">34. Le FSP exprime sa solidarit\u00e9 avec la lutte du peuple hondurien, pour le respect des droits de l\u2019homme, et il apporte son soutien total \u00e0 la camarade Xiomara Castro de Zelaya, candidate du consensus des forces de r\u00e9sistance \u00e0 la pr\u00e9sidence de la R\u00e9publique de Honduras.<\/p>\n<p style=\"text-align: justify;\">35. Le FSP exprime son total soutien et sa solidarit\u00e9 avec la lutte du peuple sahraoui dans la d\u00e9fense de son autod\u00e9termination, sa souverainet\u00e9 et son ind\u00e9pendance nationale.<\/p>\n<p style=\"text-align: justify;\">36. Le FSP exprime son soutien \u00e0 la lutte de la Palestine pour la souverainet\u00e9 et autod\u00e9termination et pour son entr\u00e9e aux Nations unies comme membre de plein droit.<\/p>\n<p style=\"text-align: justify;\">37. Nous nous opposons vigoureusement \u00e0 toute intervention arm\u00e9e etrang\u00e8re en Syrie et en Iran, et invitons les forces progressistes et de gauche \u00e0 d\u00e9fendre la paix dans cette r\u00e9gion.<\/p>\n<p style=\"text-align: justify;\">38. Au cours des prochains mois se d\u00e9rouleront plusieurs processus \u00e9lectoraux, comme celui de novembre 2012 au Nicaragua, pour des \u00e9lections municipales. En f\u00e9vrier 2013 auront lieu des \u00e9lections g\u00e9n\u00e9rales en \u00c9quateur o\u00f9 le pr\u00e9sident Rafael Correa est propos\u00e9 \u00e0 la r\u00e9\u00e9lection. Le Forum de Sao Paulo lui exprime son engagement, sa solidarit\u00e9 et son soutien total.<\/p>\n<p style=\"text-align: justify;\">39. Le Forum de Sao Paulo appelle aussi \u00e0 la d\u00e9fense de la d\u00e9mocratie au Mexique. Une fois de plus, la droite mexicaine a eu recours \u00e0 la manipulation m\u00e9diatique avec l\u2019aide d\u2019enqu\u00eates truqu\u00e9es, \u00e0 l\u2019achat massif de votes et d\u2019autres types de fraudes qui ont d\u00e9natur\u00e9 l\u2019\u00e9lection pr\u00e9sidentielle du 1er juillet. Tout cela pour tenter d\u2019imposer un candidat oppos\u00e9 aux int\u00e9r\u00eats bien compris du peuple mexicain. Le FSP demande que les d\u00e9nonciations pr\u00e9sent\u00e9es par les partis progressistes fassent l\u2019objet d\u2019une enqu\u00eate approfondie.<\/p>\n<p style=\"text-align: justify;\">40. L\u2019enjeu central des prochains mois est la bataille \u00e9lectorale qui se d\u00e9roulera au Venezuela le 7 octobre. La campagne a commenc\u00e9 par de puissantes mobilisations populaires en soutien \u00e0 la candidature de Hugo Ch\u00e1vez et au programme qu\u2019il a pr\u00e9sent\u00e9. Tous les sondages d\u2019opinion indiquent clairement que l\u2019avance du candidat Hugo Chavez sur le candidat de la droite d\u00e9passe les 20 points. A quelques mois des \u00e9lections, la droite consid\u00e8re d\u00e9j\u00e0 comme acquise la victoire de Hugo Chavez. C\u2019est pourquoi elle participe au processus \u00e9lectoral, mais tout en pr\u00e9parant les conditions qui lui permettraient de remettre en cause le r\u00e9sultat, ainsi que le Conseil national \u00e9lectoral. Face \u00e0 cette situation, le Foro de Sao Paulo demande instamment \u00e0 toutes les forces progressistes et de gauche \u00e0 appuyer la d\u00e9mocratie v\u00e9n\u00e9zu\u00e9lienne et \u00e0 repousser toutes les tentatives de d\u00e9stabilisation de la droite.<\/p>\n<p style=\"text-align: justify;\">41. La XVIII\u00e8me Rencontre du Forum de Sao Paulo conclut en appelant les peuples \u00e0 lutter contre le n\u00e9olib\u00e9ralisme et les guerres, \u00e0 construire un monde de paix, de d\u00e9mocratie et de justice sociale. Un autre monde est possible, et nous sommes en train de le construire\u00a0: un monde socialiste.<\/p>\n<p><em>(Traduit de l\u2019espagnol par Fr\u00e9d\u00e9rique Rey et Philippe Ogonowski (p\u00f4le traduction du Parti de gauche)<\/em><\/p>\n<p><a href=\"http:\/\/www.medelu.org\/Declaration-de-CaracasLes-peuples\">\u00a0Source<\/a><\/p>\n<\/div>\n<\/div>\n","protected":false},"excerpt":{"rendered":"<p>XVIIIe rencontre du Forum de Sao Paulo (FSP) Les peuples du monde unis contre le n\u00e9olib\u00e9ralisme et pour la paix XVIIIe rencontre du Forum de Sao Paulo (FSP) \/ mardi, 24 juillet 2012<\/p>\n","protected":false},"author":1,"featured_media":970,"comment_status":"open","ping_status":"open","sticky":false,"template":"","format":"standard","meta":{"footnotes":""},"categories":[35,21],"tags":[],"class_list":["post-969","post","type-post","status-publish","format-standard","has-post-thumbnail","hentry","category-amerique-du-sud","category-anti-imperialisme"],"_links":{"self":[{"href":"https:\/\/bruxelles-pantheres.be\/index.php?rest_route=\/wp\/v2\/posts\/969","targetHints":{"allow":["GET"]}}],"collection":[{"href":"https:\/\/bruxelles-pantheres.be\/index.php?rest_route=\/wp\/v2\/posts"}],"about":[{"href":"https:\/\/bruxelles-pantheres.be\/index.php?rest_route=\/wp\/v2\/types\/post"}],"author":[{"embeddable":true,"href":"https:\/\/bruxelles-pantheres.be\/index.php?rest_route=\/wp\/v2\/users\/1"}],"replies":[{"embeddable":true,"href":"https:\/\/bruxelles-pantheres.be\/index.php?rest_route=%2Fwp%2Fv2%2Fcomments&post=969"}],"version-history":[{"count":2,"href":"https:\/\/bruxelles-pantheres.be\/index.php?rest_route=\/wp\/v2\/posts\/969\/revisions"}],"predecessor-version":[{"id":972,"href":"https:\/\/bruxelles-pantheres.be\/index.php?rest_route=\/wp\/v2\/posts\/969\/revisions\/972"}],"wp:featuredmedia":[{"embeddable":true,"href":"https:\/\/bruxelles-pantheres.be\/index.php?rest_route=\/wp\/v2\/media\/970"}],"wp:attachment":[{"href":"https:\/\/bruxelles-pantheres.be\/index.php?rest_route=%2Fwp%2Fv2%2Fmedia&parent=969"}],"wp:term":[{"taxonomy":"category","embeddable":true,"href":"https:\/\/bruxelles-pantheres.be\/index.php?rest_route=%2Fwp%2Fv2%2Fcategories&post=969"},{"taxonomy":"post_tag","embeddable":true,"href":"https:\/\/bruxelles-pantheres.be\/index.php?rest_route=%2Fwp%2Fv2%2Ftags&post=969"}],"curies":[{"name":"wp","href":"https:\/\/api.w.org\/{rel}","templated":true}]}}