{"id":973,"date":"2012-07-26T23:10:31","date_gmt":"2012-07-26T22:10:31","guid":{"rendered":"https:\/\/bruxelles-pantheres.be\/?p=973"},"modified":"2013-11-11T23:14:48","modified_gmt":"2013-11-11T22:14:48","slug":"comment-rompre-avec-le-libre-echange","status":"publish","type":"post","link":"https:\/\/bruxelles-pantheres.be\/?p=973","title":{"rendered":"Comment rompre avec le libre-\u00e9change"},"content":{"rendered":"<p style=\"text-align: justify;\">Comment rompre avec le libre-\u00e9change<\/p>\n<h3 style=\"text-align: center;\">La d\u00e9mondialisation et ses\u00a0ennemis<\/h3>\n<div style=\"text-align: justify;\">\n<p>Perch\u00e9es sur le fil de la dette, les \u00e9conomies occidentales flageolent de crise en crise. R\u00e9unions et sommets \u00ab<small>\u00a0<\/small>exceptionnels<small>\u00a0<\/small>\u00bb o\u00f9 se joue le sort d\u2019un pays, d\u2019un continent, constituent d\u00e9sormais l\u2019ordinaire des responsables politiques. Depuis trois ans, ces derniers ont endoss\u00e9 le r\u00f4le de voiture-balai de la finance. Mais une autre piste s\u2019ouvre, suscitant d\u00e9j\u00e0 craintes et controverses\u00a0: qui a peur de la d\u00e9mondialisation<small>\u00a0<\/small>?<\/p>\n<\/div>\n<div style=\"text-align: justify;\">par <strong>Fr\u00e9d\u00e9ric Lordon<\/strong>, ao\u00fbt 2011<!--more--><\/p>\n<div>\n<div><img decoding=\"async\" class=\"shrinkToFit decoded alignright\" alt=\"http:\/\/storage.canalblog.com\/14\/64\/715266\/64020563.jpg\" src=\"http:\/\/storage.canalblog.com\/14\/64\/715266\/64020563.jpg\" width=\"500\" height=\"763\" \/><\/div>\n<\/div>\n<\/div>\n<div><\/div>\n<div>\n<div>\n<div>\n<div><\/div>\n<div><\/div>\n<div><\/div>\n<\/div>\n<p style=\"text-align: justify;\">\n<p style=\"text-align: justify;\">\n<p style=\"text-align: justify;\">\n<p style=\"text-align: justify;\">\n<p style=\"text-align: justify;\">\n<p style=\"text-align: justify;\">\n<p style=\"text-align: justify;\">\n<p style=\"text-align: justify;\">\n<p style=\"text-align: justify;\">\n<p style=\"text-align: justify;\">\n<p style=\"text-align: justify;\">\n<p style=\"text-align: justify;\">\n<p style=\"text-align: justify;\">\n<p style=\"text-align: justify;\">\n<p style=\"text-align: justify;\">\n<p style=\"text-align: justify;\">Au commencement, les choses \u00e9taient simples\u00a0: il y avait la raison \u2014 qui proc\u00e9dait par cercles (avec M.\u00a0Alain Minc au milieu)\u00a0\u2014, et puis il y avait la maladie mentale. Les raisonnables avaient \u00e9tabli que la mondialisation \u00e9tait la r\u00e9alisation du bonheur<small>\u00a0<\/small>; tous ceux qui n\u2019avaient pas le bon go\u00fbt d\u2019y croire \u00e9taient \u00e0 enfermer. \u00ab<small>\u00a0<\/small>Raison<small>\u00a0<\/small>\u00bb cependant confront\u00e9e \u00e0 un l\u00e9ger probl\u00e8me de coh\u00e9rence interne puisque, se voulant l\u2019id\u00e9al de la discussion conduite selon les normes de la v\u00e9rit\u00e9 et du meilleur argument, elle n\u2019en aura pas moins interdit le d\u00e9bat pendant deux d\u00e9cennies et n\u2019aura consenti \u00e0 le laisser s\u2019ouvrir qu\u2019au spectacle de la plus grande crise du capitalisme.<\/p>\n<p style=\"text-align: justify;\"><em>Le Monde<\/em> n\u2019h\u00e9site pas \u00e0 souhaiter la <em>\u00ab<small>\u00a0<\/small>bienvenue au grand d\u00e9bat sur la d\u00e9mondialisation<small>\u00a0<\/small>\u00bb,<\/em> et l\u2019introduit (en guise de \u00ab<small>\u00a0<\/small>bienvenue<small>\u00a0<\/small>\u00bb, sans doute) par une tribune expliquant que la d\u00e9mondialisation est <em>\u00ab<small>\u00a0<\/small>absurde<small>\u00a0<\/small>\u00bb<\/em> et, pour l\u2019\u00e9quit\u00e9 des points de vue, par un entretien certifiant qu\u2019elle est <em>\u00ab<small>\u00a0<\/small>r\u00e9actionnaire<small>\u00a0<\/small>\u00bb<\/em>\u00a0(<a id=\"nh1\" title=\"Le Monde\u00a0: \u00e9ditorial, 1er\u00a0juillet 2011\u00a0; Zaki La\u00efdi, \u00ab\u00a0Absurde d\u00e9mondialisation\u00a0\u00bb,\" href=\"http:\/\/www.monde-diplomatique.fr\/2011\/08\/LORDON\/20843#nb1\" rel=\"footnote\">1<\/a>) \u2014 en effet \u00e7a n\u2019est pas la m\u00eame chose et les deux m\u00e9ritaient d\u2019\u00eatre mentionn\u00e9s.<\/p>\n<p style=\"text-align: justify;\">La temporalit\u00e9 de la macro\u00e9conomie voudra que les effets terribles de la m\u00e9ga-aust\u00e9rit\u00e9 europ\u00e9enne se fassent r\u00e9ellement sentir en France \u00e0 partir du premier semestre\u00a02012. Au carrefour du d\u00e9lire de la finance, des politiques \u00e9conomiques sous tutelle des march\u00e9s et des d\u00e9localisations qui continuent pendant la crise, la mondialisation promet de se montrer sous ses plus chatoyants atours\u2026 Contraindra-t-elle enfin le d\u00e9bat pr\u00e9sidentiel \u00e0 poser les vraies questions<small>\u00a0<\/small>? Lesquelles \u2014 ch\u00f4mage, pr\u00e9carit\u00e9, in\u00e9galit\u00e9s, pertes de souverainet\u00e9 populaire \u2014 se ram\u00e8nent synth\u00e9tiquement \u00e0 une seule\u00a0: la mondialisation. La rupture avec les alternances sans alternative prend alors le nom simple de \u00ab<small>\u00a0<\/small>d\u00e9mondialisation<small>\u00a0<\/small>\u00bb.<\/p>\n<p style=\"text-align: justify;\">Le nom est simple mais le d\u00e9bat compliqu\u00e9, o\u00f9 la dispute intellectuelle redessine le paysage politique, avec ses fractures inattendues et ses r\u00e9cup\u00e9rations douteuses, mais toujours contre le syndicat des int\u00e9r\u00eats dominants\u00a0: ceux qui ne veulent pas appara\u00eetre chaque fois qu\u2019on pose la question \u00ab<small>\u00a0<\/small>A qui profite la mondialisation<small>\u00a0<\/small>?<small>\u00a0<\/small>\u00bb et qui, apr\u00e8s avoir lutt\u00e9 pour que le d\u00e9bat n\u2019ait pas lieu, luttent maintenant pour lui faire dire \u00ab<small>\u00a0<\/small>encore<small>\u00a0<\/small>\u00bb.<\/p>\n<p style=\"text-align: justify;\">C\u2019est un travail d\u2019historien qu\u2019appellerait le red\u00e9ploiement complet de l\u2019\u00e9ventail des arguments mondialisateurs, des plus stupides (la \u00ab<small>\u00a0<\/small>mondialisation heureuse<small>\u00a0<\/small>\u00bb, de ce point de vue d\u00e9j\u00e0 assur\u00e9e d\u2019une place dans l\u2019histoire) aux plus sp\u00e9cieux, dont tous n\u2019ont pas \u00e9t\u00e9 abandonn\u00e9s aujourd\u2019hui car toutes les munitions sont bonnes pour sauver ce qui peut l\u2019\u00eatre. Ainsi, par exemple, r\u00e9p\u00e9tant le geste de <em>La mondialisation n\u2019est pas coupable<\/em> du Paul Krugman de 1998 (pas encore \u00ab<small>\u00a0<\/small>Prix Nobel<small>\u00a0<\/small>\u00bb d\u2019\u00e9conomie), qu\u2019il avait d\u2019ailleurs imit\u00e9 en stigmatisant les <em>\u00ab<small>\u00a0<\/small>ennemis de la mondialisation<\/em>\u00a0(<a id=\"nh2\" title=\"Daniel Cohen, La Mondialisation et ses ennemis, Grasset, Paris,\u00a0(...)\" href=\"http:\/\/www.monde-diplomatique.fr\/2011\/08\/LORDON\/20843#nb2\" rel=\"footnote\">2<\/a>)<em><small>\u00a0<\/small>\u00bb,<\/em> l\u2019\u00e9conomiste Daniel Cohen prend toujours grand soin d\u2019exclure la financiarisation du p\u00e9rim\u00e8tre de la mondialisation \u2014 il est vrai qu\u2019elle n\u2019a jamais \u00e9t\u00e9 tr\u00e8s commode \u00e0 d\u00e9fendre, moins encore depuis 2007, on la laissera donc prudemment \u00e0 l\u2019\u00e9cart de ce d\u00e9bat.<\/p>\n<p style=\"text-align: justify;\">On reconna\u00eetra l\u00e0 un proc\u00e9d\u00e9 typique, longtemps en usage au sein de ce qu\u2019on pourrait appeler la gauche pleurnicheuse, tr\u00e8s attach\u00e9e \u00e0 continuer de se montrer solidaire avec le salariat souffrant (elle est de gauche tout de m\u00eame), d\u00e9plorant \u00e0 chaudes larmes qu\u2019il y ait des in\u00e9galit\u00e9s, de la pr\u00e9carit\u00e9 et bien du malheur, mais d\u00e9cid\u00e9e \u00e0 ne surtout pas les rapporter \u00e0 leurs causes structurelles\u00a0: la lib\u00e9ralisation financi\u00e8re et le pouvoir actionnarial, la construction europ\u00e9enne telle qu\u2019elle choisit d\u00e9lib\u00e9r\u00e9ment d\u2019exposer les politiques \u00e9conomiques \u00e0 la discipline des march\u00e9s financiers, la concurrence libre et non fauss\u00e9e, bref toutes ces choses intouchables qui ont implicitement constitu\u00e9, si l\u2019on ose cette audace g\u00e9om\u00e9trique, le cadre du cercle de la raison, c\u2019est-\u00e0-dire du cercle de ceux qui \u00ab<small>\u00a0<\/small>veulent en \u00eatre<small>\u00a0<\/small>\u00bb, le cadre des choses \u00e0 dire (contre l\u2019enfer des choses \u00e0 ne pas dire) pour continuer de toucher la main du ministre, d\u2019\u00eatre invit\u00e9 \u00e0 la t\u00e9l\u00e9vision, consult\u00e9 par les partis (de gauche de droite) \u2014 en un mot aim\u00e9 des institutions.<\/p>\n<h3 style=\"text-align: justify;\">Cauchemar \u00e0 grand spectacle<\/h3>\n<p style=\"text-align: justify;\">Mais voil\u00e0 la crise qui emporte tout \u2014 et sa terrible menace du ridicule. L\u2019enfer, \u00e7a n\u2019est pas les autres, ce sont les archives<small>\u00a0<\/small>! Aussi tous rament tr\u00e8s fort (mais, rassurons-nous, sans jamais sacrifier l\u2019essentiel) pour faire oublier leurs positions du pass\u00e9\u00a0: feu la Fondation Saint-Simon, La R\u00e9publique des id\u00e9es, Terra Nova et autres jolis morceaux de l\u2019appareil id\u00e9ologique de la mondialisation qui n\u2019auront pas eu leurs pareils pour organiser l\u2019esquive et la d\u00e9flexion. Reste que les moyens discursifs du pass\u00e9 doivent \u00eatre r\u00e9vis\u00e9s. N\u2019\u00ab<small>\u00a0<\/small>en<small>\u00a0<\/small>\u00bb pas parler restait possible tant que la mondialisation n\u2019avait pas tourn\u00e9 au cauchemar \u00e0 grand spectacle. On soulagerait le sort des malheureux par des proc\u00e9d\u00e9s exclusivement internes et prenant soin de demeurer dans le \u00ab<small>\u00a0<\/small>cadre<small>\u00a0<\/small>\u00bb, sans rien en mettre en question\u00a0: r\u00e9forme fiscale (\u00e0 coup s\u00fbr utile) et puis surtout \u00e9-du-ca-tion<small>\u00a0<\/small>!<\/p>\n<p style=\"text-align: justify;\">On allait \u00e9duquer les \u00ab<small>\u00a0<\/small>perdants<small>\u00a0<\/small>\u00bb \u2014 pour les rendre \u00ab<small>\u00a0<\/small>comp\u00e9titifs par le haut<small>\u00a0<\/small>\u00bb. Ah<small>\u00a0<\/small>! l\u2019\u00e9ducation, l\u2019\u00e9conomie du savoir, la <em>knowledge-based economy<\/em> qui a fait les d\u00e9lices de la Commission europ\u00e9enne, motif parfait pour remettre aux idiots la responsabilit\u00e9 de se rendre employables et ne plus parler des causes structurelles qui d\u00e9truisent l\u2019emploi. Sans compter ses agr\u00e9ables horizons, n\u00e9cessairement de long terme (car c\u2019est toute une affaire de former les imb\u00e9ciles), qui autorisent \u00e0 ne rien faire dans l\u2019intervalle. Or des \u00ab<small>\u00a0<\/small>choses structurelles<small>\u00a0<\/small>\u00bb connues sous le nom de mondialisation, il devient difficile de ne plus parler, car leurs d\u00e9g\u00e2ts, tol\u00e9rables tant qu\u2019ils \u00e9taient silencieux, ont soudain eu le mauvais go\u00fbt de devenir bruyants.<\/p>\n<p style=\"text-align: justify;\">Bien s\u00fbr, on pourra s\u2019efforcer de maintenir quelques arguments d\u2019ancienne facture. Ainsi par exemple de la th\u00e8se de la \u00ab<small>\u00a0<\/small>technologie<small>\u00a0<\/small>\u00bb, qui tient que le malheur du peuple ne vient pas de la mondialisation mais des ordinateurs \u2014 sur lesquels vous ne voudriez tout de m\u00eame pas qu\u2019on revienne<small>\u00a0<\/small>?, interroge M.\u00a0Pascal Lamy\u00a0(<a id=\"nh3\" title=\"Pascal Lamy, op. cit.\" href=\"http:\/\/www.monde-diplomatique.fr\/2011\/08\/LORDON\/20843#nb3\" rel=\"footnote\">3<\/a>). Daniel Cohen, qui maintient encore ce qui reste de cette th\u00e8se \u2014 parfaitement ad\u00e9quate \u00e0 celle de l\u2019\u00e9conomie du savoir\u00a0\u2014, met au compte de la productivit\u00e9 par la technologie, et non \u00e0 celui de la mondialisation, les destructions d\u2019emplois et les in\u00e9galit\u00e9s\u00a0(<a id=\"nh4\" title=\"\u00ab\u00a0La mondialisation est-elle coupable\u00a0?\u00a0\u00bb, entretien avec Daniel Cohen et\u00a0(...)\" href=\"http:\/\/www.monde-diplomatique.fr\/2011\/08\/LORDON\/20843#nb4\" rel=\"footnote\">4<\/a>)\u00a0: car seuls les bien-\u00e9duqu\u00e9s s\u2019en sortent avec les ordinateurs et raflent la mise r\u00e9serv\u00e9e aux comp\u00e9tents \u2014 les autres, h\u00e9las\u2026 Curieusement, les enjeux de la mondialisation (d\u00e9j\u00e0 r\u00e9duite aux \u00e9changes) et de la \u00ab<small>\u00a0<\/small>productivit\u00e9<small>\u00a0<\/small>\u00bb, qui sont \u00e9voqu\u00e9s sous l\u2019esp\u00e8ce d\u2019une antinomie (soit l\u2019un, soit l\u2019autre, et plut\u00f4t le second que le premier), ne sont jamais montr\u00e9s dans leur possible rapport de compl\u00e9mentarit\u00e9, peut-\u00eatre m\u00eame de causalit\u00e9\u00a0: car apr\u00e8s tout, qu\u2019est-ce qui soutient la course folle \u00e0 la productivit\u00e9 sinon \u00e0 la fois les formidables pressions de la concurrence \u00ab<small>\u00a0<\/small>non fauss\u00e9e<small>\u00a0<\/small>\u00bb (avec des salari\u00e9s chinois \u00e0 100\u00a0euros mensuels, on ne peut pas dire que la concurrence n\u2019est pas loyale\u2026 On verra ce qu\u2019on verra quand l\u2019Afrique \u00e0 15\u00a0euros entrera dans le jeu<small>\u00a0<\/small>!) et l\u2019injonction au rel\u00e8vement permanent de la rentabilit\u00e9 financi\u00e8re, expression m\u00eame de l\u2019empire de la finance actionnariale\u00a0(<a id=\"nh5\" title=\"Isabelle Pivert,  \u00ab\u00a0La religion des quinze pour cent\u00a0\u00bb, Le Monde diplomatique,\u00a0(...)\" href=\"http:\/\/www.monde-diplomatique.fr\/2011\/08\/LORDON\/20843#nb5\" rel=\"footnote\">5<\/a>), soit les piliers de ce qu\u2019on peut nommer mondialisation<small>\u00a0<\/small>?<\/p>\n<p style=\"text-align: justify;\">L\u2019\u00e9conomiste Patrick Artus, qui avait pourtant annonc\u00e9 en\u00a02008 \u00e0 propos de la \u00ab<small>\u00a0<\/small>globalisation<small>\u00a0<\/small>\u00bb que <em>\u00ab<small>\u00a0<\/small>le pire<\/em> [\u00e9tait] <em>\u00e0 venir<\/em>\u00a0(<a id=\"nh6\" title=\"Patrick Artus et Marie-Paule Virard, Globalisation, le pire est \u00e0 venir, La\u00a0(...)\" href=\"http:\/\/www.monde-diplomatique.fr\/2011\/08\/LORDON\/20843#nb6\" rel=\"footnote\">6<\/a>)<em><small>\u00a0<\/small>\u00bb,<\/em> y a depuis r\u00e9fl\u00e9chi \u00e0 deux fois et pense d\u00e9sormais qu\u2019il serait fou de <em>\u00ab<small>\u00a0<\/small>refuser la mondialisation<\/em>\u00a0(<a id=\"nh7\" title=\"Patrick Artus, \u00ab\u00a0Ce n\u2019est pas le moment de refuser la mondialisation\u00a0\u00bb, Flash\u00a0(...)\" href=\"http:\/\/www.monde-diplomatique.fr\/2011\/08\/LORDON\/20843#nb7\" rel=\"footnote\">7<\/a>)<em><small>\u00a0<\/small>\u00bb<\/em> avec, \u00e0 d\u00e9faut d\u2019un sens tr\u00e8s ferme de la continuit\u00e9, un argument plein d\u2019esp\u00e9rance\u00a0: \u00ab<small>\u00a0<\/small>\u00e7a<small>\u00a0<\/small>\u00bb a bien \u00e9t\u00e9 un peu dur jusqu\u2019ici, mais il ne faut surtout pas l\u00e2cher maintenant, \u00ab<small>\u00a0<\/small>\u00e7a<small>\u00a0<\/small>\u00bb va bient\u00f4t payer<small>\u00a0<\/small>! Sch\u00e8me n\u00e9olib\u00e9ral us\u00e9 jusqu\u2019\u00e0 la corde mais drolatiquement remis au go\u00fbt du jour, l\u2019appel \u00e0 la patience \u00e9mouvra sans doute tous ceux qui se souviennent des quinze ann\u00e9es de d\u00e9sinflation comp\u00e9titive \u00e0 base d\u2019ajustements de long terme et de patience qui allaient porter leurs fruits, mais \u00ab<small>\u00a0<\/small>\u00e0 la fin<small>\u00a0<\/small>\u00bb \u2014 qu\u2019on attend toujours. Oui, sans doute, la Chine finira par se doter d\u2019institutions salariales matures propres \u00e0 solvabiliser un march\u00e9 int\u00e9rieur et, de grande exportatrice, elle deviendra notre grande cliente \u2014 mais quand exactement<small>\u00a0<\/small>? Dans dix ans<small>\u00a0<\/small>? Quinze<small>\u00a0<\/small>? Une solution pour tenir jusque-l\u00e0<small>\u00a0<\/small>? Ou bien le patience-\u00e7a-va-bient\u00f4t-payer<small>\u00a0<\/small>? Et quid de l\u2019id\u00e9e que, comme la Chine \u00e0 150\u00a0euros deviendra \u00e0 son tour victime des d\u00e9localisations au Vietnam \u00e0\u00a075, la mondialisation ne connaisse un pr\u00e9visible rebond en direction du continent africain \u2014 encore enti\u00e8rement \u00e0 enr\u00f4ler<small>\u00a0<\/small>! et qui, lui, cassera tous les prix. Encore une derni\u00e8re tourn\u00e9e de patience pour un petit demi-si\u00e8cle afin que l\u2019Afrique ait accompli son propre parcours<small>\u00a0<\/small>?<\/p>\n<p style=\"text-align: justify;\">Evidemment, le d\u00e9sastre pr\u00e9sent bouscule les anciens amis de la mondialisation qui, ne se r\u00e9solvant pas \u00e0 se d\u00e9clarer ses ennemis, \u00e9prouvent cependant le besoin d\u2019effacer l\u2019impression d\u2019avoir si peu trouv\u00e9 \u00e0 redire. Par une s\u00e9rie de corrections de trajectoire devant r\u00e9aliser la performance d\u2019\u00eatre insensibles comme telles \u2014 ne pas se mettre en contradiction flagrante, encore moins laisser entendre qu\u2019on aurait pu se tromper \u2014 tout en op\u00e9rant de r\u00e9els effets de repositionnement, les uns et les autres s\u2019efforcent donc de trouver \u00e0 \u00ab<small>\u00a0<\/small>redire<small>\u00a0<\/small>\u00bb. Mais seulement le minimum, et selon ce que les \u00e9v\u00e9nements en cours autorisent, pour toujours se maintenir au centre de gravit\u00e9 du discours l\u00e9gitime \u2014 tel qu\u2019il exige maintenant par exemple de se montrer ferme, au moins en mots, avec la finance \u2014 et ainsi continuer d\u2019\u00ab<small>\u00a0<\/small>en \u00eatre<small>\u00a0<\/small>\u00bb. Alors, oui, press\u00e9s par le cours des choses, Daniel Cohen consent des r\u00e9serves qu\u2019il avait sans doute longtemps retenues sur le pouvoir actionnarial, et Artus se livre \u00e0 d\u2019improbables distinctions entre \u00ab<small>\u00a0<\/small>mondialisation<small>\u00a0<\/small>\u00bb et \u00ab<small>\u00a0<\/small>globalisation<small>\u00a0<\/small>\u00bb pour sauver ce qui peut l\u2019\u00eatre\u2026 mais aussi se laisser un petit reste \u00e0 critiquer. M\u00eame M.\u00a0Lawrence Summers, ex-conseiller \u00e9conomique de M.\u00a0Barack\u00a0Obama et grand d\u00e9r\u00e9glementateur aupr\u00e8s du pr\u00e9sident William\u00a0Clinton (1993-2001), admet que les salari\u00e9s am\u00e9ricains ont <em>\u00ab<small>\u00a0<\/small>de bonnes raisons<small>\u00a0<\/small>\u00bb<\/em> de penser que <em>\u00ab<small>\u00a0<\/small>ce qui est bon pour l\u2019\u00e9conomie globale n\u2019est pas forc\u00e9ment bon pour eux<small>\u00a0<\/small>\u00bb<\/em>\u00a0(<a id=\"nh8\" title=\"Lawrence Summers, \u00ab\u00a0A strategy to promote healthy globalisation\u00a0\u00bb, Financial\u00a0(...)\" href=\"http:\/\/www.monde-diplomatique.fr\/2011\/08\/LORDON\/20843#nb8\" rel=\"footnote\">8<\/a>)\u2026<\/p>\n<p style=\"text-align: justify;\">Les craquements du syst\u00e8me et les gifles r\u00e9p\u00e9t\u00e9es du r\u00e9el ont fini par ouvrir des br\u00e8ches o\u00f9 les arguments trop longtemps interdits ont trouv\u00e9 \u00e0 faire r\u00e9surgence \u2014 il est vrai qu\u2019un syst\u00e8me dont la d\u00e9fense contraint ses amis \u00e0 la rh\u00e9torique du <em>\u00ab<small>\u00a0<\/small>globalement positif<\/em>\u00a0(<a id=\"nh9\" title=\"Daniel Cohen, \u00ab\u00a0Sortir de la crise\u00a0\u00bb, Le Nouvel Observateur, Paris, 7\u00a0septembre\u00a0(...)\" href=\"http:\/\/www.monde-diplomatique.fr\/2011\/08\/LORDON\/20843#nb9\" rel=\"footnote\">9<\/a>)<em><small>\u00a0<\/small>\u00bb<\/em> est g\u00e9n\u00e9ralement plus pr\u00e8s des poubelles de l\u2019histoire que de son apoth\u00e9ose. L\u00e9g\u00e8rement d\u00e9boussol\u00e9, l\u2019\u00e9conomiste Elie Cohen constate que <em>\u00ab<small>\u00a0<\/small>le discours de la mondialisation heureuse est difficile<\/em> (sic) <em>\u00e0 tenir aujourd\u2019hui<\/em>\u00a0(<a id=\"nh10\" title=\"\u00ab\u00a0Elie Cohen\u00a0: \u201cL\u2019id\u00e9ologie de Davos a but\u00e9 sur la crise\u201d\u00a0\u00bb, Nouvelobs.com,\u00a0(...)\" href=\"http:\/\/www.monde-diplomatique.fr\/2011\/08\/LORDON\/20843#nb10\" rel=\"footnote\">10<\/a>)<em><small>\u00a0<\/small>\u00bb.<\/em> Le mot de \u00ab<small>\u00a0<\/small>d\u00e9mondialisation<small>\u00a0<\/small>\u00bb, dont il est maintenant convenu d\u2019attribuer la paternit\u00e9 \u00e0 l\u2019\u00e9conomiste philippin Walden Bello\u00a0(<a id=\"nh11\" title=\"Walden Bello, Deglobalization\u00a0: Ideas for a New World Economy, Zed Books,\u00a0(...)\" href=\"http:\/\/www.monde-diplomatique.fr\/2011\/08\/LORDON\/20843#nb11\" rel=\"footnote\">11<\/a>), est devenu assez logiquement le signifiant d\u2019un horizon politique d\u00e9sirable pour toutes les col\u00e8res sociales que la mondialisation ne cesse de faire na\u00eetre. Car \u00e0 la fin des fins, les choses sont plut\u00f4t simples\u00a0: si un accord s\u2019est fait assez ais\u00e9ment pour nommer \u00ab<small>\u00a0<\/small>mondialisation<small>\u00a0<\/small>\u00bb la configuration pr\u00e9sente du capitalisme, alors il devrait s\u2019en faire un aussi facilement pour entendre dans \u00ab<small>\u00a0<\/small>d\u00e9mondialisation<small>\u00a0<\/small>\u00bb l\u2019affirmation d\u2019un projet de rupture avec cet ordre.<\/p>\n<p style=\"text-align: justify;\">Il est vrai cependant qu\u2019il y a plusieurs mani\u00e8res de \u00ab<small>\u00a0<\/small>rompre<small>\u00a0<\/small>\u00bb. Celle du d\u00e9put\u00e9 socialiste Arnaud\u00a0Montebourg\u00a0(<a id=\"nh12\" title=\"Arnaud Montebourg, Votez pour la d\u00e9mondialisation\u00a0!, Flammarion, Paris,\u00a0(...)\" href=\"http:\/\/www.monde-diplomatique.fr\/2011\/08\/LORDON\/20843#nb12\" rel=\"footnote\">12<\/a>) reste europ\u00e9enne \u2014 on lui souhaite bon courage avec l\u2019Allemagne quand il s\u2019agira de revenir sur la soumission des politiques \u00e9conomiques \u00e0 la discipline des march\u00e9s et sur l\u2019ind\u00e9pendance de la Banque centrale\u2026 Un peu \u00e0 l\u2019image de l\u2019\u00ab<small>\u00a0<\/small>effet Fabius<small>\u00a0<\/small>\u00bb en 2005\u00a0(qui avait pris parti pour le \u00ab<small>\u00a0<\/small>non<small>\u00a0<\/small>\u00bb au r\u00e9f\u00e9rendum sur le trait\u00e9 constitutionnel europ\u00e9en), M.\u00a0Montebourg, candidat respectable aux primaires d\u2019un parti \u00ab<small>\u00a0<\/small>respectable<small>\u00a0<\/small>\u00bb, a indiscutablement fait faire un saut quantique de l\u00e9gitimit\u00e9 au d\u00e9bat sur la d\u00e9mondialisation. Et par l\u00e0 rendu audibles des discours qui ne pouvaient pas l\u2019\u00eatre. Comme celui de l\u2019\u00e9conomiste Jacques Sapir, dont la mani\u00e8re est plus radicale, puisque, dans l\u2019\u00e9ventail des solutions qu\u2019il envisage, il n\u2019h\u00e9site pas \u00e0 inclure l\u2019option de la restauration de souverainet\u00e9 nationale (par la sortie de l\u2019euro) si toutes les autres venaient \u00e0 \u00e9chouer\u00a0(<a id=\"nh13\" title=\"Jacques Sapir, La D\u00e9mondialisation, Seuil, Paris, 2011. Cf. aussi, du m\u00eame\u00a0(...)\" href=\"http:\/\/www.monde-diplomatique.fr\/2011\/08\/LORDON\/20843#nb13\" rel=\"footnote\">13<\/a>).<\/p>\n<p style=\"text-align: justify;\">C\u2019est en ce point pr\u00e9cis que le d\u00e9bat vient \u00e0 se crisper \u00e0 gauche. On n\u2019aurait pas imagin\u00e9 en effet que des membres du conseil scientifique de l\u2019Association pour la taxation des transactions financi\u00e8res et pour l\u2019action citoyenne (Attac) pussent s\u2019alarmer de la mise en circulation du th\u00e8me de la d\u00e9mondialisation, moins encore dans les termes de la stigmatisation du <em>\u00ab<small>\u00a0<\/small>repli national<small>\u00a0<\/small>\u00bb<\/em> qui r\u00e9sonnent \u00e9trangement avec les habituelles fulminations de l\u2019\u00e9ditorialisme lib\u00e9ral, et pr\u00e9parent le terrain de l\u2019assimilation aux <em>\u00ab<small>\u00a0<\/small>politiques brunes<\/em> [qui] <em>se frayent un chemin sous les d\u00e9guisements les plus divers<\/em>\u00a0(<a id=\"nh14\" title=\"\u00ab\u00a0La d\u00e9mondialisation, un concept superficiel et simpliste\u00a0\u00bb, par neuf membres\u00a0(...)\" href=\"http:\/\/www.monde-diplomatique.fr\/2011\/08\/LORDON\/20843#nb14\" rel=\"footnote\">14<\/a>)<small>\u00a0<\/small>\u00bb.<\/p>\n<p style=\"text-align: justify;\">On reste confondu de cette contribution peut-\u00eatre involontaire, mais en tout cas objectivement constitu\u00e9e, d\u2019une partie de la gauche critique aux pires d\u00e9figurations de la d\u00e9mondialisation, et notamment celle qui persiste dans la fantasmagorie obsidionale, le \u00ab<small>\u00a0<\/small>syndrome de la forteresse<small>\u00a0<\/small>\u00bb, \u00e0 base de remparts, de ponts-levis et d\u2019\u00e9conomie autarcique. On croyait r\u00e9serv\u00e9e au chroniqueur du <em>Figaro<\/em> Alexandre Adler l\u2019antinomie qui ne con\u00e7oit que la Cor\u00e9e du Nord et la forme \u00ab<small>\u00a0<\/small>royaume-ermite<small>\u00a0<\/small>\u00bb comme oppos\u00e9 dialectique de la mondialisation, mais voil\u00e0 que les allusions des signataires d\u2019Attac viennent alimenter \u00e0 leur tour cette figure imaginaire qu\u2019un regard jet\u00e9 sur une histoire \u00e9conomique r\u00e9cente suffit pourtant \u00e0 invalider.<\/p>\n<p style=\"text-align: justify;\">Car si, rapport\u00e9e \u00e0 nos normes (d\u2019ailleurs singuli\u00e8rement, et symptomatiquement, d\u00e9plac\u00e9es) d\u2019aujourd\u2019hui, la configuration fordiste du capitalisme d\u2019apr\u00e8s-guerre a tout de la d\u00e9mondialisation, on y chercherait en vain les barbel\u00e9s et les miradors, les \u00e9conomies herm\u00e9tiquement closes et les projets d\u2019autosuffisance. Terrible infirmit\u00e9 de la pens\u00e9e du tiers exclu qui ne con\u00e7oit que le monde mondialis\u00e9 ou bien l\u2019enfer des nations, mais rien entre les deux, et contre laquelle il faut rappeler sans cesse la possibilit\u00e9 de l\u2019international, qu\u2019il faudrait peut-\u00eatre \u00e9crire inter-national pour lui faire encore mieux dire ce qu\u2019il veut dire, \u00e0 savoir qu\u2019il peut y avoir des nations et des liens entre les nations.<\/p>\n<p style=\"text-align: justify;\">On ne sache pas en effet que la p\u00e9riode 1945-1985 ait ignor\u00e9 les \u00e9changes ext\u00e9rieurs \u2014 sans doute le commerce international \u00e9tait-il moins d\u00e9velopp\u00e9 qu\u2019aujourd\u2019hui\u2026 mais il n\u2019est pas certain que ce soit une tare. On ne sache pas non plus que cette restriction, dans un r\u00e9gime d\u2019\u00e9change que nos normes d\u2019aujourd\u2019hui qualifieraient indiscutablement de protectionniste, ait port\u00e9 la guerre que nous promet M.\u00a0Lamy chaque fois qu\u2019il est question de ne pas tout sacrifier au libre-\u00e9change \u2014 et, catastrophique convergence rh\u00e9torique, certains altermondialistes annoncent que des droits de douane <em>\u00ab<small>\u00a0<\/small>nourri<\/em>[raient] <em>la x\u00e9nophobie et le nationalisme<\/em>\u00a0(<a id=\"nh15\" title=\"Pierre Khalfa, \u00ab\u00a0Les impasses de la d\u00e9mondialisation. R\u00e9ponse \u00e0 quelques\u00a0(...)\" href=\"http:\/\/www.monde-diplomatique.fr\/2011\/08\/LORDON\/20843#nb15\" rel=\"footnote\">15<\/a>)<em><small>\u00a0<\/small>\u00bb,<\/em> soit, lu \u00e0 l\u2019aveugle, du Lamy dans le texte.<\/p>\n<p style=\"text-align: justify;\">Aussi aimerait-on rappeler que l\u2019\u00ab<small>\u00a0<\/small>horreur national-protectionniste<small>\u00a0<\/small>\u00bb fordiste a \u00e9t\u00e9 une \u00e9poque, sans doute imparfaite, de plein-emploi, de croissance \u2014 il est vrai sans conscience \u00e9cologique \u2014 et de paix entre pays avanc\u00e9s, certes relative seulement, mais tout de m\u00eame\u2026 On ne sache pas davantage que le principe national ait \u00e9t\u00e9 aboli m\u00eame dans le monde suppos\u00e9 mondialis\u00e9 car, informons les lib\u00e9raux et les altermondialistes, il y a encore des nations<small>\u00a0<\/small>! Il y a la Chine, il y a les Etats-Unis, dont curieusement on ne questionne jamais ni le nationalisme ni les affirmations de souverainet\u00e9. Ces deux-l\u00e0 riraient beaucoup si on leur demandait de se fondre dans de plus vastes ensembles. Et, chose plus surprenante, ces ind\u00e9crottables nations ne se font pas n\u00e9cessairement la guerre, et elles ne nous la font pas non plus<small>\u00a0<\/small>!<\/p>\n<p style=\"text-align: justify;\">On ne sache pas enfin que les rapports entre les nations doivent se concevoir sous l\u2019exclusive perspective de la marchandise, et l\u2019on reste un peu sid\u00e9r\u00e9 que la Javel lib\u00e9rale ait fini par lessiver les entendements au point de faire oublier qu\u2019entraver un peu la circulation des conteneurs et des capitaux n\u2019interdit nullement de promouvoir la plus grande circulation des \u0153uvres, des \u00e9tudiants, des artistes, des chercheurs, des touristes, comme si la circulation marchande \u00e9tait devenue la jauge exclusive du degr\u00e9 d\u2019ouverture des nations<small>\u00a0<\/small>! \u2014 et seule la mauvaise foi peut pr\u00eater \u00e0 la d\u00e9mondialisation de vouloir liquider les \u00ab<small>\u00a0<\/small>bonnes<small>\u00a0<\/small>\u00bb circulations avec les \u00ab<small>\u00a0<\/small>mauvaises<small>\u00a0<\/small>\u00bb.<\/p>\n<p style=\"text-align: justify;\">Mais, dira-t-on, Attac s\u2019\u00e9tait rapidement d\u00e9faite de sa premi\u00e8re \u00e9tiquette \u00ab<small>\u00a0<\/small>anti-mondialisation<small>\u00a0<\/small>\u00bb, pr\u00e9cis\u00e9ment pour se red\u00e9finir comme \u00ab<small>\u00a0<\/small>altermondialisation<small>\u00a0<\/small>\u00bb. C\u2019est peut-\u00eatre l\u00e0 que passe la ligne de partage des eaux th\u00e9oriques, comme l\u2019indique la crainte r\u00e9currente des signataires de voir <em>\u00ab<small>\u00a0<\/small>un conflit de classes transform\u00e9 en conflits de nations<\/em>\u00a0(<a id=\"nh16\" title=\"Ibid.\u00a0; Jean-Marie Harribey, \u00ab\u00a0La d\u00e9mondialisation heureuse\u00a0?\u00a0\u00bb, blog\u00a0(...)\" href=\"http:\/\/www.monde-diplomatique.fr\/2011\/08\/LORDON\/20843#nb16\" rel=\"footnote\">16<\/a>)<em><small>\u00a0<\/small>\u00bb.<\/em> Partant d\u2019une question profonde, cet \u00e9nonc\u00e9 est pourtant vou\u00e9 \u00e0 l\u2019inanit\u00e9 s\u2019il pense pouvoir op\u00e9rer le d\u00e9ni du fait national, ou plut\u00f4t des faits nationaux, et des rapports d\u2019antagonisme qui s\u2019ensuivent presque n\u00e9cessairement. Mais l\u00e0 encore, et toujours par le m\u00eame effet tragique du tiers exclu, \u00ab<small>\u00a0<\/small>antagonisme<small>\u00a0<\/small>\u00bb est aussit\u00f4t compris comme \u00ab<small>\u00a0<\/small>guerre<small>\u00a0<\/small>\u00bb, et comme n\u00e9gation absolue de rapports de coop\u00e9ration qui pourraient \u00eatre nou\u00e9s par ailleurs.<\/p>\n<h3 style=\"text-align: justify;\">V\u0153ux pieux et rapports concrets<\/h3>\n<p style=\"text-align: justify;\">Sauf \u00e0 poursuivre la chim\u00e8re d\u2019une humanit\u00e9 enti\u00e8rement r\u00e9concili\u00e9e, il faudra bien se faire \u00e0 l\u2019id\u00e9e que la communaut\u00e9 humaine au sens large est n\u00e9cessairement travers\u00e9e d\u2019antagonismes, et que certains d\u2019entre eux s\u2019\u00e9tablissent selon les trac\u00e9s des nations.<\/p>\n<p style=\"text-align: justify;\">Il est tr\u00e8s \u00e9vident cependant que tous les antagonismes ne r\u00e9pondent pas \u00e0 la grammaire nationale, mais aussi \u00e0 des grammaires autres, et parfois transversales \u2014 l\u2019antagonisme de classe, par exemple. Mais l\u2019on ne saurait retenir parmi ces multiples grammaires seulement celle de sa pr\u00e9f\u00e9rence<small>\u00a0<\/small>! Quant \u00e0 savoir si l\u2019une d\u2019elles jouit de quelque primat, c\u2019est une question qui n\u2019admet aucune r\u00e9ponse g\u00e9n\u00e9rale, mais se trouve chaque fois d\u00e9termin\u00e9e par la configuration particuli\u00e8re des structures du capitalisme. On peut bien observer que le salariat chinois et le salariat fran\u00e7ais se situent dans le m\u00eame rapport d\u2019antagonisme de classe chacun vis-\u00e0-vis de \u00ab<small>\u00a0<\/small>son<small>\u00a0<\/small>\u00bb capital, il n\u2019en demeure pas moins que les structures de la mondialisation \u00e9conomique les placent aussi et objectivement dans un rapport d\u2019antagonisme mutuel \u2014 contre lequel aucune d\u00e9n\u00e9gation ne pourra rien.<\/p>\n<p style=\"text-align: justify;\">En appeler \u00e0 la solidarit\u00e9 de classe franco-chinoise proc\u00e8de d\u2019un universalisme abstrait ignorant des donn\u00e9es structurelles concr\u00e8tes et de leur pouvoir de configurer des conflits objectifs \u2014 soit ironiquement tout ce que Karl Marx reprochait aux \u00ab<small>\u00a0<\/small>jeunes h\u00e9g\u00e9liens de gauche<small>\u00a0<\/small>\u00bb\u00a0: plut\u00f4t que d\u2019escompter des \u00ab<small>\u00a0<\/small>essences<small>\u00a0<\/small>\u00bb (l\u2019\u00ab<small>\u00a0<\/small>essence<small>\u00a0<\/small>\u00bb du salariat ou l\u2019\u00ab<small>\u00a0<\/small>essence<small>\u00a0<\/small>\u00bb de la lutte des classes) qu\u2019elles produisent toutes seules d\u2019improbables effets, il vaudrait mieux songer \u00e0 refaire les structures r\u00e9elles qui d\u00e9terminent r\u00e9ellement les (multiples) rapports dans lesquels entrent les divers groupes sociaux.<\/p>\n<p style=\"text-align: justify;\">Ainsi, dans certains pays, les structures de la finance actionnariale et des retraites capitalis\u00e9es placent objectivement en conflit diverses fractions du salariat m\u00eame\u00a0: pensionn\u00e9s (qui ont int\u00e9r\u00eat \u00e0 la rentabilit\u00e9 financi\u00e8re) contre salari\u00e9s (de qui on l\u2019extrait), salari\u00e9s-licenci\u00e9s d\u2019un centre de production contre salari\u00e9s-actionnaires du m\u00eame groupe (dont les titres vont s\u2019appr\u00e9cier), etc. Il est absolument vain d\u2019appeler tous ces gens \u00e0 des solidarit\u00e9s de classe abstraites contre les structures qui les d\u00e9truisent concr\u00e8tement et configurent objectivement leurs int\u00e9r\u00eats sous des rapports antagoniques \u2014 plus utile en revanche de refaire les structures (an\u00e9antir la finance actionnariale, promouvoir sans cesse la r\u00e9partition) pour cr\u00e9er les conditions concr\u00e8tes propres \u00e0 reconstituer les unit\u00e9s bris\u00e9es et, alors, \u00e0 pouvoir faire pr\u00e9valoir une certaine grammaire d\u2019antagonisme contre les autres.<\/p>\n<p style=\"text-align: justify;\">De m\u00eame, les structures pr\u00e9sentes du libre-\u00e9change et de la circulation des investissements directs interdisent que s\u2019actualisent les solidarit\u00e9s possibles entre salari\u00e9s fran\u00e7ais et salari\u00e9s chinois. Voici donc le paradoxe inaper\u00e7u des \u00ab<small>\u00a0<\/small>mondialisateurs<small>\u00a0<\/small>\u00bb. Loin, comme on l\u2019entend souvent, qu\u2019un protectionnisme raisonn\u00e9 et n\u00e9goci\u00e9 nuise aux int\u00e9r\u00eats des salari\u00e9s des pays \u00e9mergents (on remarquera au passage que syst\u00e9matiquement, dans cette discussion, le sort des salari\u00e9s nationaux est tenu pour parfaitement n\u00e9gligeable\u2026), il se pourrait au contraire qu\u2019il leur permette de h\u00e2ter, par d\u00e9sincitation \u00e0 tout miser sur les exportations, le passage \u00e0 des r\u00e9gimes de croissance plus autocentr\u00e9s, appelant fonctionnellement l\u2019extension et la stabilisation du revenu salarial.<\/p>\n<p style=\"text-align: justify;\">Ce n\u2019est que lorsque les salariats nationaux sont soustraits aux rapports antagoniques auxquels les voue le libre-\u00e9change in\u00e9gal que peuvent se d\u00e9ployer des solidarit\u00e9s transversales (transnationales), faisant alors pr\u00e9valoir la grammaire classiste sur la grammaire nationaliste \u2014 en somme, respecter le \u00ab<small>\u00a0<\/small>fait national<small>\u00a0<\/small>\u00bb pourrait \u00eatre le meilleur moyen de donner sa chance (internationale) au \u00ab<small>\u00a0<\/small>fait de classe<small>\u00a0<\/small>\u00bb salarial. De m\u00eame que la \u00ab<small>\u00a0<\/small>concurrence non fauss\u00e9e<small>\u00a0<\/small>\u00bb n\u2019est en r\u00e9alit\u00e9 qu\u2019un protectionnisme d\u00e9guis\u00e9 (et de la pire esp\u00e8ce)\u00a0(<a id=\"nh17\" title=\"\u00ab\u00a0La \u201cmenace protectionniste\u201d, ce concept vide de sens\u00a0\u00bb, dans La Crise de\u00a0(...)\" href=\"http:\/\/www.monde-diplomatique.fr\/2011\/08\/LORDON\/20843#nb17\" rel=\"footnote\">17<\/a>), il se pourrait donc, \u00e0 l\u2019encontre de ce que croient certains altermondialistes, que des formes de protectionnisme transparentes et rationnellement n\u00e9goci\u00e9es aient d\u2019assez bonnes propri\u00e9t\u00e9s coop\u00e9ratives en m\u00e9nageant des possibilit\u00e9s de d\u00e9veloppement autonomes, quoique (raisonnablement) interagissantes, et en cr\u00e9ant les conditions concr\u00e8tes des solidarit\u00e9s transnationales de classe.<\/p>\n<p style=\"text-align: justify;\">Mais la question de la d\u00e9mondialisation ne s\u2019\u00e9puise nullement dans celle du protectionnisme (o\u00f9 les mondialisateurs voudraient tant la cantonner), encore moins dans ces quelques arguments n\u00e9cessairement parcellaires. Elle appellerait davantage \u00e0 y entrer non par des consid\u00e9rations \u00e9conomiques, mais par le probl\u00e8me fondamental sous lequel elle prend vraiment sens, probl\u00e8me proprement politique de la souverainet\u00e9 et de ses circonscriptions possibles\u00a0(<a id=\"nh18\" title=\"\u00ab\u00a0Qui a peur de la d\u00e9mondialisation\u00a0?\u00a0\u00bb, La pompe \u00e0 phynance, Les blogs du Diplo,\u00a0(...)\" href=\"http:\/\/www.monde-diplomatique.fr\/2011\/08\/LORDON\/20843#nb18\" rel=\"footnote\">18<\/a>) \u2014 qui ne se limitent nullement au p\u00e9rim\u00e8tre des actuelles nations. Donn\u00e9e fondamentale de la vie des peuples, la souverainet\u00e9 est, mais sur le mode de l\u2019oubli, le point commun de tous les d\u00e9fenseurs de la mondialisation, qui en ignorent syst\u00e9matiquement les r\u00e9quisits les plus essentiels, comme en t\u00e9moigne le filandreux concept de \u00ab<small>\u00a0<\/small>gouvernance<small>\u00a0<\/small>\u00bb. <em>\u00ab<small>\u00a0<\/small>Le probl\u00e8me central est celui de la gouvernance mondiale<small>\u00a0<\/small>\u00bb,<\/em> r\u00e9p\u00e8te symptomatiquement Daniel Cohen\u00a0(<a id=\"nh19\" title=\"\u00ab\u00a0La mondialisation est-elle coupable\u00a0?\u00a0\u00bb, op. cit.\" href=\"http:\/\/www.monde-diplomatique.fr\/2011\/08\/LORDON\/20843#nb19\" rel=\"footnote\">19<\/a>). Non<small>\u00a0<\/small>! le probl\u00e8me central est celui de la constitution d\u2019entit\u00e9s politiques authentiquement souveraines, seules \u00e0 m\u00eame d\u2019\u00eatre dot\u00e9es de la force capable de s\u2019opposer \u00e0 la force du capital. Et dont le d\u00e9ni est entretenu dans la chim\u00e8re des <em>\u00ab<small>\u00a0<\/small>institutions internationales fortes<small>\u00a0<\/small>\u00bb<\/em>\u00a0(<a id=\"nh20\" title=\"Ibid.\" href=\"http:\/\/www.monde-diplomatique.fr\/2011\/08\/LORDON\/20843#nb20\" rel=\"footnote\">20<\/a>), ce parfait oxymore qui fait n\u00e9anmoins dire \u00e0 Daniel Cohen que <em>\u00ab<small>\u00a0<\/small>sans institutions internationales fortes, on restera dans le chaos<small>\u00a0<\/small>\u00bb,<\/em> qu\u2019il faut alors r\u00e9\u00e9crire\u00a0: \u00ab<small>\u00a0<\/small>on restera dans le chaos<small>\u00a0<\/small>\u00bb. S\u2019il y avait donc un seul principe g\u00e9n\u00e9ral pour gouverner le d\u00e9bat sur la mondialisation, ce pourrait \u00eatre celui-ci\u00a0: on ne peut pas laisser les peuples longtemps sans solutions de souverainet\u00e9.<\/p>\n<h3 style=\"text-align: justify;\">Une d\u00e9finition finalement tr\u00e8s simple<\/h3>\n<p style=\"text-align: justify;\">Mais l\u2019on pourrait aussi, \u00e0 l\u2019exact oppos\u00e9, ramener la controverse de la d\u00e9mondialisation \u00e0 une question d\u2019identification conventionnelle finalement tr\u00e8s simple, sous la lumi\u00e8re crue de la conjoncture pr\u00e9sente. La concurrence non fauss\u00e9e entre \u00e9conomies \u00e0 standards salariaux abyssalement diff\u00e9rents<small>\u00a0<\/small>; la menace permanente de d\u00e9localisation<small>\u00a0<\/small>; la contrainte actionnariale exigeant des rentabilit\u00e9s financi\u00e8res sans limites, telles que leur combinaison op\u00e8re une compression constante des revenus salariaux<small>\u00a0<\/small>; le d\u00e9veloppement de l\u2019endettement chronique des m\u00e9nages qui s\u2019ensuit<small>\u00a0<\/small>; l\u2019absolue licence de la finance de d\u00e9ployer ses op\u00e9rations sp\u00e9culatives d\u00e9stabilisatrices, le cas \u00e9ch\u00e9ant \u00e0 partir des dettes port\u00e9es par les m\u00e9nages (comme dans le cas des <em>subprime<\/em>)<small>\u00a0<\/small>; la prise en otage des pouvoirs publics somm\u00e9s de venir au secours des institutions financi\u00e8res d\u00e9confites par les crises r\u00e9currentes<small>\u00a0<\/small>; le portage du co\u00fbt macro\u00e9conomique de ces crises par les ch\u00f4meurs, de leur co\u00fbt pour les finances publiques par les contribuables, les usagers, les fonctionnaires et les pensionn\u00e9s<small>\u00a0<\/small>; la d\u00e9possession des citoyens de toute emprise sur la politique \u00e9conomique, d\u00e9sormais r\u00e9gl\u00e9e d\u2019apr\u00e8s les seuls desiderata des cr\u00e9anciers internationaux et quoi qu\u2019il en co\u00fbte aux corps sociaux<small>\u00a0<\/small>; la remise de la politique mon\u00e9taire \u00e0 une institution ind\u00e9pendante hors de tout contr\u00f4le politique\u00a0: c\u2019est tout cela qu\u2019on pourrait, par une convention de langage peu exigeante, d\u00e9cider de nommer mondialisation.<\/p>\n<p style=\"text-align: justify;\">D\u2019o\u00f9 suit, toujours aussi simplement, que se dire favorable \u00e0 la d\u00e9mondialisation n\u2019est alors, g\u00e9n\u00e9riquement, pas autre chose que d\u00e9clarer ne plus vouloir de <em>\u00e7a<\/em><small>\u00a0<\/small>!<\/p>\n<\/div>\n<div>\n<div>\n<p><strong>Fr\u00e9d\u00e9ric Lordon<\/strong><\/p>\n<div>Economiste, auteur de <em>La Crise de trop. Reconstruction d\u2019un monde failli<\/em>, Fayard, 2009.<\/div>\n<\/div>\n<\/div>\n<div>\n<div id=\"nb1\">\n<p>(<a title=\"Notes 1\" href=\"http:\/\/www.monde-diplomatique.fr\/2011\/08\/LORDON\/20843#nh1\" rev=\"footnote\">1<\/a>) <em>Le Monde<\/em>\u00a0: \u00e9ditorial, 1er\u00a0juillet 2011<small>\u00a0<\/small><small>\u00a0<\/small>; Zaki La\u00efdi, \u00ab<small>\u00a0<\/small><small>\u00a0<\/small><a href=\"http:\/\/www.lemonde.fr\/idees\/article\/2011\/06\/29\/absurde-demondialisation_1542434_3232.html\" rel=\"external\">Absurde d\u00e9mondialisation<\/a><small>\u00a0<\/small><small>\u00a0<\/small>\u00bb, 29\u00a0juin\u00a02011<small>\u00a0<\/small><small>\u00a0<\/small>; Pascal Lamy, \u00ab<small>\u00a0<\/small><small>\u00a0<\/small><a href=\"http:\/\/www.lemonde.fr\/economie\/article\/2011\/06\/30\/pascal-lamy-la-demondialisation-est-un-concept-reactionnaire_1542904_3234.html\" rel=\"external\">La d\u00e9mondialisation est un concept r\u00e9actionnaire<\/a><small>\u00a0<\/small><small>\u00a0<\/small>\u00bb, 1er\u00a0juillet 2011.<\/p>\n<\/div>\n<div id=\"nb2\">\n<p>(<a title=\"Notes 2\" href=\"http:\/\/www.monde-diplomatique.fr\/2011\/08\/LORDON\/20843#nh2\" rev=\"footnote\">2<\/a>) Daniel Cohen, <em>La Mondialisation et ses ennemis,<\/em> Grasset, Paris, 2004.<\/p>\n<\/div>\n<div id=\"nb3\">\n<p>(<a title=\"Notes 3\" href=\"http:\/\/www.monde-diplomatique.fr\/2011\/08\/LORDON\/20843#nh3\" rev=\"footnote\">3<\/a>) Pascal Lamy, <em>op. cit.<\/em><\/p>\n<\/div>\n<div id=\"nb4\">\n<p>(<a title=\"Notes 4\" href=\"http:\/\/www.monde-diplomatique.fr\/2011\/08\/LORDON\/20843#nh4\" rev=\"footnote\">4<\/a>) \u00ab<small>\u00a0<\/small><small>\u00a0<\/small><a href=\"http:\/\/www.alternatives-economiques.fr\/la-mondialisation-est-elle-coupable_fr_art_1094_54468.html\" rel=\"external\">La mondialisation est-elle coupable<small>\u00a0<\/small><small>\u00a0<\/small>?<\/a><small>\u00a0<\/small><small>\u00a0<\/small>\u00bb, entretien avec Daniel Cohen et Jacques Sapir, <em>Alternatives \u00e9conomiques,<\/em> n\u00b0\u00a0303, Paris, juin\u00a02011.<\/p>\n<\/div>\n<div id=\"nb5\">\n<p>(<a title=\"Notes 5\" href=\"http:\/\/www.monde-diplomatique.fr\/2011\/08\/LORDON\/20843#nh5\" rev=\"footnote\">5<\/a>) Isabelle Pivert, \u00ab<small>\u00a0<\/small><small>\u00a0<\/small><a href=\"http:\/\/www.monde-diplomatique.fr\/2009\/03\/PIVERT\/16930\">La religion des quinze pour cent<\/a><small>\u00a0<\/small><small>\u00a0<\/small>\u00bb, <em>Le Monde diplomatique,<\/em> mars\u00a02009.<\/p>\n<\/div>\n<div id=\"nb6\">\n<p>(<a title=\"Notes 6\" href=\"http:\/\/www.monde-diplomatique.fr\/2011\/08\/LORDON\/20843#nh6\" rev=\"footnote\">6<\/a>) Patrick Artus et Marie-Paule Virard, <em>Globalisation, le pire est \u00e0 venir,<\/em> La D\u00e9couverte, Paris, 2008.<\/p>\n<\/div>\n<div id=\"nb7\">\n<p>(<a title=\"Notes 7\" href=\"http:\/\/www.monde-diplomatique.fr\/2011\/08\/LORDON\/20843#nh7\" rev=\"footnote\">7<\/a>) Patrick Artus, \u00ab<small>\u00a0<\/small><small>\u00a0<\/small>Ce n\u2019est pas le moment de refuser la mondialisation<small>\u00a0<\/small><small>\u00a0<\/small>\u00bb, <em>Flash \u00e9conomie,<\/em> Natixis, n\u00b0\u00a0472, 21\u00a0juin 2011.<\/p>\n<\/div>\n<div id=\"nb8\">\n<p>(<a title=\"Notes 8\" href=\"http:\/\/www.monde-diplomatique.fr\/2011\/08\/LORDON\/20843#nh8\" rev=\"footnote\">8<\/a>) Lawrence Summers, \u00ab<small>\u00a0<\/small><small>\u00a0<\/small><a href=\"http:\/\/www.ft.com\/cms\/s\/0\/999160e6-1a03-11dd-ba02-0000779fd2ac.html#axzz1TI6mePT4\" rel=\"external\">A strategy to promote healthy globalisation<\/a><small>\u00a0<\/small><small>\u00a0<\/small>\u00bb, <em>Financial Times<\/em>, Londres,\u00a05\u00a0mai 2008.<\/p>\n<\/div>\n<div id=\"nb9\">\n<p>(<a title=\"Notes 9\" href=\"http:\/\/www.monde-diplomatique.fr\/2011\/08\/LORDON\/20843#nh9\" rev=\"footnote\">9<\/a>) Daniel Cohen, \u00ab<small>\u00a0<\/small><small>\u00a0<\/small>Sortir de la crise<small>\u00a0<\/small><small>\u00a0<\/small>\u00bb, <em>Le Nouvel Observateur,<\/em> Paris, 7\u00a0septembre 2009.<\/p>\n<\/div>\n<div id=\"nb10\">\n<p>(<a title=\"Notes 10\" href=\"http:\/\/www.monde-diplomatique.fr\/2011\/08\/LORDON\/20843#nh10\" rev=\"footnote\">10<\/a>) \u00ab<small>\u00a0<\/small><small>\u00a0<\/small><a href=\"http:\/\/tempsreel.nouvelobs.com\/actualite\/opinion\/20100126.OBS4894\/elie-cohen-l-ideologie-de-davos-a-bute-sur-la-crise.html\" rel=\"external\">Elie Cohen\u00a0: \u201cL\u2019id\u00e9ologie de Davos a but\u00e9 sur la crise\u201d<\/a><small>\u00a0<\/small><small>\u00a0<\/small>\u00bb, Nouvelobs.com, 26\u00a0janvier 2010.<\/p>\n<\/div>\n<div id=\"nb11\">\n<p>(<a title=\"Notes 11\" href=\"http:\/\/www.monde-diplomatique.fr\/2011\/08\/LORDON\/20843#nh11\" rev=\"footnote\">11<\/a>) Walden Bello, <em>Deglobalization\u00a0: Ideas for a New World Economy,<\/em> Zed Books, Londres-New York, 2002. Le mot a d\u2019abord \u00e9t\u00e9 employ\u00e9 par Bernard Cassen en 1996\u00a0: \u00ab<small>\u00a0<\/small><small>\u00a0<\/small>Et maintenant\u2026 d\u00e9mondialiser pour internationaliser<small>\u00a0<\/small><small>\u00a0<\/small>\u00bb, <em>Mani\u00e8re de voir,<\/em> n\u00b0\u00a032, novembre\u00a01996.<\/p>\n<\/div>\n<div id=\"nb12\">\n<p>(<a title=\"Notes 12\" href=\"http:\/\/www.monde-diplomatique.fr\/2011\/08\/LORDON\/20843#nh12\" rev=\"footnote\">12<\/a>) Arnaud Montebourg, <em>Votez pour la d\u00e9mondialisation<small>\u00a0<\/small><small>\u00a0<\/small>!,<\/em> Flammarion, Paris, 2011.<\/p>\n<\/div>\n<div id=\"nb13\">\n<p>(<a title=\"Notes 13\" href=\"http:\/\/www.monde-diplomatique.fr\/2011\/08\/LORDON\/20843#nh13\" rev=\"footnote\">13<\/a>) Jacques Sapir, <em>La D\u00e9mondialisation,<\/em> Seuil, Paris, 2011. <em>Cf.<\/em> aussi, du m\u00eame auteur, \u00ab<small>\u00a0<\/small><small>\u00a0<\/small>S\u2019il faut sortir de l\u2019euro\u2026<small>\u00a0<\/small><small>\u00a0<\/small>\u00bb, document de travail CEMI-EHESS, Paris, avril\u00a02011.<\/p>\n<\/div>\n<div id=\"nb14\">\n<p>(<a title=\"Notes 14\" href=\"http:\/\/www.monde-diplomatique.fr\/2011\/08\/LORDON\/20843#nh14\" rev=\"footnote\">14<\/a>) \u00ab<small>\u00a0<\/small><small>\u00a0<\/small><a href=\"http:\/\/www.france.attac.org\/articles\/la-demondialisation-un-concept-superficiel-et-simpliste\" rel=\"external\">La d\u00e9mondialisation, un concept superficiel et simpliste<\/a><small>\u00a0<\/small><small>\u00a0<\/small>\u00bb, par neuf membres du conseil scientifique d\u2019Attac, 6\u00a0juin 2011.<\/p>\n<\/div>\n<div id=\"nb15\">\n<p>(<a title=\"Notes 15\" href=\"http:\/\/www.monde-diplomatique.fr\/2011\/08\/LORDON\/20843#nh15\" rev=\"footnote\">15<\/a>) Pierre Khalfa, \u00ab<small>\u00a0<\/small><small>\u00a0<\/small><a href=\"http:\/\/blogs.mediapart.fr\/blog\/pierre-khalfa\/200611\/les-impasses-de-la-demondialisation\" rel=\"external\">Les impasses de la d\u00e9mondialisation. R\u00e9ponse \u00e0 quelques contradicteurs<\/a><small>\u00a0<\/small><small>\u00a0<\/small>\u00bb, Mediapart, 20\u00a0juin\u00a02011.<\/p>\n<\/div>\n<div id=\"nb16\">\n<p>(<a title=\"Notes 16\" href=\"http:\/\/www.monde-diplomatique.fr\/2011\/08\/LORDON\/20843#nh16\" rev=\"footnote\">16<\/a>) <em>Ibid.<\/em><small>\u00a0<\/small><small>\u00a0<\/small>; Jean-Marie Harribey, \u00ab<small>\u00a0<\/small><small>\u00a0<\/small><a href=\"http:\/\/www.alternatives-economiques.fr\/blogs\/harribey\/2011\/06\/16\/la-demondialisation-heureuse-elements-de-debat-et-de-reponse-a-frederic-lordon-et-a-quelques-autres-collegues\/\" rel=\"external\">La d\u00e9mondialisation heureuse<small>\u00a0<\/small><small>\u00a0<\/small>?<\/a><small>\u00a0<\/small><small>\u00a0<\/small>\u00bb, blog d\u2019<em>Alternatives \u00e9conomiques,<\/em> Paris, 16\u00a0juin 2011.<\/p>\n<\/div>\n<div id=\"nb17\">\n<p>(<a title=\"Notes 17\" href=\"http:\/\/www.monde-diplomatique.fr\/2011\/08\/LORDON\/20843#nh17\" rev=\"footnote\">17<\/a>) \u00ab<small>\u00a0<\/small><small>\u00a0<\/small>La \u201cmenace protectionniste\u201d, ce concept vide de sens<small>\u00a0<\/small><small>\u00a0<\/small>\u00bb, dans <em>La Crise de trop,<\/em> Fayard, Paris, 2009.<\/p>\n<\/div>\n<div id=\"nb18\">\n<p>(<a title=\"Notes 18\" href=\"http:\/\/www.monde-diplomatique.fr\/2011\/08\/LORDON\/20843#nh18\" rev=\"footnote\">18<\/a>) \u00ab<small>\u00a0<\/small><small>\u00a0<\/small><a href=\"http:\/\/blog.mondediplo.net\/2011-06-13-Qui-a-peur-de-la-demondialisation\" rel=\"external\">Qui a peur de la d\u00e9mondialisation<small>\u00a0<\/small><small>\u00a0<\/small>?<\/a><small>\u00a0<\/small><small>\u00a0<\/small>\u00bb, La pompe \u00e0 phynance, Les blogs du Diplo, 13\u00a0juin\u00a02011.<\/p>\n<\/div>\n<div id=\"nb19\">\n<p>(<a title=\"Notes 19\" href=\"http:\/\/www.monde-diplomatique.fr\/2011\/08\/LORDON\/20843#nh19\" rev=\"footnote\">19<\/a>) \u00ab<small>\u00a0<\/small><small>\u00a0<\/small>La mondialisation est-elle coupable<small>\u00a0<\/small><small>\u00a0<\/small>?<small>\u00a0<\/small><small>\u00a0<\/small>\u00bb, <em>op. cit.<\/em><\/p>\n<\/div>\n<div id=\"nb20\">\n<p>(<a title=\"Notes 20\" href=\"http:\/\/www.monde-diplomatique.fr\/2011\/08\/LORDON\/20843#nh20\" rev=\"footnote\">20<\/a>) <em>Ibid.<\/em><\/p>\n<p><a href=\"http:\/\/www.monde-diplomatique.fr\/2011\/08\/LORDON\/20843\">Source<\/a><\/p>\n<div>\n<div>\n<h3>Qui a peur de la d\u00e9mondialisation\u00a0?<\/h3>\n<\/div>\n<p><abbr title=\"2011-06-13T10:56:23Z\">lundi 13 juin 2011<\/abbr>, par Fr\u00e9d\u00e9ric Lordon<\/p>\n<\/div>\n<div>\n<div>\n<p style=\"text-align: justify;\">Dans une <a href=\"http:\/\/blogs.mediapart.fr\/edition\/les-invites-de-mediapart\/article\/060611\/la-demondialisation-un-concept-superficiel-et-s\" rel=\"external\">tribune<\/a> r\u00e9cemment publi\u00e9e sur <em>Mediapart <\/em> (6\u00a0juin 2011), des membres du conseil scientifique d\u2019Attac (Genevi\u00e8ve Azam, Jacques Cossart, Thomas Coutrot, Jean-Marie Harribey, Michel Husson, Pierre Khalfa, Dominique Plihon, Catherine Samary et Aur\u00e9lie Trouv\u00e9) d\u00e9clarent <em>\u00ab\u00a0s\u2019inqui\u00e9t(er) de la fortune rencontr\u00e9e par la d\u00e9mondialisation\u00a0\u00bb<\/em>. Je crois avoir \u00e0 leur endroit suffisamment d\u2019estime et d\u2019amiti\u00e9 pour leur dire mes d\u00e9saccords \u2013 \u00e0 plus forte raison apr\u00e8s m\u2019\u00eatre rendu coupable d\u2019avoir moi-m\u00eame employ\u00e9 le mot \u00ab\u00a0\u00e0 probl\u00e8me\u00a0\u00bb\u00a0[<a id=\"nh1\" title=\"\u00ab Et si on commen\u00e7ait la d\u00e9mondialisation financi\u00e8re ? \u00bb, Le Monde\u00a0(...)\" href=\"http:\/\/blog.mondediplo.net\/2011-06-13-Qui-a-peur-de-la-demondialisation#nb1\" rel=\"footnote\">1<\/a>]\u2026<\/p>\n<h3 style=\"text-align: justify;\"><a name=\"Depolluer-du-FN\"><\/a> D\u00e9polluer du FN<\/h3>\n<p style=\"text-align: justify;\">Du probl\u00e8me en question, il est sans doute utile de commencer par d\u00e9blayer la situation politique \u2013 entendre la d\u00e9polluer du Front national. Car l\u2019on sent bien que la fortune de l\u2019extr\u00eame droite qui capitalise sur ce th\u00e8me n\u2019entre pas pour rien dans les inqui\u00e9tudes des signataires. Mais, par une contradiction performative fatale, faire sans cesse r\u00e9f\u00e9rence au FN \u00e0 propos de tout d\u00e9bat est \u00e0 coup s\u00fbr le meilleur moyen de l\u2019installer dans la position de centralit\u00e9 dont par ailleurs on voudrait l\u2019\u00e9carter. Il ne faut se faire aucune illusion, sp\u00e9cialement quand la nouvelle dirigeante du FN s\u2019av\u00e8re plus fut\u00e9e que son pr\u00e9d\u00e9cesseur, et d\u00e9montre d\u00e9j\u00e0 assez son talent de r\u00e9cup\u00e9ration\u00a0: le FN mangera \u00e0 tous les r\u00e2teliers, captera tout ce qu\u2019il peut capter, si bien qu\u2019installer le mythe de l\u2019anti-Midas \u2013 \u00ab\u00a0le FN transforme en plomb tout ce qu\u2019il touche\u00a0\u00bb \u2013 est le plus s\u00fbr moyen de contribuer soi-m\u00eame \u00e0 la d\u00e9gradation de ses propres d\u00e9bats. On n\u2019abandonnera donc pas le d\u00e9bat de la d\u00e9mondialisation sous pr\u00e9texte que le FN qui a senti la bonne affaire s\u2019y vautre avec d\u00e9lice\u00a0!<\/p>\n<p style=\"text-align: justify;\">Avant de d\u00e9serter le terrain, on pourrait en effet au moins avoir le r\u00e9flexe d\u2019objecter que nul ne s\u2019inqui\u00e9tait dans les ann\u00e9es 1980-1990 que le FN campe sur les id\u00e9es \u00e9conomiques lib\u00e9rales du RPR-UDF, et nul n\u2019allait soumettre la droite dite \u00ab\u00a0r\u00e9publicaine\u00a0\u00bb \u00e0 la question de cette embarrassante proximit\u00e9. Curieusement les proximit\u00e9s ne deviennent embarrassantes que lorsqu\u2019il est question d\u2019en finir avec la finance lib\u00e9ralis\u00e9e et le libre-\u00e9change \u2013 et les signataires d\u2019Attac devraient \u00ab\u00a0s\u2019inqui\u00e9ter\u00a0\u00bb d\u2019avoir ici beaucoup conc\u00e9d\u00e9 aux sch\u00e8mes r\u00e9flexes de l\u2019\u00e9ditorialisme lib\u00e9ral. Ils pourraient \u00e9galement sugg\u00e9rer qu\u2019on renverse l\u2019ordre de la question, et que \u00ab\u00a0l\u2019\u00e9ditorialisme\u00a0\u00bb se pr\u00e9occupe d\u2019aller interroger s\u00e9rieusement le FN sur ses virages doctrinaux \u00e0 180\u00b0 et sur sa propension r\u00e9cente \u00e0 aller piller (et d\u00e9former) des id\u00e9es de gauche critique \u2013 paradoxe tout de m\u00eame \u00e9tonnant si l\u2019on y pense, mais qui semble faire si peu probl\u00e8me que tout le monde se pr\u00e9cipite plut\u00f4t pour demander \u00e0 la gauche critique comment elle peut vivre dans pareil voisinage\u2026 Moyennant quoi, \u00e0 force d\u2019envahissements par l\u2019extr\u00eame droite, qui ne manque pas de s\u2019en donner \u00e0 c\u0153ur joie avec au surplus le plaisir compl\u00e9mentaire de cr\u00e9er la confusion, et le plaisir suppl\u00e9mentaire de le faire avec la complicit\u00e9 active des victimes de la confusion, il ne restera bient\u00f4t plus grand-chose en propre \u00e0 la gauche en mati\u00e8re \u00e9conomique s\u2019il lui faut abandonner dans l\u2019instant tout ce que l\u2019anti-Midas aura touch\u00e9. Car il ne faut pas s\u2019y tromper\u00a0: l\u2019anti-Midas a la paluche aux aguets et il va en toucher autant qu\u2019il pourra. On pourrait donc, par un pr\u00e9alable de bonne m\u00e9thode, d\u00e9cider d\u2019ignorer les gesticulations r\u00e9cup\u00e9ratrices du FN, de cesser d\u2019en faire l\u2019arbitre intempestif et pollueur de nos d\u00e9bats, et de continuer de discuter des sujets qui <em>nous int\u00e9ressent<\/em>.<\/p>\n<h3 style=\"text-align: justify;\"><a name=\"Au-fait-qu-est-ce-que-la\"><\/a> Au fait, qu\u2019est-ce que la mondialisation\u00a0?<\/h3>\n<p style=\"text-align: justify;\">Ceci \u00e9tant dit, c\u2019est une chose de tenir, comme le font les signataires, la \u00ab\u00a0d\u00e9mondialisation\u00a0\u00bb pour un concept \u00ab\u00a0superficiel et simpliste\u00a0\u00bb, mais c\u2019en aurait \u00e9t\u00e9 une autre, bienvenue, qu\u2019ils prissent eux-m\u00eames la peine de donner leur propre d\u00e9finition \u00ab\u00a0rigoureuse\u00a0\u00bb de la mondialisation. Ecartons tout de suite \u2013 je ne les leur pr\u00eate pas, d\u2019ailleurs \u2013 les contorsions s\u00e9mantiques qui tentent de rep\u00e9rer d\u2019abyssales diff\u00e9rences entre \u00ab\u00a0mondialisation\u00a0\u00bb et \u00ab\u00a0globalisation\u00a0\u00bb pour en tirer d\u2019improbables solutions de rattrapage. Ce deuxi\u00e8me terme ne veut rien dire, en tout cas rien dire d\u2019autre que \u00ab\u00a0mondialisation\u00a0\u00bb elle-m\u00eame, dont il est simplement la d\u00e9nomination anglo-saxonne (<em>globalization<\/em>).<\/p>\n<p style=\"text-align: justify;\">Il y a alors deux d\u00e9finitions possibles de la mondialisation\u00a0:<\/p>\n<p style=\"text-align: justify;\">\u2014\u00a0Par les externalit\u00e9s\u00a0: la mondialisation d\u00e9signe un \u00e9tat du monde o\u00f9 les externalit\u00e9s ont atteint de telles port\u00e9es et de telles intensit\u00e9s qu\u2019elles rendent n\u00e9cessaire des formes de gestion supranationales. Le d\u00e9r\u00e8glement climatique est une externalit\u00e9 mondiale et seule une coordination mondiale en viendra \u00e0 bout. Le probl\u00e8me nucl\u00e9aire est \u00e0 externalit\u00e9s manifestes \u2013 il faut par exemple f\u00e9liciter l\u2019Allemagne (et pour une fois on ne verra aucune ironie l\u00e0-dedans) de sa d\u00e9cision, alors qu\u2019\u00e0 quelques centaines de kilom\u00e8tres de sa fronti\u00e8re, le parc de centrales fran\u00e7ais s\u2019offre \u00e0 lui envoyer quelques \u00e9ventuels vents d\u2019ouest un peu pourris. Et l\u2019on pourrait parler des probl\u00e8mes migratoires, de l\u2019eau, des droits sur les m\u00e9dicaments, etc. Ce monde-l\u00e0 ne peut plus marcher sur des bases exclusivement nationales, il a en effet mondialis\u00e9 certains de ses probl\u00e8mes.<\/p>\n<p style=\"text-align: justify;\">\u2014\u00a0Par la lib\u00e9ralisation des march\u00e9s\u00a0: sous cette autre d\u00e9finition, la mondialisation est \u00e0 entendre comme le processus de d\u00e9r\u00e9glementation du plus grand nombre de march\u00e9s possibles sur la base internationale de plus grande extension possible. Sous ce rapport, il n\u2019y a aucune diff\u00e9rence \u00e0 faire entre \u00ab\u00a0mondialisation\u00a0\u00bb et \u00ab\u00a0mondialisation n\u00e9olib\u00e9rale\u00a0\u00bb. \u00ab\u00a0Mondialisation n\u00e9olib\u00e9rale\u00a0\u00bb n\u2019est qu\u2019un pl\u00e9onasme et les signataires qui disent vouloir de la premi\u00e8re mais pas de la deuxi\u00e8me vont avoir du mal \u00e0 d\u00e9plier des diff\u00e9rences inexistantes. Entendent-ils qu\u2019ils veulent bien la mondialisation-externalit\u00e9s mais pas la mondialisation-lib\u00e9ralisation\u00a0? On le leur accordera sans difficult\u00e9, mais la premi\u00e8re est politique et la deuxi\u00e8me \u00e9conomique, et il ne fallait pas beaucoup d\u2019esprit de charit\u00e9 intellectuelle pour comprendre que le discours de gauche de la d\u00e9mondialisation s\u2019en prend \u00e0 la seconde, la mondialisation \u00e9conomique, la seule qu\u2019il y ait \u00e0 combattre vraiment car elle, elle a produit ses \u00ab\u00a0solutions\u00a0\u00bb\u2026 quand la premi\u00e8re n\u2019a pos\u00e9 que ses questions.<\/p>\n<p style=\"text-align: justify;\">Les signataires disent vouloir <em>\u00ab\u00a0\u00e9videmment r\u00e9duire les flux de marchandises et de capitaux, et relocaliser les syst\u00e8mes productifs (\u2026), stopper la concurrence entre travailleurs et paysans du monde, valoriser la diversit\u00e9 des savoirs et des pratiques sociales, nourrir les populations et assurer la souverainet\u00e9 alimentaire\u00a0\u00bb<\/em>. Mais c\u2019est cela m\u00eame la d\u00e9mondialisation \u2013 \u00e9conomique\u00a0! Et l\u2019on ne voit pas pourquoi penser la chose ne pourrait pas aller jusqu\u2019\u00e0 dire le mot. D\u00e9mondialiser, au sens de la deuxi\u00e8me d\u00e9finition de la mondialisation, c\u2019est revenir sur les lib\u00e9ralisations g\u00e9n\u00e9ralis\u00e9es\u00a0: en tout premier lieu celles des march\u00e9s de biens et services et celles des circulations de capitaux. Il faut une singuli\u00e8re mauvaise foi, doubl\u00e9e d\u2019une r\u00e9elle incoh\u00e9rence, pour d\u2019une part pr\u00eater aux discours de la d\u00e9mondialisation, par une imputation d\u2019essence, d\u2019avoir d\u2019abord d\u00e9sign\u00e9 <em>\u00ab\u00a0le travailleur chinois comme ennemi\u00a0\u00bb<\/em> pour se r\u00e9server ensuite le joli r\u00f4le de la relocalisation, de la r\u00e9duction des flux de marchandises et de l\u2019arr\u00eat de \u00ab\u00a0la concurrence entre travailleurs du monde\u00a0\u00bb\u2026 Sauf dans les cat\u00e9gories de la pens\u00e9e lib\u00e9rale (ou de la pens\u00e9e d\u2019extr\u00eame droite), tenir le discours de la d\u00e9mondialisation n\u2019a jamais signifi\u00e9 s\u2019en prendre \u00e0 des individus ou \u00e0 des groupes sociaux, mais <em>\u00e0 des structures<\/em> \u2013 m\u00eame s\u2019il est vrai qu\u2019alors, dans un deuxi\u00e8me temps, reviennent dans le champ de la critique des groupes sociaux particuliers\u00a0: ceux qui ont eu barre sur, et partie li\u00e9e \u00e0 la configuration des structures, savoir l\u2019oligarchie capitaliste.<\/p>\n<p style=\"text-align: justify;\">Mais c\u2019est une \u00e9trange r\u00e9ticence celle qui interdit de dire \u00ab\u00a0d\u00e9mondialisation\u00a0\u00bb quand la conscience populaire a identifi\u00e9 la chose qu\u2019elle nomme \u00ab\u00a0mondialisation\u00a0\u00bb comme l\u2019origine de ses souffrances et qu\u2019une analyse rigoureuse peut venir pleinement ratifier cette identification. Les signataires se rendent-ils comptent qu\u2019avec leur d\u00e9nonciation du <em>\u00ab\u00a0repli national\u00a0\u00bb <\/em> \u2013 et l\u2019on sent bien qu\u2019on a \u00e9chapp\u00e9 de peu \u00e0 la \u00ab\u00a0frilosit\u00e9\u00a0\u00bb et \u00e0 \u00ab\u00a0l\u2019\u00e9go\u00efsme\u00a0\u00bb de ceux qui ont \u00ab\u00a0peur\u00a0\u00bb de \u00ab\u00a0l\u2019ouverture\u00a0\u00bb\u00a0\u2013, on retrouve sous leur plume les pires lieux communs de l\u2019\u00e9ditorialisme lib\u00e9ral \u2013 ou comment faire tourner soi-m\u00eame les moulins de ses propres adversaires\u2026 Mais le plus grave dans cette convergence, certes ponctuelle mais troublante, tient \u00e0 la fabrication d\u2019une de ces antinomies qui font, l\u00e0 encore, la joie du commentaire autoris\u00e9, antinomie au terme de laquelle la \u00ab\u00a0mondialisation\u00a0\u00bb n\u2019a pour alternative que le \u00ab\u00a0refermement national\u00a0\u00bb. Le monde mondialis\u00e9 ou la nation archa\u00efque, et choisissez votre camp\u2026<\/p>\n<h3 style=\"text-align: justify;\"><a name=\"De-quelques-approximations-de-l\"><\/a> De quelques approximations de l\u2019anti-d\u00e9mondialisation<\/h3>\n<p style=\"text-align: justify;\">Passons d\u2019abord sur les approximations et les d\u00e9formations du discours de la d\u00e9mondialisation relu par les signataires \u2013 et d\u2019une relecture qu\u2019on pourrait bien dire elle aussi \u00ab\u00a0superficielle et simpliste\u00a0\u00bb\u2026 <em>\u00ab\u00a0Une monnaie nationale ne prot\u00e8ge ni du n\u00e9olib\u00e9ralisme, ni de la sp\u00e9culation, ni du productivisme\u00a0: a-t-on vu quelque gouvernement britannique s\u2019opposer au n\u00e9olib\u00e9ralisme du fait qu\u2019il disposait de la livre sterling\u00a0? Le franc, la livre ou la lire \u00e9taient-ils des boucliers contre les attaques sp\u00e9culatives\u00a0?\u00a0\u00bb<\/em> Mais qui (\u00e0 part Marine Le Pen) a jamais dit que le retour aux monnaies nationales \u00e9tait \u00e0 soi seul la panac\u00e9e anti-crise\u00a0? Quel que soit le degr\u00e9 auquel on adh\u00e8re \u00e0 leurs th\u00e8ses, on pourrait au moins cr\u00e9diter les \u00e9conomistes qui plaident pour le retour \u00e0 la monnaie nationale\u00a0[<a id=\"nh2\" title=\"Jacques Sapir, \u00ab S\u2019il faut sortir de l\u2019euro\u2026 \u00bb, document de travail CEMI-EHESS,\u00a0(...)\" href=\"http:\/\/blog.mondediplo.net\/2011-06-13-Qui-a-peur-de-la-demondialisation#nb2\" rel=\"footnote\">2<\/a>] d\u2019avoir hautement conscience des p\u00e9rils qui suivraient de l\u2019abandonner \u00e0 la sp\u00e9culation internationale et de pr\u00e9cis\u00e9ment n\u2019envisager ce retour qu\u2019accompagn\u00e9 de radicales transformations structurelles, notamment financi\u00e8res et bancaires, visant \u00e0 briser le pouvoir de nuisance des march\u00e9s de capitaux.<\/p>\n<p style=\"text-align: justify;\"><em>\u00ab\u00a0On ne renversera pas le dogme de la \u201ccr\u00e9ation de valeur pour l\u2019actionnaire\u201d en commen\u00e7ant par des droits de douane contre la Chine mais par une redistribution des richesses dans nos pays et entre pays (\u2026). La \u201cd\u00e9mondialisation\u201d n\u2019apporterait rien \u00e0 l\u2019affaire\u00a0\u00bb<\/em>, \u00e9crivent plus loin les signataires. On s\u2019excuse de le leur dire un peu rudement mais cette phrase est d\u2019une parfaite absurdit\u00e9. Il faudrait \u00eatre idiot en effet pour pr\u00e9tendre transformer les donn\u00e9es de la contrainte actionnariale en s\u2019attaquant \u00e0 celles\u2026 de la contrainte concurrentielle\u00a0! Quant \u00e0 l\u2019injonction m\u00e9canique de la <em>\u00ab\u00a0redistribution des richesses\u00a0\u00bb<\/em>, elle n\u2019est pas davantage qu\u2019un v\u0153u pieu r\u00e9current, symptomatiquement mati\u00e8re \u00e0 mots d\u2019ordre syndicaux qui ne m\u00e8nent \u00e0 rien (je veux dire \u00e0 rien d\u2019autre qu\u2019\u00e0 d\u2019inoffensifs d\u00e9fil\u00e9s entre R\u00e9publique et Nation), et en elle-m\u00eame vide de sens tant qu\u2019on n\u2019a pas rapport\u00e9 ce projet \u00e0 des transformations <em>concr\u00e8tes <\/em> des structures qui d\u00e9terminent le partage des richesses.<\/p>\n<p style=\"text-align: justify;\">Or parmi celles-ci on trouve typiquement <em>d\u2019un c\u00f4t\u00e9<\/em> les structures de la libre concurrence qui organisent la pression constante sur les co\u00fbts salariaux \u2013 et, oui, en particulier avec des \u00e9conomies \u00e0 standards sociaux effondr\u00e9s (comme la Chine). Sauf \u00e0 attendre patiemment les quelques d\u00e9cennies de la mont\u00e9e en gamme de l\u2019\u00e9conomie chinoise, de la constitution d\u2019institutions salariales matures et du rattrapage de ses standards sociaux et environnementaux, on voit mal les moyens de la protection des salari\u00e9s europ\u00e9ens, \u00e0 part la restriction de la concurrence dite non-distordue (ainsi con\u00e7ue pour mieux laisser jouer toutes les distorsions propres \u00e0 la mise en concurrence de mod\u00e8les socioproductifs parfaitement in\u00e9gaux). Il n\u2019est donc pas question dans cette affaire, comme feignent de le croire les signataires, que l\u2019opprobre soit jet\u00e9 sur \u00ab\u00a0les Chinois\u00a0\u00bb, ou m\u00eame \u00ab\u00a0la Chine\u00a0\u00bb, \u00e0 qui nul ne saurait reprocher son niveau de d\u00e9veloppement \u2013 bien davantage en revanche sur les fous furieux de l\u2019Union europ\u00e9enne et de l\u2019Organisation mondiale du commerce (OMC) qui organisent soigneusement la concurrence libre avec elle. Si, par ailleurs, les signataires ont en t\u00eate un moyen de restreindre cette concurrence autre que, oui, des droits de douane s\u00e9lectifs et bien cibl\u00e9s, surtout qu\u2019ils le disent. Et sinon pourquoi ne pas admettre qu\u2019une telle restriction tombe de plein droit sous la cat\u00e9gorie de la d\u00e9mondialisation\u00a0?<\/p>\n<p style=\"text-align: justify;\">Comme y tombent \u00e9galement, <em>d\u2019un autre c\u00f4t\u00e9<\/em>, toutes les modifications des structures de la finance telles qu\u2019entre autres elles soutiennent actuellement le pouvoir actionnarial. Car \u00e0 moins de poursuivre la chim\u00e8re de la re-r\u00e9gulation mondiale, que sa magnifique ambition rend au moins certaine de ne jamais aboutir, il faudra bien envisager une re-r\u00e9gulation simplement r\u00e9gionale\u2026 qui n\u2019ira pas sans dispositifs de <em>protection <\/em> ad\u00e9quats, d\u2019une part pour d\u00e9samorcer toutes les strat\u00e9gies d\u2019arbitrage r\u00e9glementaire et d\u2019autre part pour prot\u00e9ger l\u2019int\u00e9rieur de la \u00ab\u00a0zone financi\u00e8re r\u00e9gul\u00e9e\u00a0\u00bb de toutes les instabilit\u00e9s venues d\u2019un ext\u00e9rieur demeur\u00e9 d\u00e9r\u00e9gul\u00e9 \u2013 et cela \u00e9galement s\u2019appelle d\u00e9mondialiser. Ce n\u2019est donc pas la nationalit\u00e9 des op\u00e9rateurs qui est en jeu \u2013 car il est bien vrai que les investisseurs institutionnels fran\u00e7ais ne sont pas moins rapaces et violents que les autres\u00a0! C\u2019est la possibilit\u00e9 de constituer une enclave de vie \u00e9conomique pacifi\u00e9e sans avoir \u00e0 attendre la grande convergence mondiale. Mais cette possibilit\u00e9-l\u00e0 n\u2019est que l\u2019autre nom de la rupture avec la mondialisation.<\/p>\n<h3 style=\"text-align: justify;\"><a name=\"La-question-decisive-de-la\"><\/a> La question d\u00e9cisive de la souverainet\u00e9<\/h3>\n<p style=\"text-align: justify;\">Les signataires objecteront qu\u2019ils visent moins loin que le monde\u00a0: l\u2019Europe. Et on peut leur accorder en effet qu\u2019il y a mati\u00e8re \u00e0 r\u00e9fl\u00e9chir \u00e0 la circonscription de la r\u00e9gulation \u00ab\u00a0r\u00e9gionale\u00a0\u00bb, sans exclure <em>a priori <\/em> que la \u00ab\u00a0r\u00e9gion\u00a0\u00bb aille au-del\u00e0 de l\u2019actuelle nation. Encore faudrait-il pour ce faire poser le probl\u00e8me comme il convient, c\u2019est-\u00e0-dire en termes politiques, et plus exactement sans h\u00e9siter \u00e0 prononcer le mot-cl\u00e9\u00a0: souverainet\u00e9 \u2013 mais, apr\u00e8s d\u00e9mondialisation, ce mot-l\u00e0 \u00e9galement ne va-t-il pas devenir un impronon\u00e7able, et puis logiquement, peu apr\u00e8s, un impensable\u00a0? Il vaudrait mieux \u00e9viter, sauf \u00e0 ce que, vaincue par la peur de la d\u00e9ch\u00e9ance \u00ab\u00a0nationaliste\u00a0\u00bb et \u00ab\u00a0souverainiste\u00a0\u00bb, la gauche critique se retrouve \u00e0 poil et incapable de poser le moindre probl\u00e8me fondamental.<\/p>\n<p style=\"text-align: justify;\">C\u2019est qu\u2019en effet il n\u2019est pas d\u2019autre pr\u00e9misse possible au d\u00e9bat mondialisation\/d\u00e9mondialisation que celle qui tient la souverainet\u00e9 d\u2019un peuple pour le concept-cl\u00e9 de l\u2019\u00e9poque moderne. La modernit\u00e9, au sens conceptuel du terme, dont on verra sans peine qu\u2019il s\u2019oppose en tout aux bouillies des usages \u00e9ditorialistes de ce mot, c\u2019est que des communaut\u00e9s humaines se d\u00e9clarent ma\u00eetresses de leur destin \u2013 souveraines. Voil\u00e0 le fait constitutif de notre horizon historique et politique, la donn\u00e9e cardinale dont l\u2019ignorance condamne irr\u00e9m\u00e9diablement \u00e0 l\u2019insignifiance. Or, \u00e0 l\u2019exact inverse de tous ses amis qui r\u00e9p\u00e8tent en boucle qu\u2019elle est la modernit\u00e9 m\u00eame, la mondialisation est anti-moderne pr\u00e9cis\u00e9ment au sens o\u00f9 elle organise la d\u00e9possession des souverainet\u00e9s partout o\u00f9 elles existent, sans leur offrir la moindre solution de re-cr\u00e9ation. La substitution insistante du terme \u00ab\u00a0gouvernance\u00a0\u00bb \u00e0 celui de \u00ab\u00a0gouvernement\u00a0\u00bb est bien l\u00e0 pour dire le projet g\u00e9n\u00e9ral de la d\u00e9gouvernementalisation du monde, c\u2019est-\u00e0-dire de sa d\u00e9politisation. Surtout pas d\u2019Etat \u2013 quelle qu\u2019en soit la circonscription\u00a0\u2013, donc pas de loi, \u00e0 l\u2019extr\u00eame rigueur des r\u00e8gles mais minimales et sans force, et surtout, bien s\u00fbr, de l\u2019\u00ab\u00a0\u00e9thique\u00a0\u00bb\u2026 C\u2019est dans cet univers libre de toute force politique souveraine, la seule qui serait capable de les contenir, que les forces du capital veulent \u00eatre seules significatives \u00e0 se mouvoir.<\/p>\n<p style=\"text-align: justify;\">Il fallait donc d\u2019abord d\u00e9border les souverainet\u00e9s nationales, ces lieux ignobles de l\u2019arraisonnement politique des exc\u00e8s priv\u00e9s du capital. Sous couleur de la Terre plate\u00a0[<a id=\"nh3\" title=\"Pour faire r\u00e9f\u00e9rence \u00e0 l\u2019ouvrage de l\u2019in\u00e9narrable Thomas Friedman, La Terre est\u00a0(...)\" href=\"http:\/\/blog.mondediplo.net\/2011-06-13-Qui-a-peur-de-la-demondialisation#nb3\" rel=\"footnote\">3<\/a>] et du monde enfin un, l\u2019abattement des fronti\u00e8res s\u2019en est charg\u00e9. Et en effet\u00a0: quand le financement des d\u00e9ficits est enti\u00e8rement abandonn\u00e9 aux investisseurs internationaux, quand ceux-ci ont enti\u00e8rement barre sur les orientations fondamentales des politiques \u00e9conomiques (et commandent la rigueur sans fin), quand les gouvernements se targuent de r\u00e9former les retraites au nom du triple-A \u00e0 maintenir, quand les entreprises peuvent exciper de l\u2019argument aussi ignoble que bien fond\u00e9 des actionnaires \u00e0 satisfaire pour justifier les plans sociaux, quand la \u00ab\u00a0libert\u00e9 d\u2019\u00e9tablissement\u00a0\u00bb promue par le Trait\u00e9 europ\u00e9en autorise tous les chantages \u00e0 la d\u00e9localisation sans que les gouvernements locaux ne puissent mot dire, quand les riches pratiquent l\u2019\u00e9vasion fiscale \u00e0 grande \u00e9chelle sans qu\u2019on puisse les rattraper, en effet la souverainet\u00e9 n\u2019est plus qu\u2019un souvenir puisque les peuples ne ma\u00eetrisent rigoureusement plus rien des \u00e9l\u00e9ments fondamentaux de leur destin\u00e9e.<\/p>\n<h3 style=\"text-align: justify;\"><a name=\"L-anti-demondialisation-ou-l-oubli\"><\/a> L\u2019anti-d\u00e9mondialisation, ou l\u2019oubli de la souverainet\u00e9<\/h3>\n<p style=\"text-align: justify;\">Malheureusement pour les lib\u00e9raux, la souverainet\u00e9 attaqu\u00e9e dans les faits r\u00e9siste dans les esprits. D\u2019o\u00f9 elle ne cessera d\u2019exiger sa reconstitution. Telle est la force de la modernit\u00e9 \u2013 la vraie \u2013 qui a rendu la d\u00e9possession intol\u00e9rable, en tout cas au-del\u00e0 d\u2019un certain seuil. Les n\u00e9cessit\u00e9s de la mondialisation-externalit\u00e9s s\u2019ajoutent aux agressions de la mondialisation-lib\u00e9ralisation pour appeler (les premi\u00e8res authentiquement, les secondes hypocritement) \u00e0 des red\u00e9ploiements outre-nationaux du principe de souverainet\u00e9. Mais rien ne vient, et pour cause\u00a0: la force active de la lib\u00e9ralisation n\u2019a aucune intention de reconstituer ailleurs ce qu\u2019elle a si bien r\u00e9ussi \u00e0 dissoudre ici, et se tient fermement \u00e0 son projet de grand vacuum politique mondial.<\/p>\n<p style=\"text-align: justify;\">Or le principe de souverainet\u00e9 est notre invariant politique de longue p\u00e9riode. Mais il est en crise profonde de se trouver entre deux r\u00e9alisations historiques \u2013 et la crise ne tombe pas enti\u00e8rement du ciel\u00a0: elle a \u00e9t\u00e9 pour partie (la partie de la mondialisation-lib\u00e9ralisation) d\u00e9lib\u00e9r\u00e9ment organis\u00e9e. La mutation territoriale du principe de souverainet\u00e9 engage alors dans une transition tr\u00e8s longue dont les tensions menacent d\u2019\u00eatre intenables. Lieu de tous les malentendus, la mondialisation est ainsi un point de rencontre paradoxal entre les hypocrites \u00e0 qui \u00ab\u00a0l\u2019horizon du monde\u00a0\u00bb sert \u00e0 diff\u00e9rer \u00e9ternellement toute reconstitution du politique, et ceux qui croient sinc\u00e8rement en la perspective d\u2019une cosmopolitique, c\u2019est-\u00e0-dire d\u2019une constitution politique de l\u2019humanit\u00e9 enti\u00e8re. A ces derniers, il faut rappeler ce mot de Keynes qu\u2019\u00e0 long terme nous serons tous mort, et qu\u2019un projet cosmopolitique qui laisserait le principe de souverainet\u00e9 en suspens tout le temps de sa transition jusqu\u2019au glorieux av\u00e8nement final de la constitution politique mondiale durera un peu trop longtemps pour les simples populations \u2013 et de ce point de vue ils devraient s\u2019inqui\u00e9ter de se retrouver bient\u00f4t au c\u00f4t\u00e9 de Jacques Attali, inlassable promoteur du gouvernement mondial et prototype m\u00eame en cette mati\u00e8re de l\u2019idiot utile.<\/p>\n<p style=\"text-align: justify;\">On pourrait accorder sans difficult\u00e9 aux signataires que le red\u00e9ploiement outre-national de la souverainet\u00e9 est un sens de l\u2019histoire possible, souhaitable m\u00eame, mais sous la double clause consistant d\u2019une part \u00e0 en reconna\u00eetre la tr\u00e8s longue dur\u00e9e de r\u00e9alisation, et d\u2019autre part (surtout) \u00e0 admettre que le processus doit se soumettre \u00e0 <em>l\u2019imp\u00e9ratif de maintenir contin\u00fbment, sous une forme ou sous une autre, le principe de souverainet\u00e9<\/em>, tout le temps de la transition \u2013 et <em>si pas capable, s\u2019abstenir <\/em>\u00a0! Les strat\u00e9gies de long terme qui ignoreraient cette condition, \u00e0 l\u2019image par exemple de la fausse promesse de l\u2019actuelle \u00ab\u00a0Europe politique\u00a0\u00bb, sont intenables. En combinant le d\u00e9ni d\u00e9lib\u00e9r\u00e9 de souverainet\u00e9 et l\u2019agression sociale r\u00e9p\u00e9t\u00e9e, la mondialisation, sous l\u2019effet de sa crise propre, a port\u00e9 cet intenable \u00e0 un point critique. Il va donc falloir que l\u2019histoire accouche de quelque chose, et tout de suite\u00a0! Mais que peut-on attendre d\u2019elle \u00e0 si court terme\u00a0?<\/p>\n<p style=\"text-align: justify;\">Quoi qu\u2019on en pense, la solution de la reconstitution nationale de souverainet\u00e9 impose son \u00e9vidence parce qu\u2019elle a sur toutes les autres l\u2019immense m\u00e9rite pratique <em>d\u2019\u00eatre l\u00e0<\/em>, imm\u00e9diatement disponible \u2013 moyennant \u00e9videmment les transformations structurelles qui la rendent \u00e9conomiquement viable\u00a0: protectionnisme s\u00e9lectif, contr\u00f4le des capitaux, arraisonnement politique des banques, autant de choses parfaitement r\u00e9alisables pourvu qu\u2019on le veuille. Que les peuples soient tent\u00e9s de faire retour, et par le chemin le plus court, aux reconstitutions de souverainet\u00e9 qui sont \u00e0 leur port\u00e9e, il n\u2019y a pas lieu de s\u2019en \u00e9tonner, encore moins de leur en faire la le\u00e7on. On observera tout de m\u00eame au passage que, contrairement aux critiques \u00e9pouvant\u00e9es de la d\u00e9mondialisation, en cela fid\u00e8les \u00e0 un topos lib\u00e9ral type voulant faire croire que tout retour en arri\u00e8re porterait la guerre \u2013 M.\u00a0Lamy n\u2019a-t-il pas d\u00e9clar\u00e9 que le protectionnisme \u00e9tait n\u00e9cessairement x\u00e9nophobe et belliqueux\u00a0? et les r\u00e9f\u00e9rendums europ\u00e9ens n\u2019ont-ils pas syst\u00e9matiquement agit\u00e9 cette menace\u00a0?\u00a0\u2013, les ann\u00e9es fordiennes qui, consid\u00e9r\u00e9es depuis les normes modifi\u00e9es d\u2019aujourd\u2019hui, ont tout de l\u2019horreur nationaliste (concurrence ultra-restreinte, d\u00e9localisations impossibles, march\u00e9s financiers sur-encadr\u00e9s), auront \u00e9t\u00e9 \u00e9trangement paisibles\u2026 Il ne s\u2019agit pas d\u2019en tenir ici pour une simple reproduction pass\u00e9iste d\u2019un \u00e2ge d\u2019or perdu (et dont la dorure doit beaucoup \u00e0 des enjolivements r\u00e9trospectifs), mais de dire l\u2019inanit\u00e9 des proph\u00e9ties apocalyptiques qui accompagnent maintenant syst\u00e9matiquement l\u2019id\u00e9e de ne pas s\u2019abandonner compl\u00e8tement \u00e0 la perspective unique du monde mondialis\u00e9.<\/p>\n<p style=\"text-align: justify;\">Cependant les signataires sont sensibles, et ils ont raison de l\u2019\u00eatre, aux mouvements de r\u00e9volte des peuples europ\u00e9ens. Voil\u00e0 ce dont l\u2019histoire pourrait <em>aussi <\/em> accoucher, et vite \u2013 car \u00e0 force d\u2019\u00eatre \u00e9peronn\u00e9s, m\u00eame les bestiaux les plus paisibles finissent par ruer. Mais ces mouvements, quoique tendant \u00e9videmment \u00e0 s\u2019\u00e9muler et \u00e0 se rejoindre, restent cependant nationaux dans les objectifs qu\u2019ils peuvent viser \u2013 ne s\u2019adressent-ils pas d\u2019abord \u00e0 <em>leurs <\/em> pouvoirs publics\u00a0? qui va manifester \u00e0 Bruxelles\u00a0? Aussi faut-il se demander \u00e0 quelles conditions ils pourraient se trouver un d\u00e9bouch\u00e9 politique proprement europ\u00e9en. R\u00e9pondre \u00e0 cette question suppose alors de naviguer entre les \u00e9cueils sym\u00e9triques de la position outre-nationale de principe qui a d\u00e9finitivement (et pr\u00e9matur\u00e9ment) prononc\u00e9 la disqualification du national, et la position nationale souverainiste qui ne veut m\u00eame pas penser la possibilit\u00e9 d\u2019un red\u00e9ploiement territorial du principe de souverainet\u00e9.<\/p>\n<h3 style=\"text-align: justify;\"><a name=\"Souverainete-peuples\"><\/a> Souverainet\u00e9, peuples<\/h3>\n<p style=\"text-align: justify;\">Or, tout dans cette affaire se joue dans le pr\u00e9dicat qu\u2019on adjoint au concept de souverainet\u00e9. Et notamment dans le fait de consid\u00e9rer qu\u2019il y va de la souverainet\u00e9 <em>d\u2019un<\/em> peuple, et non de la souverainet\u00e9 <em>du <\/em> peuple. Il faut parler de la souverainet\u00e9 <em>d\u2019un<\/em> peuple car il n\u2019y a pas \u00ab\u00a0le\u00a0\u00bb peuple. \u00ab\u00a0Le peuple\u00a0\u00bb n\u2019existe pas \u2013 en tout cas au sens d\u2019un constat brut qui imposerait irr\u00e9vocablement sa factualit\u00e9. L\u2019un de ses meilleurs commentateurs, Pierre-Fran\u00e7ois Moreau, souligne la port\u00e9e de cette phrase de Spinoza qui prend soin de remarquer que <em>\u00ab\u00a0la nature ne cr\u00e9e pas de peuples\u00a0\u00bb<\/em>. Dieu sait que l\u2019\u00e9poque ne manque pas d\u2019occasions de faire profit de cet avertissement\u2026 Qui permet d\u2019abord d\u2019en finir avec la naturalit\u00e9 de la nation, quand \u00e7a n\u2019est pas de la \u00ab\u00a0race\u00a0\u00bb, et de rendre concevable la plasticit\u00e9 d\u2019un \u00ab\u00a0peuple\u00a0\u00bb qui ne cesse de se renouveler et de se transformer par l\u2019adjonction d\u2019\u00e9l\u00e9ments d\u2019abord jug\u00e9s ext\u00e9rieurs.<\/p>\n<p style=\"text-align: justify;\">Mais l\u2019int\u00e9gration \u00ab\u00a0au-dedans\u00a0\u00bb des \u00e9trangers est la manifestation pour ainsi dire m\u00e9tabolique de cette plasticit\u00e9, dont rien n\u2019interdit par ailleurs de concevoir en principe qu\u2019elle puisse \u00e9galement prendre d\u2019autres formes, celle par exemple d\u2019un mouvement d\u2019ext\u00e9riorisation qui constituerait un peuple de \u00ab\u00a0peuples\u00a0\u00bb, entendre qui fondrait des peuples ant\u00e9rieurs en un peuple nouveau \u2013 mais \u00e9videmment sous certaines conditions bien particuli\u00e8res. Seule la fixation nationale-\u00e9ternitaire, ignorante d\u2019ailleurs de sa propre histoire \u2013 car la nation n\u2019a pas \u00e9t\u00e9 toujours d\u00e9j\u00e0 donn\u00e9e\u00a0!\u00a0\u2013, et par l\u00e0 m\u00eame port\u00e9e \u00e0 se poser comme le terminus de l\u2019histoire des peuples, peut conduire \u00e0 exclure d\u2019embl\u00e9e et formellement cette possibilit\u00e9. Quand bien m\u00eame l\u2019histoire pass\u00e9e ne donnerait aucune r\u00e9alisation \u00e0 l\u2019appui de cette possibilit\u00e9 (ce qui est d\u2019ailleurs faux), il faudrait singuli\u00e8rement sous-estimer les possibilit\u00e9s de l\u2019histoire future, autrement plus cr\u00e9ative (pour le meilleur et pour le pire) que ne le pensent les proph\u00e8tes \u00e0 r\u00e9troviseur. Les peuples sont des entit\u00e9s collectives en constants remaniements et, s\u2019il est permis de paraphraser Spinoza, nul ne sait ce que peuvent les corps politiques.<\/p>\n<p style=\"text-align: justify;\">Aussi l\u2019\u00e9poque de la mondialisation pose-t-elle une authentique question de philosophie politique en nous sommant de penser \u00e0 nouveaux frais les rapports de la souverainet\u00e9 et de la nation (ou du peuple). Et plus pr\u00e9cis\u00e9ment en sugg\u00e9rant de renverser le rapport sous lequel les deux termes sont habituellement articul\u00e9s\u00a0: loin que la souverainet\u00e9 d\u00e9rive d\u2019une nation (ou d\u2019un peuple) ant\u00e9rieurement donn\u00e9e, c\u2019est plut\u00f4t le \u00ab\u00a0peuple\u00a0\u00bb (ou la nation) qui doit \u00eatre compris comme <em>l\u2019effet <\/em> d\u2019une \u00ab\u00a0d\u00e9claration\u00a0\u00bb pr\u00e9alable de souverainet\u00e9 collective. La souverainet\u00e9 n\u2019\u00e9mane pas de la nation, c\u2019est la nation-peuple qui \u00e9mane de la souverainet\u00e9. Est appel\u00e9e peuple (ou nation, comme on voudra) la collectivit\u00e9 qui s\u2019est pos\u00e9e comme souveraine.<\/p>\n<p style=\"text-align: justify;\">Or cette position-assertion de souverainet\u00e9, c\u2019est-\u00e0-dire le constat, \u00e0 enregistrer comme tel, qu\u2019une certaine communaut\u00e9 humaine se d\u00e9clare ma\u00eetresse de son propre destin, est susceptible <em>a priori<\/em> de n\u2019importe quel p\u00e9rim\u00e8tre \u2013 et pas forc\u00e9ment de ceux-l\u00e0 seuls qui ont \u00e9t\u00e9 l\u00e9gu\u00e9s par l\u2019histoire sous la forme des \u00ab\u00a0nations\u00a0\u00bb pr\u00e9sentes\u00a0: soit le <em>probl\u00e8me <\/em> m\u00eame d\u2019un \u00e9ventuel devenir politique europ\u00e9en. Evidemment, remis dans ces termes, le probl\u00e8me \u00ab\u00a0souverainet\u00e9-peuple\u00a0\u00bb ne fait que se d\u00e9placer, et pose alors la question des facteurs historiques qui peuvent d\u00e9terminer une telle d\u00e9claration de souverainet\u00e9 collective et sa circonscription originale. La r\u00e9ponse est\u00a0: des choses en commun. Plus exactement des mani\u00e8res communes. Mani\u00e8res politiques bien s\u00fbr, de penser et de juger, d\u2019envisager la vie mat\u00e9rielle collective notamment. Ce sont des mani\u00e8res communes qui rendent possible la d\u00e9claration d\u2019un commun politique \u2013 d\u2019une souverainet\u00e9.<\/p>\n<p style=\"text-align: justify;\">Jusqu\u2019o\u00f9 doivent aller ces partages pour conduire \u00e0 une assertion de souverainet\u00e9 collective qui fasse peuple viable\u00a0? Il n\u2019y a pas de r\u00e9ponse th\u00e9orique \u00e0 cette question qui est d\u00e9cid\u00e9e en situation par l\u2019histoire. Du discord fracture assur\u00e9ment, et m\u00eame profond\u00e9ment, les collectivit\u00e9s que nous nommons actuellement nations. Il faut croire qu\u2019il n\u2019est cependant pas assez profond pour les d\u00e9composer comme telles et qu\u2019il est jug\u00e9 appartenir encore au champ de ce qui peut \u00eatre accommod\u00e9 dans le cadre de leurs institutions politiques. Vient pourtant parfois la division de trop, le conflit irr\u00e9m\u00e9diable qui rend impossible la coexistence des parties \u2013 et la nation se d\u00e9fait, \u00e0 froid\u00a0[<a id=\"nh4\" title=\"Comme la Tch\u00e9coslovaquie, peut-\u00eatre bient\u00f4t la Belgique.\" href=\"http:\/\/blog.mondediplo.net\/2011-06-13-Qui-a-peur-de-la-demondialisation#nb4\" rel=\"footnote\">4<\/a>] ou dans la guerre civile. La r\u00e9ponse \u00e0 la question du commun requis ou des discords praticables est donc enti\u00e8rement empirique et m\u00eame tautologique\u00a0: si la communaut\u00e9 \u00ab\u00a0tient\u00a0\u00bb, c\u2019est que le commun \u00e9tabli l\u2019emporte sur les discords exprim\u00e9s.<\/p>\n<h3 style=\"text-align: justify;\"><a name=\"Soit-le-retour-a-la-nation-soit-la\"><\/a> Soit le retour \u00e0 la nation, soit la fracture de l\u2019euro<br \/>\n(et dans tous les cas la sortie de cette Europe)<\/h3>\n<p style=\"text-align: justify;\">\u00ab\u00a0Mondialistes\u00a0\u00bb et \u00ab\u00a0nationalistes\u00a0\u00bb p\u00e8chent alors par m\u00e9connaissances sym\u00e9triques. Les premiers, par intellectualisme id\u00e9aliste, m\u00e9connaissent la n\u00e9cessit\u00e9 d\u2019une fabrication de commun ant\u00e9c\u00e9dente comme pr\u00e9requis \u00e0 toute constitution de souverainet\u00e9 politique. Les seconds ont fix\u00e9 \u00e0 tout jamais le seul commun possible dans les limites \u00e9ternelles des nations d\u2019aujourd\u2019hui. Des \u00ab\u00a0internationalistes raisonnables\u00a0\u00bb, parmi lesquels on rangerait les signataires, se pr\u00e9sentent en se disant \u00ab\u00a0europ\u00e9ens\u00a0\u00bb (on va leur \u00e9viter le p\u00e9joratif \u00ab\u00a0europ\u00e9istes\u00a0\u00bb). Accordons-leur ceci\u00a0: en effet, entre la mondialisation et les nations, il y a la r\u00e9gionalisation comme espace envisageable de red\u00e9ploiement d\u2019une politique. Reste la question de son p\u00e9rim\u00e8tre.<\/p>\n<p style=\"text-align: justify;\">Or la cartographie des r\u00e9voltes actuelles n\u2019est pas celle de l\u2019Union europ\u00e9enne telle que les signataires voudraient la voir muter en authentique Europe politique. O\u00f9 passent donc les limites d\u2019un commun \u00ab\u00a0europ\u00e9en\u00a0\u00bb susceptible de faire souverainet\u00e9\u00a0? Gr\u00e8ce, Espagne, Portugal, Italie, France, \u00e0 l\u2019\u00e9vidence. Contre toute attente (et quand bien m\u00eame ils ne sont pas dans l\u2019euro) les Anglais aussi peut-\u00eatre, et pas seulement parce qu\u2019il y a des <em>uncuts <\/em> dans la rue, mais parce que le lien sacr\u00e9 du Royaume-Uni avec la finance, qui en principe devrait rendre toute association impossible \u2013 le rapport vis-\u00e0-vis des cr\u00e9anciers, des actionnaires, du patrimoine financier\u00a0: en voil\u00e0 une mani\u00e8re de juger discriminante \u00e0 l\u2019\u00e9poque actuelle\u00a0\u2013, parce que ce \u00ab\u00a0lien sacr\u00e9\u00a0\u00bb, donc, est bien plus celui de l\u2019oligarchie britannique que du reste de la population.<\/p>\n<p style=\"text-align: justify;\">Le cas anglais est utile \u00e0 \u00e9voquer pour faire contraste avec le cas allemand. Si la finance n\u2019est pas une propri\u00e9t\u00e9 d\u2019essence de la nation anglaise, mais bien de la chose de ses poss\u00e9dants, la croyance mon\u00e9taire allemande \u2013 celle-l\u00e0 m\u00eame qui a si puissamment inform\u00e9 sa politique \u00e9conomique en longue p\u00e9riode et qu\u2019elle a su imposer \u00e0 l\u2019eurozone enti\u00e8re \u2013 est bien plus transversalement partag\u00e9e. Que les travailleurs allemands aient \u00e9t\u00e9 malmen\u00e9s par une d\u00e9cennie de d\u00e9flation salariale Schr\u00f6der-Merkel n\u2019est pas douteux. Qu\u2019ils puissent en concevoir quelques s\u00e9rieuses raisons de m\u00e9contentement, c\u2019est certain. Que ce m\u00e9contentement puisse aller jusqu\u2019\u00e0 la mise en cause des principes de l\u2019ordre mon\u00e9taire euro-allemand, la chose est impossible. Or c\u2019est pr\u00e9cis\u00e9ment cela dont il faut \u00ab\u00a0nous\u00a0\u00bb d\u00e9barrasser. D\u2019o\u00f9 l\u2019on conclura qu\u2019il y a avec l\u2019Allemagne un discord trop irr\u00e9m\u00e9diable pour faire communaut\u00e9 outre-nationale souveraine\u00a0[<a id=\"nh5\" title=\"Voir \u00ab Ce n\u2019est pas la Gr\u00e8ce qu\u2019il faut exclure, c\u2019est l\u2019Allemagne ! \u00bb, La pompe\u00a0(...)\" href=\"http:\/\/blog.mondediplo.net\/2011-06-13-Qui-a-peur-de-la-demondialisation#nb5\" rel=\"footnote\">5<\/a>], et qu\u2019elle n\u2019entrera pas dans ce \u00ab\u00a0nous\u00a0\u00bb, ainsi probablement que tous ceux avec qui elle fait commun sur cette question d\u00e9cisive.<\/p>\n<p style=\"text-align: justify;\">Rien n\u2019interdit que des peuples se d\u00e9passent, ou plus exactement se d\u00e9couvrent suffisamment de commun pour faire ensemble nouveau peuple, parce que ce commun rend possible une affirmation souveraine \u00e9tendue, d\u2019ailleurs consciente du surplus de force qu\u2019il y a \u00e0 tirer de cette extension. La croissance des p\u00e9rim\u00e8tres de souverainet\u00e9 est une chose souhaitable en soi puisqu\u2019elle garantit la paix sur des territoires plus grands. Mais, sauf illusion intellectualiste type, le mobile de la paix ne saurait fournir \u00e0 lui seul les conditions de possibilit\u00e9 de ces extensions. La r\u00e9gionalisation peut donc d\u00e9signer un tiers terme possible pour sortir de l\u2019indigente antinomie du mondial et du national. Mais pas sur n\u2019importe quelle base, et notamment pas celle de l\u2019Europe actuelle des 27.<\/p>\n<p style=\"text-align: justify;\">Ind\u00e9pendamment de toute sp\u00e9culation \u00e0 ce sujet, il se pourrait que, de leur propre cours, les \u00e9v\u00e9nements de l\u2019\u00e9conomie europ\u00e9enne se chargent de trancher. Car l\u2019in\u00e9luctabilit\u00e9 \u00e0 deux ans d\u2019un d\u00e9faut grec, en d\u00e9pit de toutes les man\u0153uvres de retardement, ses probables effets de propagation, l\u2019ampleur de la secousse qui d\u00e9vasterait \u00e0 nouveau les syst\u00e8mes bancaires europ\u00e9ens (et pas seulement), l\u2019impossibilit\u00e9 cette fois d\u2019un nouveau sauvetage des institutions financi\u00e8res par les Etats, cr\u00e9eraient une situation de crise si extr\u00eame que la fracture s\u2019imposera d\u2019elle-m\u00eame\u00a0: d\u2019un c\u00f4t\u00e9 ceux qui \u00ab\u00a0changeront tout\u00a0\u00bb (ou plut\u00f4t qui, par \u00e9checs successifs et \u00e9puisement de toutes les armes orthodoxes disponibles, n\u2019auront en fait pas d\u2019autre choix que de \u00ab\u00a0tout changer\u00a0\u00bb) \u2013 mon\u00e9tisations massives, saisies des banques, neutralisation brutale des march\u00e9s de capitaux, re-r\u00e9gulation radicale de la finance\u00a0[<a id=\"nh6\" title=\"Voir \u00ab Sauver les banques, jusqu\u2019\u00e0 quand ? \u00bb, La pompe \u00e0 phynance, 11 mai\u00a0(...)\" href=\"http:\/\/blog.mondediplo.net\/2011-06-13-Qui-a-peur-de-la-demondialisation#nb6\" rel=\"footnote\">6<\/a>]\u00a0\u2013, de l\u2019autre ceux qui s\u2019estimeront capables (et surtout d\u00e9sireux) de continuer le jeu ancien, d\u00e9barrass\u00e9s des \u00ab\u00a0autres\u00a0\u00bb avec qui ils n\u2019auront toujours partag\u00e9 une monnaie qu\u2019\u00e0 contre-coeur.<\/p>\n<h3 style=\"text-align: justify;\"><a name=\"It-s-the-politics-stupid\"><\/a> It\u2019s the politics, stupid\u00a0!<\/h3>\n<p style=\"text-align: justify;\">On devrait au moins pouvoir esp\u00e9rer faire entendre que les positions nationaliste et \u00ab\u00a0outre-nationaliste\u00a0\u00bb ont chacune des arguments int\u00e9ressants \u2013 avec toutefois pour la premi\u00e8re cet avantage d\u2019incorporer <em>imm\u00e9diatement <\/em> la question d\u00e9cisive de la souverainet\u00e9. Mais il faut bien s\u2019arr\u00eater quelque part apr\u00e8s avoir navigu\u00e9 entre elles deux. En l\u2019occurrence \u00e0 ceci\u00a0:<\/p>\n<p style=\"text-align: justify;\">Oui, le d\u00e9passement des nations actuelles, et la reconstitution de nations \u2013 c\u2019est-\u00e0-dire de peuples souverains \u2013 \u00e0 des \u00e9chelles sup\u00e9rieures est une possibilit\u00e9 de l\u2019histoire.<\/p>\n<p style=\"text-align: justify;\">Mais non, il ne r\u00e9ussira pas dans les conditions de l\u2019Europe actuelle \u2013 parce qu\u2019il a \u00e9t\u00e9 engag\u00e9 sous les pires modalit\u00e9s, vou\u00e9es \u00e0 le faire \u00e9chouer \u00e0 force de maltraiter les peuples dont on voudrait faire un peuple.<\/p>\n<p style=\"text-align: justify;\">L\u2019alternative est donc la suivante\u00a0:<\/p>\n<p style=\"text-align: justify;\">\u2014\u00a0Soit, prolongeant ses tendances pr\u00e9sentes, il \u00e9chouera compl\u00e8tement, et produira son contraire radical, rendant impossible pour longtemps sa propre relance. On pourra le regretter, mais il n\u2019y aura pas lieu d\u2019en faire un drame. L\u2019exp\u00e9rience historique r\u00e9cente, celle du fordisme, a amplement montr\u00e9 la possibilit\u00e9 d\u2019un ordre \u00e9conomique de nations souveraines, dont seul un discours sp\u00e9cialement inepte peut dire qu\u2019elles tomberont dans l\u2019autarcie nord-cor\u00e9enne si elles ne se livrent pas corps et \u00e2me \u00e0 la mondialisation. Il y a une \u00e9conomie internationale pensable qui ne prend pas la forme de la mondialisation.<\/p>\n<p style=\"text-align: justify;\">Soit on d\u00e9cide d\u2019arr\u00eater le tir tant qu\u2019il est encore temps, sachant que l\u2019explosion financi\u00e8re qui s\u2019annonce autour des d\u00e9fauts publics pourrait bien apporter d\u2019elle-m\u00eame ses \u00ab\u00a0solutions\u00a0\u00bb\u00a0: constat d\u2019impossibilit\u00e9 d\u2019une eurozone qui persisterait dans les m\u00eames principes \u00ab\u00a0allemands\u00a0\u00bb de politique \u00e9conomique, fracture en sous-blocs avec formation d\u2019un groupe non-allemand o\u00f9 la r\u00e9vision profonde du cadre \u00e9conomique, mon\u00e9taire, financier et bancaire, et l\u2019apaisement des tensions internes qui s\u2019en suivraient, permettraient de mieux repartir vers la formation d\u2019une entit\u00e9 politiquement int\u00e9gr\u00e9e, c\u2019est-\u00e0-dire vers l\u2019affirmation authentique d\u2019une souverainet\u00e9 r\u00e9gionale, qui deviendra en fait une souverainet\u00e9 nationale, mais d\u2019une nouvelle nation, constitu\u00e9e \u00e0 partir des anciennes.<\/p>\n<p style=\"text-align: justify;\">Ce nouveau peuple souverain se constituerait sur la base d\u2019une organisation \u00e9conomique qui, de fait, aurait mis un terme \u00e0 la mondialisation financi\u00e8re et, par un protectionnisme cibl\u00e9, aux in\u00e9galit\u00e9s du libre-\u00e9change g\u00e9n\u00e9ralis\u00e9, autre mani\u00e8re de dire qu\u2019il aurait <em>d\u00e9mondialis\u00e9<\/em>, et que le d\u00e9passement des anciennes nations n\u2019est nullement incompatible avec la d\u00e9mondialisation (laquelle, inversement, n\u2019est nullement vou\u00e9e \u00e0 signifier \u00ab\u00a0repli national\u00a0\u00bb). C\u2019est m\u00eame en fait l\u2019exact contraire\u00a0! La d\u00e9mondialisation pourrait bien \u00eatre la condition n\u00e9cessaire \u00e0 la reprise d\u2019un projet outre-national raisonnable, c\u2019est-\u00e0-dire r\u00e9gional, et toujours sous la r\u00e9serve d\u2019une circonscription bien pens\u00e9e (car on ne fait pas communaut\u00e9 politique avec n\u2019importe qui). Sauf \u00e0 ce que la gauche critique se mette \u00e0 avoir peur des mots, il lui faudra bien reconna\u00eetre que \u00ab\u00a0d\u00e9mondialisation\u00a0\u00bb est le nom m\u00eame de la r\u00e9ouverture du jeu, que celui-ci conduise \u00e0 r\u00e9-explorer les possibilit\u00e9s de souverainet\u00e9 des nations pr\u00e9sentes (si aucune autre solution n\u2019est praticable) ou \u00e0 persister dans l\u2019id\u00e9e d\u2019un projet outre-national, mais cette fois en poursuivant un objectif fondamentalement politique par des voies politiques \u2013 car la production du politique par l\u2019\u00e9conomique, <em>\u00e7a ne marche pas<\/em>. Et dans tous les cas, si vraiment il n\u2019est pas de question plus fondamentale que celle de la souverainet\u00e9, et que son oubli est l\u2019assurance des pires catastrophes, alors il est temps de renverser l\u2019adage dont on dit qu\u2019il fit la fortune \u00e9lectorale de Bill Clinton, d\u2019ailleurs mondialisateur patent\u00e9 et artisan notoire du monde \u00e9croul\u00e9 d\u2019aujourd\u2019hui\u00a0: <em>it\u2019s the politics, stupid<\/em>\u00a0[<a id=\"nh7\" title=\"Clinton fit campagne contre le mauvais bilan \u00e9conomique de George H. Bush\u00a0(...)\" href=\"http:\/\/blog.mondediplo.net\/2011-06-13-Qui-a-peur-de-la-demondialisation#nb7\" rel=\"footnote\">7<\/a>]<em>\u00a0!<\/em><\/p>\n<\/div>\n<\/div>\n<div>\n<pre>Notes<\/pre>\n<p>[<a id=\"nb1\" title=\"Notes 1\" href=\"http:\/\/blog.mondediplo.net\/2011-06-13-Qui-a-peur-de-la-demondialisation#nh1\" rev=\"footnote\">1<\/a>] \u00ab\u00a0<a href=\"http:\/\/www.monde-diplomatique.fr\/2010\/05\/LORDON\/19137\" rel=\"external\">Et si on commen\u00e7ait la d\u00e9mondialisation financi\u00e8re\u00a0?<\/a>\u00a0\u00bb, <em>Le Monde diplomatique<\/em>, mai 2010.<\/p>\n<p>[<a id=\"nb2\" title=\"Notes 2\" href=\"http:\/\/blog.mondediplo.net\/2011-06-13-Qui-a-peur-de-la-demondialisation#nh2\" rev=\"footnote\">2<\/a>] Jacques Sapir, \u00ab\u00a0S\u2019il faut sortir de l\u2019euro\u2026\u00a0\u00bb, document de travail CEMI-EHESS, 6\u00a0avril 2011\u00a0; Jacques Nikonoff, <em>Sortons de l\u2019euro. Restituer la souverainet\u00e9 mon\u00e9taire au peuple<\/em>, Mille et Une Nuits, Paris, 2011.<\/p>\n<p>[<a id=\"nb3\" title=\"Notes 3\" href=\"http:\/\/blog.mondediplo.net\/2011-06-13-Qui-a-peur-de-la-demondialisation#nh3\" rev=\"footnote\">3<\/a>] Pour faire r\u00e9f\u00e9rence \u00e0 l\u2019ouvrage de l\u2019in\u00e9narrable Thomas Friedman, <em>La Terre est plate. Une br\u00e8ve histoire du XXIe si\u00e8cle<\/em>, Saint-Simon, Paris, 2006.<\/p>\n<p>[<a id=\"nb4\" title=\"Notes 4\" href=\"http:\/\/blog.mondediplo.net\/2011-06-13-Qui-a-peur-de-la-demondialisation#nh4\" rev=\"footnote\">4<\/a>] Comme la Tch\u00e9coslovaquie, peut-\u00eatre bient\u00f4t la Belgique.<\/p>\n<p>[<a id=\"nb5\" title=\"Notes 5\" href=\"http:\/\/blog.mondediplo.net\/2011-06-13-Qui-a-peur-de-la-demondialisation#nh5\" rev=\"footnote\">5<\/a>] Voir <a href=\"http:\/\/blog.mondediplo.net\/2010-03-29-Ce-n-est-pas-la-Grece-qu-il-faut-exclure-c-est-l\">\u00ab\u00a0Ce n\u2019est pas la Gr\u00e8ce qu\u2019il faut exclure, c\u2019est l\u2019Allemagne\u00a0!\u00a0\u00bb<\/a>, La pompe \u00e0 phynance, 29\u00a0mars 2010.<\/p>\n<p>[<a id=\"nb6\" title=\"Notes 6\" href=\"http:\/\/blog.mondediplo.net\/2011-06-13-Qui-a-peur-de-la-demondialisation#nh6\" rev=\"footnote\">6<\/a>] Voir <a href=\"http:\/\/blog.mondediplo.net\/2010-05-11-Sauver-les-banques-jusqu-a-quand\">\u00ab\u00a0Sauver les banques, jusqu\u2019\u00e0 quand\u00a0?\u00a0\u00bb<\/a>, La pompe \u00e0 phynance, 11\u00a0mai 2010.<\/p>\n<p>[<a id=\"nb7\" title=\"Notes 7\" href=\"http:\/\/blog.mondediplo.net\/2011-06-13-Qui-a-peur-de-la-demondialisation#nh7\" rev=\"footnote\">7<\/a>] Clinton fit campagne contre le mauvais bilan \u00e9conomique de George H. Bush sur le slogan <em>\u00ab\u00a0it\u2019s the economy, stupid\u00a0!\u00a0\u00bb<\/em> (\u00ab\u00a0C\u2019est l\u2019\u00e9conomie qui compte, imb\u00e9cile\u00a0!\u00a0\u00bb).<\/p>\n<p><a href=\"http:\/\/blog.mondediplo.net\/2011-06-13-Qui-a-peur-de-la-demondialisation\">Source<\/a><\/p>\n<\/div>\n<\/div>\n<\/div>\n<\/div>\n","protected":false},"excerpt":{"rendered":"<p>Comment rompre avec le libre-\u00e9change La d\u00e9mondialisation et ses\u00a0ennemis Perch\u00e9es sur le fil de la dette, les \u00e9conomies occidentales flageolent de crise en crise. R\u00e9unions et sommets \u00ab\u00a0exceptionnels\u00a0\u00bb o\u00f9 se joue le sort d\u2019un pays, d\u2019un continent, constituent d\u00e9sormais l\u2019ordinaire des responsables politiques. Depuis trois ans, ces derniers ont endoss\u00e9 le r\u00f4le de voiture-balai de &#8230; <a title=\"Comment rompre avec le libre-\u00e9change\" class=\"read-more\" href=\"https:\/\/bruxelles-pantheres.be\/?p=973\" aria-label=\"En savoir plus sur Comment rompre avec le libre-\u00e9change\">Lire la suite<\/a><\/p>\n","protected":false},"author":1,"featured_media":974,"comment_status":"open","ping_status":"open","sticky":false,"template":"","format":"standard","meta":{"footnotes":""},"categories":[21],"tags":[],"class_list":["post-973","post","type-post","status-publish","format-standard","has-post-thumbnail","hentry","category-anti-imperialisme"],"_links":{"self":[{"href":"https:\/\/bruxelles-pantheres.be\/index.php?rest_route=\/wp\/v2\/posts\/973","targetHints":{"allow":["GET"]}}],"collection":[{"href":"https:\/\/bruxelles-pantheres.be\/index.php?rest_route=\/wp\/v2\/posts"}],"about":[{"href":"https:\/\/bruxelles-pantheres.be\/index.php?rest_route=\/wp\/v2\/types\/post"}],"author":[{"embeddable":true,"href":"https:\/\/bruxelles-pantheres.be\/index.php?rest_route=\/wp\/v2\/users\/1"}],"replies":[{"embeddable":true,"href":"https:\/\/bruxelles-pantheres.be\/index.php?rest_route=%2Fwp%2Fv2%2Fcomments&post=973"}],"version-history":[{"count":1,"href":"https:\/\/bruxelles-pantheres.be\/index.php?rest_route=\/wp\/v2\/posts\/973\/revisions"}],"predecessor-version":[{"id":975,"href":"https:\/\/bruxelles-pantheres.be\/index.php?rest_route=\/wp\/v2\/posts\/973\/revisions\/975"}],"wp:featuredmedia":[{"embeddable":true,"href":"https:\/\/bruxelles-pantheres.be\/index.php?rest_route=\/wp\/v2\/media\/974"}],"wp:attachment":[{"href":"https:\/\/bruxelles-pantheres.be\/index.php?rest_route=%2Fwp%2Fv2%2Fmedia&parent=973"}],"wp:term":[{"taxonomy":"category","embeddable":true,"href":"https:\/\/bruxelles-pantheres.be\/index.php?rest_route=%2Fwp%2Fv2%2Fcategories&post=973"},{"taxonomy":"post_tag","embeddable":true,"href":"https:\/\/bruxelles-pantheres.be\/index.php?rest_route=%2Fwp%2Fv2%2Ftags&post=973"}],"curies":[{"name":"wp","href":"https:\/\/api.w.org\/{rel}","templated":true}]}}